{"id":22938,"date":"2021-12-14T23:59:05","date_gmt":"2021-12-14T23:59:05","guid":{"rendered":"https:\/\/larevistadigital.com.ar\/blog\/?p=22938"},"modified":"2021-12-14T23:59:05","modified_gmt":"2021-12-14T23:59:05","slug":"terror-en-el-parque-de-diversiones-cayo-una-silla-en-el-juego-la-vuelta-al-mundo","status":"publish","type":"post","link":"https:\/\/larevistadigital.com.ar\/blog\/terror-en-el-parque-de-diversiones-cayo-una-silla-en-el-juego-la-vuelta-al-mundo\/","title":{"rendered":"TERROR EN EL PARQUE DE DIVERSIONES: CAY\u00d3 UNA SILLA EN EL JUEGO \u00abLA VUELTA AL MUNDO\u00bb"},"content":{"rendered":"<h2 class=\"fparrafo ctext fz18 lh25\">El parque actualmente se encuentra clausurado preventivamente por la Municipalidad de Jos\u00e9 C. Paz e interviene en la causa el Juzgado de Faltas N\u00b01, a cargo de Patricia Braica. \u00abLa rueda iba girando bien y de la nada se desprendi\u00f3 la silla y nos vinimos abajo de golpe\u00bb, expres\u00f3 Alexis, uno de los heridos.<\/h2>\n<p><strong>JOS\u00c9 C. PAZ\u00a0 &#8211;\u00a0<\/strong> Cuatro personas, tres de ellas menores de edad, resultaron heridas tras la ca\u00edda de una silla del juego la \u00abVuelta al mundo\u00bb en un parque de diversiones del partido de Jos\u00e9 C. Paz.<\/p>\n<blockquote>\n<h3 class=\"selectionShareable\"><em>\u00abLa rueda iba girando bien y de la nada se desprendi\u00f3 la silla y nos vinimos abajo de golpe\u00bb<\/em>, expres\u00f3 Alexis, uno de los heridos que termin\u00f3 <em>\u00abinconsciente en el piso\u00bb<\/em> luego del impacto.<\/h3>\n<\/blockquote>\n<p class=\"selectionShareable\">El hecho ocurri\u00f3 en el parque de diversiones itinerante Roller Park.<\/p>\n<blockquote>\n<h3 class=\"selectionShareable\">Adem\u00e1s de <strong>Alexis<\/strong> y su hermano, dos ni\u00f1as de 9 y 8 a\u00f1os resultaron heridas, y tras el hecho fueron trasladadas al Hospital Zonal de Agudos Gobernador Domingo Mercante, donde la menor de ellas era operada por una fractura expuesta en su pierna izquierda.<\/h3>\n<\/blockquote>\n<p class=\"selectionShareable\"><em><strong>\u00abNos contactamos con la mam\u00e1 durante el d\u00eda y estamos esperando las novedades\u00bb<\/strong><\/em> dijo a T\u00e9lam <strong>Roxana Guti\u00e9rrez<\/strong>, responsable de la Secretar\u00eda de Inspecciones Generales de Defensa del Consumidor de la Municipalidad de Jos\u00e9 C Paz.<\/p>\n<blockquote>\n<h3 class=\"selectionShareable\">La funcionaria municipal agreg\u00f3 que en Jos\u00e9 C. Paz tiene un <strong><em>\u00ab\u00e1rea de asistencia general a la v\u00edctima que se encarga de acompa\u00f1ar a trav\u00e9s de psic\u00f3logos a las personas que hay sido damnificadas en este tipo de accidentes, a cuyos responsables derivamos todos los datos para que contin\u00faen con este seguimiento y acompa\u00f1ando a la mam\u00e1 y las otras tres v\u00edctimas\u00bb<\/em><\/strong>.<\/h3>\n<\/blockquote>\n<p class=\"selectionShareable\">Por su parte, <strong>Alexis<\/strong> recibi\u00f3 el alta aunque asegur\u00f3 \u00abno poder mover la pierna\u00bb y que a su hermano le comenz\u00f3 a \u00absalir sangre por el o\u00eddo\u00bb.<\/p>\n<blockquote>\n<h3 class=\"selectionShareable\"><strong><em>\u00abNadie del parque (de diversiones) nos pregunt\u00f3 c\u00f3mo est\u00e1bamos\u00bb<\/em><\/strong>, manifest\u00f3 el hombre, quien dijo que el personal del parque les \u00abpermiti\u00f3 subirse a tres\u00bb luego de que \u00e9l se lo consultara.<\/h3>\n<\/blockquote>\n<p class=\"selectionShareable\">El titular de la Unidad Fiscal de Investigaci\u00f3n (UFI) N\u00b04 de San Mart\u00edn, <strong>Rub\u00e9n Moreno<\/strong>, dispuso la clausura del parque, caratul\u00f3 el caso como \u00ablesiones culposas\u00bb y cit\u00f3 al due\u00f1o del lugar, Felipe Fern\u00e1ndez, para realizar pericias y otras diligencias en el predio.<\/p>\n<blockquote>\n<h3 class=\"selectionShareable\">El parque actualmente se encuentra clausurado preventivamente por la Municipalidad de Jos\u00e9 C. Paz e interviene en la causa el Juzgado de Faltas N\u00b01, a cargo de Patricia Braica.<\/h3>\n<\/blockquote>\n<p class=\"selectionShareable\">La Secretar\u00eda de Inspecciones Generales de Defensa del Consumidor de Jos\u00e9 C Paz hab\u00eda otorgado el 10 de septiembre pasado un \u00abpremiso de evento\u00bb a partir del expediente 4131-203577 para habilitar la apertura del parque de diversiones, y desde diciembre estaba en funcionamiento. \u00a0(<b>InfoGEI<\/b>) Mg<\/p>\n","protected":false},"excerpt":{"rendered":"<div class=\"mh-excerpt\"><p>El parque actualmente se encuentra clausurado preventivamente por la Municipalidad de Jos\u00e9 C. Paz e interviene en la causa el Juzgado de Faltas N\u00b01, a cargo de Patricia Braica. \u00abLa rueda iba girando bien y <a class=\"mh-excerpt-more\" href=\"https:\/\/larevistadigital.com.ar\/blog\/terror-en-el-parque-de-diversiones-cayo-una-silla-en-el-juego-la-vuelta-al-mundo\/\" title=\"TERROR EN EL PARQUE DE DIVERSIONES: CAY\u00d3 UNA SILLA EN EL JUEGO \u00abLA VUELTA AL MUNDO\u00bb\">[Leer M\u00e1s]<\/a><\/p>\n<\/div>","protected":false},"author":3,"featured_media":22939,"comment_status":"open","ping_status":"open","sticky":false,"template":"","format":"standard","meta":{"_jetpack_memberships_contains_paid_content":false,"footnotes":"","jetpack_publicize_message":"","jetpack_publicize_feature_enabled":true,"jetpack_social_post_already_shared":true,"jetpack_social_options":{"image_generator_settings":{"template":"highway","default_image_id":0,"font":"","enabled":false},"version":2}},"categories":[44,51],"tags":[],"class_list":{"0":"post-22938","1":"post","2":"type-post","3":"status-publish","4":"format-standard","5":"has-post-thumbnail","7":"category-policiales","8":"category-regionales"},"jetpack_publicize_connections":[],"jetpack_featured_media_url":"https:\/\/i0.wp.com\/larevistadigital.com.ar\/blog\/wp-content\/uploads\/Captura-de-pantalla-2021-12-14-153558.jpg?fit=880%2C512&ssl=1","jetpack_sharing_enabled":true,"jetpack_shortlink":"https:\/\/wp.me\/p8qtrQ-5XY","jetpack-related-posts":[{"id":15188,"url":"https:\/\/larevistadigital.com.ar\/blog\/jugador-argentino-instala-parque-de-diversiones-en-su-casa-lo-denunciaron-y-debera-quitarlo\/","url_meta":{"origin":22938,"position":0},"title":"JUGADOR ARGENTINO INSTALA PARQUE DE DIVERSIONES EN SU CASA. LO DENUNCIARON Y DEBER\u00c1 QUITARLO","author":"Alejandro Sosa Ruda","date":"12 mayo, 2020","format":false,"excerpt":"El jugador, que tambi\u00e9n es de selecci\u00f3n, hab\u00eda construido el sitio en su casa, pero ahora deber\u00e1 tirarlo abajo.\u00a0 Sergio Romero\u00a0fue denunciado por sus vecinos del barrio ingl\u00e9s\u00a0Cheshire, donde tiene su mansi\u00f3n, debido a que no ten\u00eda permisos para montar el impresionante parque de diversiones que apareci\u00f3 en el jard\u00edn\u2026","rel":"","context":"En \u00abCURIOSAS\u00bb","block_context":{"text":"CURIOSAS","link":"https:\/\/larevistadigital.com.ar\/blog\/category\/curiosas\/"},"img":{"alt_text":"","src":"https:\/\/i0.wp.com\/larevistadigital.com.ar\/blog\/wp-content\/uploads\/montac3b1a-rusa-patrulla-canina.jpg?fit=1019%2C680&ssl=1&resize=350%2C200","width":350,"height":200,"srcset":"https:\/\/i0.wp.com\/larevistadigital.com.ar\/blog\/wp-content\/uploads\/montac3b1a-rusa-patrulla-canina.jpg?fit=1019%2C680&ssl=1&resize=350%2C200 1x, https:\/\/i0.wp.com\/larevistadigital.com.ar\/blog\/wp-content\/uploads\/montac3b1a-rusa-patrulla-canina.jpg?fit=1019%2C680&ssl=1&resize=525%2C300 1.5x, https:\/\/i0.wp.com\/larevistadigital.com.ar\/blog\/wp-content\/uploads\/montac3b1a-rusa-patrulla-canina.jpg?fit=1019%2C680&ssl=1&resize=700%2C400 2x"},"classes":[]},{"id":8992,"url":"https:\/\/larevistadigital.com.ar\/blog\/castelli-auto-choco-contra-una-rueda-que-se-desprendio-de-un-camion\/","url_meta":{"origin":22938,"position":1},"title":"CASTELLI: AUTO CHOC\u00d3 CONTRA UNA RUEDA QUE SE DESPRENDI\u00d3 DE UN CAMI\u00d3N","author":"Alejandro Sosa Ruda","date":"11 marzo, 2019","format":false,"excerpt":"El accidente ocurri\u00f3 esta madrugada, cerca de las 05:15 hs, en el km 171 de la autov\u00eda 2 cuando un autom\u00f3vil marca Renault Megane impact\u00f3 de frente contra un neum\u00e1tico que se sali\u00f3 de un cami\u00f3n que circulaba mano a Mar del Plata. Como consecuencia del siniestro el autom\u00f3vil qued\u00f3\u2026","rel":"","context":"En \u00abCASTELLI\u00bb","block_context":{"text":"CASTELLI","link":"https:\/\/larevistadigital.com.ar\/blog\/category\/castelli\/"},"img":{"alt_text":"","src":"https:\/\/i0.wp.com\/larevistadigital.com.ar\/blog\/wp-content\/uploads\/2019\/03\/auto-rueda.jpg?fit=800%2C600&ssl=1&resize=350%2C200","width":350,"height":200,"srcset":"https:\/\/i0.wp.com\/larevistadigital.com.ar\/blog\/wp-content\/uploads\/2019\/03\/auto-rueda.jpg?fit=800%2C600&ssl=1&resize=350%2C200 1x, https:\/\/i0.wp.com\/larevistadigital.com.ar\/blog\/wp-content\/uploads\/2019\/03\/auto-rueda.jpg?fit=800%2C600&ssl=1&resize=525%2C300 1.5x, https:\/\/i0.wp.com\/larevistadigital.com.ar\/blog\/wp-content\/uploads\/2019\/03\/auto-rueda.jpg?fit=800%2C600&ssl=1&resize=700%2C400 2x"},"classes":[]},{"id":25504,"url":"https:\/\/larevistadigital.com.ar\/blog\/un-pitbull-ataco-a-un-nene-de-diez-anos\/","url_meta":{"origin":22938,"position":2},"title":"UN PITBULL ATAC\u00d3 A UN NENE DE DIEZ A\u00d1OS","author":"Alejandro Sosa Ruda","date":"31 mayo, 2022","format":false,"excerpt":"Ocurri\u00f3 d\u00edas atr\u00e1s en el barrio Los Olivos, de Bah\u00eda Blanca. Ahora est\u00e1 en silla de ruedas y tiene que usar un bast\u00f3n. Su mam\u00e1 coment\u00f3 que tiene m\u00e1s de 10 puntos de sutura y que el due\u00f1o del animal \u201cse hizo cargo\u201d. Im\u00e1genes sensibles. BAH\u00cdA BLANCA -\u00a0 Ezequiel tiene\u2026","rel":"","context":"En \u00abINTERES GENERAL\u00bb","block_context":{"text":"INTERES GENERAL","link":"https:\/\/larevistadigital.com.ar\/blog\/category\/interes-general\/"},"img":{"alt_text":"","src":"https:\/\/i0.wp.com\/larevistadigital.com.ar\/blog\/wp-content\/uploads\/20220531105049_nino-atacado-pitbull.jpg?fit=880%2C512&ssl=1&resize=350%2C200","width":350,"height":200,"srcset":"https:\/\/i0.wp.com\/larevistadigital.com.ar\/blog\/wp-content\/uploads\/20220531105049_nino-atacado-pitbull.jpg?fit=880%2C512&ssl=1&resize=350%2C200 1x, https:\/\/i0.wp.com\/larevistadigital.com.ar\/blog\/wp-content\/uploads\/20220531105049_nino-atacado-pitbull.jpg?fit=880%2C512&ssl=1&resize=525%2C300 1.5x, https:\/\/i0.wp.com\/larevistadigital.com.ar\/blog\/wp-content\/uploads\/20220531105049_nino-atacado-pitbull.jpg?fit=880%2C512&ssl=1&resize=700%2C400 2x"},"classes":[]},{"id":26952,"url":"https:\/\/larevistadigital.com.ar\/blog\/jose-c-paz-dos-detenidos-por-herir-de-dos-balazos-a-un-verdulero-durante-un-robo\/","url_meta":{"origin":22938,"position":3},"title":"JOS\u00c9 C.PAZ: DOS DETENIDOS POR HERIR DE DOS BALAZOS A UN VERDULERO DURANTE UN ROBO","author":"Alejandro Sosa Ruda","date":"3 agosto, 2022","format":false,"excerpt":"Dos hombres de 24 y 32 a\u00f1os fueron detenidos hoy acusados de ser los motochorros que hirieron de dos balazos durante un asalto en la localidad bonaerense de Jos\u00e9 C. Paz a un verdulero que esta ma\u00f1ana continuaba internado en estado reservado, informaron fuentes policiales. JOS\u00c9 C. PAZ -\u00a0 Los\u2026","rel":"","context":"En \u00abPOLICIALES\u00bb","block_context":{"text":"POLICIALES","link":"https:\/\/larevistadigital.com.ar\/blog\/category\/policiales\/"},"img":{"alt_text":"","src":"https:\/\/i0.wp.com\/larevistadigital.com.ar\/blog\/wp-content\/uploads\/20220803160336_le-pegaron-dos-tiros-a-un-verdulero-para-robarle-en-su-negocio-hay-dos-sospechosos-detenidos.jpg?fit=880%2C512&ssl=1&resize=350%2C200","width":350,"height":200,"srcset":"https:\/\/i0.wp.com\/larevistadigital.com.ar\/blog\/wp-content\/uploads\/20220803160336_le-pegaron-dos-tiros-a-un-verdulero-para-robarle-en-su-negocio-hay-dos-sospechosos-detenidos.jpg?fit=880%2C512&ssl=1&resize=350%2C200 1x, https:\/\/i0.wp.com\/larevistadigital.com.ar\/blog\/wp-content\/uploads\/20220803160336_le-pegaron-dos-tiros-a-un-verdulero-para-robarle-en-su-negocio-hay-dos-sospechosos-detenidos.jpg?fit=880%2C512&ssl=1&resize=525%2C300 1.5x, https:\/\/i0.wp.com\/larevistadigital.com.ar\/blog\/wp-content\/uploads\/20220803160336_le-pegaron-dos-tiros-a-un-verdulero-para-robarle-en-su-negocio-hay-dos-sospechosos-detenidos.jpg?fit=880%2C512&ssl=1&resize=700%2C400 2x"},"classes":[]},{"id":29336,"url":"https:\/\/larevistadigital.com.ar\/blog\/choque-y-vuelco-en-la-ruta-2\/","url_meta":{"origin":22938,"position":4},"title":"CHOQUE Y VUELCO EN LA RUTA 2.","author":"Alejandro Sosa Ruda","date":"9 diciembre, 2022","format":false,"excerpt":"En el siniestro se vieron involucradas familias de Quilmes y Jos\u00e9 C. Paz. No hubo heridos aunque dos menores fueron trasladados a un centro asistencial para su observaci\u00f3n. 8 de diciembre de 2022 MAR DEL PLATA -\u00a0 Dos familias, una oriunda de Jos\u00e9 C. Paz y otra de Quilmes, vieron\u2026","rel":"","context":"En \u00abPOLICIALES\u00bb","block_context":{"text":"POLICIALES","link":"https:\/\/larevistadigital.com.ar\/blog\/category\/policiales\/"},"img":{"alt_text":"","src":"https:\/\/i0.wp.com\/larevistadigital.com.ar\/blog\/wp-content\/uploads\/VUELCO-2.jpg?fit=806%2C399&ssl=1&resize=350%2C200","width":350,"height":200,"srcset":"https:\/\/i0.wp.com\/larevistadigital.com.ar\/blog\/wp-content\/uploads\/VUELCO-2.jpg?fit=806%2C399&ssl=1&resize=350%2C200 1x, https:\/\/i0.wp.com\/larevistadigital.com.ar\/blog\/wp-content\/uploads\/VUELCO-2.jpg?fit=806%2C399&ssl=1&resize=525%2C300 1.5x, https:\/\/i0.wp.com\/larevistadigital.com.ar\/blog\/wp-content\/uploads\/VUELCO-2.jpg?fit=806%2C399&ssl=1&resize=700%2C400 2x"},"classes":[]},{"id":11751,"url":"https:\/\/larevistadigital.com.ar\/blog\/no-tienen-paz-vecinos-de-barrio-parque-girado-molestos-porque-no-se-levantaron-los-residuos-del-fin-de-semana\/","url_meta":{"origin":22938,"position":5},"title":"NO TIENEN PAZ! VECINOS DE BARRIO PARQUE GIRADO MOLESTOS PORQUE NO SE LEVANTARON LOS RESIDUOS DEL FIN DE SEMANA","author":"Alejandro Sosa Ruda","date":"7 agosto, 2019","format":false,"excerpt":"Parece que el Barrio Parque Girado es parte de otro planeta o galaxia. Lamentablemente a los problemas que han venido sufriendo los vecinos por una ola de robos en las casas, ahora se agreg\u00f3 la falta de recolecci\u00f3n de los residuos del fin de semana, lo que provoc\u00f3 la l\u00f3gica\u2026","rel":"","context":"En \u00abCHASCOM\u00daS\u00bb","block_context":{"text":"CHASCOM\u00daS","link":"https:\/\/larevistadigital.com.ar\/blog\/category\/chascomus\/"},"img":{"alt_text":"","src":"https:\/\/i0.wp.com\/larevistadigital.com.ar\/blog\/wp-content\/uploads\/WhatsApp-Image-2019-08-05-at-14.11.53.jpeg?fit=1032%2C774&ssl=1&resize=350%2C200","width":350,"height":200,"srcset":"https:\/\/i0.wp.com\/larevistadigital.com.ar\/blog\/wp-content\/uploads\/WhatsApp-Image-2019-08-05-at-14.11.53.jpeg?fit=1032%2C774&ssl=1&resize=350%2C200 1x, https:\/\/i0.wp.com\/larevistadigital.com.ar\/blog\/wp-content\/uploads\/WhatsApp-Image-2019-08-05-at-14.11.53.jpeg?fit=1032%2C774&ssl=1&resize=525%2C300 1.5x, https:\/\/i0.wp.com\/larevistadigital.com.ar\/blog\/wp-content\/uploads\/WhatsApp-Image-2019-08-05-at-14.11.53.jpeg?fit=1032%2C774&ssl=1&resize=700%2C400 2x"},"classes":[]}],"_links":{"self":[{"href":"https:\/\/larevistadigital.com.ar\/blog\/wp-json\/wp\/v2\/posts\/22938","targetHints":{"allow":["GET"]}}],"collection":[{"href":"https:\/\/larevistadigital.com.ar\/blog\/wp-json\/wp\/v2\/posts"}],"about":[{"href":"https:\/\/larevistadigital.com.ar\/blog\/wp-json\/wp\/v2\/types\/post"}],"author":[{"embeddable":true,"href":"https:\/\/larevistadigital.com.ar\/blog\/wp-json\/wp\/v2\/users\/3"}],"replies":[{"embeddable":true,"href":"https:\/\/larevistadigital.com.ar\/blog\/wp-json\/wp\/v2\/comments?post=22938"}],"version-history":[{"count":2,"href":"https:\/\/larevistadigital.com.ar\/blog\/wp-json\/wp\/v2\/posts\/22938\/revisions"}],"predecessor-version":[{"id":22964,"href":"https:\/\/larevistadigital.com.ar\/blog\/wp-json\/wp\/v2\/posts\/22938\/revisions\/22964"}],"wp:featuredmedia":[{"embeddable":true,"href":"https:\/\/larevistadigital.com.ar\/blog\/wp-json\/wp\/v2\/media\/22939"}],"wp:attachment":[{"href":"https:\/\/larevistadigital.com.ar\/blog\/wp-json\/wp\/v2\/media?parent=22938"}],"wp:term":[{"taxonomy":"category","embeddable":true,"href":"https:\/\/larevistadigital.com.ar\/blog\/wp-json\/wp\/v2\/categories?post=22938"},{"taxonomy":"post_tag","embeddable":true,"href":"https:\/\/larevistadigital.com.ar\/blog\/wp-json\/wp\/v2\/tags?post=22938"}],"curies":[{"name":"wp","href":"https:\/\/api.w.org\/{rel}","templated":true}]}}