{"id":2295,"date":"2017-05-12T18:25:29","date_gmt":"2017-05-12T18:25:29","guid":{"rendered":"https:\/\/larevistadigital.com.ar\/blog\/?p=2295"},"modified":"2017-05-12T18:25:29","modified_gmt":"2017-05-12T18:25:29","slug":"javier-tizado-asume-al-frente-del-ministerio-de-produccion-bonaerense","status":"publish","type":"post","link":"https:\/\/larevistadigital.com.ar\/blog\/javier-tizado-asume-al-frente-del-ministerio-de-produccion-bonaerense\/","title":{"rendered":"JAVIER TIZADO ASUME AL FRENTE DEL MINISTERIO DE PRODUCCI\u00d3N BONAERENSE"},"content":{"rendered":"<p>El subsecretario de Comercio Interior de la Naci\u00f3n, <strong>Javier Tizado<\/strong>, ser\u00e1 designado por la gobernadora <strong>Mar\u00eda Eugenia Vidal<\/strong> como ministro de la Producci\u00f3n bonaerense.<\/p>\n<p>&nbsp;<\/p>\n<blockquote>\n<h3>As\u00ed lo confirm\u00f3 <strong>Federico Salvai<\/strong>, jefe de Gabinete de la provincia,\u00a0que de esta manera cubri\u00f3 un cargo que est\u00e1 vacante desde hace 160 d\u00edas, cuando el entonces ministro <strong>Joaqu\u00edn de la Torre<\/strong> emigr\u00f3 a la cartera de Gobierno.<\/h3>\n<\/blockquote>\n<p><strong>Tizado<\/strong>, ex Techint, ser\u00e1 reemplazado en su puesto de Comercio Interior por <strong>Ignacio Werner<\/strong>, un abogado comercial especialista en fideicomisos.<\/p>\n<p><strong>Werner<\/strong> es del ri\u00f1\u00f3n del ministro <strong>Francisco Cabrera<\/strong> y encabez\u00f3 negociaciones importantes como las de Cresta Roja y Sancor.<\/p>\n","protected":false},"excerpt":{"rendered":"<div class=\"mh-excerpt\"><p>El subsecretario de Comercio Interior de la Naci\u00f3n, Javier Tizado, ser\u00e1 designado por la gobernadora Mar\u00eda Eugenia Vidal como ministro de la Producci\u00f3n bonaerense. &nbsp; As\u00ed lo confirm\u00f3 Federico Salvai, jefe de Gabinete de la <a class=\"mh-excerpt-more\" href=\"https:\/\/larevistadigital.com.ar\/blog\/javier-tizado-asume-al-frente-del-ministerio-de-produccion-bonaerense\/\" title=\"JAVIER TIZADO ASUME AL FRENTE DEL MINISTERIO DE PRODUCCI\u00d3N BONAERENSE\">[Leer M\u00e1s]<\/a><\/p>\n<\/div>","protected":false},"author":3,"featured_media":2296,"comment_status":"open","ping_status":"open","sticky":false,"template":"","format":"standard","meta":{"_jetpack_memberships_contains_paid_content":false,"footnotes":"","jetpack_publicize_message":"","jetpack_publicize_feature_enabled":true,"jetpack_social_post_already_shared":true,"jetpack_social_options":{"image_generator_settings":{"template":"highway","default_image_id":0,"font":"","enabled":false},"version":2}},"categories":[1],"tags":[],"class_list":{"0":"post-2295","1":"post","2":"type-post","3":"status-publish","4":"format-standard","5":"has-post-thumbnail","7":"category-sin-categoria"},"jetpack_publicize_connections":[],"jetpack_featured_media_url":"https:\/\/i0.wp.com\/larevistadigital.com.ar\/blog\/wp-content\/uploads\/2017\/05\/Tizado_0.jpg?fit=1200%2C675&ssl=1","jetpack_sharing_enabled":true,"jetpack_shortlink":"https:\/\/wp.me\/p8qtrQ-B1","jetpack-related-posts":[{"id":40507,"url":"https:\/\/larevistadigital.com.ar\/blog\/chascomus-presente-en-el-congreso-productivo-bonaerense\/","url_meta":{"origin":2295,"position":0},"title":"Chascom\u00fas presente en el Congreso Productivo Bonaerense","author":"Alejandro Sosa Ruda","date":"18 julio, 2025","format":false,"excerpt":"Se abordaron pol\u00edticas p\u00fablicas fundamentales para el fortalecimiento de las econom\u00edas locales y regionales 18 De Julio de 2025 CHASCOM\u00daS\u00a0 -\u00a0 \u00a0La Municipalidad de Chascom\u00fas particip\u00f3 activamente del Congreso Productivo Bonaerense, realizado en la ciudad de Mar del Plata, un espacio clave de articulaci\u00f3n entre el Estado provincial, los municipios,\u2026","rel":"","context":"En \u00abCHASCOM\u00daS\u00bb","block_context":{"text":"CHASCOM\u00daS","link":"https:\/\/larevistadigital.com.ar\/blog\/category\/chascomus\/"},"img":{"alt_text":"","src":"https:\/\/i0.wp.com\/larevistadigital.com.ar\/blog\/wp-content\/uploads\/68792992d1a8d.png?fit=668%2C445&ssl=1&resize=350%2C200","width":350,"height":200,"srcset":"https:\/\/i0.wp.com\/larevistadigital.com.ar\/blog\/wp-content\/uploads\/68792992d1a8d.png?fit=668%2C445&ssl=1&resize=350%2C200 1x, https:\/\/i0.wp.com\/larevistadigital.com.ar\/blog\/wp-content\/uploads\/68792992d1a8d.png?fit=668%2C445&ssl=1&resize=525%2C300 1.5x"},"classes":[]},{"id":37278,"url":"https:\/\/larevistadigital.com.ar\/blog\/la-provincia-relanza-los-creditos-impulso-al-comercio-bonaerense\/","url_meta":{"origin":2295,"position":1},"title":"La Provincia relanza los cr\u00e9ditos Impulso al Comercio Bonaerense","author":"Alejandro Sosa Ruda","date":"20 septiembre, 2024","format":false,"excerpt":"Ya pueden solicitarse cr\u00e9ditos de hasta 14,5 millones de pesos con tasa subsidiada, en el marco de la segunda edici\u00f3n de esta l\u00ednea de financiamiento destinada a comercios bonaerenses 20 de septiembre de BUENOS AIRES .\u00a0 El Ministerio de Producci\u00f3n, Ciencia e Innovaci\u00f3n Tecnol\u00f3gica de la provincia de Buenos Aires\u2026","rel":"","context":"En \u00abDESTACADAS\u00bb","block_context":{"text":"DESTACADAS","link":"https:\/\/larevistadigital.com.ar\/blog\/category\/destacadas\/"},"img":{"alt_text":"","src":"https:\/\/i0.wp.com\/larevistadigital.com.ar\/blog\/wp-content\/uploads\/BANCO-PROVINCIA.jpg?fit=700%2C490&ssl=1&resize=350%2C200","width":350,"height":200,"srcset":"https:\/\/i0.wp.com\/larevistadigital.com.ar\/blog\/wp-content\/uploads\/BANCO-PROVINCIA.jpg?fit=700%2C490&ssl=1&resize=350%2C200 1x, https:\/\/i0.wp.com\/larevistadigital.com.ar\/blog\/wp-content\/uploads\/BANCO-PROVINCIA.jpg?fit=700%2C490&ssl=1&resize=525%2C300 1.5x, https:\/\/i0.wp.com\/larevistadigital.com.ar\/blog\/wp-content\/uploads\/BANCO-PROVINCIA.jpg?fit=700%2C490&ssl=1&resize=700%2C400 2x"},"classes":[]},{"id":44952,"url":"https:\/\/larevistadigital.com.ar\/blog\/javier-rodriguez-defender-la-produccion-nacional-es-generar-mas-trabajo-y-mejores-alimentos\/","url_meta":{"origin":2295,"position":2},"title":"Javier Rodr\u00edguez: \u201cDefender la producci\u00f3n nacional es generar m\u00e1s trabajo y mejores alimentos\u201d","author":"Alejandro Sosa Ruda","date":"6 abril, 2026","format":false,"excerpt":"En una nueva edici\u00f3n de la Posta de Sabores, el ministro de Desarrollo Agrario bonaerense destac\u00f3 el rol de estas pol\u00edticas para fortalecer a los productores y acercar precios accesibles y alimentos de calidad a los consumidores. 06 de abril de 2026 BUENOS AIRES -\u00a0 \u00a0Este s\u00e1bado, el ministro de\u2026","rel":"","context":"En \u00abDESTACADAS\u00bb","block_context":{"text":"DESTACADAS","link":"https:\/\/larevistadigital.com.ar\/blog\/category\/destacadas\/"},"img":{"alt_text":"","src":"https:\/\/i0.wp.com\/larevistadigital.com.ar\/blog\/wp-content\/uploads\/DSC_7660-scaled.jpg?fit=1200%2C800&ssl=1&resize=350%2C200","width":350,"height":200,"srcset":"https:\/\/i0.wp.com\/larevistadigital.com.ar\/blog\/wp-content\/uploads\/DSC_7660-scaled.jpg?fit=1200%2C800&ssl=1&resize=350%2C200 1x, https:\/\/i0.wp.com\/larevistadigital.com.ar\/blog\/wp-content\/uploads\/DSC_7660-scaled.jpg?fit=1200%2C800&ssl=1&resize=525%2C300 1.5x, https:\/\/i0.wp.com\/larevistadigital.com.ar\/blog\/wp-content\/uploads\/DSC_7660-scaled.jpg?fit=1200%2C800&ssl=1&resize=700%2C400 2x, https:\/\/i0.wp.com\/larevistadigital.com.ar\/blog\/wp-content\/uploads\/DSC_7660-scaled.jpg?fit=1200%2C800&ssl=1&resize=1050%2C600 3x"},"classes":[]},{"id":17153,"url":"https:\/\/larevistadigital.com.ar\/blog\/francisco-echarren-en-la-industrializacion-del-campo-tenemos-proyeccion-para-crecer-y-generar-mas-empleo\/","url_meta":{"origin":2295,"position":3},"title":"FRANCISCO ECHARREN: \u00abEN LA INDUSTRIALIZACI\u00d3N DEL CAMPO TENEMOS PROYECCI\u00d3N PARA CRECER Y GENERAR M\u00c1S EMPLEO\u00bb","author":"Alejandro Sosa Ruda","date":"24 octubre, 2020","format":false,"excerpt":"El Intendente Francisco Echarren recibi\u00f3 en Castelli al Ministro de Desarrollo Agrario de la Provincia, Javier Rodr\u00edguez y junto al Diputado por la 5ta Secci\u00f3n Electoral Jos\u00e9 Ignacio Rossi, recorrieron el frigor\u00edfico local SuperBeef. \"Este establecimiento brinda hoy 50 puestos de trabajo a familias de la ciudad y tiene la\u2026","rel":"","context":"En \u00abCASTELLI\u00bb","block_context":{"text":"CASTELLI","link":"https:\/\/larevistadigital.com.ar\/blog\/category\/castelli\/"},"img":{"alt_text":"","src":"https:\/\/i0.wp.com\/larevistadigital.com.ar\/blog\/wp-content\/uploads\/122155103_1610852279084468_1793402228945092775_n.jpg?fit=960%2C638&ssl=1&resize=350%2C200","width":350,"height":200,"srcset":"https:\/\/i0.wp.com\/larevistadigital.com.ar\/blog\/wp-content\/uploads\/122155103_1610852279084468_1793402228945092775_n.jpg?fit=960%2C638&ssl=1&resize=350%2C200 1x, https:\/\/i0.wp.com\/larevistadigital.com.ar\/blog\/wp-content\/uploads\/122155103_1610852279084468_1793402228945092775_n.jpg?fit=960%2C638&ssl=1&resize=525%2C300 1.5x, https:\/\/i0.wp.com\/larevistadigital.com.ar\/blog\/wp-content\/uploads\/122155103_1610852279084468_1793402228945092775_n.jpg?fit=960%2C638&ssl=1&resize=700%2C400 2x"},"classes":[]},{"id":17650,"url":"https:\/\/larevistadigital.com.ar\/blog\/ferraresi-anuncio-que-asumira-como-ministro-de-habitat-en-reemplazo-de-maria-eugenia-bielsa\/","url_meta":{"origin":2295,"position":4},"title":"FERRARESI ANUNCI\u00d3 QUE ASUMIR\u00c1 COMO MINISTRO DE H\u00c1BITAT, EN REEMPLAZO DE MAR\u00cdA EUGENIA BIELSA","author":"Alejandro Sosa Ruda","date":"12 noviembre, 2020","format":false,"excerpt":"El intendente de Avellaneda comunic\u00f3 en su cuenta de Twitter que fue convocado por\u00a0el presidente de la Naci\u00f3n\u00a0\"Alberto Fern\u00e1ndez\u00a0para trabajar en su gabinete\".\u00a0Su jefe de gabinete en el municipio,\u00a0Alejo Chornobroff, ser\u00e1 el pr\u00f3ximo titular\u00a0comunal del partido bonaerense. El hasta ahora Intendente de Avellandena,\u00a0Jorge Ferraresi, anunci\u00f3 este jueves oficialmente que\u00a0asumir\u00e1 como\u2026","rel":"","context":"En \u00abINTERES GENERAL\u00bb","block_context":{"text":"INTERES GENERAL","link":"https:\/\/larevistadigital.com.ar\/blog\/category\/interes-general\/"},"img":{"alt_text":"","src":"https:\/\/i0.wp.com\/larevistadigital.com.ar\/blog\/wp-content\/uploads\/ferraresi.jpg?fit=1200%2C668&ssl=1&resize=350%2C200","width":350,"height":200,"srcset":"https:\/\/i0.wp.com\/larevistadigital.com.ar\/blog\/wp-content\/uploads\/ferraresi.jpg?fit=1200%2C668&ssl=1&resize=350%2C200 1x, https:\/\/i0.wp.com\/larevistadigital.com.ar\/blog\/wp-content\/uploads\/ferraresi.jpg?fit=1200%2C668&ssl=1&resize=525%2C300 1.5x, https:\/\/i0.wp.com\/larevistadigital.com.ar\/blog\/wp-content\/uploads\/ferraresi.jpg?fit=1200%2C668&ssl=1&resize=700%2C400 2x, https:\/\/i0.wp.com\/larevistadigital.com.ar\/blog\/wp-content\/uploads\/ferraresi.jpg?fit=1200%2C668&ssl=1&resize=1050%2C600 3x"},"classes":[]},{"id":37497,"url":"https:\/\/larevistadigital.com.ar\/blog\/la-provincia-rechaza-la-desregulacion-del-transporte-propuesta-por-milei\/","url_meta":{"origin":2295,"position":5},"title":"La provincia rechaza la desregulaci\u00f3n del transporte propuesta por Milei","author":"Alejandro Sosa Ruda","date":"10 octubre, 2024","format":false,"excerpt":"En di\u00e1logo con Radio Universidad de la UNLaM, el ministro de Transporte bonaerense, Jorge D\u00b4Onofrio, compar\u00f3 la desregularizaci\u00f3n del transporte de media y larga distancia que decret\u00f3, con el caso de Aerol\u00edneas, \u201cquedar\u00edan las empresas estatales haciendo las rutas no rentables y los privados haciendo negocios\u201d. \u201cNo permitiremos que aventureros\u2026","rel":"","context":"En \u00abPOLITICA PROVINCIAL\u00bb","block_context":{"text":"POLITICA PROVINCIAL","link":"https:\/\/larevistadigital.com.ar\/blog\/category\/politica\/politica-provincial\/"},"img":{"alt_text":"","src":"https:\/\/i0.wp.com\/larevistadigital.com.ar\/blog\/wp-content\/uploads\/20241009170319_kicillof-y-jorge-donofrio.jpg?fit=880%2C512&ssl=1&resize=350%2C200","width":350,"height":200,"srcset":"https:\/\/i0.wp.com\/larevistadigital.com.ar\/blog\/wp-content\/uploads\/20241009170319_kicillof-y-jorge-donofrio.jpg?fit=880%2C512&ssl=1&resize=350%2C200 1x, https:\/\/i0.wp.com\/larevistadigital.com.ar\/blog\/wp-content\/uploads\/20241009170319_kicillof-y-jorge-donofrio.jpg?fit=880%2C512&ssl=1&resize=525%2C300 1.5x, https:\/\/i0.wp.com\/larevistadigital.com.ar\/blog\/wp-content\/uploads\/20241009170319_kicillof-y-jorge-donofrio.jpg?fit=880%2C512&ssl=1&resize=700%2C400 2x"},"classes":[]}],"_links":{"self":[{"href":"https:\/\/larevistadigital.com.ar\/blog\/wp-json\/wp\/v2\/posts\/2295","targetHints":{"allow":["GET"]}}],"collection":[{"href":"https:\/\/larevistadigital.com.ar\/blog\/wp-json\/wp\/v2\/posts"}],"about":[{"href":"https:\/\/larevistadigital.com.ar\/blog\/wp-json\/wp\/v2\/types\/post"}],"author":[{"embeddable":true,"href":"https:\/\/larevistadigital.com.ar\/blog\/wp-json\/wp\/v2\/users\/3"}],"replies":[{"embeddable":true,"href":"https:\/\/larevistadigital.com.ar\/blog\/wp-json\/wp\/v2\/comments?post=2295"}],"version-history":[{"count":2,"href":"https:\/\/larevistadigital.com.ar\/blog\/wp-json\/wp\/v2\/posts\/2295\/revisions"}],"predecessor-version":[{"id":2298,"href":"https:\/\/larevistadigital.com.ar\/blog\/wp-json\/wp\/v2\/posts\/2295\/revisions\/2298"}],"wp:featuredmedia":[{"embeddable":true,"href":"https:\/\/larevistadigital.com.ar\/blog\/wp-json\/wp\/v2\/media\/2296"}],"wp:attachment":[{"href":"https:\/\/larevistadigital.com.ar\/blog\/wp-json\/wp\/v2\/media?parent=2295"}],"wp:term":[{"taxonomy":"category","embeddable":true,"href":"https:\/\/larevistadigital.com.ar\/blog\/wp-json\/wp\/v2\/categories?post=2295"},{"taxonomy":"post_tag","embeddable":true,"href":"https:\/\/larevistadigital.com.ar\/blog\/wp-json\/wp\/v2\/tags?post=2295"}],"curies":[{"name":"wp","href":"https:\/\/api.w.org\/{rel}","templated":true}]}}