{"id":22967,"date":"2021-12-16T17:13:17","date_gmt":"2021-12-16T17:13:17","guid":{"rendered":"https:\/\/larevistadigital.com.ar\/blog\/?p=22967"},"modified":"2021-12-16T17:13:17","modified_gmt":"2021-12-16T17:13:17","slug":"material-sensible-video-y-fotos-locura-en-el-peaje-de-chascomus-un-hombre-se-bajo-de-su-auto-y-se-desnudo-totalmente-gritando-descontrolado","status":"publish","type":"post","link":"https:\/\/larevistadigital.com.ar\/blog\/material-sensible-video-y-fotos-locura-en-el-peaje-de-chascomus-un-hombre-se-bajo-de-su-auto-y-se-desnudo-totalmente-gritando-descontrolado\/","title":{"rendered":"(MATERIAL SENSIBLE- VIDEO Y FOTOS) LOCURA EN EL PEAJE DE CHASCOMUS: UN HOMBRE, SE BAJ\u00d3 DE SU AUTO, Y SE DESNUD\u00d3 TOTALMENTE, GRITANDO DESCONTROLADO"},"content":{"rendered":"<h2>Ocurri\u00f3 en la ma\u00f1ana de hoy, ante la mirada at\u00f3nita de quienes en ese momento circulaban por la autov\u00eda 2. La polic\u00eda logr\u00f3 convencerlo de volver a vestirse.<\/h2>\n<p><strong>CHASCOM\u00daS\u00a0 &#8211;<\/strong>\u00a0 El hecho ocurri\u00f3 hoy por la ma\u00f1ana, y asombr\u00f3 al personal del peaje de \u00abSamboromb\u00f3n\u00bb, que no daban cr\u00e9dito de lo que suced\u00eda.<\/p>\n<p>Un hombre, aparentemente se baj\u00f3 de su autom\u00f3vil, y por circunstancias que al momento no han trascendido, se quit\u00f3 absolutamente toda la ropa, y qued\u00f3 descalzo y totalmente desnudo.<\/p>\n<blockquote>\n<h3>No obstante esto, el individuo profer\u00eda gritos ininteligibles, y enfrentaba a las autoridades, que le ped\u00edan que deponga su actitud, mientras el sujeto se tomaba de las partes y gritaba, provocando la desconfianza de las autoridades que le hablaban a una cierta distancia, procurando no acercarse al exaltado sujeto.<\/h3>\n<\/blockquote>\n<p>La situaci\u00f3n, fue fotografiada y filmada por varios automovilistas, que nos hicieron llegar el material que a continuaci\u00f3n compartimos. Al momento se desconocen los motivos de este \u00abbrote\u00bb .<\/p>\n<p>Finalmente, el hombre cedi\u00f3 y procedi\u00f3 a vestirse con total normalidad, como si no hubiera pasado nada.<\/p>\n<p><strong>VIDEO Y FOTOS DE LO SUCEDIDO:<\/strong><\/p>\n<div style=\"width: 640px;\" class=\"wp-video\"><!--[if lt IE 9]><script>document.createElement('video');<\/script><![endif]-->\n<video class=\"wp-video-shortcode\" id=\"video-22967-1\" width=\"640\" height=\"352\" preload=\"metadata\" controls=\"controls\"><source type=\"video\/mp4\" src=\"https:\/\/larevistadigital.com.ar\/blog\/wp-content\/uploads\/WhatsApp-Video-2021-12-16-at-11.55.33.mp4?_=1\" \/><a href=\"https:\/\/larevistadigital.com.ar\/blog\/wp-content\/uploads\/WhatsApp-Video-2021-12-16-at-11.55.33.mp4\">https:\/\/larevistadigital.com.ar\/blog\/wp-content\/uploads\/WhatsApp-Video-2021-12-16-at-11.55.33.mp4<\/a><\/video><\/div>\n<div style=\"width: 640px;\" class=\"wp-video\"><video class=\"wp-video-shortcode\" id=\"video-22967-2\" width=\"640\" height=\"480\" preload=\"metadata\" controls=\"controls\"><source type=\"video\/mp4\" src=\"https:\/\/larevistadigital.com.ar\/blog\/wp-content\/uploads\/WhatsApp-Video-2021-12-16-at-11.59.57.mp4?_=2\" \/><a href=\"https:\/\/larevistadigital.com.ar\/blog\/wp-content\/uploads\/WhatsApp-Video-2021-12-16-at-11.59.57.mp4\">https:\/\/larevistadigital.com.ar\/blog\/wp-content\/uploads\/WhatsApp-Video-2021-12-16-at-11.59.57.mp4<\/a><\/video><\/div>\n<p><img data-recalc-dims=\"1\" loading=\"lazy\" decoding=\"async\" class=\"alignnone size-full wp-image-22970\" src=\"https:\/\/i0.wp.com\/larevistadigital.com.ar\/blog\/wp-content\/uploads\/FOTO-1.jpeg?resize=768%2C1024&#038;ssl=1\" alt=\"\" width=\"768\" height=\"1024\" srcset=\"https:\/\/i0.wp.com\/larevistadigital.com.ar\/blog\/wp-content\/uploads\/FOTO-1.jpeg?w=768&amp;ssl=1 768w, https:\/\/i0.wp.com\/larevistadigital.com.ar\/blog\/wp-content\/uploads\/FOTO-1.jpeg?resize=225%2C300&amp;ssl=1 225w\" sizes=\"auto, (max-width: 768px) 100vw, 768px\" \/><\/p>\n<p><img data-recalc-dims=\"1\" loading=\"lazy\" decoding=\"async\" class=\"alignnone size-full wp-image-22971\" src=\"https:\/\/i0.wp.com\/larevistadigital.com.ar\/blog\/wp-content\/uploads\/FOTO-2.jpeg?resize=768%2C1024&#038;ssl=1\" alt=\"\" width=\"768\" height=\"1024\" srcset=\"https:\/\/i0.wp.com\/larevistadigital.com.ar\/blog\/wp-content\/uploads\/FOTO-2.jpeg?w=768&amp;ssl=1 768w, https:\/\/i0.wp.com\/larevistadigital.com.ar\/blog\/wp-content\/uploads\/FOTO-2.jpeg?resize=225%2C300&amp;ssl=1 225w\" sizes=\"auto, (max-width: 768px) 100vw, 768px\" \/><\/p>\n<p><img data-recalc-dims=\"1\" loading=\"lazy\" decoding=\"async\" class=\"alignnone size-full wp-image-22972\" src=\"https:\/\/i0.wp.com\/larevistadigital.com.ar\/blog\/wp-content\/uploads\/FOTO-3.jpeg?resize=768%2C1024&#038;ssl=1\" alt=\"\" width=\"768\" height=\"1024\" srcset=\"https:\/\/i0.wp.com\/larevistadigital.com.ar\/blog\/wp-content\/uploads\/FOTO-3.jpeg?w=768&amp;ssl=1 768w, https:\/\/i0.wp.com\/larevistadigital.com.ar\/blog\/wp-content\/uploads\/FOTO-3.jpeg?resize=225%2C300&amp;ssl=1 225w\" sizes=\"auto, (max-width: 768px) 100vw, 768px\" \/><\/p>\n<p><img data-recalc-dims=\"1\" loading=\"lazy\" decoding=\"async\" class=\"alignnone size-full wp-image-22973\" src=\"https:\/\/i0.wp.com\/larevistadigital.com.ar\/blog\/wp-content\/uploads\/FOTO-4.jpeg?resize=768%2C1024&#038;ssl=1\" alt=\"\" width=\"768\" height=\"1024\" srcset=\"https:\/\/i0.wp.com\/larevistadigital.com.ar\/blog\/wp-content\/uploads\/FOTO-4.jpeg?w=768&amp;ssl=1 768w, https:\/\/i0.wp.com\/larevistadigital.com.ar\/blog\/wp-content\/uploads\/FOTO-4.jpeg?resize=225%2C300&amp;ssl=1 225w\" sizes=\"auto, (max-width: 768px) 100vw, 768px\" \/><\/p>\n<p><img data-recalc-dims=\"1\" loading=\"lazy\" decoding=\"async\" class=\"alignnone size-full wp-image-22974\" src=\"https:\/\/i0.wp.com\/larevistadigital.com.ar\/blog\/wp-content\/uploads\/FOTO-5.jpeg?resize=768%2C1024&#038;ssl=1\" alt=\"\" width=\"768\" height=\"1024\" srcset=\"https:\/\/i0.wp.com\/larevistadigital.com.ar\/blog\/wp-content\/uploads\/FOTO-5.jpeg?w=768&amp;ssl=1 768w, https:\/\/i0.wp.com\/larevistadigital.com.ar\/blog\/wp-content\/uploads\/FOTO-5.jpeg?resize=225%2C300&amp;ssl=1 225w\" sizes=\"auto, (max-width: 768px) 100vw, 768px\" \/><\/p>\n<p>&nbsp;<\/p>\n<p>&nbsp;<\/p>\n","protected":false},"excerpt":{"rendered":"<div class=\"mh-excerpt\"><p>Ocurri\u00f3 en la ma\u00f1ana de hoy, ante la mirada at\u00f3nita de quienes en ese momento circulaban por la autov\u00eda 2. La polic\u00eda logr\u00f3 convencerlo de volver a vestirse. CHASCOM\u00daS\u00a0 &#8211;\u00a0 El hecho ocurri\u00f3 hoy por <a class=\"mh-excerpt-more\" href=\"https:\/\/larevistadigital.com.ar\/blog\/material-sensible-video-y-fotos-locura-en-el-peaje-de-chascomus-un-hombre-se-bajo-de-su-auto-y-se-desnudo-totalmente-gritando-descontrolado\/\" title=\"(MATERIAL SENSIBLE- VIDEO Y FOTOS) LOCURA EN EL PEAJE DE CHASCOMUS: UN HOMBRE, SE BAJ\u00d3 DE SU AUTO, Y SE DESNUD\u00d3 TOTALMENTE, GRITANDO DESCONTROLADO\">[Leer M\u00e1s]<\/a><\/p>\n<\/div>","protected":false},"author":3,"featured_media":22968,"comment_status":"open","ping_status":"open","sticky":false,"template":"","format":"standard","meta":{"_jetpack_memberships_contains_paid_content":false,"footnotes":"","jetpack_publicize_message":"","jetpack_publicize_feature_enabled":true,"jetpack_social_post_already_shared":true,"jetpack_social_options":{"image_generator_settings":{"template":"highway","default_image_id":0,"font":"","enabled":false},"version":2}},"categories":[41],"tags":[],"class_list":{"0":"post-22967","1":"post","2":"type-post","3":"status-publish","4":"format-standard","5":"has-post-thumbnail","7":"category-destacadas"},"jetpack_publicize_connections":[],"jetpack_featured_media_url":"https:\/\/i0.wp.com\/larevistadigital.com.ar\/blog\/wp-content\/uploads\/WhatsApp-Image-2021-12-16-at-11.59.58-1.jpeg?fit=768%2C1024&ssl=1","jetpack_sharing_enabled":true,"jetpack_shortlink":"https:\/\/wp.me\/p8qtrQ-5Yr","jetpack-related-posts":[{"id":44263,"url":"https:\/\/larevistadigital.com.ar\/blog\/turista-aleman-salio-desnudo-de-un-edificio-en-la-perla-se-hirio-y-debio-ser-reducido-por-prefectura\/","url_meta":{"origin":22967,"position":0},"title":"Turista alem\u00e1n sali\u00f3 desnudo de un edificio en La Perla, se hiri\u00f3 y debi\u00f3 ser reducido por Prefectura","author":"Alejandro Sosa Ruda","date":"3 marzo, 2026","format":false,"excerpt":"El hombre, de 30 a\u00f1os, sufri\u00f3 cortes en la cabeza y en un brazo. Fue asistido por el SAME y trasladado al Hospital Interzonal tras protagonizar un episodio de violencia en plena v\u00eda p\u00fablica. 03 de marzo de 2026 MAR DEL PLATA -\u00a0 \u00a0Una situaci\u00f3n inusual se registr\u00f3 en la\u2026","rel":"","context":"En \u00abPOLICIALES\u00bb","block_context":{"text":"POLICIALES","link":"https:\/\/larevistadigital.com.ar\/blog\/category\/policiales\/"},"img":{"alt_text":"","src":"https:\/\/i0.wp.com\/larevistadigital.com.ar\/blog\/wp-content\/uploads\/86d327c35057426af8d2053955cf14480b46cf95.png?fit=1140%2C697&ssl=1&resize=350%2C200","width":350,"height":200,"srcset":"https:\/\/i0.wp.com\/larevistadigital.com.ar\/blog\/wp-content\/uploads\/86d327c35057426af8d2053955cf14480b46cf95.png?fit=1140%2C697&ssl=1&resize=350%2C200 1x, https:\/\/i0.wp.com\/larevistadigital.com.ar\/blog\/wp-content\/uploads\/86d327c35057426af8d2053955cf14480b46cf95.png?fit=1140%2C697&ssl=1&resize=525%2C300 1.5x, https:\/\/i0.wp.com\/larevistadigital.com.ar\/blog\/wp-content\/uploads\/86d327c35057426af8d2053955cf14480b46cf95.png?fit=1140%2C697&ssl=1&resize=700%2C400 2x, https:\/\/i0.wp.com\/larevistadigital.com.ar\/blog\/wp-content\/uploads\/86d327c35057426af8d2053955cf14480b46cf95.png?fit=1140%2C697&ssl=1&resize=1050%2C600 3x"},"classes":[]},{"id":44183,"url":"https:\/\/larevistadigital.com.ar\/blog\/hallan-el-cuerpo-de-un-hombre-desnudo-en-la-playa\/","url_meta":{"origin":22967,"position":1},"title":"Hallan el cuerpo de un hombre desnudo en la playa","author":"Alejandro Sosa Ruda","date":"27 febrero, 2026","format":false,"excerpt":"Fue encontrado esta ma\u00f1ana por una persona que caminaba por la costa. Interviene la fiscal\u00eda descentralizada de Mar Chiquita y trabajan peritos en el lugar. 27 De febrero de 2026 MAR CHIQUITA -\u00a0 \u00a0El cuerpo de un hombre desnudo fue hallado este martes por la ma\u00f1ana en la zona de\u2026","rel":"","context":"En \u00abPOLICIALES\u00bb","block_context":{"text":"POLICIALES","link":"https:\/\/larevistadigital.com.ar\/blog\/category\/policiales\/"},"img":{"alt_text":"","src":"https:\/\/i0.wp.com\/larevistadigital.com.ar\/blog\/wp-content\/uploads\/Captura-de-pantalla-2026-02-27-121945.jpg?fit=813%2C409&ssl=1&resize=350%2C200","width":350,"height":200,"srcset":"https:\/\/i0.wp.com\/larevistadigital.com.ar\/blog\/wp-content\/uploads\/Captura-de-pantalla-2026-02-27-121945.jpg?fit=813%2C409&ssl=1&resize=350%2C200 1x, https:\/\/i0.wp.com\/larevistadigital.com.ar\/blog\/wp-content\/uploads\/Captura-de-pantalla-2026-02-27-121945.jpg?fit=813%2C409&ssl=1&resize=525%2C300 1.5x, https:\/\/i0.wp.com\/larevistadigital.com.ar\/blog\/wp-content\/uploads\/Captura-de-pantalla-2026-02-27-121945.jpg?fit=813%2C409&ssl=1&resize=700%2C400 2x"},"classes":[]},{"id":7953,"url":"https:\/\/larevistadigital.com.ar\/blog\/chascomus-accidente-en-la-autovia-2-a-metros-del-peaje\/","url_meta":{"origin":22967,"position":2},"title":"CHASCOM\u00daS: ACCIDENTE EN LA AUTOV\u00cdA 2 A METROS DEL PEAJE","author":"Alejandro Sosa Ruda","date":"25 enero, 2019","format":false,"excerpt":"Inform\u00f3 la FM \"Por Siempre\" 97,3 mhtz. que durante la ma\u00f1ana de hoy se produjo un accidente en el kil\u00f3metro 92 de la Autov\u00eda 2. A ra\u00edz del mismo, se solicit\u00f3 la ayuda de los Bomberos Voluntarios de Chascom\u00fas, que acudieron prontamente al lugar de los hechos. Aparentemente habr\u00eda ocurrido\u2026","rel":"","context":"En \u00abCHASCOM\u00daS\u00bb","block_context":{"text":"CHASCOM\u00daS","link":"https:\/\/larevistadigital.com.ar\/blog\/category\/chascomus\/"},"img":{"alt_text":"","src":"https:\/\/i0.wp.com\/larevistadigital.com.ar\/blog\/wp-content\/uploads\/2019\/01\/51061401_2143814462305319_4112051257407963136_n.jpg?fit=720%2C960&ssl=1&resize=350%2C200","width":350,"height":200,"srcset":"https:\/\/i0.wp.com\/larevistadigital.com.ar\/blog\/wp-content\/uploads\/2019\/01\/51061401_2143814462305319_4112051257407963136_n.jpg?fit=720%2C960&ssl=1&resize=350%2C200 1x, https:\/\/i0.wp.com\/larevistadigital.com.ar\/blog\/wp-content\/uploads\/2019\/01\/51061401_2143814462305319_4112051257407963136_n.jpg?fit=720%2C960&ssl=1&resize=525%2C300 1.5x, https:\/\/i0.wp.com\/larevistadigital.com.ar\/blog\/wp-content\/uploads\/2019\/01\/51061401_2143814462305319_4112051257407963136_n.jpg?fit=720%2C960&ssl=1&resize=700%2C400 2x"},"classes":[]},{"id":41007,"url":"https:\/\/larevistadigital.com.ar\/blog\/detuvieron-a-un-automovilista-en-el-peaje-de-samborombon-por-un-robo-agravado-en-lezama\/","url_meta":{"origin":22967,"position":3},"title":"Detuvieron a un automovilista en el peaje de Samboromb\u00f3n por un robo agravado en Lezama","author":"Alejandro Sosa Ruda","date":"20 agosto, 2025","format":false,"excerpt":"El hombre, oriundo de Villa Elisa, fue interceptado en un operativo cerrojo de la Polic\u00eda en la Ruta 2. El hecho investigado ocurri\u00f3 en agosto de 2024, cuando tres delincuentes asaltaron una vivienda en Lezama. 20 de agosto de 2025 CHASCOM\u00daS -\u00a0 \u00a0Un automovilista oriundo de la localidad de Villa\u2026","rel":"","context":"En \u00abINTERES GENERAL\u00bb","block_context":{"text":"INTERES GENERAL","link":"https:\/\/larevistadigital.com.ar\/blog\/category\/interes-general\/"},"img":{"alt_text":"","src":"https:\/\/i0.wp.com\/larevistadigital.com.ar\/blog\/wp-content\/uploads\/c61b352c4c92352806b4793db9e625ede332cc32.jpg?fit=1140%2C749&ssl=1&resize=350%2C200","width":350,"height":200,"srcset":"https:\/\/i0.wp.com\/larevistadigital.com.ar\/blog\/wp-content\/uploads\/c61b352c4c92352806b4793db9e625ede332cc32.jpg?fit=1140%2C749&ssl=1&resize=350%2C200 1x, https:\/\/i0.wp.com\/larevistadigital.com.ar\/blog\/wp-content\/uploads\/c61b352c4c92352806b4793db9e625ede332cc32.jpg?fit=1140%2C749&ssl=1&resize=525%2C300 1.5x, https:\/\/i0.wp.com\/larevistadigital.com.ar\/blog\/wp-content\/uploads\/c61b352c4c92352806b4793db9e625ede332cc32.jpg?fit=1140%2C749&ssl=1&resize=700%2C400 2x, https:\/\/i0.wp.com\/larevistadigital.com.ar\/blog\/wp-content\/uploads\/c61b352c4c92352806b4793db9e625ede332cc32.jpg?fit=1140%2C749&ssl=1&resize=1050%2C600 3x"},"classes":[]},{"id":29292,"url":"https:\/\/larevistadigital.com.ar\/blog\/chascomus-violento-choque-a-la-altura-del-control-policial-de-samborombon\/","url_meta":{"origin":22967,"position":4},"title":"CHASCOM\u00daS: VIOLENTO CHOQUE A LA ALTURA DEL CONTROL POLICIAL DE SAMBOROMBON","author":"Alejandro Sosa Ruda","date":"7 diciembre, 2022","format":false,"excerpt":"Fue a la altura de Samborombon, y hubieron heridos. Participaron tres autos. 7 de diciembre de 2022 CHASCOM\u00daS -\u00a0 Se viene el fin de semana largo, y hubo un violento choque a la altura del control vial que se encuentra metros antes de la estaci\u00f3n de peaje en Samborombon. El\u2026","rel":"","context":"En \u00abDESTACADAS\u00bb","block_context":{"text":"DESTACADAS","link":"https:\/\/larevistadigital.com.ar\/blog\/category\/destacadas\/"},"img":{"alt_text":"","src":"https:\/\/i0.wp.com\/larevistadigital.com.ar\/blog\/wp-content\/uploads\/ruta2-1.jpg?fit=1200%2C675&ssl=1&resize=350%2C200","width":350,"height":200,"srcset":"https:\/\/i0.wp.com\/larevistadigital.com.ar\/blog\/wp-content\/uploads\/ruta2-1.jpg?fit=1200%2C675&ssl=1&resize=350%2C200 1x, https:\/\/i0.wp.com\/larevistadigital.com.ar\/blog\/wp-content\/uploads\/ruta2-1.jpg?fit=1200%2C675&ssl=1&resize=525%2C300 1.5x, https:\/\/i0.wp.com\/larevistadigital.com.ar\/blog\/wp-content\/uploads\/ruta2-1.jpg?fit=1200%2C675&ssl=1&resize=700%2C400 2x, https:\/\/i0.wp.com\/larevistadigital.com.ar\/blog\/wp-content\/uploads\/ruta2-1.jpg?fit=1200%2C675&ssl=1&resize=1050%2C600 3x"},"classes":[]},{"id":16132,"url":"https:\/\/larevistadigital.com.ar\/blog\/videos-piqueteros-atacaron-a-automovilistas-que-querian-ir-a-trabajar-en-el-peaje-de-hudson\/","url_meta":{"origin":22967,"position":5},"title":"[VIDEOS] PIQUETEROS ATACARON A AUTOMOVILISTAS QUE QUER\u00cdAN IR A TRABAJAR, EN EL PEAJE DE HUDSON","author":"Alejandro Sosa Ruda","date":"26 agosto, 2020","format":false,"excerpt":"Graves incidentes se produjeron ayer por la tarde, alrededor de las 16,30, en el peaje de Dock Sud de la autopista La Plata-Buenos Aires, cuando un grupo nutrido de piqueteros identificados con banderas del Polo Obrero y otras agrupaciones de izquierda reclamaban contra el gobierno de la Provincia por distintas\u2026","rel":"","context":"En \u00abDESTACADAS\u00bb","block_context":{"text":"DESTACADAS","link":"https:\/\/larevistadigital.com.ar\/blog\/category\/destacadas\/"},"img":{"alt_text":"","src":"https:\/\/i0.wp.com\/larevistadigital.com.ar\/blog\/wp-content\/uploads\/Screenshot_1-138.jpg?fit=932%2C476&ssl=1&resize=350%2C200","width":350,"height":200,"srcset":"https:\/\/i0.wp.com\/larevistadigital.com.ar\/blog\/wp-content\/uploads\/Screenshot_1-138.jpg?fit=932%2C476&ssl=1&resize=350%2C200 1x, https:\/\/i0.wp.com\/larevistadigital.com.ar\/blog\/wp-content\/uploads\/Screenshot_1-138.jpg?fit=932%2C476&ssl=1&resize=525%2C300 1.5x, https:\/\/i0.wp.com\/larevistadigital.com.ar\/blog\/wp-content\/uploads\/Screenshot_1-138.jpg?fit=932%2C476&ssl=1&resize=700%2C400 2x"},"classes":[]}],"_links":{"self":[{"href":"https:\/\/larevistadigital.com.ar\/blog\/wp-json\/wp\/v2\/posts\/22967","targetHints":{"allow":["GET"]}}],"collection":[{"href":"https:\/\/larevistadigital.com.ar\/blog\/wp-json\/wp\/v2\/posts"}],"about":[{"href":"https:\/\/larevistadigital.com.ar\/blog\/wp-json\/wp\/v2\/types\/post"}],"author":[{"embeddable":true,"href":"https:\/\/larevistadigital.com.ar\/blog\/wp-json\/wp\/v2\/users\/3"}],"replies":[{"embeddable":true,"href":"https:\/\/larevistadigital.com.ar\/blog\/wp-json\/wp\/v2\/comments?post=22967"}],"version-history":[{"count":1,"href":"https:\/\/larevistadigital.com.ar\/blog\/wp-json\/wp\/v2\/posts\/22967\/revisions"}],"predecessor-version":[{"id":22976,"href":"https:\/\/larevistadigital.com.ar\/blog\/wp-json\/wp\/v2\/posts\/22967\/revisions\/22976"}],"wp:featuredmedia":[{"embeddable":true,"href":"https:\/\/larevistadigital.com.ar\/blog\/wp-json\/wp\/v2\/media\/22968"}],"wp:attachment":[{"href":"https:\/\/larevistadigital.com.ar\/blog\/wp-json\/wp\/v2\/media?parent=22967"}],"wp:term":[{"taxonomy":"category","embeddable":true,"href":"https:\/\/larevistadigital.com.ar\/blog\/wp-json\/wp\/v2\/categories?post=22967"},{"taxonomy":"post_tag","embeddable":true,"href":"https:\/\/larevistadigital.com.ar\/blog\/wp-json\/wp\/v2\/tags?post=22967"}],"curies":[{"name":"wp","href":"https:\/\/api.w.org\/{rel}","templated":true}]}}