{"id":2299,"date":"2017-05-12T18:48:32","date_gmt":"2017-05-12T18:48:32","guid":{"rendered":"https:\/\/larevistadigital.com.ar\/blog\/?p=2299"},"modified":"2017-05-12T18:48:32","modified_gmt":"2017-05-12T18:48:32","slug":"dilma-rousseff-en-la-plata-con-criticas-a-macri","status":"publish","type":"post","link":"https:\/\/larevistadigital.com.ar\/blog\/dilma-rousseff-en-la-plata-con-criticas-a-macri\/","title":{"rendered":"DILMA ROUSSEFF EN LA PLATA CON CR\u00cdTICAS A MACRI"},"content":{"rendered":"<p>La ex mandataria de\u00a0Brasil\u00a0visit\u00f3 la capital provincial para recibir el premio\u00a0<strong>\u201cRodolfo Walsh\u201d<\/strong>\u00a0que entrega la facultad de\u00a0Periodismo y Comunicaci\u00f3n Social\u00a0de la\u00a0<strong>UNLP<\/strong>. En el polideportivo de\u00a0Humanidades, mostr\u00f3 su descontento con los gobiernos de\u00a0<strong>Macri<\/strong>\u00a0y de\u00a0<strong>Temer<\/strong>.<\/p>\n<p>Ante mayor\u00eda de militantes del peronismo y del kirchnerismo,\u00a0<strong>Dilma Rousseff<\/strong>\u00a0se refiri\u00f3 a las situaciones pol\u00edticas de\u00a0Argentina\u00a0y\u00a0Brasil. Cuando se cumple un a\u00f1o del famoso \u201cimpeachment\u201d, declar\u00f3:\u00a0<strong><em>\u201cfue un golpe machista\u201d.<\/em><\/strong><\/p>\n<blockquote>\n<h3><strong><em>\u201cUn pa\u00eds no debe ser gobernado por un tecn\u00f3crata o un gestor empresario, sino por un l\u00edder pol\u00edtico, Necesitamos l\u00edderes pol\u00edticos calificados\u201d<\/em><\/strong>, expres\u00f3. Aunque no lo nombr\u00f3, hizo clara alusi\u00f3n al presidente\u00a0<strong>Mauricio Macri.<\/strong><\/h3>\n<\/blockquote>\n<p>En el evento se hicieron presentes la concejal y decana de la Facultad de Periodismo,\u00a0<strong>Florencia Saintout<\/strong>; la presidenta de Madres de Plaza de Mayo,\u00a0<strong>Hebe de Bonafini<\/strong>; el ex vicepresidente de la Naci\u00f3n,\u00a0<strong>Amado Boudou<\/strong>; y el intendente de Ensenada,\u00a0<strong>Mario Secco<\/strong>, entre otros.<\/p>\n<p><a href=\"https:\/\/i0.wp.com\/larevistadigital.com.ar\/blog\/wp-content\/uploads\/2017\/05\/bbx_676595062_2_dilma.jpg?ssl=1\"><img data-recalc-dims=\"1\" loading=\"lazy\" decoding=\"async\" class=\"alignnone size-full wp-image-2302\" src=\"https:\/\/i0.wp.com\/larevistadigital.com.ar\/blog\/wp-content\/uploads\/2017\/05\/bbx_676595062_2_dilma.jpg?resize=1200%2C545&#038;ssl=1\" alt=\"\" width=\"1200\" height=\"545\" srcset=\"https:\/\/i0.wp.com\/larevistadigital.com.ar\/blog\/wp-content\/uploads\/2017\/05\/bbx_676595062_2_dilma.jpg?w=1200&amp;ssl=1 1200w, https:\/\/i0.wp.com\/larevistadigital.com.ar\/blog\/wp-content\/uploads\/2017\/05\/bbx_676595062_2_dilma.jpg?resize=300%2C136&amp;ssl=1 300w, https:\/\/i0.wp.com\/larevistadigital.com.ar\/blog\/wp-content\/uploads\/2017\/05\/bbx_676595062_2_dilma.jpg?resize=768%2C349&amp;ssl=1 768w, https:\/\/i0.wp.com\/larevistadigital.com.ar\/blog\/wp-content\/uploads\/2017\/05\/bbx_676595062_2_dilma.jpg?resize=1024%2C465&amp;ssl=1 1024w\" sizes=\"auto, (max-width: 1000px) 100vw, 1000px\" \/><\/a><\/p>\n<p>La distinci\u00f3n que recibi\u00f3 la ex jefa de Estado del pa\u00eds lim\u00edtrofe tambi\u00e9n fue entregada en otras ocasiones al ex presidente de Ecuador,\u00a0<strong>Rafael Correa<\/strong>; al fallecido\u00a0<strong>Hugo Ch\u00e1vez<\/strong>\u00a0y al mandatario de Bolivia,\u00a0<strong>Evo Morales<\/strong>.<\/p>\n<p>&nbsp;<\/p>\n","protected":false},"excerpt":{"rendered":"<div class=\"mh-excerpt\"><p>La ex mandataria de\u00a0Brasil\u00a0visit\u00f3 la capital provincial para recibir el premio\u00a0\u201cRodolfo Walsh\u201d\u00a0que entrega la facultad de\u00a0Periodismo y Comunicaci\u00f3n Social\u00a0de la\u00a0UNLP. En el polideportivo de\u00a0Humanidades, mostr\u00f3 su descontento con los gobiernos de\u00a0Macri\u00a0y de\u00a0Temer. Ante mayor\u00eda de <a class=\"mh-excerpt-more\" href=\"https:\/\/larevistadigital.com.ar\/blog\/dilma-rousseff-en-la-plata-con-criticas-a-macri\/\" title=\"DILMA ROUSSEFF EN LA PLATA CON CR\u00cdTICAS A MACRI\">[Leer M\u00e1s]<\/a><\/p>\n<\/div>","protected":false},"author":3,"featured_media":2300,"comment_status":"open","ping_status":"open","sticky":false,"template":"","format":"standard","meta":{"_jetpack_memberships_contains_paid_content":false,"footnotes":"","jetpack_publicize_message":"","jetpack_publicize_feature_enabled":true,"jetpack_social_post_already_shared":true,"jetpack_social_options":{"image_generator_settings":{"template":"highway","default_image_id":0,"font":"","enabled":false},"version":2}},"categories":[41,12,25],"tags":[],"class_list":{"0":"post-2299","1":"post","2":"type-post","3":"status-publish","4":"format-standard","5":"has-post-thumbnail","7":"category-destacadas","8":"category-politica","9":"category-politica-nacional"},"jetpack_publicize_connections":[],"jetpack_featured_media_url":"https:\/\/i0.wp.com\/larevistadigital.com.ar\/blog\/wp-content\/uploads\/2017\/05\/bbx_676595062_ayer.jpg?fit=988%2C510&ssl=1","jetpack_sharing_enabled":true,"jetpack_shortlink":"https:\/\/wp.me\/p8qtrQ-B5","jetpack-related-posts":[{"id":382,"url":"https:\/\/larevistadigital.com.ar\/blog\/ricardo-alfonsin-celebro-la-visita-macri-brasil\/","url_meta":{"origin":2299,"position":0},"title":"Ricardo Alfons\u00edn: \u201cCelebro la visita de Macri a Brasil\u201d","author":"editor","date":"20 febrero, 2017","format":false,"excerpt":"El diputado de la UCR Ricardo Alfons\u00edn, que suele ser muy cr\u00edtico de algunas acciones del Gobierno, expres\u00f3 su satisfacci\u00f3n por la visita del presidente Mauricio Macri a Brasil as\u00ed como los encuentros con el mandatario boliviano Evo Morales. A trav\u00e9s de su cuenta de Facebook, Alfons\u00edn se\u00f1al\u00f3: \u201cM\u00e1s all\u00e1\u2026","rel":"","context":"En \u00abPOLITICA\u00bb","block_context":{"text":"POLITICA","link":"https:\/\/larevistadigital.com.ar\/blog\/category\/politica\/"},"img":{"alt_text":"Ricardo Alfonsin","src":"https:\/\/i0.wp.com\/larevistadigital.com.ar\/blog\/wp-content\/uploads\/2017\/02\/ricardo200217.jpg?fit=620%2C350&ssl=1&resize=350%2C200","width":350,"height":200,"srcset":"https:\/\/i0.wp.com\/larevistadigital.com.ar\/blog\/wp-content\/uploads\/2017\/02\/ricardo200217.jpg?fit=620%2C350&ssl=1&resize=350%2C200 1x, https:\/\/i0.wp.com\/larevistadigital.com.ar\/blog\/wp-content\/uploads\/2017\/02\/ricardo200217.jpg?fit=620%2C350&ssl=1&resize=525%2C300 1.5x"},"classes":[]},{"id":879,"url":"https:\/\/larevistadigital.com.ar\/blog\/dano-colateral-renuncia-funcionario-macri-medio-la-polemica-avianca\/","url_meta":{"origin":2299,"position":1},"title":"Da\u00f1o colateral: Renuncia funcionario de Macri en medio de la pol\u00e9mica con Avianca","author":"Alejandro Sosa Ruda","date":"9 marzo, 2017","format":false,"excerpt":"Seg\u00fan lo adelant\u00f3 el sitio de noticias Infobae, el Director de Log\u00edstica de la presidencia, Carlos Cobas dejar\u00e1 su cargo para retornar a la actividad privada. Cobas es uno de los funcionarios imputados por el fiscal Jorge Di Lello \u00a0junto al mism\u00edsimo presidente, Mauricio Macri en una causa \u00a0por la\u2026","rel":"","context":"En \u00abDESTACADAS\u00bb","block_context":{"text":"DESTACADAS","link":"https:\/\/larevistadigital.com.ar\/blog\/category\/destacadas\/"},"img":{"alt_text":"","src":"https:\/\/i0.wp.com\/larevistadigital.com.ar\/blog\/wp-content\/uploads\/2017\/03\/passlacqua_macri_mis.jpg?fit=853%2C479&ssl=1&resize=350%2C200","width":350,"height":200,"srcset":"https:\/\/i0.wp.com\/larevistadigital.com.ar\/blog\/wp-content\/uploads\/2017\/03\/passlacqua_macri_mis.jpg?fit=853%2C479&ssl=1&resize=350%2C200 1x, https:\/\/i0.wp.com\/larevistadigital.com.ar\/blog\/wp-content\/uploads\/2017\/03\/passlacqua_macri_mis.jpg?fit=853%2C479&ssl=1&resize=525%2C300 1.5x, https:\/\/i0.wp.com\/larevistadigital.com.ar\/blog\/wp-content\/uploads\/2017\/03\/passlacqua_macri_mis.jpg?fit=853%2C479&ssl=1&resize=700%2C400 2x"},"classes":[]},{"id":25770,"url":"https:\/\/larevistadigital.com.ar\/blog\/franco-flexas-el-intendente-radical-que-se-le-planto-a-macri-le-vamos-a-poner-los-puntos\/","url_meta":{"origin":2299,"position":2},"title":"FRANCO FLEXAS: EL INTENDENTE RADICAL QUE SE LE PLANT\u00d3 A MACRI \u00abLE VAMOS A PONER LOS PUNTOS\u00bb","author":"Alejandro Sosa Ruda","date":"10 junio, 2022","format":false,"excerpt":"Las repercusiones por el exabrupto de Mauricio Macri sobre la figura de Hip\u00f3lito Yrigoyen y el centenario partido radical, no cesa: es m\u00e1s, desde la UCR hacen cola para pegarle. Esta vez fue el Intendente de General Viamonte, Franco Flexas, quien se sum\u00f3 a las cr\u00edticas contra el controvertido l\u00edder\u2026","rel":"","context":"En \u00abINTERES GENERAL\u00bb","block_context":{"text":"INTERES GENERAL","link":"https:\/\/larevistadigital.com.ar\/blog\/category\/interes-general\/"},"img":{"alt_text":"","src":"https:\/\/i0.wp.com\/larevistadigital.com.ar\/blog\/wp-content\/uploads\/20220610182336_franco-flexas-ucr-viamonte-macri.jpg?fit=880%2C512&ssl=1&resize=350%2C200","width":350,"height":200,"srcset":"https:\/\/i0.wp.com\/larevistadigital.com.ar\/blog\/wp-content\/uploads\/20220610182336_franco-flexas-ucr-viamonte-macri.jpg?fit=880%2C512&ssl=1&resize=350%2C200 1x, https:\/\/i0.wp.com\/larevistadigital.com.ar\/blog\/wp-content\/uploads\/20220610182336_franco-flexas-ucr-viamonte-macri.jpg?fit=880%2C512&ssl=1&resize=525%2C300 1.5x, https:\/\/i0.wp.com\/larevistadigital.com.ar\/blog\/wp-content\/uploads\/20220610182336_franco-flexas-ucr-viamonte-macri.jpg?fit=880%2C512&ssl=1&resize=700%2C400 2x"},"classes":[]},{"id":1279,"url":"https:\/\/larevistadigital.com.ar\/blog\/jorge-macri-marca-la-agenda-en-su-territorio\/","url_meta":{"origin":2299,"position":3},"title":"JORGE MACRI MARCA LA AGENDA EN SU TERRITORIO","author":"Alejandro Sosa Ruda","date":"17 marzo, 2017","format":false,"excerpt":"Luego del embate de Lilita Carri\u00f3, el intendente de Vicente L\u00f3pez, Jorge Macri encabezar\u00e1 un acto para demostrar fuerza y fortalecer\u00a0su candidatura como senador nacional por la provincia. Macri ser\u00e1 quien presida el primer Foro Federal de Intendentes Cambiemos. El Foro tendr\u00e1 lugar en el Club Copna. Desde el entorno\u2026","rel":"","context":"En \u00abDESTACADAS\u00bb","block_context":{"text":"DESTACADAS","link":"https:\/\/larevistadigital.com.ar\/blog\/category\/destacadas\/"},"img":{"alt_text":"","src":"https:\/\/i0.wp.com\/larevistadigital.com.ar\/blog\/wp-content\/uploads\/2017\/03\/jorge-macri-1.jpg?fit=1200%2C900&ssl=1&resize=350%2C200","width":350,"height":200,"srcset":"https:\/\/i0.wp.com\/larevistadigital.com.ar\/blog\/wp-content\/uploads\/2017\/03\/jorge-macri-1.jpg?fit=1200%2C900&ssl=1&resize=350%2C200 1x, https:\/\/i0.wp.com\/larevistadigital.com.ar\/blog\/wp-content\/uploads\/2017\/03\/jorge-macri-1.jpg?fit=1200%2C900&ssl=1&resize=525%2C300 1.5x, https:\/\/i0.wp.com\/larevistadigital.com.ar\/blog\/wp-content\/uploads\/2017\/03\/jorge-macri-1.jpg?fit=1200%2C900&ssl=1&resize=700%2C400 2x, https:\/\/i0.wp.com\/larevistadigital.com.ar\/blog\/wp-content\/uploads\/2017\/03\/jorge-macri-1.jpg?fit=1200%2C900&ssl=1&resize=1050%2C600 3x"},"classes":[]},{"id":3098,"url":"https:\/\/larevistadigital.com.ar\/blog\/macri-gano-en-cordoba-y-cambiemos-se-impone-en-casi-todo-el-pais\/","url_meta":{"origin":2299,"position":4},"title":"MACRI GAN\u00d3 EN CORDOBA, Y CAMBIEMOS SE IMPONE EN CASI TODO EL PA\u00cdS","author":"Alejandro Sosa Ruda","date":"13 agosto, 2017","format":false,"excerpt":"Los primeros datos que llegan, una vez cerrada la votaci\u00f3n, dan como claro ganador en el pa\u00eds al frente Cambiemos, liderado por el presidente Mauricio Macri. Pese a los distintos boca de urna, que en muchos casos son contradictorios, el frente oficialista estar\u00eda ganando en gran parte del pa\u00eds, como\u2026","rel":"","context":"En \u00abDESTACADAS\u00bb","block_context":{"text":"DESTACADAS","link":"https:\/\/larevistadigital.com.ar\/blog\/category\/destacadas\/"},"img":{"alt_text":"","src":"https:\/\/i0.wp.com\/larevistadigital.com.ar\/blog\/wp-content\/uploads\/2017\/08\/HkRXn6C7e_930x525.jpg?fit=930%2C525&ssl=1&resize=350%2C200","width":350,"height":200,"srcset":"https:\/\/i0.wp.com\/larevistadigital.com.ar\/blog\/wp-content\/uploads\/2017\/08\/HkRXn6C7e_930x525.jpg?fit=930%2C525&ssl=1&resize=350%2C200 1x, https:\/\/i0.wp.com\/larevistadigital.com.ar\/blog\/wp-content\/uploads\/2017\/08\/HkRXn6C7e_930x525.jpg?fit=930%2C525&ssl=1&resize=525%2C300 1.5x, https:\/\/i0.wp.com\/larevistadigital.com.ar\/blog\/wp-content\/uploads\/2017\/08\/HkRXn6C7e_930x525.jpg?fit=930%2C525&ssl=1&resize=700%2C400 2x"},"classes":[]},{"id":15903,"url":"https:\/\/larevistadigital.com.ar\/blog\/massa-dijo-que-macri-es-un-vago-y-que-la-ciudad-era-gobernada-por-larreta\/","url_meta":{"origin":2299,"position":5},"title":"MASSA DIJO QUE MACRI ES UN VAGO Y QUE LA CIUDAD ERA GOBERNADA POR LARRETA","author":"Alejandro Sosa Ruda","date":"10 agosto, 2020","format":false,"excerpt":"\"Macri tiene una actitud displicente, desaprensiva, de falta de compromiso y de empat\u00eda con la sociedad\", dispar\u00f3 Sergio Massa en di\u00e1logo con Radio 10. Sergio Massa explic\u00f3 por qu\u00e9 se refiri\u00f3 a Macri como un \"gran vago\" en el programa Sobredosis de TV de\u00a0C5N: \"Uno se da cuenta si mira\u2026","rel":"","context":"En \u00abDESTACADAS\u00bb","block_context":{"text":"DESTACADAS","link":"https:\/\/larevistadigital.com.ar\/blog\/category\/destacadas\/"},"img":{"alt_text":"","src":"https:\/\/i0.wp.com\/larevistadigital.com.ar\/blog\/wp-content\/uploads\/Massa.jpg?fit=1200%2C672&ssl=1&resize=350%2C200","width":350,"height":200,"srcset":"https:\/\/i0.wp.com\/larevistadigital.com.ar\/blog\/wp-content\/uploads\/Massa.jpg?fit=1200%2C672&ssl=1&resize=350%2C200 1x, https:\/\/i0.wp.com\/larevistadigital.com.ar\/blog\/wp-content\/uploads\/Massa.jpg?fit=1200%2C672&ssl=1&resize=525%2C300 1.5x, https:\/\/i0.wp.com\/larevistadigital.com.ar\/blog\/wp-content\/uploads\/Massa.jpg?fit=1200%2C672&ssl=1&resize=700%2C400 2x, https:\/\/i0.wp.com\/larevistadigital.com.ar\/blog\/wp-content\/uploads\/Massa.jpg?fit=1200%2C672&ssl=1&resize=1050%2C600 3x"},"classes":[]}],"_links":{"self":[{"href":"https:\/\/larevistadigital.com.ar\/blog\/wp-json\/wp\/v2\/posts\/2299","targetHints":{"allow":["GET"]}}],"collection":[{"href":"https:\/\/larevistadigital.com.ar\/blog\/wp-json\/wp\/v2\/posts"}],"about":[{"href":"https:\/\/larevistadigital.com.ar\/blog\/wp-json\/wp\/v2\/types\/post"}],"author":[{"embeddable":true,"href":"https:\/\/larevistadigital.com.ar\/blog\/wp-json\/wp\/v2\/users\/3"}],"replies":[{"embeddable":true,"href":"https:\/\/larevistadigital.com.ar\/blog\/wp-json\/wp\/v2\/comments?post=2299"}],"version-history":[{"count":2,"href":"https:\/\/larevistadigital.com.ar\/blog\/wp-json\/wp\/v2\/posts\/2299\/revisions"}],"predecessor-version":[{"id":2303,"href":"https:\/\/larevistadigital.com.ar\/blog\/wp-json\/wp\/v2\/posts\/2299\/revisions\/2303"}],"wp:featuredmedia":[{"embeddable":true,"href":"https:\/\/larevistadigital.com.ar\/blog\/wp-json\/wp\/v2\/media\/2300"}],"wp:attachment":[{"href":"https:\/\/larevistadigital.com.ar\/blog\/wp-json\/wp\/v2\/media?parent=2299"}],"wp:term":[{"taxonomy":"category","embeddable":true,"href":"https:\/\/larevistadigital.com.ar\/blog\/wp-json\/wp\/v2\/categories?post=2299"},{"taxonomy":"post_tag","embeddable":true,"href":"https:\/\/larevistadigital.com.ar\/blog\/wp-json\/wp\/v2\/tags?post=2299"}],"curies":[{"name":"wp","href":"https:\/\/api.w.org\/{rel}","templated":true}]}}