{"id":2304,"date":"2017-05-13T23:59:49","date_gmt":"2017-05-13T23:59:49","guid":{"rendered":"https:\/\/larevistadigital.com.ar\/blog\/?p=2304"},"modified":"2017-05-13T23:59:49","modified_gmt":"2017-05-13T23:59:49","slug":"mientras-en-chascomus-estudian-aumentar-las-tazas-en-general-las-heras-reducen-las-tasas-de-seguridad-e-higiene-para-bajar-los-precios","status":"publish","type":"post","link":"https:\/\/larevistadigital.com.ar\/blog\/mientras-en-chascomus-estudian-aumentar-las-tazas-en-general-las-heras-reducen-las-tasas-de-seguridad-e-higiene-para-bajar-los-precios\/","title":{"rendered":"Mientras en Chascom\u00fas estudian aumentar las tazas en  General Las Heras reducen las tasas de seguridad e higiene para bajar los precios"},"content":{"rendered":"<p>Desde el municipio de Chascom\u00fas cuyo intendente tambi\u00e9n forma parte del FRENTE RENOVADOR, \u00a0que lidera Sergio Massa ahora con la compan\u00eda de Margarita Stolbizer, \u00a0buscan que le aprueben el aumento de las tazas existentes y la creaci\u00f3n de unas nuevas. Esto ir\u00eda en contramano de la ultima presentaci\u00f3n de los lideres del espacio el programa BAJEMOS LOS PRECIOS. No es el caso de General Las Heras que como complemento del plan Bajemos los Precios, iniciativa elaborada por los equipos t\u00e9cnicos del Frente Renovador \u00a0y el GEN, el Intendente del Partido de General Las Heras, Javier Osuna, implement\u00f3 una bonificaci\u00f3n del 30% sobre la tasa de Seguridad e Higiene en supermercados y autoservicios. \u201cLa recepci\u00f3n de los comercios fue muy buena, y acompa\u00f1aron desde un primer momento, al igual que la recepci\u00f3n de la gente, comprenden que esto va a repercutir de manera en su poder adquisitivo frente al proceso inflacionario\u201d, explicaron desde el Municipio.<\/p>\n<p>Semanas atr\u00e1s, el diputado nacional Sergio Massa mantuvo un encuentro de trabajo con los Intendentes del Frente Renovador, quienes le expresaron su apoyo al plan Bajemos los Precios y acordaron una agenda de trabajo conjunta para la elaboraci\u00f3n de una ordenanza que modifica en sus respectivos distritos la tasa de seguridad e higiene en los comercios minoristas y mayoristas, como complemento de esta iniciativa que tiene como objetivo bajar los precios de once productos de la canasta b\u00e1sica.<\/p>\n<p>En aquella oportunidad, coincidieron con Sergio Massa respecto a la necesidad de bajar el precio de los alimentos de la canasta b\u00e1sica (pan, arroz, harina de trigo, fideos, papa, az\u00facar, carne, huevos, leche, aceite y yerba), estableciendo la eliminaci\u00f3n del IVA, l\u00edmites y penalizaciones a pr\u00e1cticas abusivas, adem\u00e1s de mantener los precios estables hasta marzo de 2018, tal como lo contempla el plan Bajemos los Precios, impulsado por los equipos t\u00e9cnicos del FR y del GEN.<br \/>\nEn ese sentido, Mariah Gabriela Garmendia, Secretaria de Hacienda del Municipio de General Las Heras, explic\u00f3 que \u201cluego de convocar a los supermercados y autoservicios, y con su aprobaci\u00f3n, enviamos un proyecto de ordenanza al consejo deliberante para reducir un 30% la tasa de seguridad e higiene, y de esta manera colaborar con el esfuerzo que iban a hacer los comerciantes para bajar los precios de los productos involucrados en la iniciativa\u201d.<br \/>\nY a\u00f1adi\u00f3: \u201cEl consejo deliberante por unanimidad aprob\u00f3 el proyecto el jueves pasado, y este fin de semana los supermercados ya comenzaron con la campa\u00f1a, anunciando la baja de los precios en los productos de la canasta b\u00e1sica\u201d.<br \/>\n\u201cLa recepci\u00f3n de los comercios fue muy buena, y acompa\u00f1aron desde un primer momento, al igual que la recepci\u00f3n de la gente, que fue muy positiva, comprenden que esto va a repercutir en el poder adquisitivo frente al proceso inflacionario. Este esfuerzo que hace el Municipio acompa\u00f1ando el esfuerzo de los comerciantes, lo vamos a mantener hasta que se logre tratar la quita del IVA en el Congreso de la Naci\u00f3n, para lo cual tenemos mesas de recolecci\u00f3n de firmas, para que el mismo ingrese como iniciativa popular\u201d.<br \/>\n<a href=\"https:\/\/i0.wp.com\/larevistadigital.com.ar\/blog\/wp-content\/uploads\/2017\/05\/9eeb518b-3a36-43bd-86bb-183d6c7aaa25.jpg?ssl=1\"><img data-recalc-dims=\"1\" loading=\"lazy\" decoding=\"async\" class=\"wp-image-2305 aligncenter\" src=\"https:\/\/i0.wp.com\/larevistadigital.com.ar\/blog\/wp-content\/uploads\/2017\/05\/9eeb518b-3a36-43bd-86bb-183d6c7aaa25.jpg?resize=295%2C452&#038;ssl=1\" alt=\"\" width=\"295\" height=\"452\" srcset=\"https:\/\/i0.wp.com\/larevistadigital.com.ar\/blog\/wp-content\/uploads\/2017\/05\/9eeb518b-3a36-43bd-86bb-183d6c7aaa25.jpg?resize=196%2C300&amp;ssl=1 196w, https:\/\/i0.wp.com\/larevistadigital.com.ar\/blog\/wp-content\/uploads\/2017\/05\/9eeb518b-3a36-43bd-86bb-183d6c7aaa25.jpg?resize=768%2C1173&amp;ssl=1 768w, https:\/\/i0.wp.com\/larevistadigital.com.ar\/blog\/wp-content\/uploads\/2017\/05\/9eeb518b-3a36-43bd-86bb-183d6c7aaa25.jpg?resize=670%2C1024&amp;ssl=1 670w, https:\/\/i0.wp.com\/larevistadigital.com.ar\/blog\/wp-content\/uploads\/2017\/05\/9eeb518b-3a36-43bd-86bb-183d6c7aaa25.jpg?w=838&amp;ssl=1 838w\" sizes=\"auto, (max-width: 295px) 100vw, 295px\" \/><\/a><\/p>\n","protected":false},"excerpt":{"rendered":"<div class=\"mh-excerpt\"><p>Desde el municipio de Chascom\u00fas cuyo intendente tambi\u00e9n forma parte del FRENTE RENOVADOR, \u00a0que lidera Sergio Massa ahora con la compan\u00eda de Margarita Stolbizer, \u00a0buscan que le aprueben el aumento de las tazas existentes y <a class=\"mh-excerpt-more\" href=\"https:\/\/larevistadigital.com.ar\/blog\/mientras-en-chascomus-estudian-aumentar-las-tazas-en-general-las-heras-reducen-las-tasas-de-seguridad-e-higiene-para-bajar-los-precios\/\" title=\"Mientras en Chascom\u00fas estudian aumentar las tazas en  General Las Heras reducen las tasas de seguridad e higiene para bajar los precios\">[Leer M\u00e1s]<\/a><\/p>\n<\/div>","protected":false},"author":2,"featured_media":2305,"comment_status":"open","ping_status":"open","sticky":false,"template":"","format":"standard","meta":{"_jetpack_memberships_contains_paid_content":false,"footnotes":"","jetpack_publicize_message":"","jetpack_publicize_feature_enabled":true,"jetpack_social_post_already_shared":true,"jetpack_social_options":{"image_generator_settings":{"template":"highway","default_image_id":0,"font":"","enabled":false},"version":2}},"categories":[6,41,12,23,25,24],"tags":[],"class_list":{"0":"post-2304","1":"post","2":"type-post","3":"status-publish","4":"format-standard","5":"has-post-thumbnail","7":"category-chascomus","8":"category-destacadas","9":"category-politica","10":"category-politica-local","11":"category-politica-nacional","12":"category-politica-provincial"},"jetpack_publicize_connections":[],"jetpack_featured_media_url":"https:\/\/i0.wp.com\/larevistadigital.com.ar\/blog\/wp-content\/uploads\/2017\/05\/9eeb518b-3a36-43bd-86bb-183d6c7aaa25.jpg?fit=838%2C1280&ssl=1","jetpack_sharing_enabled":true,"jetpack_shortlink":"https:\/\/wp.me\/p8qtrQ-Ba","jetpack-related-posts":[{"id":2203,"url":"https:\/\/larevistadigital.com.ar\/blog\/intendentes-de-massa-colaboraran-con-el-plan-bajemos-los-precios-reduciendo-las-tasas\/","url_meta":{"origin":2304,"position":0},"title":"INTENDENTES DE MASSA \u201cCOLABORARAN\u201d CON EL PLAN BAJEMOS LOS PRECIOS, REDUCIENDO LAS TASAS","author":"Alejandro Sosa Ruda","date":"4 mayo, 2017","format":false,"excerpt":"Los intendentes encolumnados en el Frente Renovador, adherir\u00e1n al plan \u201cBajemos los Precios\u201d, y uno de esos es el jefe comunal de Chascom\u00fas, Javier \u201cEl Chapa\u201d Gast\u00f3n (aunque parad\u00f3jicamente en Chascom\u00fas reclama la aprobaci\u00f3n de la ordenanza fiscal impositiva con aumento de tasas y la creaci\u00f3n de cinco nuevas) Los\u2026","rel":"","context":"En \u00abCHASCOM\u00daS\u00bb","block_context":{"text":"CHASCOM\u00daS","link":"https:\/\/larevistadigital.com.ar\/blog\/category\/chascomus\/"},"img":{"alt_text":"","src":"https:\/\/i0.wp.com\/larevistadigital.com.ar\/blog\/wp-content\/uploads\/2017\/05\/chapa-.jpg?fit=792%2C704&ssl=1&resize=350%2C200","width":350,"height":200,"srcset":"https:\/\/i0.wp.com\/larevistadigital.com.ar\/blog\/wp-content\/uploads\/2017\/05\/chapa-.jpg?fit=792%2C704&ssl=1&resize=350%2C200 1x, https:\/\/i0.wp.com\/larevistadigital.com.ar\/blog\/wp-content\/uploads\/2017\/05\/chapa-.jpg?fit=792%2C704&ssl=1&resize=525%2C300 1.5x, https:\/\/i0.wp.com\/larevistadigital.com.ar\/blog\/wp-content\/uploads\/2017\/05\/chapa-.jpg?fit=792%2C704&ssl=1&resize=700%2C400 2x"},"classes":[]},{"id":2132,"url":"https:\/\/larevistadigital.com.ar\/blog\/comunicado-ucr-chascomus\/","url_meta":{"origin":2304,"position":1},"title":"COMUNICADO UCR CHASCOMUS","author":"Alejandro Sosa Ruda","date":"26 abril, 2017","format":false,"excerpt":"Desde el Boloque de concejales de UCR-Cambiemos de Chascom\u00fas nos hicieron llegar el siguiente comunicado. \u00a0 INS\u00d3LITO: LOS CONCEJALES DEL \u201cCHAPA\u201d GAST\u00d3N IMPIDEN EL TRATAMIENTO DEL PRESUPUESTO \u00a0 Nunca en la historia de los 135 distritos de la Provincia de Buenos Aires, los concejales oficialistas se opusieron al tratamiento de\u2026","rel":"","context":"En \u00abCHASCOM\u00daS\u00bb","block_context":{"text":"CHASCOM\u00daS","link":"https:\/\/larevistadigital.com.ar\/blog\/category\/chascomus\/"},"img":{"alt_text":"","src":"https:\/\/i0.wp.com\/larevistadigital.com.ar\/blog\/wp-content\/uploads\/2017\/04\/11028007_733884126732360_7999233073238367143_n.jpg?fit=650%2C488&ssl=1&resize=350%2C200","width":350,"height":200,"srcset":"https:\/\/i0.wp.com\/larevistadigital.com.ar\/blog\/wp-content\/uploads\/2017\/04\/11028007_733884126732360_7999233073238367143_n.jpg?fit=650%2C488&ssl=1&resize=350%2C200 1x, https:\/\/i0.wp.com\/larevistadigital.com.ar\/blog\/wp-content\/uploads\/2017\/04\/11028007_733884126732360_7999233073238367143_n.jpg?fit=650%2C488&ssl=1&resize=525%2C300 1.5x"},"classes":[]},{"id":3657,"url":"https:\/\/larevistadigital.com.ar\/blog\/chascomus-se-incorporaron-dos-nuevas-camaras-seguridad\/","url_meta":{"origin":2304,"position":2},"title":"CHASCOM\u00daS: SE INCORPORARON DOS NUEVAS C\u00c1MARAS DE SEGURIDAD","author":"Alejandro Sosa Ruda","date":"31 octubre, 2017","format":false,"excerpt":"Dos nuevas c\u00e1maras fijas desde el Centro de Monitoreo Municipal comenzaron a funcionar desde este s\u00e1bado. Estas \u00faltimas incorporaciones contemplan la cobertura del ingreso y egreso correspondiente al acceso a la ciudad por la zona del barrio La Liberata. Se trata de las c\u00e1maras N\u00ba 112 y 113, estas se\u2026","rel":"","context":"En \u00abCHASCOM\u00daS\u00bb","block_context":{"text":"CHASCOM\u00daS","link":"https:\/\/larevistadigital.com.ar\/blog\/category\/chascomus\/"},"img":{"alt_text":"","src":"https:\/\/i0.wp.com\/larevistadigital.com.ar\/blog\/wp-content\/uploads\/2017\/10\/22853214_1671475906206621_2068473438404028405_n.jpg?fit=742%2C513&ssl=1&resize=350%2C200","width":350,"height":200,"srcset":"https:\/\/i0.wp.com\/larevistadigital.com.ar\/blog\/wp-content\/uploads\/2017\/10\/22853214_1671475906206621_2068473438404028405_n.jpg?fit=742%2C513&ssl=1&resize=350%2C200 1x, https:\/\/i0.wp.com\/larevistadigital.com.ar\/blog\/wp-content\/uploads\/2017\/10\/22853214_1671475906206621_2068473438404028405_n.jpg?fit=742%2C513&ssl=1&resize=525%2C300 1.5x, https:\/\/i0.wp.com\/larevistadigital.com.ar\/blog\/wp-content\/uploads\/2017\/10\/22853214_1671475906206621_2068473438404028405_n.jpg?fit=742%2C513&ssl=1&resize=700%2C400 2x"},"classes":[]},{"id":10621,"url":"https:\/\/larevistadigital.com.ar\/blog\/chascomus-perez-del-cerro-hablo-de-la-candidatura-de-gaston-que-dejaria-afuera-a-gabriel-macchi\/","url_meta":{"origin":2304,"position":3},"title":"CHASCOM\u00daS: PEREZ DEL CERRO HABL\u00d3 DE LA CANDIDATURA DE GAST\u00d3N QUE DEJAR\u00cdA AFUERA A GABRIEL MACCHI","author":"Alejandro Sosa Ruda","date":"14 junio, 2019","format":false,"excerpt":"De pronto, record\u00f3 su pertenencia al Frente Renovador, luego de haberlo negado en m\u00e1s de una oportunidad el \u00faltimo mes. Inclusive hab\u00eda dicho que \"podemos volver a la lista corta\" Seg\u00fan se informa en la p\u00e1gina de facebook de Unidad por Chascom\u00fas, el secretario de gobierno Cipriano P\u00e9rez del Cerro,\u2026","rel":"","context":"En \u00abPOLITICA\u00bb","block_context":{"text":"POLITICA","link":"https:\/\/larevistadigital.com.ar\/blog\/category\/politica\/"},"img":{"alt_text":"","src":"https:\/\/i0.wp.com\/larevistadigital.com.ar\/blog\/wp-content\/uploads\/2017\/03\/cipriano_15defebrerode2017_elfuerte.jpg?fit=703%2C618&ssl=1&resize=350%2C200","width":350,"height":200,"srcset":"https:\/\/i0.wp.com\/larevistadigital.com.ar\/blog\/wp-content\/uploads\/2017\/03\/cipriano_15defebrerode2017_elfuerte.jpg?fit=703%2C618&ssl=1&resize=350%2C200 1x, https:\/\/i0.wp.com\/larevistadigital.com.ar\/blog\/wp-content\/uploads\/2017\/03\/cipriano_15defebrerode2017_elfuerte.jpg?fit=703%2C618&ssl=1&resize=525%2C300 1.5x, https:\/\/i0.wp.com\/larevistadigital.com.ar\/blog\/wp-content\/uploads\/2017\/03\/cipriano_15defebrerode2017_elfuerte.jpg?fit=703%2C618&ssl=1&resize=700%2C400 2x"},"classes":[]},{"id":2566,"url":"https:\/\/larevistadigital.com.ar\/blog\/chascomus-por-que-jose-ochoa-rompio-con-el-frente-renovador-y-armo-un-nuevo-vecinalismo\/","url_meta":{"origin":2304,"position":4},"title":"CHASCOM\u00daS: \u00bfPOR QU\u00c9 JOS\u00c9 OCHOA ROMPI\u00d3 CON EL FRENTE RENOVADOR Y ARM\u00d3 UN NUEVO VECINALISMO?","author":"Alejandro Sosa Ruda","date":"28 junio, 2017","format":false,"excerpt":"En una entrevista exclusiva con LRD, el candidato a concejal y Presidente del partido vecinalista \u201cJuntos por Chascom\u00fas\u201d, Jos\u00e9 Ochoa abord\u00f3 distintos temas que tienen que ver con la pr\u00f3xima elecci\u00f3n y con las razones que lo llevaron a crear un nuevo espacio pol\u00edtico local. Comenz\u00f3 diciendo que \u201cEste fue\u2026","rel":"","context":"En \u00abCHASCOM\u00daS\u00bb","block_context":{"text":"CHASCOM\u00daS","link":"https:\/\/larevistadigital.com.ar\/blog\/category\/chascomus\/"},"img":{"alt_text":"","src":"https:\/\/i0.wp.com\/larevistadigital.com.ar\/blog\/wp-content\/uploads\/2017\/06\/19400334_111872562760790_7570310030625522465_o.jpg?fit=800%2C565&ssl=1&resize=350%2C200","width":350,"height":200,"srcset":"https:\/\/i0.wp.com\/larevistadigital.com.ar\/blog\/wp-content\/uploads\/2017\/06\/19400334_111872562760790_7570310030625522465_o.jpg?fit=800%2C565&ssl=1&resize=350%2C200 1x, https:\/\/i0.wp.com\/larevistadigital.com.ar\/blog\/wp-content\/uploads\/2017\/06\/19400334_111872562760790_7570310030625522465_o.jpg?fit=800%2C565&ssl=1&resize=525%2C300 1.5x, https:\/\/i0.wp.com\/larevistadigital.com.ar\/blog\/wp-content\/uploads\/2017\/06\/19400334_111872562760790_7570310030625522465_o.jpg?fit=800%2C565&ssl=1&resize=700%2C400 2x"},"classes":[]},{"id":6962,"url":"https:\/\/larevistadigital.com.ar\/blog\/chascomus-otra-baja-en-el-frente-renovador-ahora-el-salto-lo-dio-cecilia-machado\/","url_meta":{"origin":2304,"position":5},"title":"CHASCOM\u00daS: OTRA BAJA EN EL FRENTE RENOVADOR. AHORA EL SALTO LO DI\u00d3 CECILIA MACHADO","author":"Alejandro Sosa Ruda","date":"25 octubre, 2018","format":false,"excerpt":"La concejal Cecila Machado, mantuvo un di\u00e1logo con el periodista Alfredo Perona en Radio Uno (fm 102.1) con respecto a su salida del Frente Renovador, para ingresar en el frente denominado Red Por Argentina, que integra el ex ministro Arroyo y lidera el ex gobernador Felipe Sol\u00e1. Mencion\u00f3 que han\u2026","rel":"","context":"En \u00abPOLITICA\u00bb","block_context":{"text":"POLITICA","link":"https:\/\/larevistadigital.com.ar\/blog\/category\/politica\/"},"img":{"alt_text":"","src":"https:\/\/i0.wp.com\/larevistadigital.com.ar\/blog\/wp-content\/uploads\/2018\/10\/machado_24deoctubrede2018_elfuerte.jpg?fit=737%2C415&ssl=1&resize=350%2C200","width":350,"height":200,"srcset":"https:\/\/i0.wp.com\/larevistadigital.com.ar\/blog\/wp-content\/uploads\/2018\/10\/machado_24deoctubrede2018_elfuerte.jpg?fit=737%2C415&ssl=1&resize=350%2C200 1x, https:\/\/i0.wp.com\/larevistadigital.com.ar\/blog\/wp-content\/uploads\/2018\/10\/machado_24deoctubrede2018_elfuerte.jpg?fit=737%2C415&ssl=1&resize=525%2C300 1.5x, https:\/\/i0.wp.com\/larevistadigital.com.ar\/blog\/wp-content\/uploads\/2018\/10\/machado_24deoctubrede2018_elfuerte.jpg?fit=737%2C415&ssl=1&resize=700%2C400 2x"},"classes":[]}],"_links":{"self":[{"href":"https:\/\/larevistadigital.com.ar\/blog\/wp-json\/wp\/v2\/posts\/2304","targetHints":{"allow":["GET"]}}],"collection":[{"href":"https:\/\/larevistadigital.com.ar\/blog\/wp-json\/wp\/v2\/posts"}],"about":[{"href":"https:\/\/larevistadigital.com.ar\/blog\/wp-json\/wp\/v2\/types\/post"}],"author":[{"embeddable":true,"href":"https:\/\/larevistadigital.com.ar\/blog\/wp-json\/wp\/v2\/users\/2"}],"replies":[{"embeddable":true,"href":"https:\/\/larevistadigital.com.ar\/blog\/wp-json\/wp\/v2\/comments?post=2304"}],"version-history":[{"count":1,"href":"https:\/\/larevistadigital.com.ar\/blog\/wp-json\/wp\/v2\/posts\/2304\/revisions"}],"predecessor-version":[{"id":2306,"href":"https:\/\/larevistadigital.com.ar\/blog\/wp-json\/wp\/v2\/posts\/2304\/revisions\/2306"}],"wp:featuredmedia":[{"embeddable":true,"href":"https:\/\/larevistadigital.com.ar\/blog\/wp-json\/wp\/v2\/media\/2305"}],"wp:attachment":[{"href":"https:\/\/larevistadigital.com.ar\/blog\/wp-json\/wp\/v2\/media?parent=2304"}],"wp:term":[{"taxonomy":"category","embeddable":true,"href":"https:\/\/larevistadigital.com.ar\/blog\/wp-json\/wp\/v2\/categories?post=2304"},{"taxonomy":"post_tag","embeddable":true,"href":"https:\/\/larevistadigital.com.ar\/blog\/wp-json\/wp\/v2\/tags?post=2304"}],"curies":[{"name":"wp","href":"https:\/\/api.w.org\/{rel}","templated":true}]}}