{"id":23055,"date":"2021-12-26T16:33:50","date_gmt":"2021-12-26T16:33:50","guid":{"rendered":"https:\/\/larevistadigital.com.ar\/blog\/?p=23055"},"modified":"2021-12-26T16:33:50","modified_gmt":"2021-12-26T16:33:50","slug":"una-por-una-donde-estan-las-camaras-de-fotomultas-en-las-rutas-a-la-costa","status":"publish","type":"post","link":"https:\/\/larevistadigital.com.ar\/blog\/una-por-una-donde-estan-las-camaras-de-fotomultas-en-las-rutas-a-la-costa\/","title":{"rendered":"UNA POR UNA, D\u00d3NDE EST\u00c1N LAS C\u00c1MARAS DE FOTOMULTAS EN LAS RUTAS A LA COSTA"},"content":{"rendered":"<h2>Las velocidades m\u00e1ximas en el corredor atl\u00e1ntico van de 60 a 130 kil\u00f3metros por hora y hay 62 radares para controlar que se cumplan. El mapa con su ubicaci\u00f3n.<\/h2>\n<p>Efecto del d\u00f3lar caro para veranear en el exterior y de los beneficios del plan PreViaje, para este verano se espera un r\u00e9cord de visitantes en<strong>\u00a0la Costa Atl\u00e1ntica<\/strong>. Y al margen de la elecci\u00f3n del lugar y el hospedaje es clave para quienes viajan en auto la puesta en estado \u00f3ptimo del veh\u00edculo y la\u00a0<strong>preparaci\u00f3n de la documentaci\u00f3n obligatoria para circular.<\/strong><\/p>\n<blockquote>\n<h3>Otro elemento a tener en cuenta en el que enfatizan los especialistas en seguridad vial es que los conductores adem\u00e1s\u00a0conozcan el camino que van a transitar, las velocidades m\u00e1ximas permitidas en los diferentes tramos y<strong>\u00a0la ubicaci\u00f3n de los radares<\/strong>,\u00a0ya que est\u00e1n colocados en los puntos m\u00e1s sensibles.<\/h3>\n<\/blockquote>\n<p>En las rutas 2, 11, 63 y 74 que van a la Costa Atl\u00e1ntica las velocidades m\u00e1ximas<strong>\u00a0van de 60 a 130 km\/h<\/strong>\u00a0y, si bien\u00a0<strong>hay carteler\u00eda que anuncia la presencia de los radares<\/strong>\u00a0(500 metros antes), es bueno tener conocimiento previo de su ubicaci\u00f3n antes de salir.<\/p>\n<p><img data-recalc-dims=\"1\" loading=\"lazy\" decoding=\"async\" class=\"size-full wp-image-23057 aligncenter\" src=\"https:\/\/i0.wp.com\/larevistadigital.com.ar\/blog\/wp-content\/uploads\/maparadares.jpg?resize=900%2C1322&#038;ssl=1\" alt=\"\" width=\"900\" height=\"1322\" srcset=\"https:\/\/i0.wp.com\/larevistadigital.com.ar\/blog\/wp-content\/uploads\/maparadares.jpg?w=900&amp;ssl=1 900w, https:\/\/i0.wp.com\/larevistadigital.com.ar\/blog\/wp-content\/uploads\/maparadares.jpg?resize=204%2C300&amp;ssl=1 204w, https:\/\/i0.wp.com\/larevistadigital.com.ar\/blog\/wp-content\/uploads\/maparadares.jpg?resize=697%2C1024&amp;ssl=1 697w, https:\/\/i0.wp.com\/larevistadigital.com.ar\/blog\/wp-content\/uploads\/maparadares.jpg?resize=768%2C1128&amp;ssl=1 768w\" sizes=\"auto, (max-width: 900px) 100vw, 900px\" \/><\/p>\n<p>En todo el corredor atl\u00e1ntico\u00a0<strong>hay 62 cinem\u00f3metros que controlan el exceso de velocidad<\/strong>\u00a0en los denominados \u201cpuntos negros\u201d, los tramos en donde se han producido mayor cantidad de siniestros viales y donde se ha analizado que es necesario aminorar la velocidad.<\/p>\n<p>Por eso, hay que tener en cuenta los\u00a0<strong>40 radares instalados en la ruta provincial N\u00b0 2<\/strong>\u00a0(mano ascendente y descendente);\u00a0<strong>los 9 de la ruta provincial N\u00b0 11<\/strong>; los\u00a0<strong>2 en la ruta N\u00b0 36<\/strong>; los\u00a0<strong>5 de la ruta N\u00b0 63<\/strong>; y los\u00a0<strong>6 cinem\u00f3metros colocados en la ruta N\u00b0 74<\/strong>.<\/p>\n<h2>Cu\u00e1l es la documentaci\u00f3n necesaria para circular<\/h2>\n<p>En cuanto a la documentaci\u00f3n necesaria para circular por las rutas y que puede ser requerida en un control, es obligatorio llevar el\u00a0<strong>DNI\u00a0<\/strong>del conductor, la<strong>\u00a0licencia de conducir vigente<\/strong>, la\u00a0<strong>c\u00e9dula del veh\u00edculo<\/strong>\u00a0(verde o azul) y el<strong>\u00a0comprobante del seguro con p\u00f3liza vigente<\/strong>\u00a0(en formato papel impreso o digital a trav\u00e9s de dispositivos electr\u00f3nicos).<\/p>\n<blockquote>\n<h3>Tambi\u00e9n hay que contar con\u00a0la\u00a0<strong>Revisi\u00f3n T\u00e9cnica Vehicular (RTO), la Verificaci\u00f3n T\u00e9cnica Vehicular (VTV) o similar<\/strong>\u00a0seg\u00fan la provincia en donde este radicado el veh\u00edculo.<\/h3>\n<\/blockquote>\n<p>\u00bfCu\u00e1nto saben los conductores acerca de esta documentaci\u00f3n y de otros elementos obligatorios para salir a la ruta? Bastante, de acuerdo a una encuesta del Observatorio Vial de Cecaitra,\u00a0la C\u00e1mara que nuclea a las empresas productoras de software vial.<\/p>\n<blockquote>\n<h3>En primer lugar, se le pregunt\u00f3 a los conductores sobre el\u00a0<strong>nivel de conocimiento respecto de la documentaci\u00f3n<\/strong>\u00a0y una amplia mayor\u00eda respondi\u00f3 correctamente que es obligatorio llevar licencia de conducir y c\u00e9dula verde o azul (97,5%).<\/h3>\n<\/blockquote>\n<p>Adem\u00e1s,\u00a09 de cada 10 (93,5%) afirmaron de manera correcta la obligatoriedad del comprobante de la p\u00f3liza de seguro. Tambi\u00e9n se consult\u00f3 si era obligatorio transitar con el t\u00edtulo del veh\u00edculo, y el 31% afirm\u00f3 err\u00f3neamente que s\u00ed.<\/p>\n<blockquote>\n<h3><strong><em>\u201cEl sondeo nos demostr\u00f3 que\u00a0existe un alto conocimiento de los requerimientos para transitar\u00a0en rutas y caminos. Circular con la documentaci\u00f3n requerida y obligatoria es un \u00edndice de responsabilidad\u201d<\/em><\/strong>, expres\u00f3 el vocero de la C\u00e1mara, <strong>Facundo Jaime<\/strong>.<\/h3>\n<\/blockquote>\n<p>En segundo lugar, se consult\u00f3 sobre la obligatoriedad de ciertos elementos t\u00e9cnicos para transitar. Aqu\u00ed, el 87,9% sostuvo de manera acertada que es\u00a0<strong>obligatoria la existencia de apoyacabezas en los veh\u00edculos<\/strong>, y el 87%\u00a0 estuvo de acuerdo con que tambi\u00e9n hay que\u00a0<strong>contar con un matafuego<\/strong>\u00a0sujeto y al alcance del conductor.<\/p>\n<p><em><strong>\u201cAntes de emprender un viaje, se recomienda\u00a0verificar el estado del veh\u00edculo, reuniendo todos los elementos de seguridad reglamentarios y la documentaci\u00f3n. De esta manera, el viaje se har\u00e1 de forma m\u00e1s segura y se evitar\u00e1 una sanci\u00f3n ante un control que los requiera. Salir a la ruta en condiciones reducir\u00e1 la posibilidad de protagonizar un siniestro vial\u201d<\/strong><\/em>, finaliz\u00f3 <strong>Jaime<\/strong>.<\/p>\n","protected":false},"excerpt":{"rendered":"<div class=\"mh-excerpt\"><p>Las velocidades m\u00e1ximas en el corredor atl\u00e1ntico van de 60 a 130 kil\u00f3metros por hora y hay 62 radares para controlar que se cumplan. El mapa con su ubicaci\u00f3n. Efecto del d\u00f3lar caro para veranear <a class=\"mh-excerpt-more\" href=\"https:\/\/larevistadigital.com.ar\/blog\/una-por-una-donde-estan-las-camaras-de-fotomultas-en-las-rutas-a-la-costa\/\" title=\"UNA POR UNA, D\u00d3NDE EST\u00c1N LAS C\u00c1MARAS DE FOTOMULTAS EN LAS RUTAS A LA COSTA\">[Leer M\u00e1s]<\/a><\/p>\n<\/div>","protected":false},"author":3,"featured_media":23058,"comment_status":"open","ping_status":"open","sticky":false,"template":"","format":"standard","meta":{"_jetpack_memberships_contains_paid_content":false,"footnotes":"","jetpack_publicize_message":"","jetpack_publicize_feature_enabled":true,"jetpack_social_post_already_shared":true,"jetpack_social_options":{"image_generator_settings":{"template":"highway","default_image_id":0,"font":"","enabled":false},"version":2}},"categories":[50],"tags":[],"class_list":{"0":"post-23055","1":"post","2":"type-post","3":"status-publish","4":"format-standard","5":"has-post-thumbnail","7":"category-interes-general"},"jetpack_publicize_connections":[],"jetpack_featured_media_url":"https:\/\/i0.wp.com\/larevistadigital.com.ar\/blog\/wp-content\/uploads\/control-transito-930x527-1.jpg?fit=930%2C527&ssl=1","jetpack_sharing_enabled":true,"jetpack_shortlink":"https:\/\/wp.me\/p8qtrQ-5ZR","jetpack-related-posts":[{"id":22980,"url":"https:\/\/larevistadigital.com.ar\/blog\/cuantas-son-y-donde-estan-las-fotomultas-camino-a-la-costa\/","url_meta":{"origin":23055,"position":0},"title":"CU\u00c1NTAS SON Y D\u00d3NDE EST\u00c1N LAS FOTOMULTAS CAMINO A LA COSTA","author":"Alejandro Sosa Ruda","date":"22 diciembre, 2021","format":false,"excerpt":"Las velocidades m\u00e1ximas en las 4 rutas del corredor atl\u00e1ntico van de 60 a 130 km\/h y hay 62 radares para controlar que se cumplan. A la hora de emprender el viaje hacia la\u00a0Costa Atl\u00e1ntica, siempre es importante que los conductores conozcan el camino que van a transitar, las velocidades\u2026","rel":"","context":"En \u00abINTERES GENERAL\u00bb","block_context":{"text":"INTERES GENERAL","link":"https:\/\/larevistadigital.com.ar\/blog\/category\/interes-general\/"},"img":{"alt_text":"","src":"https:\/\/i0.wp.com\/larevistadigital.com.ar\/blog\/wp-content\/uploads\/313102c6049a3059f092e00816af13b44a1eca2a.jpg?fit=1140%2C760&ssl=1&resize=350%2C200","width":350,"height":200,"srcset":"https:\/\/i0.wp.com\/larevistadigital.com.ar\/blog\/wp-content\/uploads\/313102c6049a3059f092e00816af13b44a1eca2a.jpg?fit=1140%2C760&ssl=1&resize=350%2C200 1x, https:\/\/i0.wp.com\/larevistadigital.com.ar\/blog\/wp-content\/uploads\/313102c6049a3059f092e00816af13b44a1eca2a.jpg?fit=1140%2C760&ssl=1&resize=525%2C300 1.5x, https:\/\/i0.wp.com\/larevistadigital.com.ar\/blog\/wp-content\/uploads\/313102c6049a3059f092e00816af13b44a1eca2a.jpg?fit=1140%2C760&ssl=1&resize=700%2C400 2x, https:\/\/i0.wp.com\/larevistadigital.com.ar\/blog\/wp-content\/uploads\/313102c6049a3059f092e00816af13b44a1eca2a.jpg?fit=1140%2C760&ssl=1&resize=1050%2C600 3x"},"classes":[]},{"id":38492,"url":"https:\/\/larevistadigital.com.ar\/blog\/ruta-11-vandalizan-radares-ubicados-del-lado-de-general-lavalle\/","url_meta":{"origin":23055,"position":1},"title":"Ruta 11: Vandalizan radares ubicados del lado de General Lavalle","author":"Alejandro Sosa Ruda","date":"20 enero, 2025","format":false,"excerpt":"Se trata de dos radares colocados por la Municipalidad de General Lavalle y hab\u00edan sido objeto de cr\u00edticas. 20 de Enero de 2025 GENERAL LAVALLE-\u00a0 Seg\u00fan menciona el portal \"Entrel\u00edneas\", n la madrugada de este domingo, los radares de velocidad instalados sobre la Ruta 11, en jurisdicci\u00f3n de General Lavalle,\u2026","rel":"","context":"En \u00abPOLICIALES\u00bb","block_context":{"text":"POLICIALES","link":"https:\/\/larevistadigital.com.ar\/blog\/category\/policiales\/"},"img":{"alt_text":"","src":"https:\/\/i0.wp.com\/larevistadigital.com.ar\/blog\/wp-content\/uploads\/4e65ac60e1173835117836afacf896f1b310d46a.jpg?fit=1140%2C642&ssl=1&resize=350%2C200","width":350,"height":200,"srcset":"https:\/\/i0.wp.com\/larevistadigital.com.ar\/blog\/wp-content\/uploads\/4e65ac60e1173835117836afacf896f1b310d46a.jpg?fit=1140%2C642&ssl=1&resize=350%2C200 1x, https:\/\/i0.wp.com\/larevistadigital.com.ar\/blog\/wp-content\/uploads\/4e65ac60e1173835117836afacf896f1b310d46a.jpg?fit=1140%2C642&ssl=1&resize=525%2C300 1.5x, https:\/\/i0.wp.com\/larevistadigital.com.ar\/blog\/wp-content\/uploads\/4e65ac60e1173835117836afacf896f1b310d46a.jpg?fit=1140%2C642&ssl=1&resize=700%2C400 2x, https:\/\/i0.wp.com\/larevistadigital.com.ar\/blog\/wp-content\/uploads\/4e65ac60e1173835117836afacf896f1b310d46a.jpg?fit=1140%2C642&ssl=1&resize=1050%2C600 3x"},"classes":[]},{"id":39945,"url":"https:\/\/larevistadigital.com.ar\/blog\/seguridad-vial-velocidades-maximas-y-documentacion-obligatoria-para-circular\/","url_meta":{"origin":23055,"position":2},"title":"Seguridad vial: Velocidades m\u00e1ximas y documentaci\u00f3n obligatoria para circular","author":"Alejandro Sosa Ruda","date":"30 mayo, 2025","format":false,"excerpt":"La Municipalidad de Chascom\u00fas trabaja de manera continua para fomentar el tr\u00e1nsito seguro y el respeto a las normas viales. 30 de Mayo de 2025 CHASCOM\u00daS -\u00a0 En ese sentido, es importante respetar los l\u00edmites de velocidad establecidos por la Ley Nacional de Tr\u00e1nsito N\u00b0 24.449, que rige en todo\u2026","rel":"","context":"En \u00abCHASCOM\u00daS\u00bb","block_context":{"text":"CHASCOM\u00daS","link":"https:\/\/larevistadigital.com.ar\/blog\/category\/chascomus\/"},"img":{"alt_text":"","src":"https:\/\/i0.wp.com\/larevistadigital.com.ar\/blog\/wp-content\/uploads\/6838969c4cee9.png?fit=668%2C445&ssl=1&resize=350%2C200","width":350,"height":200,"srcset":"https:\/\/i0.wp.com\/larevistadigital.com.ar\/blog\/wp-content\/uploads\/6838969c4cee9.png?fit=668%2C445&ssl=1&resize=350%2C200 1x, https:\/\/i0.wp.com\/larevistadigital.com.ar\/blog\/wp-content\/uploads\/6838969c4cee9.png?fit=668%2C445&ssl=1&resize=525%2C300 1.5x"},"classes":[]},{"id":43176,"url":"https:\/\/larevistadigital.com.ar\/blog\/multas-de-transito-en-la-provincia-de-buenos-aires-cuales-son-las-infracciones-que-rozan-los-2-millones\/","url_meta":{"origin":23055,"position":3},"title":"Multas de tr\u00e1nsito en la Provincia de Buenos Aires: cu\u00e1les son las infracciones que rozan los $2 millones","author":"Alejandro Sosa Ruda","date":"6 enero, 2026","format":false,"excerpt":"La Provincia actualiz\u00f3 la Unidad Fija y desde enero las infracciones m\u00e1s graves ya superan $1,8 millones, justo en plena temporada de verano y con controles reforzados en rutas. 06 de enero de 2026 La\u00a0Provincia de Buenos Aires\u00a0oficializ\u00f3 un\u00a0nuevo aumento\u00a0en el\u00a0valor de las multas de tr\u00e1nsito\u00a0tras actualizar la\u00a0Unidad Fija\u00a0(UF), el\u00a0par\u00e1metro\u00a0que\u2026","rel":"","context":"En \u00abPOLITICA PROVINCIAL\u00bb","block_context":{"text":"POLITICA PROVINCIAL","link":"https:\/\/larevistadigital.com.ar\/blog\/category\/politica\/politica-provincial\/"},"img":{"alt_text":"","src":"https:\/\/i0.wp.com\/larevistadigital.com.ar\/blog\/wp-content\/uploads\/Captura-de-pantalla-2026-01-06-135705.jpg?fit=798%2C457&ssl=1&resize=350%2C200","width":350,"height":200,"srcset":"https:\/\/i0.wp.com\/larevistadigital.com.ar\/blog\/wp-content\/uploads\/Captura-de-pantalla-2026-01-06-135705.jpg?fit=798%2C457&ssl=1&resize=350%2C200 1x, https:\/\/i0.wp.com\/larevistadigital.com.ar\/blog\/wp-content\/uploads\/Captura-de-pantalla-2026-01-06-135705.jpg?fit=798%2C457&ssl=1&resize=525%2C300 1.5x, https:\/\/i0.wp.com\/larevistadigital.com.ar\/blog\/wp-content\/uploads\/Captura-de-pantalla-2026-01-06-135705.jpg?fit=798%2C457&ssl=1&resize=700%2C400 2x"},"classes":[]},{"id":5366,"url":"https:\/\/larevistadigital.com.ar\/blog\/semana-santa-operativo-de-seguridad-y-asistencia-vial-en-todas-las-rutas-a-la-costa-atlantica\/","url_meta":{"origin":23055,"position":4},"title":"SEMANA SANTA: Operativo de seguridad y asistencia vial en todas las rutas a la Costa Atl\u00e1ntica","author":"admin","date":"29 marzo, 2018","format":false,"excerpt":"Este fin de semana largo de Pascuas,\u00a0AUBASA\u00a0informa que desplegar\u00e1 un operativo de seguridad y asistencia vial en todas las rutas que van a a la Costa. Asi es que la empresa concesionaria de la autopista Buenos Aires La Plata, la Autov\u00eda2\u00a0 y las rutas 11, 63, 56 y 74 desplegar\u00e1\u2026","rel":"","context":"En \u00abCHASCOM\u00daS\u00bb","block_context":{"text":"CHASCOM\u00daS","link":"https:\/\/larevistadigital.com.ar\/blog\/category\/chascomus\/"},"img":{"alt_text":"","src":"https:\/\/i0.wp.com\/larevistadigital.com.ar\/blog\/wp-content\/uploads\/2018\/03\/DSC_0293a-1.jpg?fit=1200%2C634&ssl=1&resize=350%2C200","width":350,"height":200,"srcset":"https:\/\/i0.wp.com\/larevistadigital.com.ar\/blog\/wp-content\/uploads\/2018\/03\/DSC_0293a-1.jpg?fit=1200%2C634&ssl=1&resize=350%2C200 1x, https:\/\/i0.wp.com\/larevistadigital.com.ar\/blog\/wp-content\/uploads\/2018\/03\/DSC_0293a-1.jpg?fit=1200%2C634&ssl=1&resize=525%2C300 1.5x, https:\/\/i0.wp.com\/larevistadigital.com.ar\/blog\/wp-content\/uploads\/2018\/03\/DSC_0293a-1.jpg?fit=1200%2C634&ssl=1&resize=700%2C400 2x, https:\/\/i0.wp.com\/larevistadigital.com.ar\/blog\/wp-content\/uploads\/2018\/03\/DSC_0293a-1.jpg?fit=1200%2C634&ssl=1&resize=1050%2C600 3x"},"classes":[]},{"id":40330,"url":"https:\/\/larevistadigital.com.ar\/blog\/radares-en-rutas-bonaerenses-la-justicia-ratifico-las-fotomultas-y-seguiran-activas\/","url_meta":{"origin":23055,"position":5},"title":"Radares en rutas bonaerenses: la Justicia ratific\u00f3 las fotomultas y seguir\u00e1n activas","author":"Alejandro Sosa Ruda","date":"5 julio, 2025","format":false,"excerpt":"Una resoluci\u00f3n judicial aval\u00f3 el uso de cinem\u00f3metros en rutas y ciudades de la provincia. Las multas siguen vigentes y deber\u00e1n ser abonadas. 05 de Julio de 2025 BUENOS AIRES -\u00a0 \u00a0Los radares de velocidad seguir\u00e1n funcionando con normalidad en rutas y municipios bonaerenses. As\u00ed lo resolvi\u00f3 la Justicia de\u2026","rel":"","context":"En \u00abINTERES GENERAL\u00bb","block_context":{"text":"INTERES GENERAL","link":"https:\/\/larevistadigital.com.ar\/blog\/category\/interes-general\/"},"img":{"alt_text":"","src":"https:\/\/i0.wp.com\/larevistadigital.com.ar\/blog\/wp-content\/uploads\/fOTOMULTAS.jpg?fit=1140%2C641&ssl=1&resize=350%2C200","width":350,"height":200,"srcset":"https:\/\/i0.wp.com\/larevistadigital.com.ar\/blog\/wp-content\/uploads\/fOTOMULTAS.jpg?fit=1140%2C641&ssl=1&resize=350%2C200 1x, https:\/\/i0.wp.com\/larevistadigital.com.ar\/blog\/wp-content\/uploads\/fOTOMULTAS.jpg?fit=1140%2C641&ssl=1&resize=525%2C300 1.5x, https:\/\/i0.wp.com\/larevistadigital.com.ar\/blog\/wp-content\/uploads\/fOTOMULTAS.jpg?fit=1140%2C641&ssl=1&resize=700%2C400 2x, https:\/\/i0.wp.com\/larevistadigital.com.ar\/blog\/wp-content\/uploads\/fOTOMULTAS.jpg?fit=1140%2C641&ssl=1&resize=1050%2C600 3x"},"classes":[]}],"_links":{"self":[{"href":"https:\/\/larevistadigital.com.ar\/blog\/wp-json\/wp\/v2\/posts\/23055","targetHints":{"allow":["GET"]}}],"collection":[{"href":"https:\/\/larevistadigital.com.ar\/blog\/wp-json\/wp\/v2\/posts"}],"about":[{"href":"https:\/\/larevistadigital.com.ar\/blog\/wp-json\/wp\/v2\/types\/post"}],"author":[{"embeddable":true,"href":"https:\/\/larevistadigital.com.ar\/blog\/wp-json\/wp\/v2\/users\/3"}],"replies":[{"embeddable":true,"href":"https:\/\/larevistadigital.com.ar\/blog\/wp-json\/wp\/v2\/comments?post=23055"}],"version-history":[{"count":2,"href":"https:\/\/larevistadigital.com.ar\/blog\/wp-json\/wp\/v2\/posts\/23055\/revisions"}],"predecessor-version":[{"id":23066,"href":"https:\/\/larevistadigital.com.ar\/blog\/wp-json\/wp\/v2\/posts\/23055\/revisions\/23066"}],"wp:featuredmedia":[{"embeddable":true,"href":"https:\/\/larevistadigital.com.ar\/blog\/wp-json\/wp\/v2\/media\/23058"}],"wp:attachment":[{"href":"https:\/\/larevistadigital.com.ar\/blog\/wp-json\/wp\/v2\/media?parent=23055"}],"wp:term":[{"taxonomy":"category","embeddable":true,"href":"https:\/\/larevistadigital.com.ar\/blog\/wp-json\/wp\/v2\/categories?post=23055"},{"taxonomy":"post_tag","embeddable":true,"href":"https:\/\/larevistadigital.com.ar\/blog\/wp-json\/wp\/v2\/tags?post=23055"}],"curies":[{"name":"wp","href":"https:\/\/api.w.org\/{rel}","templated":true}]}}