{"id":2308,"date":"2017-05-15T01:44:26","date_gmt":"2017-05-15T01:44:26","guid":{"rendered":"https:\/\/larevistadigital.com.ar\/blog\/?p=2308"},"modified":"2017-05-15T01:44:26","modified_gmt":"2017-05-15T01:44:26","slug":"haz-lo-que-yo-digo","status":"publish","type":"post","link":"https:\/\/larevistadigital.com.ar\/blog\/haz-lo-que-yo-digo\/","title":{"rendered":"\u00abHAZ LO QUE YO DIGO&#8230;\u00bb"},"content":{"rendered":"<p><strong><em>\u201cEl pez por la boca muere\u201d<\/em><\/strong> reza el viejo refr\u00e1n, y refleja una gran verdad que se transforma en un boomerang, sobre todo cuando se trata de pol\u00edtica y m\u00e1s a\u00fan, cuando quienes realizan acciones o anuncios, luego terminan estando del otro lado del escritorio.<\/p>\n<blockquote>\n<h3>Esto, va en el mismo sentido de otra frase: <strong><em>\u201cNadie resiste un archivo\u201d,<\/em><\/strong> que a quienes \u00a0les calza como anillo al dedo, es en este caso a la gente de Unidad por Chascom\u00fas.<\/h3>\n<\/blockquote>\n<p>Seguramente, y para ser justos, esto tambi\u00e9n alcanza a otros partidos y pocos pasar\u00edan triunfantes por el fr\u00edo an\u00e1lisis de lo que se dijo o hizo al ser comparado con lo que hoy se dice o hace, pero en este caso, hoy, son quienes gobiernan luego de m\u00e1s de diez a\u00f1os de ser oposici\u00f3n.<\/p>\n<blockquote>\n<h3>Y el contraste es m\u00e1s notorio a\u00fan, cuando ellos mismos han tratado desde hace a\u00f1os de mostrarse o \u201cvenderse\u201d como gente totalmente distinta a todos los que hacen e hicieron pol\u00edtica dentro de los partidos convencionales, aunque parad\u00f3gicamente alcanzaron el \u00e9xito electoral luego de aliarse (algunos de ellos tap\u00e1ndose la nariz) al Frente Renovador que lidera Sergio Massa.<\/h3>\n<\/blockquote>\n<p>Tambi\u00e9n, y hasta hace apenas dos a\u00f1os atr\u00e1s, han dicho hasta el hartazgo que tienen todas las soluciones para todos los problemas, pero sobre todo, gritando a\u00a0 los cuatro vientos la diferencia en principios y convicciones de los pol\u00edticos tradicionales, adem\u00e1s de otra serie de contradicciones que podr\u00edan formar parte de una larga lista.<\/p>\n<p>Lo que motiva este escrito, es el haber pasado por un lugar que hace solo dos a\u00f1os atr\u00e1s fue un verdadero cl\u00e1sico de los reclamos del vecinalismo local. Un lugar al que se dirig\u00edan constantemente para ver en qu\u00e9 situaci\u00f3n se encontraba, tomar fotos del eventual desastre, \u00a0y luego subirlas a las redes sociales, para demostrar de esa manera, la desidia de las autoridades municipales.<\/p>\n<p><a href=\"https:\/\/i0.wp.com\/larevistadigital.com.ar\/blog\/wp-content\/uploads\/2017\/05\/Captura-uxch-historico-8.png?ssl=1\"><img data-recalc-dims=\"1\" loading=\"lazy\" decoding=\"async\" class=\"alignnone size-full wp-image-2312\" src=\"https:\/\/i0.wp.com\/larevistadigital.com.ar\/blog\/wp-content\/uploads\/2017\/05\/Captura-uxch-historico-8.png?resize=1275%2C524&#038;ssl=1\" alt=\"\" width=\"1275\" height=\"524\" srcset=\"https:\/\/i0.wp.com\/larevistadigital.com.ar\/blog\/wp-content\/uploads\/2017\/05\/Captura-uxch-historico-8.png?w=1275&amp;ssl=1 1275w, https:\/\/i0.wp.com\/larevistadigital.com.ar\/blog\/wp-content\/uploads\/2017\/05\/Captura-uxch-historico-8.png?resize=300%2C123&amp;ssl=1 300w, https:\/\/i0.wp.com\/larevistadigital.com.ar\/blog\/wp-content\/uploads\/2017\/05\/Captura-uxch-historico-8.png?resize=768%2C316&amp;ssl=1 768w, https:\/\/i0.wp.com\/larevistadigital.com.ar\/blog\/wp-content\/uploads\/2017\/05\/Captura-uxch-historico-8.png?resize=1024%2C421&amp;ssl=1 1024w\" sizes=\"auto, (max-width: 1000px) 100vw, 1000px\" \/><\/a>Ese lugar est\u00e1 ubicado detr\u00e1s de la escuela 13, en donde hist\u00f3ricamente gente irresponsable ha transformado en un basural, en el que han podido verse todo tipo de desechos.<\/p>\n<blockquote><p>En aquellos momentos, fuimos a hacer el reclamo ante los encargados \u00a0de turno y nos confiaron que era un problema recurrente. <strong><em>\u201cEs algo muy dif\u00edcil de controlar. Mandamos a limpiar, queda perfecto, y otra vez a los quince d\u00edas la gente vuelve a convertirlo en un basurero. Y ellos (por UXCH) lo saben, por eso van, sacan fotos, esperan que lo limpiemos y luego dicen que fue por sus reclamos. En definitiva lo usan pol\u00edticamente\u2026\u201d<\/em><\/strong> nos confi\u00f3 en esa oportunidad un director del sector.<\/p><\/blockquote>\n<p><a href=\"https:\/\/i0.wp.com\/larevistadigital.com.ar\/blog\/wp-content\/uploads\/2017\/05\/Captura-uxch-historico-10.png?ssl=1\"><img data-recalc-dims=\"1\" loading=\"lazy\" decoding=\"async\" class=\"alignnone size-full wp-image-2310\" src=\"https:\/\/i0.wp.com\/larevistadigital.com.ar\/blog\/wp-content\/uploads\/2017\/05\/Captura-uxch-historico-10.png?resize=1116%2C386&#038;ssl=1\" alt=\"\" width=\"1116\" height=\"386\" srcset=\"https:\/\/i0.wp.com\/larevistadigital.com.ar\/blog\/wp-content\/uploads\/2017\/05\/Captura-uxch-historico-10.png?w=1116&amp;ssl=1 1116w, https:\/\/i0.wp.com\/larevistadigital.com.ar\/blog\/wp-content\/uploads\/2017\/05\/Captura-uxch-historico-10.png?resize=300%2C104&amp;ssl=1 300w, https:\/\/i0.wp.com\/larevistadigital.com.ar\/blog\/wp-content\/uploads\/2017\/05\/Captura-uxch-historico-10.png?resize=768%2C266&amp;ssl=1 768w, https:\/\/i0.wp.com\/larevistadigital.com.ar\/blog\/wp-content\/uploads\/2017\/05\/Captura-uxch-historico-10.png?resize=1024%2C354&amp;ssl=1 1024w\" sizes=\"auto, (max-width: 1000px) 100vw, 1000px\" \/><\/a><\/p>\n<p>Esto que nos cont\u00f3, pod\u00eda y puede corroborarse en el mismo facebook de UXCH en donde se sub\u00edan fotos y reclamos de ese mismo lugar.<\/p>\n<p>Es por eso que al ver el d\u00eda de hoy el estado del lugar nos preguntamos: \u00bfSe olvid\u00f3 la gente de UxCH de ese sitio?&#8230;\u00bfY el proyecto <strong>Basura Cero<\/strong>?&#8230;\u00bfLos actuales concejales de UxCH le hacen el mismo reclamo a <strong>Arias<\/strong> y a <strong>Gast\u00f3n<\/strong>? \u00bfPerdieron la c\u00e1mara de fotos, el celular o no encuentran el lugar?&#8230;<\/p>\n<blockquote>\n<h3>Probablemente la respuesta sea que en dos a\u00f1os de gesti\u00f3n no les dio el tiempo para limpiar ese lugar, o ser\u00e1 como el mismo <strong>Arias<\/strong> dijo en un reportaje hace m\u00e1s de un a\u00f1o en referencia a las calles del barrio 30 de Mayo <strong><em>\u201cTenemos todos los elementos para arreglar ese lugar, solo estamos esperando que paren las lluvias\u201d. <\/em><\/strong>Hoy, esas calles est\u00e1n en la misma situaci\u00f3n que otrora: intransitables.<\/h3>\n<\/blockquote>\n<p>Por m\u00e1s que digan lo que digan, esta es la pura verdad, y no hay forma de cambiarla. Solo pueden intentar encontrar alguna excusa, aunque es dif\u00edcil cuando hay audios y material que prueba lo que aqu\u00ed comentamos.<\/p>\n<figure id=\"attachment_2315\" aria-describedby=\"caption-attachment-2315\" style=\"width: 585px\" class=\"wp-caption aligncenter\"><a href=\"https:\/\/i0.wp.com\/larevistadigital.com.ar\/blog\/wp-content\/uploads\/2017\/05\/WhatsApp-Image-2017-05-14-at-11.43.05.jpeg?ssl=1\"><img data-recalc-dims=\"1\" loading=\"lazy\" decoding=\"async\" class=\"size-full wp-image-2315\" src=\"https:\/\/i0.wp.com\/larevistadigital.com.ar\/blog\/wp-content\/uploads\/2017\/05\/WhatsApp-Image-2017-05-14-at-11.43.05.jpeg?resize=585%2C1040&#038;ssl=1\" alt=\"\" width=\"585\" height=\"1040\" srcset=\"https:\/\/i0.wp.com\/larevistadigital.com.ar\/blog\/wp-content\/uploads\/2017\/05\/WhatsApp-Image-2017-05-14-at-11.43.05.jpeg?w=585&amp;ssl=1 585w, https:\/\/i0.wp.com\/larevistadigital.com.ar\/blog\/wp-content\/uploads\/2017\/05\/WhatsApp-Image-2017-05-14-at-11.43.05.jpeg?resize=169%2C300&amp;ssl=1 169w, https:\/\/i0.wp.com\/larevistadigital.com.ar\/blog\/wp-content\/uploads\/2017\/05\/WhatsApp-Image-2017-05-14-at-11.43.05.jpeg?resize=576%2C1024&amp;ssl=1 576w\" sizes=\"auto, (max-width: 585px) 100vw, 585px\" \/><\/a><figcaption id=\"caption-attachment-2315\" class=\"wp-caption-text\"><strong>HOY 14\/05\/2017 EL LUGAR DEL HIST\u00d3RICO RECLAMO<\/strong><\/figcaption><\/figure>\n<p>Resulta entonces, que tan distintos no eran, que gobernar no era tan sencillo, y que las vivezas que creyeron hist\u00f3ricamente cometer, hoy se vuelven en su contra de manera implacable, dejando inexorablemente \u00a0al desnudo las miserias que hubieran querido mantener bajo la alfombra.<\/p>\n","protected":false},"excerpt":{"rendered":"<div class=\"mh-excerpt\"><p>\u201cEl pez por la boca muere\u201d reza el viejo refr\u00e1n, y refleja una gran verdad que se transforma en un boomerang, sobre todo cuando se trata de pol\u00edtica y m\u00e1s a\u00fan, cuando quienes realizan acciones <a class=\"mh-excerpt-more\" href=\"https:\/\/larevistadigital.com.ar\/blog\/haz-lo-que-yo-digo\/\" title=\"\u00abHAZ LO QUE YO DIGO&#8230;\u00bb\">[Leer M\u00e1s]<\/a><\/p>\n<\/div>","protected":false},"author":3,"featured_media":2311,"comment_status":"open","ping_status":"open","sticky":false,"template":"","format":"standard","meta":{"_jetpack_memberships_contains_paid_content":false,"footnotes":"","jetpack_publicize_message":"","jetpack_publicize_feature_enabled":true,"jetpack_social_post_already_shared":true,"jetpack_social_options":{"image_generator_settings":{"template":"highway","default_image_id":0,"font":"","enabled":false},"version":2}},"categories":[6,41,12,23,1],"tags":[],"class_list":{"0":"post-2308","1":"post","2":"type-post","3":"status-publish","4":"format-standard","5":"has-post-thumbnail","7":"category-chascomus","8":"category-destacadas","9":"category-politica","10":"category-politica-local","11":"category-sin-categoria"},"jetpack_publicize_connections":[],"jetpack_featured_media_url":"https:\/\/i0.wp.com\/larevistadigital.com.ar\/blog\/wp-content\/uploads\/2017\/05\/WhatsApp-Image-2017-05-14-at-11.43.05-1.jpeg?fit=1040%2C585&ssl=1","jetpack_sharing_enabled":true,"jetpack_shortlink":"https:\/\/wp.me\/p8qtrQ-Be","jetpack-related-posts":[{"id":12289,"url":"https:\/\/larevistadigital.com.ar\/blog\/video-quema-esos-archivos-estan-en-todos-los-partidos-pero-este-debe-ser-el-rey-de-los-panqueques\/","url_meta":{"origin":2308,"position":0},"title":"[VIDEO] \u00abQUEM\u00c1 ESOS ARCHIVOS\u00bb!&#8230; EST\u00c1N EN TODOS LOS PARTIDOS, PERO ESTE DEBE SER EL \u00abREY DE LOS PANQUEQUES\u00bb","author":"Alejandro Sosa Ruda","date":"26 septiembre, 2019","format":false,"excerpt":"POR EL HIJO DE POOH NO IMPORTA CUANDO LO VEAS, PORQUE SER\u00c1 ACTUAL... Hay dentro y fuera de la pol\u00edtica, y en todos los \u00e1mbitos de la vida. Laborales, familiares y en donde se te ocurra, podemos encontrar los \"panqueques\".\u00a0 La sociedad misma fue cambiando, y algo que era impensado,\u2026","rel":"","context":"En \u00abHUMOR MAMADORA\u00bb","block_context":{"text":"HUMOR MAMADORA","link":"https:\/\/larevistadigital.com.ar\/blog\/category\/humor-mamadora\/"},"img":{"alt_text":"","src":"https:\/\/i0.wp.com\/larevistadigital.com.ar\/blog\/wp-content\/uploads\/2019\/02\/VA-CON-HONDA.jpg?fit=1200%2C719&ssl=1&resize=350%2C200","width":350,"height":200,"srcset":"https:\/\/i0.wp.com\/larevistadigital.com.ar\/blog\/wp-content\/uploads\/2019\/02\/VA-CON-HONDA.jpg?fit=1200%2C719&ssl=1&resize=350%2C200 1x, https:\/\/i0.wp.com\/larevistadigital.com.ar\/blog\/wp-content\/uploads\/2019\/02\/VA-CON-HONDA.jpg?fit=1200%2C719&ssl=1&resize=525%2C300 1.5x, https:\/\/i0.wp.com\/larevistadigital.com.ar\/blog\/wp-content\/uploads\/2019\/02\/VA-CON-HONDA.jpg?fit=1200%2C719&ssl=1&resize=700%2C400 2x, https:\/\/i0.wp.com\/larevistadigital.com.ar\/blog\/wp-content\/uploads\/2019\/02\/VA-CON-HONDA.jpg?fit=1200%2C719&ssl=1&resize=1050%2C600 3x"},"classes":[]},{"id":10621,"url":"https:\/\/larevistadigital.com.ar\/blog\/chascomus-perez-del-cerro-hablo-de-la-candidatura-de-gaston-que-dejaria-afuera-a-gabriel-macchi\/","url_meta":{"origin":2308,"position":1},"title":"CHASCOM\u00daS: PEREZ DEL CERRO HABL\u00d3 DE LA CANDIDATURA DE GAST\u00d3N QUE DEJAR\u00cdA AFUERA A GABRIEL MACCHI","author":"Alejandro Sosa Ruda","date":"14 junio, 2019","format":false,"excerpt":"De pronto, record\u00f3 su pertenencia al Frente Renovador, luego de haberlo negado en m\u00e1s de una oportunidad el \u00faltimo mes. Inclusive hab\u00eda dicho que \"podemos volver a la lista corta\" Seg\u00fan se informa en la p\u00e1gina de facebook de Unidad por Chascom\u00fas, el secretario de gobierno Cipriano P\u00e9rez del Cerro,\u2026","rel":"","context":"En \u00abPOLITICA\u00bb","block_context":{"text":"POLITICA","link":"https:\/\/larevistadigital.com.ar\/blog\/category\/politica\/"},"img":{"alt_text":"","src":"https:\/\/i0.wp.com\/larevistadigital.com.ar\/blog\/wp-content\/uploads\/2017\/03\/cipriano_15defebrerode2017_elfuerte.jpg?fit=703%2C618&ssl=1&resize=350%2C200","width":350,"height":200,"srcset":"https:\/\/i0.wp.com\/larevistadigital.com.ar\/blog\/wp-content\/uploads\/2017\/03\/cipriano_15defebrerode2017_elfuerte.jpg?fit=703%2C618&ssl=1&resize=350%2C200 1x, https:\/\/i0.wp.com\/larevistadigital.com.ar\/blog\/wp-content\/uploads\/2017\/03\/cipriano_15defebrerode2017_elfuerte.jpg?fit=703%2C618&ssl=1&resize=525%2C300 1.5x, https:\/\/i0.wp.com\/larevistadigital.com.ar\/blog\/wp-content\/uploads\/2017\/03\/cipriano_15defebrerode2017_elfuerte.jpg?fit=703%2C618&ssl=1&resize=700%2C400 2x"},"classes":[]},{"id":7559,"url":"https:\/\/larevistadigital.com.ar\/blog\/chascomus-la-asociacion-rural-desconforme-con-la-ordenanza-de-fitosanitarios\/","url_meta":{"origin":2308,"position":2},"title":"CHASCOM\u00daS: LA ASOCIACI\u00d3N RURAL DESCONFORME CON LA ORDENANZA DE FITOSANITARIOS","author":"Alejandro Sosa Ruda","date":"3 enero, 2019","format":false,"excerpt":"Desde la Asociaci\u00f3n Rural de Chascom\u00fas, se manifestaron desconformes con el alcance de la ordenanza votada en el Concejo Deliberante que regula el uso de fitosanitarios en el distrito. As\u00ed lo hizo saber el presidente de la misma, Ra\u00fal Naufel, quien asegur\u00f3 que\u00a0\u201cEs una norma retr\u00f3grada, hoy existen m\u00e9todos m\u00e1s\u2026","rel":"","context":"En \u00abCHASCOM\u00daS\u00bb","block_context":{"text":"CHASCOM\u00daS","link":"https:\/\/larevistadigital.com.ar\/blog\/category\/chascomus\/"},"img":{"alt_text":"","src":"https:\/\/i0.wp.com\/larevistadigital.com.ar\/blog\/wp-content\/uploads\/2019\/01\/fitosanitarios.jpg?fit=1200%2C698&ssl=1&resize=350%2C200","width":350,"height":200,"srcset":"https:\/\/i0.wp.com\/larevistadigital.com.ar\/blog\/wp-content\/uploads\/2019\/01\/fitosanitarios.jpg?fit=1200%2C698&ssl=1&resize=350%2C200 1x, https:\/\/i0.wp.com\/larevistadigital.com.ar\/blog\/wp-content\/uploads\/2019\/01\/fitosanitarios.jpg?fit=1200%2C698&ssl=1&resize=525%2C300 1.5x, https:\/\/i0.wp.com\/larevistadigital.com.ar\/blog\/wp-content\/uploads\/2019\/01\/fitosanitarios.jpg?fit=1200%2C698&ssl=1&resize=700%2C400 2x, https:\/\/i0.wp.com\/larevistadigital.com.ar\/blog\/wp-content\/uploads\/2019\/01\/fitosanitarios.jpg?fit=1200%2C698&ssl=1&resize=1050%2C600 3x"},"classes":[]},{"id":2534,"url":"https:\/\/larevistadigital.com.ar\/blog\/ramiro-ferranteacepte-este-desafio-porque-quiero-ser-parte-del-cambio-necesario-en-la-politica\/","url_meta":{"origin":2308,"position":3},"title":"RAMIRO FERRANTE:\u00bbACEPT\u00c9 ESTE DESAF\u00cdO PORQUE QUIERO SER PARTE DEL CAMBIO NECESARIO EN LA POL\u00cdTICA\u00bb","author":"Alejandro Sosa Ruda","date":"26 junio, 2017","format":false,"excerpt":"El ex presidente de la C\u00e1mara de Comercio y flamante candidato del PRO en Cambiemos, para las pr\u00f3ximas PASO del mes de agosto en Chascom\u00fas, Ramiro Ferrante, entre otras cosas responsabiliz\u00f3 a la lista que enfrentar\u00e1 en agosto por no alcanzar un acuerdo, \u00a0en una nota exclusiva para el programa\u2026","rel":"","context":"En \u00abCHASCOM\u00daS\u00bb","block_context":{"text":"CHASCOM\u00daS","link":"https:\/\/larevistadigital.com.ar\/blog\/category\/chascomus\/"},"img":{"alt_text":"","src":"https:\/\/i0.wp.com\/larevistadigital.com.ar\/blog\/wp-content\/uploads\/2017\/06\/DSC_0016.jpg?fit=1200%2C782&ssl=1&resize=350%2C200","width":350,"height":200,"srcset":"https:\/\/i0.wp.com\/larevistadigital.com.ar\/blog\/wp-content\/uploads\/2017\/06\/DSC_0016.jpg?fit=1200%2C782&ssl=1&resize=350%2C200 1x, https:\/\/i0.wp.com\/larevistadigital.com.ar\/blog\/wp-content\/uploads\/2017\/06\/DSC_0016.jpg?fit=1200%2C782&ssl=1&resize=525%2C300 1.5x, https:\/\/i0.wp.com\/larevistadigital.com.ar\/blog\/wp-content\/uploads\/2017\/06\/DSC_0016.jpg?fit=1200%2C782&ssl=1&resize=700%2C400 2x, https:\/\/i0.wp.com\/larevistadigital.com.ar\/blog\/wp-content\/uploads\/2017\/06\/DSC_0016.jpg?fit=1200%2C782&ssl=1&resize=1050%2C600 3x"},"classes":[]},{"id":21371,"url":"https:\/\/larevistadigital.com.ar\/blog\/juntos-por-chascomus-y-su-importante-respaldo-a-la-juventud\/","url_meta":{"origin":2308,"position":4},"title":"\u00abJUNTOS POR CHASCOM\u00daS\u00bb Y SU IMPORTANTE RESPALDO A LA JUVENTUD","author":"Alejandro Sosa Ruda","date":"3 agosto, 2021","format":false,"excerpt":"CHASCOM\u00daS - El partido vecinalista Juntos Por Chascom\u00fas manifest\u00f3 su preocupaci\u00f3n por la no incorporaci\u00f3n de los j\u00f3venes y adolescentes para debatir sobre la situaci\u00f3n que se vivi\u00f3 y se vive contra el COVID19 desde hace tiempo nuestra ciudad. As\u00ed como en todo lo relativo a los mismos. Explicaron que\u2026","rel":"","context":"En \u00abINTERES GENERAL\u00bb","block_context":{"text":"INTERES GENERAL","link":"https:\/\/larevistadigital.com.ar\/blog\/category\/interes-general\/"},"img":{"alt_text":"","src":"https:\/\/i0.wp.com\/larevistadigital.com.ar\/blog\/wp-content\/uploads\/Dr-Jose-Ochoa.jpg?fit=900%2C652&ssl=1&resize=350%2C200","width":350,"height":200,"srcset":"https:\/\/i0.wp.com\/larevistadigital.com.ar\/blog\/wp-content\/uploads\/Dr-Jose-Ochoa.jpg?fit=900%2C652&ssl=1&resize=350%2C200 1x, https:\/\/i0.wp.com\/larevistadigital.com.ar\/blog\/wp-content\/uploads\/Dr-Jose-Ochoa.jpg?fit=900%2C652&ssl=1&resize=525%2C300 1.5x, https:\/\/i0.wp.com\/larevistadigital.com.ar\/blog\/wp-content\/uploads\/Dr-Jose-Ochoa.jpg?fit=900%2C652&ssl=1&resize=700%2C400 2x"},"classes":[]},{"id":27254,"url":"https:\/\/larevistadigital.com.ar\/blog\/mateada-municipal-por-gustavo-lopez\/","url_meta":{"origin":2308,"position":5},"title":"\u00abMATEADA MUNICIPAL\u00bb (Por Gustavo L\u00f3pez)","author":"Alejandro Sosa Ruda","date":"24 agosto, 2022","format":false,"excerpt":"Una reflexi\u00f3n del dirigente radical, y ex funcionario que conoce la realidad que le toca vivir a los empleados municipales, en un momento que todo se hace cuesta arriba. CHASCOM\u00daS -\u00a0 Quienes hemos tomado como parte de nuestra vida la militancia pol\u00edtica y, a su vez, tuvimos la oportunidad de\u2026","rel":"","context":"En \u00abDESTACADAS\u00bb","block_context":{"text":"DESTACADAS","link":"https:\/\/larevistadigital.com.ar\/blog\/category\/destacadas\/"},"img":{"alt_text":"","src":"https:\/\/i0.wp.com\/larevistadigital.com.ar\/blog\/wp-content\/uploads\/municipalidad_elfuerte_04deenerode2020.jpg?fit=737%2C415&ssl=1&resize=350%2C200","width":350,"height":200,"srcset":"https:\/\/i0.wp.com\/larevistadigital.com.ar\/blog\/wp-content\/uploads\/municipalidad_elfuerte_04deenerode2020.jpg?fit=737%2C415&ssl=1&resize=350%2C200 1x, https:\/\/i0.wp.com\/larevistadigital.com.ar\/blog\/wp-content\/uploads\/municipalidad_elfuerte_04deenerode2020.jpg?fit=737%2C415&ssl=1&resize=525%2C300 1.5x, https:\/\/i0.wp.com\/larevistadigital.com.ar\/blog\/wp-content\/uploads\/municipalidad_elfuerte_04deenerode2020.jpg?fit=737%2C415&ssl=1&resize=700%2C400 2x"},"classes":[]}],"_links":{"self":[{"href":"https:\/\/larevistadigital.com.ar\/blog\/wp-json\/wp\/v2\/posts\/2308","targetHints":{"allow":["GET"]}}],"collection":[{"href":"https:\/\/larevistadigital.com.ar\/blog\/wp-json\/wp\/v2\/posts"}],"about":[{"href":"https:\/\/larevistadigital.com.ar\/blog\/wp-json\/wp\/v2\/types\/post"}],"author":[{"embeddable":true,"href":"https:\/\/larevistadigital.com.ar\/blog\/wp-json\/wp\/v2\/users\/3"}],"replies":[{"embeddable":true,"href":"https:\/\/larevistadigital.com.ar\/blog\/wp-json\/wp\/v2\/comments?post=2308"}],"version-history":[{"count":4,"href":"https:\/\/larevistadigital.com.ar\/blog\/wp-json\/wp\/v2\/posts\/2308\/revisions"}],"predecessor-version":[{"id":2316,"href":"https:\/\/larevistadigital.com.ar\/blog\/wp-json\/wp\/v2\/posts\/2308\/revisions\/2316"}],"wp:featuredmedia":[{"embeddable":true,"href":"https:\/\/larevistadigital.com.ar\/blog\/wp-json\/wp\/v2\/media\/2311"}],"wp:attachment":[{"href":"https:\/\/larevistadigital.com.ar\/blog\/wp-json\/wp\/v2\/media?parent=2308"}],"wp:term":[{"taxonomy":"category","embeddable":true,"href":"https:\/\/larevistadigital.com.ar\/blog\/wp-json\/wp\/v2\/categories?post=2308"},{"taxonomy":"post_tag","embeddable":true,"href":"https:\/\/larevistadigital.com.ar\/blog\/wp-json\/wp\/v2\/tags?post=2308"}],"curies":[{"name":"wp","href":"https:\/\/api.w.org\/{rel}","templated":true}]}}