{"id":231,"date":"2017-02-13T02:59:20","date_gmt":"2017-02-13T02:59:20","guid":{"rendered":"https:\/\/larevistadigital.com.ar\/blog\/?p=231"},"modified":"2017-02-18T08:43:25","modified_gmt":"2017-02-18T08:43:25","slug":"no-le-ponemos-freno-al-gobierno-terminamos-2011-sebastian-maturano-ferroviario","status":"publish","type":"post","link":"https:\/\/larevistadigital.com.ar\/blog\/no-le-ponemos-freno-al-gobierno-terminamos-2011-sebastian-maturano-ferroviario\/","title":{"rendered":"\u201cSi no le ponemos un freno al gobierno, terminamos como en el 2011\u201d SEBASTI\u00c1N MATURANO (FERROVIARIO)"},"content":{"rendered":"<p>Durante el primer encuentro del ciclo de charlas \u201cEl rol de la juventud en la coyuntura actual\u201d, el secretario de Juventud de La Fraternidad y dirigente de la Juventud Sindical Nacional,\u00a0<strong>Sebastian Maturano <\/strong>que fue part\u00edcipe como orador, sostuvo que <strong><em>\u201cEstamos mal.\u00a0Hay que ponerle un freno al gobierno para no terminar como el 2001. No cumplieron con la Pobreza 0, y hoy hay una indigencia que no exist\u00eda en <\/em><\/strong><\/p>\n<p><strong><em>el peronismo, que es sin\u00f3nimo de plena ocupaci\u00f3n. Hay que poner en carpeta un modelo inclusivo, no el neoliberalismo actual\u201d.<\/em><\/strong><\/p>\n<p>Participaron tambi\u00e9n de la jornada y al igual que <strong>Maturano <\/strong>cumpliendo el rol de oradores, el Presidente de la Confederaci\u00f3n Nacional de Cooperativas de Trabajo (CNCT),\u00a0<strong>Christian Mi\u00f1o<\/strong>, y la Secretaria general de la Federaci\u00f3n Universitaria Argentina (FUA),\u00a0<strong>Constanza Bossio<\/strong>.<\/p>\n<p><strong><em>\u201cTodo aumenta y los trabajadores no somos un costo qu\u00e9 hay que recortar. Somos los que producimos y consumimos, los que movemos a la econom\u00eda. El movimiento obrero debe pensar en la sociedad completa, en los compa\u00f1eros que no la est\u00e1n pasando bien, mientras sigue aumentando el desempleo. Por eso la marcha del 7 de marzo\u201d<\/em><\/strong>, sentenci\u00f3 <strong>Maturano<\/strong>.<\/p>\n<p>A su turno, el presidente de la Confederaci\u00f3n Nacional de Cooperativas de Trabajo\u00a0<strong>Christian Mi\u00f1o\u00a0<\/strong>dijo que <strong><em>\u201cCambiemos perjudica a los cooperativistas con la apertura del mercado\u201d, dado que \u201ccon la importaci\u00f3n, cae el empleo en todos los sectores\u201d.<\/em><\/strong><\/p>\n<p>Termin\u00f3 diciendo que <strong><em>\u201cla obra p\u00fablica esta parada, afectando directamente a los cooperativistas\u201d<\/em><\/strong>, para luego cuestionar la Ley de Emergencia Social propuesta por el gobierno <strong><em>\u201cque deja afuera a los m\u00e1s de 80000 cooperativistas que nosotros representamos\u201d.<\/em><\/strong><\/p>\n<p><a href=\"https:\/\/i0.wp.com\/larevistadigital.com.ar\/blog\/wp-content\/uploads\/2017\/02\/FERROV1.jpg?ssl=1\"><img data-recalc-dims=\"1\" loading=\"lazy\" decoding=\"async\" class=\"alignnone size-medium wp-image-232\" src=\"https:\/\/i0.wp.com\/larevistadigital.com.ar\/blog\/wp-content\/uploads\/2017\/02\/FERROV1.jpg?resize=300%2C176&#038;ssl=1\" alt=\"\" width=\"300\" height=\"176\" srcset=\"https:\/\/i0.wp.com\/larevistadigital.com.ar\/blog\/wp-content\/uploads\/2017\/02\/FERROV1.jpg?resize=300%2C176&amp;ssl=1 300w, https:\/\/i0.wp.com\/larevistadigital.com.ar\/blog\/wp-content\/uploads\/2017\/02\/FERROV1.jpg?resize=768%2C451&amp;ssl=1 768w, https:\/\/i0.wp.com\/larevistadigital.com.ar\/blog\/wp-content\/uploads\/2017\/02\/FERROV1.jpg?w=959&amp;ssl=1 959w\" sizes=\"auto, (max-width: 300px) 100vw, 300px\" \/><\/a><\/p>\n","protected":false},"excerpt":{"rendered":"<div class=\"mh-excerpt\"><p>Durante el primer encuentro del ciclo de charlas \u201cEl rol de la juventud en la coyuntura actual\u201d, el secretario de Juventud de La Fraternidad y dirigente de la Juventud Sindical Nacional,\u00a0Sebastian Maturano que fue part\u00edcipe <a class=\"mh-excerpt-more\" href=\"https:\/\/larevistadigital.com.ar\/blog\/no-le-ponemos-freno-al-gobierno-terminamos-2011-sebastian-maturano-ferroviario\/\" title=\"\u201cSi no le ponemos un freno al gobierno, terminamos como en el 2011\u201d SEBASTI\u00c1N MATURANO (FERROVIARIO)\">[Leer M\u00e1s]<\/a><\/p>\n<\/div>","protected":false},"author":2,"featured_media":232,"comment_status":"open","ping_status":"open","sticky":false,"template":"","format":"standard","meta":{"_jetpack_memberships_contains_paid_content":false,"footnotes":"","jetpack_publicize_message":"","jetpack_publicize_feature_enabled":true,"jetpack_social_post_already_shared":false,"jetpack_social_options":{"image_generator_settings":{"template":"highway","default_image_id":0,"font":"","enabled":false},"version":2}},"categories":[10,28],"tags":[],"class_list":{"0":"post-231","1":"post","2":"type-post","3":"status-publish","4":"format-standard","5":"has-post-thumbnail","7":"category-gremiales","8":"category-nacionales"},"jetpack_publicize_connections":[],"jetpack_featured_media_url":"https:\/\/i0.wp.com\/larevistadigital.com.ar\/blog\/wp-content\/uploads\/2017\/02\/FERROV1.jpg?fit=959%2C563&ssl=1","jetpack_sharing_enabled":true,"jetpack_shortlink":"https:\/\/wp.me\/p8qtrQ-3J","jetpack-related-posts":[{"id":41789,"url":"https:\/\/larevistadigital.com.ar\/blog\/gremios-del-transporte-refuerzan-su-perfil-opositor-a-milei\/","url_meta":{"origin":231,"position":0},"title":"Gremios del transporte refuerzan su perfil opositor a Milei","author":"Alejandro Sosa Ruda","date":"6 octubre, 2025","format":false,"excerpt":"Schmid ser\u00e1 reelecto al frente de la CATT y los gremios del transporte suman nuevos actores para endurecer la ofensiva contra el Gobierno de Milei. 06 de octubre de 2025 BUENOS AIRES\u00a0 -\u00a0 \u00a0 Dentro de un mes se consagrar\u00e1 la nueva CGT, pero este lunes se juega otra elecci\u00f3n\u2026","rel":"","context":"En \u00abINTERES GENERAL\u00bb","block_context":{"text":"INTERES GENERAL","link":"https:\/\/larevistadigital.com.ar\/blog\/category\/interes-general\/"},"img":{"alt_text":"","src":"https:\/\/i0.wp.com\/larevistadigital.com.ar\/blog\/wp-content\/uploads\/Captura-de-pantalla-2025-10-06-195450.jpg?fit=782%2C426&ssl=1&resize=350%2C200","width":350,"height":200,"srcset":"https:\/\/i0.wp.com\/larevistadigital.com.ar\/blog\/wp-content\/uploads\/Captura-de-pantalla-2025-10-06-195450.jpg?fit=782%2C426&ssl=1&resize=350%2C200 1x, https:\/\/i0.wp.com\/larevistadigital.com.ar\/blog\/wp-content\/uploads\/Captura-de-pantalla-2025-10-06-195450.jpg?fit=782%2C426&ssl=1&resize=525%2C300 1.5x, https:\/\/i0.wp.com\/larevistadigital.com.ar\/blog\/wp-content\/uploads\/Captura-de-pantalla-2025-10-06-195450.jpg?fit=782%2C426&ssl=1&resize=700%2C400 2x"},"classes":[]},{"id":25708,"url":"https:\/\/larevistadigital.com.ar\/blog\/quinta-seccion-la-juventud-radical-se-reunio-en-madariaga\/","url_meta":{"origin":231,"position":1},"title":"QUINTA SECCI\u00d3N: LA JUVENTUD RADICAL SE REUNI\u00d3 EN MADARIAGA","author":"Alejandro Sosa Ruda","date":"9 junio, 2022","format":false,"excerpt":"J\u00f3venes de los diferentes distritos que la componen se acercaron al Paraje Macedo en donde tuvieron lugar las diversas actividades. Comenzando con una propuesta solidaria en la que pintaron la Escuela Primaria N\u00b07, luego el primer panel de formaci\u00f3n se centr\u00f3 en el debate y puesta en com\u00fan de las\u2026","rel":"","context":"En \u00abREGIONALES\u00bb","block_context":{"text":"REGIONALES","link":"https:\/\/larevistadigital.com.ar\/blog\/category\/regionales\/"},"img":{"alt_text":"","src":"https:\/\/i0.wp.com\/larevistadigital.com.ar\/blog\/wp-content\/uploads\/20220608160634_juventud-radical-quinta-seccion-2.jpg?fit=880%2C512&ssl=1&resize=350%2C200","width":350,"height":200,"srcset":"https:\/\/i0.wp.com\/larevistadigital.com.ar\/blog\/wp-content\/uploads\/20220608160634_juventud-radical-quinta-seccion-2.jpg?fit=880%2C512&ssl=1&resize=350%2C200 1x, https:\/\/i0.wp.com\/larevistadigital.com.ar\/blog\/wp-content\/uploads\/20220608160634_juventud-radical-quinta-seccion-2.jpg?fit=880%2C512&ssl=1&resize=525%2C300 1.5x, https:\/\/i0.wp.com\/larevistadigital.com.ar\/blog\/wp-content\/uploads\/20220608160634_juventud-radical-quinta-seccion-2.jpg?fit=880%2C512&ssl=1&resize=700%2C400 2x"},"classes":[]},{"id":7450,"url":"https:\/\/larevistadigital.com.ar\/blog\/intendentes-peronistas-presentaran-un-amparo-contra-la-suba-de-tarifas\/","url_meta":{"origin":231,"position":2},"title":"INTENDENTES PERONISTAS PRESENTAR\u00c1N UN AMPARO CONTRA LA SUBA DE TARIFAS","author":"Alejandro Sosa Ruda","date":"28 diciembre, 2018","format":false,"excerpt":"El intendente de San Mart\u00edn,\u00a0Gabriel Katopodis, adelant\u00f3 que los jefes comunales peronistas de la provincia de Buenos Aires preparan un amparo contra las subas de tarifas anunciadas en las \u00faltimas horas y se quej\u00f3 de que en el Gobierno nacional \"pareciera que se juntan a la ma\u00f1ana para pensar c\u00f3mo\u2026","rel":"","context":"En \u00abPOLITICA\u00bb","block_context":{"text":"POLITICA","link":"https:\/\/larevistadigital.com.ar\/blog\/category\/politica\/"},"img":{"alt_text":"","src":"https:\/\/i0.wp.com\/larevistadigital.com.ar\/blog\/wp-content\/uploads\/2018\/12\/descarga-1-1.jpg?fit=650%2C405&ssl=1&resize=350%2C200","width":350,"height":200,"srcset":"https:\/\/i0.wp.com\/larevistadigital.com.ar\/blog\/wp-content\/uploads\/2018\/12\/descarga-1-1.jpg?fit=650%2C405&ssl=1&resize=350%2C200 1x, https:\/\/i0.wp.com\/larevistadigital.com.ar\/blog\/wp-content\/uploads\/2018\/12\/descarga-1-1.jpg?fit=650%2C405&ssl=1&resize=525%2C300 1.5x"},"classes":[]},{"id":19502,"url":"https:\/\/larevistadigital.com.ar\/blog\/interna-de-la-ucr-valentino-redruello-y-evolucion-fueron-de-un-aporte-fundamental-para-que-posse-gane-en-la-juventud-de-chascomus\/","url_meta":{"origin":231,"position":3},"title":"INTERNA DE LA UCR: VALENTINO REDRUELLO Y \u00abEVOLUCI\u00d3N\u00bb FUERON UN APORTE FUNDAMENTAL PARA QUE POSSE GANE EN LA JUVENTUD DE CHASCOM\u00daS","author":"Alejandro Sosa Ruda","date":"28 marzo, 2021","format":false,"excerpt":"CHASCOM\u00daS -\u00a0 En las recientes elecciones internas de la UCR, de las que result\u00f3 ganador el diputado Maximiliano Abad, frente al intendente Gustavo Posse, se dio una circunstancia que vale la pena tener en cuenta: en la Juventud Radical, tambi\u00e9n se votaron autoridades y en Chascom\u00fas votaron 63 jovenes. Al\u2026","rel":"","context":"En \u00abINTERES GENERAL\u00bb","block_context":{"text":"INTERES GENERAL","link":"https:\/\/larevistadigital.com.ar\/blog\/category\/interes-general\/"},"img":{"alt_text":"","src":"https:\/\/i0.wp.com\/larevistadigital.com.ar\/blog\/wp-content\/uploads\/162227492_5337886982918967_3822976354819268166_o.jpg?fit=1200%2C900&ssl=1&resize=350%2C200","width":350,"height":200,"srcset":"https:\/\/i0.wp.com\/larevistadigital.com.ar\/blog\/wp-content\/uploads\/162227492_5337886982918967_3822976354819268166_o.jpg?fit=1200%2C900&ssl=1&resize=350%2C200 1x, https:\/\/i0.wp.com\/larevistadigital.com.ar\/blog\/wp-content\/uploads\/162227492_5337886982918967_3822976354819268166_o.jpg?fit=1200%2C900&ssl=1&resize=525%2C300 1.5x, https:\/\/i0.wp.com\/larevistadigital.com.ar\/blog\/wp-content\/uploads\/162227492_5337886982918967_3822976354819268166_o.jpg?fit=1200%2C900&ssl=1&resize=700%2C400 2x, https:\/\/i0.wp.com\/larevistadigital.com.ar\/blog\/wp-content\/uploads\/162227492_5337886982918967_3822976354819268166_o.jpg?fit=1200%2C900&ssl=1&resize=1050%2C600 3x"},"classes":[]},{"id":36013,"url":"https:\/\/larevistadigital.com.ar\/blog\/larroque-llamo-a-ganar-la-calle-para-terminar-con-esta-locura\/","url_meta":{"origin":231,"position":4},"title":"LARROQUE LLAM\u00d3 A \u00abGANAR LA CALLE PARA TERMINAR CON ESTA LOCURA\u00bb","author":"Alejandro Sosa Ruda","date":"8 mayo, 2024","format":false,"excerpt":"El ministro de Desarrollo de la Comunidad de la provincia de Buenos Aires, Andr\u00e9s Larroque, destac\u00f3 que frente al contexto hostil generado por el modelo econ\u00f3mico del gobierno nacional, \u201cdebemos concentrarnos en lo que necesita nuestro pueblo\u201d, y en ese marco afirm\u00f3 que \u201cexiste una posici\u00f3n clara de enfrentamiento a\u2026","rel":"","context":"En \u00abINTERES GENERAL\u00bb","block_context":{"text":"INTERES GENERAL","link":"https:\/\/larevistadigital.com.ar\/blog\/category\/interes-general\/"},"img":{"alt_text":"","src":"https:\/\/i0.wp.com\/larevistadigital.com.ar\/blog\/wp-content\/uploads\/20240507153226_andres-larroque.jpg?fit=880%2C512&ssl=1&resize=350%2C200","width":350,"height":200,"srcset":"https:\/\/i0.wp.com\/larevistadigital.com.ar\/blog\/wp-content\/uploads\/20240507153226_andres-larroque.jpg?fit=880%2C512&ssl=1&resize=350%2C200 1x, https:\/\/i0.wp.com\/larevistadigital.com.ar\/blog\/wp-content\/uploads\/20240507153226_andres-larroque.jpg?fit=880%2C512&ssl=1&resize=525%2C300 1.5x, https:\/\/i0.wp.com\/larevistadigital.com.ar\/blog\/wp-content\/uploads\/20240507153226_andres-larroque.jpg?fit=880%2C512&ssl=1&resize=700%2C400 2x"},"classes":[]},{"id":117,"url":"https:\/\/larevistadigital.com.ar\/blog\/massismo-creo-juventud-la-renovadora\/","url_meta":{"origin":231,"position":5},"title":"El Massismo cre\u00f3 su juventud: \u201cLa renovadora\u201d","author":"editor","date":"8 febrero, 2017","format":false,"excerpt":"Desde el 17 de diciembre, se conform\u00f3 oficialmente la juventud massista, denominada \u201cLa Renovadora\u201d una organizaci\u00f3n juvenil en la que se suman militantes sociales, barriales, universitarios y gremiales, de alcance nacional ya que tendr\u00e1 representaci\u00f3n en todas las provincias y distritos. Su bautismo fue realizado en General Pacheco con un\u2026","rel":"","context":"En \u00abPOLITICA\u00bb","block_context":{"text":"POLITICA","link":"https:\/\/larevistadigital.com.ar\/blog\/category\/politica\/"},"img":{"alt_text":"","src":"https:\/\/i0.wp.com\/larevistadigital.com.ar\/blog\/wp-content\/uploads\/2017\/02\/66256_3.jpg?fit=600%2C413&ssl=1&resize=350%2C200","width":350,"height":200,"srcset":"https:\/\/i0.wp.com\/larevistadigital.com.ar\/blog\/wp-content\/uploads\/2017\/02\/66256_3.jpg?fit=600%2C413&ssl=1&resize=350%2C200 1x, https:\/\/i0.wp.com\/larevistadigital.com.ar\/blog\/wp-content\/uploads\/2017\/02\/66256_3.jpg?fit=600%2C413&ssl=1&resize=525%2C300 1.5x"},"classes":[]}],"_links":{"self":[{"href":"https:\/\/larevistadigital.com.ar\/blog\/wp-json\/wp\/v2\/posts\/231","targetHints":{"allow":["GET"]}}],"collection":[{"href":"https:\/\/larevistadigital.com.ar\/blog\/wp-json\/wp\/v2\/posts"}],"about":[{"href":"https:\/\/larevistadigital.com.ar\/blog\/wp-json\/wp\/v2\/types\/post"}],"author":[{"embeddable":true,"href":"https:\/\/larevistadigital.com.ar\/blog\/wp-json\/wp\/v2\/users\/2"}],"replies":[{"embeddable":true,"href":"https:\/\/larevistadigital.com.ar\/blog\/wp-json\/wp\/v2\/comments?post=231"}],"version-history":[{"count":1,"href":"https:\/\/larevistadigital.com.ar\/blog\/wp-json\/wp\/v2\/posts\/231\/revisions"}],"predecessor-version":[{"id":233,"href":"https:\/\/larevistadigital.com.ar\/blog\/wp-json\/wp\/v2\/posts\/231\/revisions\/233"}],"wp:featuredmedia":[{"embeddable":true,"href":"https:\/\/larevistadigital.com.ar\/blog\/wp-json\/wp\/v2\/media\/232"}],"wp:attachment":[{"href":"https:\/\/larevistadigital.com.ar\/blog\/wp-json\/wp\/v2\/media?parent=231"}],"wp:term":[{"taxonomy":"category","embeddable":true,"href":"https:\/\/larevistadigital.com.ar\/blog\/wp-json\/wp\/v2\/categories?post=231"},{"taxonomy":"post_tag","embeddable":true,"href":"https:\/\/larevistadigital.com.ar\/blog\/wp-json\/wp\/v2\/tags?post=231"}],"curies":[{"name":"wp","href":"https:\/\/api.w.org\/{rel}","templated":true}]}}