{"id":23103,"date":"2021-12-29T23:19:49","date_gmt":"2021-12-29T23:19:49","guid":{"rendered":"https:\/\/larevistadigital.com.ar\/blog\/?p=23103"},"modified":"2021-12-29T23:19:49","modified_gmt":"2021-12-29T23:19:49","slug":"mar-del-plata-se-ahogo-un-hombre-en-uno-de-los-balnearios-de-punta-mogotes","status":"publish","type":"post","link":"https:\/\/larevistadigital.com.ar\/blog\/mar-del-plata-se-ahogo-un-hombre-en-uno-de-los-balnearios-de-punta-mogotes\/","title":{"rendered":"MAR DEL PLATA: SE AHOG\u00d3 UN HOMBRE EN UNO DE LOS BALNEARIOS DE PUNTA MOGOTES"},"content":{"rendered":"<h2>Era un hombre de aproximadamente 70 a\u00f1os que se hallaba en la zona p\u00fablica cercana al balneario N\u00b05 de Mogotes.<\/h2>\n<p><strong>MAR DEL PLATA &#8211;<\/strong>\u00a0 Un hombre de avanzada edad falleci\u00f3 esta tarde ahogado en uno de los balnearios de Punta Mogotes en circunstancias que ahora investigan las autoridades judiciales y policiales.<\/p>\n<blockquote>\n<h3>La primera v\u00edctima fatal que se cobra el mar esta temporada a\u00fan no ha sido identificada pero fuentes extraoficiales aseguraron que se trata de un hombre de aproximadamente 70 a\u00f1os.<\/h3>\n<\/blockquote>\n<p>El tr\u00e1gico episodio se produjo en la orilla correspondiente al sector p\u00fablico pr\u00f3ximo al balneario N\u00b05 del Complejo de Punta Mogotes y los guardavidas iniciaron el rescate cuando, en apariencia, la persona ya estaba fallecida. De hecho fueron otros ba\u00f1istas que alertaron a los guardavidas sobre un cuerpo flotando. Pese a esto se le realizaron maniobras de RCP al hombre y en tanto no reaccionaba fue trasladado de urgencia al UPA 8.<\/p>\n<blockquote>\n<h3>Ninguna persona se present\u00f3 en la playa ni luego en el Unidad de Salud para posibilitar la identificaci\u00f3n del fallecido.<\/h3>\n<\/blockquote>\n<p>En el caso interviene la fiscal Mar\u00eda Florencia Salas que inici\u00f3 causas por averiguaci\u00f3n causales de muerte.<\/p>\n<p>publicado en La Capital<\/p>\n","protected":false},"excerpt":{"rendered":"<div class=\"mh-excerpt\"><p>Era un hombre de aproximadamente 70 a\u00f1os que se hallaba en la zona p\u00fablica cercana al balneario N\u00b05 de Mogotes. MAR DEL PLATA &#8211;\u00a0 Un hombre de avanzada edad falleci\u00f3 esta tarde ahogado en uno <a class=\"mh-excerpt-more\" href=\"https:\/\/larevistadigital.com.ar\/blog\/mar-del-plata-se-ahogo-un-hombre-en-uno-de-los-balnearios-de-punta-mogotes\/\" title=\"MAR DEL PLATA: SE AHOG\u00d3 UN HOMBRE EN UNO DE LOS BALNEARIOS DE PUNTA MOGOTES\">[Leer M\u00e1s]<\/a><\/p>\n<\/div>","protected":false},"author":3,"featured_media":23104,"comment_status":"open","ping_status":"open","sticky":false,"template":"","format":"standard","meta":{"_jetpack_memberships_contains_paid_content":false,"footnotes":"","jetpack_publicize_message":"","jetpack_publicize_feature_enabled":true,"jetpack_social_post_already_shared":true,"jetpack_social_options":{"image_generator_settings":{"template":"highway","default_image_id":0,"font":"","enabled":false},"version":2}},"categories":[44,51],"tags":[],"class_list":{"0":"post-23103","1":"post","2":"type-post","3":"status-publish","4":"format-standard","5":"has-post-thumbnail","7":"category-policiales","8":"category-regionales"},"jetpack_publicize_connections":[],"jetpack_featured_media_url":"https:\/\/i0.wp.com\/larevistadigital.com.ar\/blog\/wp-content\/uploads\/punta-mogotes-1.jpg?fit=1010%2C615&ssl=1","jetpack_sharing_enabled":true,"jetpack_shortlink":"https:\/\/wp.me\/p8qtrQ-60D","jetpack-related-posts":[{"id":8018,"url":"https:\/\/larevistadigital.com.ar\/blog\/mar-del-plata-turista-muere-ahogado-en-punta-mogotes\/","url_meta":{"origin":23103,"position":0},"title":"MAR DEL PLATA: TURISTA MUERE AHOGADO EN PUNTA MOGOTES","author":"Alejandro Sosa Ruda","date":"28 enero, 2019","format":false,"excerpt":"Un turista de aproximadamente 40 a\u00f1os muri\u00f3 ahogado este lunes por la tarde a la altura de los balnearios 2 y 3 de Punta Mogotes. El hombre fue socorrido en primera instancia por guardavidas y luego fue trasladado de urgencia al Hospital Interzonal General de Agudos (Higa), donde finalmente falleci\u00f3.\u2026","rel":"","context":"En \u00abPOLICIALES\u00bb","block_context":{"text":"POLICIALES","link":"https:\/\/larevistadigital.com.ar\/blog\/category\/policiales\/"},"img":{"alt_text":"","src":"https:\/\/i0.wp.com\/larevistadigital.com.ar\/blog\/wp-content\/uploads\/2019\/01\/Playa-Verano-temporada-2017-Punta-Mogotes-Carpas-4283.jpg?fit=1200%2C732&ssl=1&resize=350%2C200","width":350,"height":200,"srcset":"https:\/\/i0.wp.com\/larevistadigital.com.ar\/blog\/wp-content\/uploads\/2019\/01\/Playa-Verano-temporada-2017-Punta-Mogotes-Carpas-4283.jpg?fit=1200%2C732&ssl=1&resize=350%2C200 1x, https:\/\/i0.wp.com\/larevistadigital.com.ar\/blog\/wp-content\/uploads\/2019\/01\/Playa-Verano-temporada-2017-Punta-Mogotes-Carpas-4283.jpg?fit=1200%2C732&ssl=1&resize=525%2C300 1.5x, https:\/\/i0.wp.com\/larevistadigital.com.ar\/blog\/wp-content\/uploads\/2019\/01\/Playa-Verano-temporada-2017-Punta-Mogotes-Carpas-4283.jpg?fit=1200%2C732&ssl=1&resize=700%2C400 2x, https:\/\/i0.wp.com\/larevistadigital.com.ar\/blog\/wp-content\/uploads\/2019\/01\/Playa-Verano-temporada-2017-Punta-Mogotes-Carpas-4283.jpg?fit=1200%2C732&ssl=1&resize=1050%2C600 3x"},"classes":[]},{"id":18217,"url":"https:\/\/larevistadigital.com.ar\/blog\/encuentran-huesos-humanos-en-una-playa-de-punta-mogotes-atencion-la-nota-contiene-la-imagen-que-podria-herir-la-sensibilidad-de-algunas-personas\/","url_meta":{"origin":23103,"position":1},"title":"ENCUENTRAN HUESOS HUMANOS EN UNA PLAYA DE PUNTA MOGOTES (ATENCI\u00d3N: LA NOTA CONTIENE LA IMAGEN, QUE PODR\u00cdA HERIR LA SENSIBILIDAD DE ALGUNAS PERSONAS)","author":"Alejandro Sosa Ruda","date":"18 diciembre, 2020","format":false,"excerpt":"El hallazgo ocurri\u00f3 esta ma\u00f1ana y ser\u00edan de alguna extremidad humano, La zona qued\u00f3 resguardada e investigan el origen de los huesos. Una d\u00eda de playa en Punta Mogotes tuvo un resultado inesperado para un grupo de personas que hallaron huesos aparentemente humanos y, ante tan macabra situaci\u00f3n, llamaron a\u2026","rel":"","context":"En \u00abPOLICIALES\u00bb","block_context":{"text":"POLICIALES","link":"https:\/\/larevistadigital.com.ar\/blog\/category\/policiales\/"},"img":{"alt_text":"","src":"https:\/\/i0.wp.com\/larevistadigital.com.ar\/blog\/wp-content\/uploads\/punta-mogotes.jpg?fit=1200%2C675&ssl=1&resize=350%2C200","width":350,"height":200,"srcset":"https:\/\/i0.wp.com\/larevistadigital.com.ar\/blog\/wp-content\/uploads\/punta-mogotes.jpg?fit=1200%2C675&ssl=1&resize=350%2C200 1x, https:\/\/i0.wp.com\/larevistadigital.com.ar\/blog\/wp-content\/uploads\/punta-mogotes.jpg?fit=1200%2C675&ssl=1&resize=525%2C300 1.5x, https:\/\/i0.wp.com\/larevistadigital.com.ar\/blog\/wp-content\/uploads\/punta-mogotes.jpg?fit=1200%2C675&ssl=1&resize=700%2C400 2x, https:\/\/i0.wp.com\/larevistadigital.com.ar\/blog\/wp-content\/uploads\/punta-mogotes.jpg?fit=1200%2C675&ssl=1&resize=1050%2C600 3x"},"classes":[]},{"id":18897,"url":"https:\/\/larevistadigital.com.ar\/blog\/increible-durante-la-manana-dos-autos-cayeron-por-la-misma-bajada-en-punta-mogotes\/","url_meta":{"origin":23103,"position":2},"title":"INCRE\u00cdBLE: DURANTE LA MA\u00d1ANA, DOS AUTOS CAYERON POR LA MISMA BAJADA EN PUNTA MOGOTES","author":"Alejandro Sosa Ruda","date":"17 febrero, 2021","format":false,"excerpt":"Ocurri\u00f3 este mi\u00e9rcoles en Avenida de los Trabajadores al 4600. Colocar\u00e1n un guardrail para evitar mayores accidentes. MAR DEL PLATA - El barrio de\u00a0Punta Mogotes\u00a0de Mar del Plata fue epicentro de un ins\u00f3lito episodio: en horas de la ma\u00f1ana de este mi\u00e9rcoles,\u00a0dos autos\u00a0protagonizaron dos siniestros viales distintos\u00a0en la misma bajada\u2026","rel":"","context":"En \u00abREGIONALES\u00bb","block_context":{"text":"REGIONALES","link":"https:\/\/larevistadigital.com.ar\/blog\/category\/regionales\/"},"img":{"alt_text":"","src":"https:\/\/i0.wp.com\/larevistadigital.com.ar\/blog\/wp-content\/uploads\/Captura-13.png?fit=999%2C561&ssl=1&resize=350%2C200","width":350,"height":200,"srcset":"https:\/\/i0.wp.com\/larevistadigital.com.ar\/blog\/wp-content\/uploads\/Captura-13.png?fit=999%2C561&ssl=1&resize=350%2C200 1x, https:\/\/i0.wp.com\/larevistadigital.com.ar\/blog\/wp-content\/uploads\/Captura-13.png?fit=999%2C561&ssl=1&resize=525%2C300 1.5x, https:\/\/i0.wp.com\/larevistadigital.com.ar\/blog\/wp-content\/uploads\/Captura-13.png?fit=999%2C561&ssl=1&resize=700%2C400 2x"},"classes":[]},{"id":14258,"url":"https:\/\/larevistadigital.com.ar\/blog\/mar-del-plata-violento-vuelco-en-punta-mogotes-con-tres-hospitalizados\/","url_meta":{"origin":23103,"position":3},"title":"MAR DEL PLATA: VIOLENTO VUELCO EN PUNTA MOGOTES CON TRES HOSPITALIZADOS","author":"Alejandro Sosa Ruda","date":"19 enero, 2020","format":false,"excerpt":"El siniestro se registr\u00f3 alrededor de las 9 sobre Avenida de Los Trabajadores al 1500.\u00a0 Tres personas trasladadas al Hospital Interzonal General de Agudos (Higa) fue el saldo que dej\u00f3 un impactante vuelco que\u00a0se registr\u00f3 en horas de la ma\u00f1ana de este domingo en la zona de Punta Mogotes. El\u2026","rel":"","context":"En \u00abPOLICIALES\u00bb","block_context":{"text":"POLICIALES","link":"https:\/\/larevistadigital.com.ar\/blog\/category\/policiales\/"},"img":{"alt_text":"","src":"https:\/\/i0.wp.com\/larevistadigital.com.ar\/blog\/wp-content\/uploads\/1579438155619.jpeg?fit=790%2C444&ssl=1&resize=350%2C200","width":350,"height":200,"srcset":"https:\/\/i0.wp.com\/larevistadigital.com.ar\/blog\/wp-content\/uploads\/1579438155619.jpeg?fit=790%2C444&ssl=1&resize=350%2C200 1x, https:\/\/i0.wp.com\/larevistadigital.com.ar\/blog\/wp-content\/uploads\/1579438155619.jpeg?fit=790%2C444&ssl=1&resize=525%2C300 1.5x, https:\/\/i0.wp.com\/larevistadigital.com.ar\/blog\/wp-content\/uploads\/1579438155619.jpeg?fit=790%2C444&ssl=1&resize=700%2C400 2x"},"classes":[]},{"id":43966,"url":"https:\/\/larevistadigital.com.ar\/blog\/alerta-por-medusas-en-la-orilla-el-mar-mas-caliente-multiplica-las-picaduras-en-mar-del-plata\/","url_meta":{"origin":23103,"position":4},"title":"Alerta por medusas en la orilla: el mar m\u00e1s caliente multiplica las picaduras en Mar del Plata","author":"Alejandro Sosa Ruda","date":"12 febrero, 2026","format":false,"excerpt":"Guardavidas de Punta Mogotes confirmaron que el fen\u00f3meno se repite cada verano, pero advierten que con temperaturas del agua por encima del promedio aumentan los casos. Qu\u00e9 hacer ante una picadura y c\u00f3mo prevenirla. 12 de febrero de 2026 MAR DEL PLATA -\u00a0 \u00a0El aumento sostenido de la temperatura del\u2026","rel":"","context":"En \u00abREGIONALES\u00bb","block_context":{"text":"REGIONALES","link":"https:\/\/larevistadigital.com.ar\/blog\/category\/regionales\/"},"img":{"alt_text":"","src":"https:\/\/i0.wp.com\/larevistadigital.com.ar\/blog\/wp-content\/uploads\/Captura-de-pantalla-2026-02-12-124945.jpg?fit=625%2C437&ssl=1&resize=350%2C200","width":350,"height":200,"srcset":"https:\/\/i0.wp.com\/larevistadigital.com.ar\/blog\/wp-content\/uploads\/Captura-de-pantalla-2026-02-12-124945.jpg?fit=625%2C437&ssl=1&resize=350%2C200 1x, https:\/\/i0.wp.com\/larevistadigital.com.ar\/blog\/wp-content\/uploads\/Captura-de-pantalla-2026-02-12-124945.jpg?fit=625%2C437&ssl=1&resize=525%2C300 1.5x"},"classes":[]},{"id":29766,"url":"https:\/\/larevistadigital.com.ar\/blog\/mar-del-plata-denuncian-ocupacion-ilegal-en-playas-publicas\/","url_meta":{"origin":23103,"position":5},"title":"MAR DEL PLATA: DENUNCIAN OCUPACI\u00d3N ILEGAL EN PLAYAS P\u00daBLICAS","author":"Alejandro Sosa Ruda","date":"16 enero, 2023","format":false,"excerpt":"Nuevamente sucede. lo denunci\u00f3 una vecina y abogada. 16 de enero de 2023 MAR DEL PLATA -\u00a0 La ocupaci\u00f3n ilegal de espacios de sombra en playas p\u00fablicas de Mar del Plata vuelve a ser noticia este verano. Esta vez, una vecina y abogada radic\u00f3 una denuncia penal tras indignarse por\u2026","rel":"","context":"En \u00abPOLICIALES\u00bb","block_context":{"text":"POLICIALES","link":"https:\/\/larevistadigital.com.ar\/blog\/category\/policiales\/"},"img":{"alt_text":"","src":"https:\/\/i0.wp.com\/larevistadigital.com.ar\/blog\/wp-content\/uploads\/Ocupacion-1024x768-1.jpg?fit=1024%2C768&ssl=1&resize=350%2C200","width":350,"height":200,"srcset":"https:\/\/i0.wp.com\/larevistadigital.com.ar\/blog\/wp-content\/uploads\/Ocupacion-1024x768-1.jpg?fit=1024%2C768&ssl=1&resize=350%2C200 1x, https:\/\/i0.wp.com\/larevistadigital.com.ar\/blog\/wp-content\/uploads\/Ocupacion-1024x768-1.jpg?fit=1024%2C768&ssl=1&resize=525%2C300 1.5x, https:\/\/i0.wp.com\/larevistadigital.com.ar\/blog\/wp-content\/uploads\/Ocupacion-1024x768-1.jpg?fit=1024%2C768&ssl=1&resize=700%2C400 2x"},"classes":[]}],"_links":{"self":[{"href":"https:\/\/larevistadigital.com.ar\/blog\/wp-json\/wp\/v2\/posts\/23103","targetHints":{"allow":["GET"]}}],"collection":[{"href":"https:\/\/larevistadigital.com.ar\/blog\/wp-json\/wp\/v2\/posts"}],"about":[{"href":"https:\/\/larevistadigital.com.ar\/blog\/wp-json\/wp\/v2\/types\/post"}],"author":[{"embeddable":true,"href":"https:\/\/larevistadigital.com.ar\/blog\/wp-json\/wp\/v2\/users\/3"}],"replies":[{"embeddable":true,"href":"https:\/\/larevistadigital.com.ar\/blog\/wp-json\/wp\/v2\/comments?post=23103"}],"version-history":[{"count":1,"href":"https:\/\/larevistadigital.com.ar\/blog\/wp-json\/wp\/v2\/posts\/23103\/revisions"}],"predecessor-version":[{"id":23105,"href":"https:\/\/larevistadigital.com.ar\/blog\/wp-json\/wp\/v2\/posts\/23103\/revisions\/23105"}],"wp:featuredmedia":[{"embeddable":true,"href":"https:\/\/larevistadigital.com.ar\/blog\/wp-json\/wp\/v2\/media\/23104"}],"wp:attachment":[{"href":"https:\/\/larevistadigital.com.ar\/blog\/wp-json\/wp\/v2\/media?parent=23103"}],"wp:term":[{"taxonomy":"category","embeddable":true,"href":"https:\/\/larevistadigital.com.ar\/blog\/wp-json\/wp\/v2\/categories?post=23103"},{"taxonomy":"post_tag","embeddable":true,"href":"https:\/\/larevistadigital.com.ar\/blog\/wp-json\/wp\/v2\/tags?post=23103"}],"curies":[{"name":"wp","href":"https:\/\/api.w.org\/{rel}","templated":true}]}}