{"id":23108,"date":"2021-12-29T23:34:12","date_gmt":"2021-12-29T23:34:12","guid":{"rendered":"https:\/\/larevistadigital.com.ar\/blog\/?p=23108"},"modified":"2021-12-29T23:34:12","modified_gmt":"2021-12-29T23:34:12","slug":"murio-electrocutado-cuando-cortaba-el-pasto-lo-encontro-su-novia","status":"publish","type":"post","link":"https:\/\/larevistadigital.com.ar\/blog\/murio-electrocutado-cuando-cortaba-el-pasto-lo-encontro-su-novia\/","title":{"rendered":"MURI\u00d3 ELECTROCUTADO  CUANDO CORTABA EL PASTO. LO ENCONTR\u00d3 SU NOVIA"},"content":{"rendered":"<h2 class=\"intro\">Sucedi\u00f3 en la tarde de este mi\u00e9rcoles. La v\u00edctima de 27 a\u00f1os fue hallada por su novia.<\/h2>\n<p><strong>MAR DEL PLATA &#8211;<\/strong>\u00a0 Un <strong>joven de 27 a\u00f1os\u00a0<\/strong>que estaba cortando el c\u00e9sped muri\u00f3 esta tarde tras recibir una descarga el\u00e9ctrica. Si bien fue trasladado al<strong>\u00a0centro de salud del barrio Ameghino<\/strong>, los profesionales confirmaron el deceso.<\/p>\n<blockquote>\n<h3>El hecho qued\u00f3 al descubierto cuando una chica de 19 a\u00f1os fue a la casa de su pareja en Balerdi al 1900. Al llegar lo vio desvanecido en el pasto al lado de la m\u00e1quina con la que lo estaba cortando y al tocarlo recibi\u00f3 una descarga el\u00e9ctrica.<\/h3>\n<\/blockquote>\n<p>La muerte fue descubierta por la pareja de la v\u00edctima, <strong>Dami\u00e1n Vel\u00e1zquez<\/strong> (27), cuando al levantarse de dormir la siesta se encontr\u00f3 con la lamentable escena. La mujer se acerc\u00f3 a ayudarlo pero tambi\u00e9n recibi\u00f3 una descarga el\u00e9ctrica, por lo cual atin\u00f3 a desconectar la cortadora de c\u00e9sped y llamar a un hermano.<\/p>\n<blockquote>\n<h3>Las actuaciones fueron remitidas a la fiscal\u00eda en turno a cargo de Florencia Salas que dispuso la formaci\u00f3n de una causa por averiguaci\u00f3n de causales de muerte.<\/h3>\n<\/blockquote>\n","protected":false},"excerpt":{"rendered":"<div class=\"mh-excerpt\"><p>Sucedi\u00f3 en la tarde de este mi\u00e9rcoles. La v\u00edctima de 27 a\u00f1os fue hallada por su novia. MAR DEL PLATA &#8211;\u00a0 Un joven de 27 a\u00f1os\u00a0que estaba cortando el c\u00e9sped muri\u00f3 esta tarde tras recibir <a class=\"mh-excerpt-more\" href=\"https:\/\/larevistadigital.com.ar\/blog\/murio-electrocutado-cuando-cortaba-el-pasto-lo-encontro-su-novia\/\" title=\"MURI\u00d3 ELECTROCUTADO  CUANDO CORTABA EL PASTO. LO ENCONTR\u00d3 SU NOVIA\">[Leer M\u00e1s]<\/a><\/p>\n<\/div>","protected":false},"author":3,"featured_media":23109,"comment_status":"open","ping_status":"open","sticky":false,"template":"","format":"standard","meta":{"_jetpack_memberships_contains_paid_content":false,"footnotes":"","jetpack_publicize_message":"","jetpack_publicize_feature_enabled":true,"jetpack_social_post_already_shared":true,"jetpack_social_options":{"image_generator_settings":{"template":"highway","default_image_id":0,"font":"","enabled":false},"version":2}},"categories":[44,51],"tags":[],"class_list":{"0":"post-23108","1":"post","2":"type-post","3":"status-publish","4":"format-standard","5":"has-post-thumbnail","7":"category-policiales","8":"category-regionales"},"jetpack_publicize_connections":[],"jetpack_featured_media_url":"https:\/\/i0.wp.com\/larevistadigital.com.ar\/blog\/wp-content\/uploads\/Captura-de-pantalla-2021-12-29-203210.jpg?fit=1013%2C675&ssl=1","jetpack_sharing_enabled":true,"jetpack_shortlink":"https:\/\/wp.me\/p8qtrQ-60I","jetpack-related-posts":[{"id":33013,"url":"https:\/\/larevistadigital.com.ar\/blog\/un-nene-de-cinco-anos-sufrio-una-descarga-electrica-mientras-jugaba-en-una-plaza\/","url_meta":{"origin":23108,"position":0},"title":"UN NENE DE CINCO A\u00d1OS SUFRI\u00d3 UNA DESCARGA EL\u00c9CTRICA MIENTRAS JUGABA EN UNA PLAZA","author":"Alejandro Sosa Ruda","date":"26 agosto, 2023","format":false,"excerpt":"El peque\u00f1o termin\u00f3 con heridas en las dos manos y sus familiares lo llevaron al hospital. El peque\u00f1o estaba acompa\u00f1ado por sus primos cuando, al apoyar sus manos en un poste, recibi\u00f3 la descarga. 26 de agosto de 2023 BAH\u00cdA BLANCA -\u00a0 Un ni\u00f1o de 5 a\u00f1os fue hospitalizado el\u2026","rel":"","context":"En \u00abREGIONALES\u00bb","block_context":{"text":"REGIONALES","link":"https:\/\/larevistadigital.com.ar\/blog\/category\/regionales\/"},"img":{"alt_text":"","src":"https:\/\/i0.wp.com\/larevistadigital.com.ar\/blog\/wp-content\/uploads\/ambulancia-same.png?fit=806%2C432&ssl=1&resize=350%2C200","width":350,"height":200,"srcset":"https:\/\/i0.wp.com\/larevistadigital.com.ar\/blog\/wp-content\/uploads\/ambulancia-same.png?fit=806%2C432&ssl=1&resize=350%2C200 1x, https:\/\/i0.wp.com\/larevistadigital.com.ar\/blog\/wp-content\/uploads\/ambulancia-same.png?fit=806%2C432&ssl=1&resize=525%2C300 1.5x, https:\/\/i0.wp.com\/larevistadigital.com.ar\/blog\/wp-content\/uploads\/ambulancia-same.png?fit=806%2C432&ssl=1&resize=700%2C400 2x"},"classes":[]},{"id":18679,"url":"https:\/\/larevistadigital.com.ar\/blog\/joven-muere-electrocutado-mientras-cortaba-al-pasto\/","url_meta":{"origin":23108,"position":1},"title":"JOVEN MUERE ELECTROCUTADO MIENTRAS CORTABA AL PASTO","author":"Alejandro Sosa Ruda","date":"24 enero, 2021","format":false,"excerpt":"Si bien intentaron reanimarlo falleci\u00f3 pocos minutos despu\u00e9s de recibir la descarga. GENERAL MADARIAGA - Un joven de 22 a\u00f1os muri\u00f3 esta tarde luego de sufrir una descarga el\u00e9ctrica mientras cortaba el pasto. El hecho fue en una vivienda ubicada en inmediaciones de Chile y Colombia de la localidad de\u2026","rel":"","context":"En \u00abREGIONALES\u00bb","block_context":{"text":"REGIONALES","link":"https:\/\/larevistadigital.com.ar\/blog\/category\/regionales\/"},"img":{"alt_text":"","src":"https:\/\/i0.wp.com\/larevistadigital.com.ar\/blog\/wp-content\/uploads\/137c79aacd1e1a48ff0d312e8408097752016a8a.jpg?fit=1140%2C756&ssl=1&resize=350%2C200","width":350,"height":200,"srcset":"https:\/\/i0.wp.com\/larevistadigital.com.ar\/blog\/wp-content\/uploads\/137c79aacd1e1a48ff0d312e8408097752016a8a.jpg?fit=1140%2C756&ssl=1&resize=350%2C200 1x, https:\/\/i0.wp.com\/larevistadigital.com.ar\/blog\/wp-content\/uploads\/137c79aacd1e1a48ff0d312e8408097752016a8a.jpg?fit=1140%2C756&ssl=1&resize=525%2C300 1.5x, https:\/\/i0.wp.com\/larevistadigital.com.ar\/blog\/wp-content\/uploads\/137c79aacd1e1a48ff0d312e8408097752016a8a.jpg?fit=1140%2C756&ssl=1&resize=700%2C400 2x, https:\/\/i0.wp.com\/larevistadigital.com.ar\/blog\/wp-content\/uploads\/137c79aacd1e1a48ff0d312e8408097752016a8a.jpg?fit=1140%2C756&ssl=1&resize=1050%2C600 3x"},"classes":[]},{"id":25531,"url":"https:\/\/larevistadigital.com.ar\/blog\/la-plata-murio-una-chica-de-24-anos-tras-recibir-una-descarga-electrica-en-su-casa\/","url_meta":{"origin":23108,"position":2},"title":"LA PLATA: MURI\u00d3 UNA CHICA DE 24 A\u00d1OS TRAS RECIBIR UNA DESCARGA EL\u00c9CTRICA EN SU CASA","author":"Alejandro Sosa Ruda","date":"1 junio, 2022","format":false,"excerpt":"Ocurri\u00f3 el martes por la noche en una vivienda de Arturo Segu\u00ed. De acuerdo a fuentes policiales,\u00a0\"habr\u00eda tocado la llave el\u00e9ctrica al salir de ba\u00f1arse\". Una joven de 24 a\u00f1os muri\u00f3 durante las \u00faltimas horas tras recibir una descarga el\u00e9ctrica en su casa de Arturo Segu\u00ed. Seg\u00fan inform\u00f3 el portal\u2026","rel":"","context":"En \u00abPOLICIALES\u00bb","block_context":{"text":"POLICIALES","link":"https:\/\/larevistadigital.com.ar\/blog\/category\/policiales\/"},"img":{"alt_text":"","src":"https:\/\/i0.wp.com\/larevistadigital.com.ar\/blog\/wp-content\/uploads\/1654110107417.jpg?fit=1200%2C594&ssl=1&resize=350%2C200","width":350,"height":200,"srcset":"https:\/\/i0.wp.com\/larevistadigital.com.ar\/blog\/wp-content\/uploads\/1654110107417.jpg?fit=1200%2C594&ssl=1&resize=350%2C200 1x, https:\/\/i0.wp.com\/larevistadigital.com.ar\/blog\/wp-content\/uploads\/1654110107417.jpg?fit=1200%2C594&ssl=1&resize=525%2C300 1.5x, https:\/\/i0.wp.com\/larevistadigital.com.ar\/blog\/wp-content\/uploads\/1654110107417.jpg?fit=1200%2C594&ssl=1&resize=700%2C400 2x, https:\/\/i0.wp.com\/larevistadigital.com.ar\/blog\/wp-content\/uploads\/1654110107417.jpg?fit=1200%2C594&ssl=1&resize=1050%2C600 3x"},"classes":[]},{"id":19727,"url":"https:\/\/larevistadigital.com.ar\/blog\/coloco-alambre-electrificado-para-proteger-sus-plantas-de-marihuana-murio-electrocutado\/","url_meta":{"origin":23108,"position":3},"title":"COLOC\u00d3 ALAMBRE ELECTRIFICADO PARA PROTEGER SUS PLANTAS DE MARIHUANA. MURI\u00d3 ELECTROCUTADO","author":"Alejandro Sosa Ruda","date":"19 abril, 2021","format":false,"excerpt":"El hecho ocurri\u00f3 en una vivienda del barrio General San Mart\u00edn. Dos amigos de la v\u00edctima lo cargaron en una camioneta para llevarlo a un centro asistencial, pero no pudieron salvarlo. MAR DEL PLATA - Un tr\u00e1gico episodio se produjo el domingo por la noche en una vivienda del\u00a0barrio General\u2026","rel":"","context":"En \u00abPOLICIALES\u00bb","block_context":{"text":"POLICIALES","link":"https:\/\/larevistadigital.com.ar\/blog\/category\/policiales\/"},"img":{"alt_text":"","src":"https:\/\/i0.wp.com\/larevistadigital.com.ar\/blog\/wp-content\/uploads\/PLANTAS-SECUESTRADAS.png?fit=1000%2C565&ssl=1&resize=350%2C200","width":350,"height":200,"srcset":"https:\/\/i0.wp.com\/larevistadigital.com.ar\/blog\/wp-content\/uploads\/PLANTAS-SECUESTRADAS.png?fit=1000%2C565&ssl=1&resize=350%2C200 1x, https:\/\/i0.wp.com\/larevistadigital.com.ar\/blog\/wp-content\/uploads\/PLANTAS-SECUESTRADAS.png?fit=1000%2C565&ssl=1&resize=525%2C300 1.5x, https:\/\/i0.wp.com\/larevistadigital.com.ar\/blog\/wp-content\/uploads\/PLANTAS-SECUESTRADAS.png?fit=1000%2C565&ssl=1&resize=700%2C400 2x"},"classes":[]},{"id":23522,"url":"https:\/\/larevistadigital.com.ar\/blog\/la-plata-nene-de-2-anos-murio-electrocutado\/","url_meta":{"origin":23108,"position":4},"title":"LA PLATA: NENE DE 2 A\u00d1OS MURI\u00d3 ELECTROCUTADO","author":"Alejandro Sosa Ruda","date":"22 enero, 2022","format":false,"excerpt":"En medio de la desesperaci\u00f3n, la criatura fue trasladada de urgencia a un centro de atenci\u00f3n primaria para reanimarlo pero no pudieron. LA PLATA -\u00a0 En las \u00faltimas horas se conoci\u00f3 que un nene de dos a\u00f1os de La Plata falleci\u00f3 luego de sufrir una descarga el\u00e9ctrica en su casa.\u2026","rel":"","context":"En \u00abREGIONALES\u00bb","block_context":{"text":"REGIONALES","link":"https:\/\/larevistadigital.com.ar\/blog\/category\/regionales\/"},"img":{"alt_text":"","src":"https:\/\/i0.wp.com\/larevistadigital.com.ar\/blog\/wp-content\/uploads\/image.png?fit=912%2C422&ssl=1&resize=350%2C200","width":350,"height":200,"srcset":"https:\/\/i0.wp.com\/larevistadigital.com.ar\/blog\/wp-content\/uploads\/image.png?fit=912%2C422&ssl=1&resize=350%2C200 1x, https:\/\/i0.wp.com\/larevistadigital.com.ar\/blog\/wp-content\/uploads\/image.png?fit=912%2C422&ssl=1&resize=525%2C300 1.5x, https:\/\/i0.wp.com\/larevistadigital.com.ar\/blog\/wp-content\/uploads\/image.png?fit=912%2C422&ssl=1&resize=700%2C400 2x"},"classes":[]},{"id":12384,"url":"https:\/\/larevistadigital.com.ar\/blog\/horror-hombre-degollo-a-su-ex-novia-y-los-vecinos-casi-lo-linchan\/","url_meta":{"origin":23108,"position":5},"title":"HORROR: HOMBRE DEGOLL\u00d3 A SU EX NOVIA, Y LOS VECINOS CASI LO LINCHAN","author":"Alejandro Sosa Ruda","date":"30 septiembre, 2019","format":false,"excerpt":"Un hombre de nacionalidad paraguaya mat\u00f3 a su ex pareja, Miriam Adela Portillo,\u00a0de 39 a\u00f1os. Despu\u00e9s, fue atacado por familiares de la v\u00edctima y vecinos del lugar. El femicida fue trasladado al Hospital Mi Pueblo donde constataron que presenta hundimiento de cr\u00e1neo.\u00a0 El caso conmociona a todo Florencio Varela. Una\u2026","rel":"","context":"En \u00abINTERES GENERAL\u00bb","block_context":{"text":"INTERES GENERAL","link":"https:\/\/larevistadigital.com.ar\/blog\/category\/interes-general\/"},"img":{"alt_text":"","src":"https:\/\/i0.wp.com\/larevistadigital.com.ar\/blog\/wp-content\/uploads\/0023097206.jpg?fit=1030%2C474&ssl=1&resize=350%2C200","width":350,"height":200,"srcset":"https:\/\/i0.wp.com\/larevistadigital.com.ar\/blog\/wp-content\/uploads\/0023097206.jpg?fit=1030%2C474&ssl=1&resize=350%2C200 1x, https:\/\/i0.wp.com\/larevistadigital.com.ar\/blog\/wp-content\/uploads\/0023097206.jpg?fit=1030%2C474&ssl=1&resize=525%2C300 1.5x, https:\/\/i0.wp.com\/larevistadigital.com.ar\/blog\/wp-content\/uploads\/0023097206.jpg?fit=1030%2C474&ssl=1&resize=700%2C400 2x"},"classes":[]}],"_links":{"self":[{"href":"https:\/\/larevistadigital.com.ar\/blog\/wp-json\/wp\/v2\/posts\/23108","targetHints":{"allow":["GET"]}}],"collection":[{"href":"https:\/\/larevistadigital.com.ar\/blog\/wp-json\/wp\/v2\/posts"}],"about":[{"href":"https:\/\/larevistadigital.com.ar\/blog\/wp-json\/wp\/v2\/types\/post"}],"author":[{"embeddable":true,"href":"https:\/\/larevistadigital.com.ar\/blog\/wp-json\/wp\/v2\/users\/3"}],"replies":[{"embeddable":true,"href":"https:\/\/larevistadigital.com.ar\/blog\/wp-json\/wp\/v2\/comments?post=23108"}],"version-history":[{"count":1,"href":"https:\/\/larevistadigital.com.ar\/blog\/wp-json\/wp\/v2\/posts\/23108\/revisions"}],"predecessor-version":[{"id":23110,"href":"https:\/\/larevistadigital.com.ar\/blog\/wp-json\/wp\/v2\/posts\/23108\/revisions\/23110"}],"wp:featuredmedia":[{"embeddable":true,"href":"https:\/\/larevistadigital.com.ar\/blog\/wp-json\/wp\/v2\/media\/23109"}],"wp:attachment":[{"href":"https:\/\/larevistadigital.com.ar\/blog\/wp-json\/wp\/v2\/media?parent=23108"}],"wp:term":[{"taxonomy":"category","embeddable":true,"href":"https:\/\/larevistadigital.com.ar\/blog\/wp-json\/wp\/v2\/categories?post=23108"},{"taxonomy":"post_tag","embeddable":true,"href":"https:\/\/larevistadigital.com.ar\/blog\/wp-json\/wp\/v2\/tags?post=23108"}],"curies":[{"name":"wp","href":"https:\/\/api.w.org\/{rel}","templated":true}]}}