{"id":23117,"date":"2021-12-30T11:38:06","date_gmt":"2021-12-30T11:38:06","guid":{"rendered":"https:\/\/larevistadigital.com.ar\/blog\/?p=23117"},"modified":"2021-12-30T11:38:06","modified_gmt":"2021-12-30T11:38:06","slug":"chascomus-el-municipio-prepara-cambios-en-su-gabinete-aca-lo-que-se-dice","status":"publish","type":"post","link":"https:\/\/larevistadigital.com.ar\/blog\/chascomus-el-municipio-prepara-cambios-en-su-gabinete-aca-lo-que-se-dice\/","title":{"rendered":"CHASCOM\u00daS: EL MUNICIPIO PREPARA CAMBIOS EN SU GABINETE&#8230; (AC\u00c1 LO QUE SE DICE&#8230;)"},"content":{"rendered":"<h2>Parece que Javier Gast\u00f3n planea arrancar el nuevo a\u00f1o con algunas modificaciones dentro de su gabinete. Ac\u00e1, mencionamos algunas que se comentan en voz baja como posibles.<\/h2>\n<p><strong>CHASCOM\u00daS &#8211;\u00a0<\/strong> Luego de un a\u00f1o complicado para el oficialismo en Chascom\u00fas, parece que finalmente el intendente<strong> Javier Gast\u00f3n<\/strong> decidi\u00f3 tomar cartas en el asunto, y remover o cambiar algunos funcionarios que hace tiempo dejaron en evidencia que no \u00abdaban la talla\u00bb.<\/p>\n<p>Hoy se puede dar por casi seguro que uno de los Secretarios que lleg\u00f3 a su \u00abvencimiento\u00bb fue el pol\u00e9mico encargado de la seguridad en la ciudad. Evidentemente, <strong>Lucas Funes<\/strong> no encontr\u00f3 su lugar en la secretar\u00eda que provoc\u00f3 (junto a salud), m\u00e1s quejas y reclamos por parte de los vecinos. Hizo agua, en pr\u00e1cticamente todo lo inherente a la seguridad, y al manejo del Monitoreo local. Tambi\u00e9n comparando con la anterior gesti\u00f3n, la gesti\u00f3n en seguridad urbana, se fue para atr\u00e1s, tanto en cantidad, como en calidad de los operativos que parec\u00edan empezar a cambiar los malos h\u00e1bitos en el tr\u00e1nsito, como por ejemplo el uso del casco.<\/p>\n<blockquote>\n<h3>\u00bfRespecto de su futuro? se habla que <strong>Funes<\/strong> ocupar\u00eda el lugar de secretario del Intendente, y que quien hoy lo ocupa, <strong>Claudio Ortega<\/strong>, retornar\u00eda a su rol de concejal.<\/h3>\n<\/blockquote>\n<p>Adem\u00e1s, se habla de una mujer, como reemplazante de Funes, mencionando a <strong>Mariela Moscarella<\/strong> como la tercera persona desde la asunci\u00f3n de <strong>Gast\u00f3n<\/strong> en el cargo de Intendente que ocupe el sill\u00f3n caliente de la Secretar\u00eda de Seguridad Local.<\/p>\n<p>Otro que retornar\u00eda a la gesti\u00f3n, ser\u00eda el ex Secretario de Obras y Servicios, <strong>Alejandro Arias<\/strong>. <strong>Arias<\/strong> hab\u00eda sido reemplazado por <strong>Sebasti\u00e1n Placenabe<\/strong>, quien ahora, ser\u00eda reemplazado por <strong>Arias<\/strong>, lo que seg\u00fan cuentan, habr\u00eda provocado una fort\u00edsima pelea en Obras,\u00a0 que pudo pasar a mayores. Mencionan que <strong>Arias<\/strong> se fue del cargo, porque se le venci\u00f3 la licencia en su trabajo en provincia, y que necesit\u00f3 volver al mismo. Hoy, luego de dos a\u00f1os, estar\u00eda en condiciones de reintegrarse a la tropa de <strong>Gast\u00f3n<\/strong>, sin problemas con su \u00abotro trabajo\u00bb.<\/p>\n<p>Nuevo a\u00f1o, nuevas y viejas caras, y personal que se recicla. \u00bfSer\u00e1 as\u00ed?<\/p>\n","protected":false},"excerpt":{"rendered":"<div class=\"mh-excerpt\"><p>Parece que Javier Gast\u00f3n planea arrancar el nuevo a\u00f1o con algunas modificaciones dentro de su gabinete. Ac\u00e1, mencionamos algunas que se comentan en voz baja como posibles. CHASCOM\u00daS &#8211;\u00a0 Luego de un a\u00f1o complicado para <a class=\"mh-excerpt-more\" href=\"https:\/\/larevistadigital.com.ar\/blog\/chascomus-el-municipio-prepara-cambios-en-su-gabinete-aca-lo-que-se-dice\/\" title=\"CHASCOM\u00daS: EL MUNICIPIO PREPARA CAMBIOS EN SU GABINETE&#8230; (AC\u00c1 LO QUE SE DICE&#8230;)\">[Leer M\u00e1s]<\/a><\/p>\n<\/div>","protected":false},"author":3,"featured_media":7072,"comment_status":"open","ping_status":"open","sticky":false,"template":"","format":"standard","meta":{"_jetpack_memberships_contains_paid_content":false,"footnotes":"","jetpack_publicize_message":"","jetpack_publicize_feature_enabled":true,"jetpack_social_post_already_shared":true,"jetpack_social_options":{"image_generator_settings":{"template":"highway","default_image_id":0,"font":"","enabled":false},"version":2}},"categories":[50,23],"tags":[],"class_list":{"0":"post-23117","1":"post","2":"type-post","3":"status-publish","4":"format-standard","5":"has-post-thumbnail","7":"category-interes-general","8":"category-politica-local"},"jetpack_publicize_connections":[],"jetpack_featured_media_url":"https:\/\/i0.wp.com\/larevistadigital.com.ar\/blog\/wp-content\/uploads\/2018\/11\/gaston-800x445.jpg?fit=800%2C445&ssl=1","jetpack_sharing_enabled":true,"jetpack_shortlink":"https:\/\/wp.me\/p8qtrQ-60R","jetpack-related-posts":[{"id":13289,"url":"https:\/\/larevistadigital.com.ar\/blog\/santiago-muscarello-deja-la-secretaria-de-seguridad\/","url_meta":{"origin":23117,"position":0},"title":"SANTIAGO MUSCARELLO DEJA LA SECRETAR\u00cdA DE SEGURIDAD","author":"Alejandro Sosa Ruda","date":"20 noviembre, 2019","format":false,"excerpt":"Luego de que se comentara en los corrillos del municipio, tuvimos la posibilidad de confirmar que el Secretario de Seguridad de Chascom\u00fas, Santiago Muscarello, dejar\u00e1 su cargo en el gobierno de Javier Gast\u00f3n. Muscarello, ha sido probablemente el que tom\u00f3 el lugar m\u00e1s complicado y pol\u00e9mico del gabinete de Gast\u00f3n,\u2026","rel":"","context":"En \u00abCHASCOM\u00daS\u00bb","block_context":{"text":"CHASCOM\u00daS","link":"https:\/\/larevistadigital.com.ar\/blog\/category\/chascomus\/"},"img":{"alt_text":"","src":"https:\/\/i0.wp.com\/larevistadigital.com.ar\/blog\/wp-content\/uploads\/13048224_112024182536057_8330470218689631906_o-1.jpg?fit=960%2C575&ssl=1&resize=350%2C200","width":350,"height":200,"srcset":"https:\/\/i0.wp.com\/larevistadigital.com.ar\/blog\/wp-content\/uploads\/13048224_112024182536057_8330470218689631906_o-1.jpg?fit=960%2C575&ssl=1&resize=350%2C200 1x, https:\/\/i0.wp.com\/larevistadigital.com.ar\/blog\/wp-content\/uploads\/13048224_112024182536057_8330470218689631906_o-1.jpg?fit=960%2C575&ssl=1&resize=525%2C300 1.5x, https:\/\/i0.wp.com\/larevistadigital.com.ar\/blog\/wp-content\/uploads\/13048224_112024182536057_8330470218689631906_o-1.jpg?fit=960%2C575&ssl=1&resize=700%2C400 2x"},"classes":[]},{"id":21214,"url":"https:\/\/larevistadigital.com.ar\/blog\/cambios-en-el-gabinete-de-gaston-volveria-santiago-muscarello-como-secretario-de-seguridad-a-donde-iria-lucas-funes\/","url_meta":{"origin":23117,"position":1},"title":"\u00bfCAMBIOS EN EL GABINETE DE GAST\u00d3N? \u00bfVOLVER\u00cdA SANTIAGO MUSCARELLO COMO SECRETARIO DE SEGURIDAD? \u00bfA D\u00d3NDE IR\u00cdA LUCAS FUNES?","author":"Alejandro Sosa Ruda","date":"21 julio, 2021","format":false,"excerpt":"CHASCOM\u00daS - En el fragor de las compulsas, roscas e idas y vueltas de la pol\u00edtica a una semana del cierre de listas, son muchos los rumores, y trascendidos que se pueden escuchar en todas las ciudades, y Chascom\u00fas no es la excepci\u00f3n. En ese sentido, hay nombres que se\u2026","rel":"","context":"En \u00abDESTACADAS\u00bb","block_context":{"text":"DESTACADAS","link":"https:\/\/larevistadigital.com.ar\/blog\/category\/destacadas\/"},"img":{"alt_text":"","src":"https:\/\/i0.wp.com\/larevistadigital.com.ar\/blog\/wp-content\/uploads\/SANTIAGO-SEC-SEGURIDAD.jpg?fit=900%2C1093&ssl=1&resize=350%2C200","width":350,"height":200,"srcset":"https:\/\/i0.wp.com\/larevistadigital.com.ar\/blog\/wp-content\/uploads\/SANTIAGO-SEC-SEGURIDAD.jpg?fit=900%2C1093&ssl=1&resize=350%2C200 1x, https:\/\/i0.wp.com\/larevistadigital.com.ar\/blog\/wp-content\/uploads\/SANTIAGO-SEC-SEGURIDAD.jpg?fit=900%2C1093&ssl=1&resize=525%2C300 1.5x, https:\/\/i0.wp.com\/larevistadigital.com.ar\/blog\/wp-content\/uploads\/SANTIAGO-SEC-SEGURIDAD.jpg?fit=900%2C1093&ssl=1&resize=700%2C400 2x"},"classes":[]},{"id":13598,"url":"https:\/\/larevistadigital.com.ar\/blog\/chascomus-asumieron-los-nuevos-concejales-con-la-presencia-del-intendente-y-su-gabinete\/","url_meta":{"origin":23117,"position":2},"title":"CHASCOM\u00daS: ASUMIERON LOS NUEVOS CONCEJALES CON LA PRESENCIA DEL INTENDENTE Y SU GABINETE","author":"Alejandro Sosa Ruda","date":"10 diciembre, 2019","format":false,"excerpt":"Esta ma\u00f1ana, en el marco de celebrarse 36 a\u00f1os de la Restauraci\u00f3n de la Democracia, el Intendente Municipal se hizo presente en el Honorable Concejo Deliberante para compartir la sesi\u00f3n de despedida de los concejales salientes y de asunci\u00f3n de los entrantes. Como lo adelant\u00f3 La Revista Digital, fue elegido\u2026","rel":"","context":"En \u00abCHASCOM\u00daS\u00bb","block_context":{"text":"CHASCOM\u00daS","link":"https:\/\/larevistadigital.com.ar\/blog\/category\/chascomus\/"},"img":{"alt_text":"","src":"https:\/\/i0.wp.com\/larevistadigital.com.ar\/blog\/wp-content\/uploads\/80365766_2855415971145936_5407380846619394048_o.jpg?fit=1200%2C800&ssl=1&resize=350%2C200","width":350,"height":200,"srcset":"https:\/\/i0.wp.com\/larevistadigital.com.ar\/blog\/wp-content\/uploads\/80365766_2855415971145936_5407380846619394048_o.jpg?fit=1200%2C800&ssl=1&resize=350%2C200 1x, https:\/\/i0.wp.com\/larevistadigital.com.ar\/blog\/wp-content\/uploads\/80365766_2855415971145936_5407380846619394048_o.jpg?fit=1200%2C800&ssl=1&resize=525%2C300 1.5x, https:\/\/i0.wp.com\/larevistadigital.com.ar\/blog\/wp-content\/uploads\/80365766_2855415971145936_5407380846619394048_o.jpg?fit=1200%2C800&ssl=1&resize=700%2C400 2x, https:\/\/i0.wp.com\/larevistadigital.com.ar\/blog\/wp-content\/uploads\/80365766_2855415971145936_5407380846619394048_o.jpg?fit=1200%2C800&ssl=1&resize=1050%2C600 3x"},"classes":[]},{"id":38362,"url":"https:\/\/larevistadigital.com.ar\/blog\/javier-gaston-se-reunio-con-autoridades-del-ministerio-de-asuntos-exteriores-espanol\/","url_meta":{"origin":23117,"position":3},"title":"Javier Gast\u00f3n se reuni\u00f3 con autoridades del Ministerio de Asuntos Exteriores espa\u00f1ol","author":"Alejandro Sosa Ruda","date":"21 diciembre, 2024","format":false,"excerpt":"En el marco de su gira institucional, el intendente llev\u00f3 adelante una serie de reuniones en Madrid, Espa\u00f1a. 21 de Diciembre de 2024 CHASCOM\u00daS -\u00a0 El intendente Javier Gast\u00f3n dialog\u00f3 con Luis S\u00e1nchez-Vellisco, integrante del gabinete del ministro de Asuntos Exteriores, Uni\u00f3n Europea y Cooperaci\u00f3n del gobierno espa\u00f1ol, a quien\u2026","rel":"","context":"En \u00abCHASCOM\u00daS\u00bb","block_context":{"text":"CHASCOM\u00daS","link":"https:\/\/larevistadigital.com.ar\/blog\/category\/chascomus\/"},"img":{"alt_text":"","src":"https:\/\/i0.wp.com\/larevistadigital.com.ar\/blog\/wp-content\/uploads\/6765cd5092a79.png?fit=668%2C445&ssl=1&resize=350%2C200","width":350,"height":200,"srcset":"https:\/\/i0.wp.com\/larevistadigital.com.ar\/blog\/wp-content\/uploads\/6765cd5092a79.png?fit=668%2C445&ssl=1&resize=350%2C200 1x, https:\/\/i0.wp.com\/larevistadigital.com.ar\/blog\/wp-content\/uploads\/6765cd5092a79.png?fit=668%2C445&ssl=1&resize=525%2C300 1.5x"},"classes":[]},{"id":44415,"url":"https:\/\/larevistadigital.com.ar\/blog\/chascomus-inicio-del-ciclo-lectivo-en-la-escuela-secundaria-municipal-eloisa-gonzalez-de-soler\/","url_meta":{"origin":23117,"position":4},"title":"Chascom\u00fas: Inicio del ciclo lectivo en la Escuela Secundaria Municipal \u201cElo\u00edsa Gonz\u00e1lez de Soler\u201d","author":"Alejandro Sosa Ruda","date":"9 marzo, 2026","format":false,"excerpt":"El intendente Javier Gast\u00f3n particip\u00f3 del acto realizado en el establecimiento del acceso norte. 09 de marzo2026 CHASCOM\u00daS -\u00a0 \u00a0Este lunes comenz\u00f3 el ciclo lectivo en la Escuela Secundaria Municipal \u201cElo\u00edsa Gonz\u00e1lez de Soler\u201d, ubicada en la intersecci\u00f3n de Juli\u00e1n Quintana y 25 de Mayo, en el acceso norte de\u2026","rel":"","context":"En \u00abCHASCOM\u00daS\u00bb","block_context":{"text":"CHASCOM\u00daS","link":"https:\/\/larevistadigital.com.ar\/blog\/category\/chascomus\/"},"img":{"alt_text":"","src":"https:\/\/i0.wp.com\/larevistadigital.com.ar\/blog\/wp-content\/uploads\/69af0a7cafd12.png?fit=668%2C445&ssl=1&resize=350%2C200","width":350,"height":200,"srcset":"https:\/\/i0.wp.com\/larevistadigital.com.ar\/blog\/wp-content\/uploads\/69af0a7cafd12.png?fit=668%2C445&ssl=1&resize=350%2C200 1x, https:\/\/i0.wp.com\/larevistadigital.com.ar\/blog\/wp-content\/uploads\/69af0a7cafd12.png?fit=668%2C445&ssl=1&resize=525%2C300 1.5x"},"classes":[]},{"id":6125,"url":"https:\/\/larevistadigital.com.ar\/blog\/destacable-gesto-del-intendente-de-chascomus-javier-gaston-y-su-bloque-de-concejales\/","url_meta":{"origin":23117,"position":5},"title":"DESTACABLE GESTO DEL INTENDENTE DE CHASCOM\u00daS, JAVIER GAST\u00d3N Y SU BLOQUE DE CONCEJALES","author":"Alejandro Sosa Ruda","date":"3 agosto, 2018","format":false,"excerpt":"El intendente de Chascom\u00fas, Javier Gast\u00f3n y el bloque de concejales de Unidad por Chascom\u00fas, se hicieron presentes en el Congreso Nacional a efectos de apoyar a los Bomberos Voluntarios de la ciudad y el pa\u00eds en su reclamo para que no se quiten los subsidios para el equipamiento y\u2026","rel":"","context":"En \u00abCHASCOM\u00daS\u00bb","block_context":{"text":"CHASCOM\u00daS","link":"https:\/\/larevistadigital.com.ar\/blog\/category\/chascomus\/"},"img":{"alt_text":"","src":"https:\/\/i0.wp.com\/larevistadigital.com.ar\/blog\/wp-content\/uploads\/2018\/08\/Screenshot_1.jpg?fit=670%2C556&ssl=1&resize=350%2C200","width":350,"height":200,"srcset":"https:\/\/i0.wp.com\/larevistadigital.com.ar\/blog\/wp-content\/uploads\/2018\/08\/Screenshot_1.jpg?fit=670%2C556&ssl=1&resize=350%2C200 1x, https:\/\/i0.wp.com\/larevistadigital.com.ar\/blog\/wp-content\/uploads\/2018\/08\/Screenshot_1.jpg?fit=670%2C556&ssl=1&resize=525%2C300 1.5x"},"classes":[]}],"_links":{"self":[{"href":"https:\/\/larevistadigital.com.ar\/blog\/wp-json\/wp\/v2\/posts\/23117","targetHints":{"allow":["GET"]}}],"collection":[{"href":"https:\/\/larevistadigital.com.ar\/blog\/wp-json\/wp\/v2\/posts"}],"about":[{"href":"https:\/\/larevistadigital.com.ar\/blog\/wp-json\/wp\/v2\/types\/post"}],"author":[{"embeddable":true,"href":"https:\/\/larevistadigital.com.ar\/blog\/wp-json\/wp\/v2\/users\/3"}],"replies":[{"embeddable":true,"href":"https:\/\/larevistadigital.com.ar\/blog\/wp-json\/wp\/v2\/comments?post=23117"}],"version-history":[{"count":2,"href":"https:\/\/larevistadigital.com.ar\/blog\/wp-json\/wp\/v2\/posts\/23117\/revisions"}],"predecessor-version":[{"id":23124,"href":"https:\/\/larevistadigital.com.ar\/blog\/wp-json\/wp\/v2\/posts\/23117\/revisions\/23124"}],"wp:featuredmedia":[{"embeddable":true,"href":"https:\/\/larevistadigital.com.ar\/blog\/wp-json\/wp\/v2\/media\/7072"}],"wp:attachment":[{"href":"https:\/\/larevistadigital.com.ar\/blog\/wp-json\/wp\/v2\/media?parent=23117"}],"wp:term":[{"taxonomy":"category","embeddable":true,"href":"https:\/\/larevistadigital.com.ar\/blog\/wp-json\/wp\/v2\/categories?post=23117"},{"taxonomy":"post_tag","embeddable":true,"href":"https:\/\/larevistadigital.com.ar\/blog\/wp-json\/wp\/v2\/tags?post=23117"}],"curies":[{"name":"wp","href":"https:\/\/api.w.org\/{rel}","templated":true}]}}