{"id":2320,"date":"2017-05-18T14:52:32","date_gmt":"2017-05-18T14:52:32","guid":{"rendered":"https:\/\/larevistadigital.com.ar\/blog\/?p=2320"},"modified":"2017-05-18T15:03:23","modified_gmt":"2017-05-18T15:03:23","slug":"alarmante-estafa-politica-gran-cantidad-de-casos-en-chascomus-de-afiliaciones-partidarias-sin-consentimiento","status":"publish","type":"post","link":"https:\/\/larevistadigital.com.ar\/blog\/alarmante-estafa-politica-gran-cantidad-de-casos-en-chascomus-de-afiliaciones-partidarias-sin-consentimiento\/","title":{"rendered":"ALARMANTE ESTAFA POL\u00cdTICA: GRAN CANTIDAD DE CASOS EN CHASCOM\u00daS DE AFILIACIONES PARTIDARIAS SIN CONSENTIMIENTO"},"content":{"rendered":"<p>Numerosos vecinos de nuestra ciudad, se han llevado la ingrata sorpresa de enterarse, la mayor\u00eda de casualidad, que se encuentran afiliados a un partido pol\u00edtico sin haberlo solicitado.\u00a0 La sorpresa precede a la bronca, especialmente ante la impunidad del hecho que significa semejante atropello, que puede incluir para m\u00e1s de uno, problemas partidarios si es que\u00a0 participan activamente en alg\u00fan sector de la pol\u00edtica actual.<\/p>\n<blockquote>\n<h3>La bronca se incrementa al consultar en centros referentes como la Secretaria electoral de la Plata, o la Junta Nacional Electoral, que con ambig\u00fcedad y luego de mucha insistencia y varios llamados, apenas si pueden brindar informaci\u00f3n sobre el partido pol\u00edtico de la cuesti\u00f3n y de los procedimientos para la desafiliaci\u00f3n.<\/h3>\n<\/blockquote>\n<p>Brindaremos al lector, algunas herramientas que puede utilizar si su caso es el mencionado:<\/p>\n<p>1)\u00a0\u00a0\u00a0\u00a0 Debe consultar en la p\u00e1gina oficial del <strong>REGISTRO NACIONAL DE AFILIADOS A PARTIDOS POLITICOS <\/strong>si se encuentra afiliado o no.<\/p>\n<p>https:\/\/www.padron.gov.ar\/cne_afiliados\/<\/p>\n<p>2)\u00a0\u00a0\u00a0\u00a0 En caso de encontrarse afiliado y no haberlo solicitado, debe dirigirse al Correo Argentino y solicitar enviar un TELEGRAMA PARA DESAFILIACI\u00d3N. Este telegrama es gratuito. O dirigirse personalmente a la Secretar\u00eda Electoral de La plata (Calle 8 N\u00b0 925 &#8211; entre calle 50 y 51- con DNI original y fotocopia, donde el se\u00f1or Juan Pedro Leglise, jefe de despacho de la secci\u00f3n inhabilitados, solucionar\u00e1 el tema. O escribir a jflaplata.secelec.inhabilitados@pjn.gov.ar<\/p>\n<p>3)\u00a0\u00a0\u00a0\u00a0 Para m\u00e1s informaci\u00f3n sobre el partido pol\u00edtico que lo haya incorporado sin consentimiento, tambi\u00e9n hay que dirigirse tambi\u00e9n a la Secretar\u00eda Electoral de La Plata en forma personal dado que telef\u00f3nicamente no brindan datos (o lo hacen muy escuetamente).<\/p>\n<p style=\"text-align: center\"><strong>SEG\u00daN LA DIRECCI\u00d3N NACIONAL ELECTORAL, LAS SOLUCIONES SON:<\/strong><\/p>\n<p>1)\u00a0\u00a0\u00a0\u00a0\u00a0 Concurrir a la sucursal de Correo Argentino m\u00e1s pr\u00f3xima, y all\u00ed pedir el formulario de desafiliaci\u00f3n\u00a0 (gratuito el env\u00edo y el formulario). Debe aclarar en el mismo que es por \u201cfalsa afiliaci\u00f3n\u201d o \u201cafiliaci\u00f3n desleal\u201d a un partido pol\u00edtico.<\/p>\n<p>Le comentamos al lector que esto no es posible, dado que el texto ya viene impreso en el telegrama y dice: <strong>\u201cEN LOS TERMINOS DEL ARTICULO 25 QUATER DE LA LEY 23298, RENUNCIO COMO AFILIADO A CUALQUIER PARTIDO POLITICO EN QUE ESTUVIERA REGISTRADO A LA FECHA \u2026\u201d<\/strong> y se debe poner la fecha que en general es en la que se env\u00eda el telegrama.<\/p>\n<p>Esto trae como controversia, que desde la Junta electoral telef\u00f3nicamente comentan que la desafiliaci\u00f3n sin esta aclaraci\u00f3n, da como confirmada la previa afiliaci\u00f3n. Por lo cual, el ciudadano queda sin protecci\u00f3n frente a semejante atropello.<\/p>\n<p>2)\u00a0\u00a0\u00a0\u00a0\u00a0 Proponen que el afectado se comunique con el Juzgado Electoral de La Plata al\u00a0 (0221) 421-6376, mail: Jflaplata1@pjn.gov.ar y all\u00ed emitir la denuncia correspondiente, inici\u00e1ndose una causa de oficio porque es un delito la afiliaci\u00f3n compulsiva.<\/p>\n<p>https:\/\/www.padron.gov.ar\/cne_afiliados\/<\/p>\n<p><strong>EN BREVE INFORMAREMOS QUE PARTIDOS (ALGUNOS DE CHASCOM\u00daS) HAN INCURRIDO EN ESTE DELITO.\u00a0<\/strong><\/p>\n<p><strong>O ENTERATE ESCUCHANDO ESTE S\u00c1BADO ATAQUE DE RADIO EN LA FM 101.5<\/strong><\/p>\n","protected":false},"excerpt":{"rendered":"<div class=\"mh-excerpt\"><p>Numerosos vecinos de nuestra ciudad, se han llevado la ingrata sorpresa de enterarse, la mayor\u00eda de casualidad, que se encuentran afiliados a un partido pol\u00edtico sin haberlo solicitado.\u00a0 La sorpresa precede a la bronca, especialmente <a class=\"mh-excerpt-more\" href=\"https:\/\/larevistadigital.com.ar\/blog\/alarmante-estafa-politica-gran-cantidad-de-casos-en-chascomus-de-afiliaciones-partidarias-sin-consentimiento\/\" title=\"ALARMANTE ESTAFA POL\u00cdTICA: GRAN CANTIDAD DE CASOS EN CHASCOM\u00daS DE AFILIACIONES PARTIDARIAS SIN CONSENTIMIENTO\">[Leer M\u00e1s]<\/a><\/p>\n<\/div>","protected":false},"author":3,"featured_media":2323,"comment_status":"open","ping_status":"open","sticky":false,"template":"","format":"standard","meta":{"_jetpack_memberships_contains_paid_content":false,"footnotes":"","jetpack_publicize_message":"","jetpack_publicize_feature_enabled":true,"jetpack_social_post_already_shared":true,"jetpack_social_options":{"image_generator_settings":{"template":"highway","default_image_id":0,"font":"","enabled":false},"version":2}},"categories":[6,41,12,23],"tags":[],"class_list":{"0":"post-2320","1":"post","2":"type-post","3":"status-publish","4":"format-standard","5":"has-post-thumbnail","7":"category-chascomus","8":"category-destacadas","9":"category-politica","10":"category-politica-local"},"jetpack_publicize_connections":[],"jetpack_featured_media_url":"https:\/\/i0.wp.com\/larevistadigital.com.ar\/blog\/wp-content\/uploads\/2017\/05\/guardar-silencio.jpg?fit=618%2C418&ssl=1","jetpack_sharing_enabled":true,"jetpack_shortlink":"https:\/\/wp.me\/p8qtrQ-Bq","jetpack-related-posts":[{"id":44758,"url":"https:\/\/larevistadigital.com.ar\/blog\/incluye-imagenes-el-pj-de-chascomus-mostro-musculo-politico-unidad-militancia-y-un-nuevo-liderazgo-en-marcha\/","url_meta":{"origin":2320,"position":0},"title":"[Incluye imagenes] El PJ de Chascom\u00fas mostr\u00f3 m\u00fasculo pol\u00edtico: unidad, militancia y un nuevo liderazgo en marcha","author":"Alejandro Sosa Ruda","date":"28 marzo, 2026","format":false,"excerpt":"Con una sede colmada y clima de euforia, asumieron las nuevas autoridades del Partido Justicialista. \u201cCote\u201d Rossi llam\u00f3 a la participaci\u00f3n y a \u201ctrabajar por los que m\u00e1s lo necesitan\u201d. 28 de marzo de 2026 CHASCOM\u00daS -\u00a0 \u00a0El peronismo de Chascom\u00fas dio una se\u00f1al pol\u00edtica fuerte este viernes por la\u2026","rel":"","context":"En \u00abDESTACADAS\u00bb","block_context":{"text":"DESTACADAS","link":"https:\/\/larevistadigital.com.ar\/blog\/category\/destacadas\/"},"img":{"alt_text":"","src":"https:\/\/i0.wp.com\/larevistadigital.com.ar\/blog\/wp-content\/uploads\/87-scaled.jpg?fit=675%2C1200&ssl=1&resize=350%2C200","width":350,"height":200,"srcset":"https:\/\/i0.wp.com\/larevistadigital.com.ar\/blog\/wp-content\/uploads\/87-scaled.jpg?fit=675%2C1200&ssl=1&resize=350%2C200 1x, https:\/\/i0.wp.com\/larevistadigital.com.ar\/blog\/wp-content\/uploads\/87-scaled.jpg?fit=675%2C1200&ssl=1&resize=525%2C300 1.5x"},"classes":[]},{"id":40369,"url":"https:\/\/larevistadigital.com.ar\/blog\/40369-2\/","url_meta":{"origin":2320,"position":1},"title":"La Junta Electoral dej\u00f3 afuera de la elecci\u00f3n de Septiembre a Chascom\u00fas Primero. Los referentes podr\u00edan participar con otro sello partidario","author":"Alejandro Sosa Ruda","date":"8 julio, 2025","format":false,"excerpt":"La agrupaci\u00f3n vecinalista no cumpli\u00f3 con los requisitos exigidos por la Junta Electoral bonaerense y qued\u00f3 excluida del proceso electoral 2025. 08 de Julio de 2025 CHASCOM\u00daS -\u00a0 Un primer rev\u00e9s sufri\u00f3 el espacio vecinalista \"Chascom\u00fas Primero\", impulsado por Ramiro Ferrante y Valentino Redruello. La Junta Electoral de la Provincia\u2026","rel":"","context":"En \u00abDESTACADAS\u00bb","block_context":{"text":"DESTACADAS","link":"https:\/\/larevistadigital.com.ar\/blog\/category\/destacadas\/"},"img":{"alt_text":"","src":"https:\/\/i0.wp.com\/larevistadigital.com.ar\/blog\/wp-content\/uploads\/Captura-de-pantalla-2025-07-08-094155.jpg?fit=813%2C350&ssl=1&resize=350%2C200","width":350,"height":200,"srcset":"https:\/\/i0.wp.com\/larevistadigital.com.ar\/blog\/wp-content\/uploads\/Captura-de-pantalla-2025-07-08-094155.jpg?fit=813%2C350&ssl=1&resize=350%2C200 1x, https:\/\/i0.wp.com\/larevistadigital.com.ar\/blog\/wp-content\/uploads\/Captura-de-pantalla-2025-07-08-094155.jpg?fit=813%2C350&ssl=1&resize=525%2C300 1.5x, https:\/\/i0.wp.com\/larevistadigital.com.ar\/blog\/wp-content\/uploads\/Captura-de-pantalla-2025-07-08-094155.jpg?fit=813%2C350&ssl=1&resize=700%2C400 2x"},"classes":[]},{"id":38518,"url":"https:\/\/larevistadigital.com.ar\/blog\/chascomus-lito-fernandez-referente-de-lla-mantuvo-una-importante-reunion-con-los-mas-destacados-dirigentes-del-partido-libertario\/","url_meta":{"origin":2320,"position":2},"title":"Chascom\u00fas: Lito Fern\u00e1ndez, referente de LLA, mantuvo una importante reuni\u00f3n con los m\u00e1s destacados dirigentes del partido libertario","author":"Alejandro Sosa Ruda","date":"23 enero, 2025","format":false,"excerpt":"Se abordaron temas de inter\u00e9s para Chascom\u00fas y la zona, adem\u00e1s de estrat\u00e9gias pol\u00edticas para el a\u00f1o electoral. 23 de Enero de 2024 BUENOS AIRES -\u00a0 El titular de Anses y coordinador de la Libertad Avanza en Chascom\u00fas Antonio Lito Fernandez, mantuvo una reuni\u00f3n de la que participaron: Karina Milei,\u2026","rel":"","context":"En \u00abINTERES GENERAL\u00bb","block_context":{"text":"INTERES GENERAL","link":"https:\/\/larevistadigital.com.ar\/blog\/category\/interes-general\/"},"img":{"alt_text":"","src":"https:\/\/i0.wp.com\/larevistadigital.com.ar\/blog\/wp-content\/uploads\/WhatsApp_Image_2025-01-23_at_10.16.50-q6Yuknf09-transformed.jpeg?fit=960%2C1200&ssl=1&resize=350%2C200","width":350,"height":200,"srcset":"https:\/\/i0.wp.com\/larevistadigital.com.ar\/blog\/wp-content\/uploads\/WhatsApp_Image_2025-01-23_at_10.16.50-q6Yuknf09-transformed.jpeg?fit=960%2C1200&ssl=1&resize=350%2C200 1x, https:\/\/i0.wp.com\/larevistadigital.com.ar\/blog\/wp-content\/uploads\/WhatsApp_Image_2025-01-23_at_10.16.50-q6Yuknf09-transformed.jpeg?fit=960%2C1200&ssl=1&resize=525%2C300 1.5x, https:\/\/i0.wp.com\/larevistadigital.com.ar\/blog\/wp-content\/uploads\/WhatsApp_Image_2025-01-23_at_10.16.50-q6Yuknf09-transformed.jpeg?fit=960%2C1200&ssl=1&resize=700%2C400 2x"},"classes":[]},{"id":26108,"url":"https:\/\/larevistadigital.com.ar\/blog\/concurrido-e-importante-marco-para-el-lanzamiento-de-martin-larralde-como-el-referente-del-partido-fe-en-chascomus\/","url_meta":{"origin":2320,"position":3},"title":"CONCURRIDO E IMPORTANTE MARCO PARA EL LANZAMIENTO DE MART\u00cdN LARRALDE COMO EL REFERENTE DEL PARTIDO FE EN CHASCOM\u00daS","author":"Alejandro Sosa Ruda","date":"26 junio, 2022","format":false,"excerpt":"Diputados, el presidente del partido en provincia, dirigentes de la quinta con asistencia perfecta y figuras invitadas de otras secciones fueron parte del marco que en un plenario presentaron al dirigente peronista Mart\u00edn Larralde, como el referente del Partido Fe en la quinta secci\u00f3n electoral. CHASCOM\u00daS -\u00a0 El d\u00eda s\u00e1bado,\u2026","rel":"","context":"En \u00abDESTACADAS\u00bb","block_context":{"text":"DESTACADAS","link":"https:\/\/larevistadigital.com.ar\/blog\/category\/destacadas\/"},"img":{"alt_text":"","src":"https:\/\/i0.wp.com\/larevistadigital.com.ar\/blog\/wp-content\/uploads\/20220626130251_sanchez-jauregui-2.jpg?fit=730%2C487&ssl=1&resize=350%2C200","width":350,"height":200,"srcset":"https:\/\/i0.wp.com\/larevistadigital.com.ar\/blog\/wp-content\/uploads\/20220626130251_sanchez-jauregui-2.jpg?fit=730%2C487&ssl=1&resize=350%2C200 1x, https:\/\/i0.wp.com\/larevistadigital.com.ar\/blog\/wp-content\/uploads\/20220626130251_sanchez-jauregui-2.jpg?fit=730%2C487&ssl=1&resize=525%2C300 1.5x, https:\/\/i0.wp.com\/larevistadigital.com.ar\/blog\/wp-content\/uploads\/20220626130251_sanchez-jauregui-2.jpg?fit=730%2C487&ssl=1&resize=700%2C400 2x"},"classes":[]},{"id":40426,"url":"https:\/\/larevistadigital.com.ar\/blog\/lito-fernandez-en-la-libertad-avanza-priorizamos-las-ideas-por-sobre-los-nombres\/","url_meta":{"origin":2320,"position":4},"title":"Lito Fern\u00e1ndez: \u201cEn La Libertad Avanza priorizamos las ideas por sobre los nombres\u201d","author":"Alejandro Sosa Ruda","date":"11 julio, 2025","format":false,"excerpt":"El referente de LLA en Chascom\u00fas se refiri\u00f3 a los movimientos internos del espacio, el acuerdo con el PRO y su visi\u00f3n sobre el escenario pol\u00edtico local de cara a las elecciones de septiembre. 11 de Julio de 2025 CHASCOM\u00daS -\u00a0 Antonio \u201cLito\u201d Fern\u00e1ndez, referente de La Libertad Avanza en\u2026","rel":"","context":"En \u00abATAQUE DE RADIO\u00bb","block_context":{"text":"ATAQUE DE RADIO","link":"https:\/\/larevistadigital.com.ar\/blog\/category\/ataque-de-radio\/"},"img":{"alt_text":"","src":"https:\/\/i0.wp.com\/larevistadigital.com.ar\/blog\/wp-content\/uploads\/NOTA-LITO-FERNANDEZ.jpg?fit=902%2C455&ssl=1&resize=350%2C200","width":350,"height":200,"srcset":"https:\/\/i0.wp.com\/larevistadigital.com.ar\/blog\/wp-content\/uploads\/NOTA-LITO-FERNANDEZ.jpg?fit=902%2C455&ssl=1&resize=350%2C200 1x, https:\/\/i0.wp.com\/larevistadigital.com.ar\/blog\/wp-content\/uploads\/NOTA-LITO-FERNANDEZ.jpg?fit=902%2C455&ssl=1&resize=525%2C300 1.5x, https:\/\/i0.wp.com\/larevistadigital.com.ar\/blog\/wp-content\/uploads\/NOTA-LITO-FERNANDEZ.jpg?fit=902%2C455&ssl=1&resize=700%2C400 2x"},"classes":[]},{"id":3094,"url":"https:\/\/larevistadigital.com.ar\/blog\/chascomus-por-el-mal-estado-de-los-caminos-la-junta-electoral-reprogaramo-las-mesas\/","url_meta":{"origin":2320,"position":5},"title":"CHASCOM\u00daS: POR EL MAL ESTADO DE LOS CAMINOS, LA JUNTA ELECTORAL REPROGARAM\u00d3 LAS MESAS","author":"Alejandro Sosa Ruda","date":"13 agosto, 2017","format":false,"excerpt":"Con motivo del terrible estado de los caminos rurales en el distrito de Chascom\u00fas, la Junta Electoral reprogram\u00f3 las mesas correspondientes al acto electoral de las PASO. Quienes deber\u00edan votar en la escuela 34, en el paraje de Manantiales deber\u00e1n hacerlo en la escuela N\u00b0 31 de Barrio Parque Girado.\u2026","rel":"","context":"En \u00abCHASCOM\u00daS\u00bb","block_context":{"text":"CHASCOM\u00daS","link":"https:\/\/larevistadigital.com.ar\/blog\/category\/chascomus\/"},"img":{"alt_text":"","src":"https:\/\/i0.wp.com\/larevistadigital.com.ar\/blog\/wp-content\/uploads\/2017\/08\/descarga.jpg?fit=650%2C442&ssl=1&resize=350%2C200","width":350,"height":200,"srcset":"https:\/\/i0.wp.com\/larevistadigital.com.ar\/blog\/wp-content\/uploads\/2017\/08\/descarga.jpg?fit=650%2C442&ssl=1&resize=350%2C200 1x, https:\/\/i0.wp.com\/larevistadigital.com.ar\/blog\/wp-content\/uploads\/2017\/08\/descarga.jpg?fit=650%2C442&ssl=1&resize=525%2C300 1.5x"},"classes":[]}],"_links":{"self":[{"href":"https:\/\/larevistadigital.com.ar\/blog\/wp-json\/wp\/v2\/posts\/2320","targetHints":{"allow":["GET"]}}],"collection":[{"href":"https:\/\/larevistadigital.com.ar\/blog\/wp-json\/wp\/v2\/posts"}],"about":[{"href":"https:\/\/larevistadigital.com.ar\/blog\/wp-json\/wp\/v2\/types\/post"}],"author":[{"embeddable":true,"href":"https:\/\/larevistadigital.com.ar\/blog\/wp-json\/wp\/v2\/users\/3"}],"replies":[{"embeddable":true,"href":"https:\/\/larevistadigital.com.ar\/blog\/wp-json\/wp\/v2\/comments?post=2320"}],"version-history":[{"count":5,"href":"https:\/\/larevistadigital.com.ar\/blog\/wp-json\/wp\/v2\/posts\/2320\/revisions"}],"predecessor-version":[{"id":2327,"href":"https:\/\/larevistadigital.com.ar\/blog\/wp-json\/wp\/v2\/posts\/2320\/revisions\/2327"}],"wp:featuredmedia":[{"embeddable":true,"href":"https:\/\/larevistadigital.com.ar\/blog\/wp-json\/wp\/v2\/media\/2323"}],"wp:attachment":[{"href":"https:\/\/larevistadigital.com.ar\/blog\/wp-json\/wp\/v2\/media?parent=2320"}],"wp:term":[{"taxonomy":"category","embeddable":true,"href":"https:\/\/larevistadigital.com.ar\/blog\/wp-json\/wp\/v2\/categories?post=2320"},{"taxonomy":"post_tag","embeddable":true,"href":"https:\/\/larevistadigital.com.ar\/blog\/wp-json\/wp\/v2\/tags?post=2320"}],"curies":[{"name":"wp","href":"https:\/\/api.w.org\/{rel}","templated":true}]}}