{"id":23228,"date":"2022-01-10T02:44:47","date_gmt":"2022-01-10T02:44:47","guid":{"rendered":"https:\/\/larevistadigital.com.ar\/blog\/?p=23228"},"modified":"2022-01-10T16:37:36","modified_gmt":"2022-01-10T16:37:36","slug":"personajes-hoy-fernando-rampazzo-un-exitoso-profesional-que-logro-todo-empezando-de-cero","status":"publish","type":"post","link":"https:\/\/larevistadigital.com.ar\/blog\/personajes-hoy-fernando-rampazzo-un-exitoso-profesional-que-logro-todo-empezando-de-cero\/","title":{"rendered":"PERSONAJES: HOY FERNANDO RAMPAZZO, UN EXITOSO PROFESIONAL QUE LOGR\u00d3 TODO, EMPEZANDO DE CERO"},"content":{"rendered":"<h2>Fernando Rampazzo, es un joven abogado, que adem\u00e1s de haber tenido un crecimiento mete\u00f3rico en su carrera, es multicampe\u00f3n de tae kwondo, hoy entrenador, formador de valores en la profesi\u00f3n y el deporte, y en poco tiempo se convirti\u00f3 en el asesor n\u00famero uno en televisi\u00f3n acerca de temas previsionales, que es otra de sus pasiones.<\/h2>\n<p>El doctor <strong>Fernando Rampazzo<\/strong> es sin lugar a dudas una de las personalidades destacadas de la ciudad de Chascom\u00fas. No solo por el \u00e9xito sostenido que ha tenido en su profesi\u00f3n de abogado, sino ha tenido un progreso en cada cosa que emprende, mostrando una incre\u00edble capacidad de hacerse tiempo para todo.<\/p>\n<blockquote>\n<h3>Puede observarse en las redes a un <strong>Rampazzo<\/strong> en alguna de sus oficinas, emprendiendo por ejemplo el viaje a su \u00abcasa central\u00bb en CABA, a las seis de la ma\u00f1ana y luego un d\u00eda de m\u00faltiples ocupaciones como audiencias, atenci\u00f3n de diversos clientes, almuerzo con colegas o amigos, retorno a Chascom\u00fas, paseo con sus hijos, deporte en la laguna con su esposa, y luego alg\u00fan curso de capacitaci\u00f3n por la noche.<\/h3>\n<\/blockquote>\n<figure id=\"attachment_23233\" aria-describedby=\"caption-attachment-23233\" style=\"width: 732px\" class=\"wp-caption aligncenter\"><img data-recalc-dims=\"1\" loading=\"lazy\" decoding=\"async\" class=\"wp-image-23233 size-full\" src=\"https:\/\/i0.wp.com\/larevistadigital.com.ar\/blog\/wp-content\/uploads\/Captura-de-pantalla-2022-01-07-165458.jpg?resize=732%2C858&#038;ssl=1\" alt=\"\" width=\"732\" height=\"858\" srcset=\"https:\/\/i0.wp.com\/larevistadigital.com.ar\/blog\/wp-content\/uploads\/Captura-de-pantalla-2022-01-07-165458.jpg?w=732&amp;ssl=1 732w, https:\/\/i0.wp.com\/larevistadigital.com.ar\/blog\/wp-content\/uploads\/Captura-de-pantalla-2022-01-07-165458.jpg?resize=256%2C300&amp;ssl=1 256w\" sizes=\"auto, (max-width: 732px) 100vw, 732px\" \/><figcaption id=\"caption-attachment-23233\" class=\"wp-caption-text\"><strong>CON SU AMADO E INOLVIDABLE PADRE<\/strong><\/figcaption><\/figure>\n<p>A esto, se suman cenas con amigos, trabajo en el campo o simplemente un paseo con su familia, de vez en cuando alg\u00fan fin de semana en la costa o alguna escapada con la familia, y siempre, el trabajo de s\u00e1bados y domingos en la televisi\u00f3n. (entre otras cosas, es exclusivo de Cr\u00f3nica TV).<\/p>\n<figure id=\"attachment_23231\" aria-describedby=\"caption-attachment-23231\" style=\"width: 482px\" class=\"wp-caption alignright\"><img data-recalc-dims=\"1\" loading=\"lazy\" decoding=\"async\" class=\"wp-image-23231\" src=\"https:\/\/i0.wp.com\/larevistadigital.com.ar\/blog\/wp-content\/uploads\/Captura-de-pantalla-2022-01-07-165424.jpg?resize=482%2C485&#038;ssl=1\" alt=\"\" width=\"482\" height=\"485\" srcset=\"https:\/\/i0.wp.com\/larevistadigital.com.ar\/blog\/wp-content\/uploads\/Captura-de-pantalla-2022-01-07-165424.jpg?w=867&amp;ssl=1 867w, https:\/\/i0.wp.com\/larevistadigital.com.ar\/blog\/wp-content\/uploads\/Captura-de-pantalla-2022-01-07-165424.jpg?resize=298%2C300&amp;ssl=1 298w, https:\/\/i0.wp.com\/larevistadigital.com.ar\/blog\/wp-content\/uploads\/Captura-de-pantalla-2022-01-07-165424.jpg?resize=150%2C150&amp;ssl=1 150w, https:\/\/i0.wp.com\/larevistadigital.com.ar\/blog\/wp-content\/uploads\/Captura-de-pantalla-2022-01-07-165424.jpg?resize=768%2C772&amp;ssl=1 768w\" sizes=\"auto, (max-width: 482px) 100vw, 482px\" \/><figcaption id=\"caption-attachment-23231\" class=\"wp-caption-text\"><strong>CON ROLANDO GRA\u00d1A EN TV<\/strong><\/figcaption><\/figure>\n<p>Algunas personas que, aunque no lo pretendan, pueden ser vistos como modelo a seguir, ya que en lo que hacen, consiguen \u00e9xito. Y muchas veces, por alguna mezquina raz\u00f3n, no se les reconoce.<\/p>\n<p><strong>CUAL ES LA RECETA:<\/strong><\/p>\n<p>Cuando uno se pregunta:\u00bfc\u00f3mo hace? encuentra la respuesta observando sus acciones. Viendo que cuando otros duermen un rato m\u00e1s, \u00e9l est\u00e1 activo a las 6:00 AM. Que cuando alguien duerme la siesta, \u00e9l est\u00e1 almorzando con colegas, clientes, familia o amigos, depende donde se encuentre, y lo que le permita su abultada agenda. Cuando alguno se concentra en lo suyo y no sale de su zona de confort, <strong>Rampazzo<\/strong> se educa, se informa, aprende y aprende de forma voraz, se actualiza e invierte en su trabajo. Busca la excelencia para \u00e9l y los suyos, y constantemente se expande.<\/p>\n<blockquote>\n<h3>En definitiva, se trata de c\u00f3mo \u00e9l mismo dice: <em><strong>\u00abdarse tiempo para todo\u00bb<\/strong><\/em>. Mucho trabajo, esfuerzo y dedicaci\u00f3n. Y mucho respeto por s\u00ed mismo, haciendo lo que siente siempre, en la medida de lo posible.<\/h3>\n<\/blockquote>\n<p>En di\u00e1logo en el programa <strong>\u00abAtaque de Radio\u00bb<\/strong> con <strong>Alejandro \u00abEl Tano\u00bb Sosa, Rampazzo<\/strong> manifest\u00f3 que <em><b>\u00abEsto es lo que trato de transmitirle a mis hijos, y aplico en mi vida es el equilibrio: Uno tiene que equilibrar entre la familia, el descanso, el ocio, los amigos y as\u00ed \u00a0es como se llega a que las cosas salgan bien. El cuerpo humano, la mente, es como un motor&#8230; (as\u00ed le explico a mi hijo). Si vos lo llev\u00e1s todo el tiempo a 160km. por hora y no lo dej\u00e1s descansar, lo fund\u00eds. Entonces el deporte, el esparcimiento adem\u00e1s del trabajo es elemental. Y eso lo aplico d\u00eda a d\u00eda.<\/b><\/em><\/p>\n<blockquote>\n<h3>Respecto de su otra pasi\u00f3n, el Tae-kwon-do cont\u00f3 que el Profesor <strong>Pedro Andrade<\/strong> lo invit\u00f3 a formar parte del cuerpo t\u00e9cnico de los jovenes valores que pertenecen a su grupo y que no solo se destacan en Chascom\u00fas, sino que tambi\u00e9n en el pa\u00eds, lo que lo llena de entusiasmo, ya que pretenden tener como ya lo han hecho, competidores a nivel nacional e internacional, pudiendo llevar el tae kwon do local a una copa del mundo como en 2014 en Jamaica o 2016 en Hungr\u00eda.<\/h3>\n<\/blockquote>\n<figure id=\"attachment_23232\" aria-describedby=\"caption-attachment-23232\" style=\"width: 840px\" class=\"wp-caption aligncenter\"><img data-recalc-dims=\"1\" loading=\"lazy\" decoding=\"async\" class=\"wp-image-23232 size-full\" src=\"https:\/\/i0.wp.com\/larevistadigital.com.ar\/blog\/wp-content\/uploads\/Captura-de-pantalla-2022-01-07-165601.jpg?resize=840%2C631&#038;ssl=1\" alt=\"\" width=\"840\" height=\"631\" srcset=\"https:\/\/i0.wp.com\/larevistadigital.com.ar\/blog\/wp-content\/uploads\/Captura-de-pantalla-2022-01-07-165601.jpg?w=840&amp;ssl=1 840w, https:\/\/i0.wp.com\/larevistadigital.com.ar\/blog\/wp-content\/uploads\/Captura-de-pantalla-2022-01-07-165601.jpg?resize=300%2C225&amp;ssl=1 300w, https:\/\/i0.wp.com\/larevistadigital.com.ar\/blog\/wp-content\/uploads\/Captura-de-pantalla-2022-01-07-165601.jpg?resize=768%2C577&amp;ssl=1 768w, https:\/\/i0.wp.com\/larevistadigital.com.ar\/blog\/wp-content\/uploads\/Captura-de-pantalla-2022-01-07-165601.jpg?resize=678%2C509&amp;ssl=1 678w, https:\/\/i0.wp.com\/larevistadigital.com.ar\/blog\/wp-content\/uploads\/Captura-de-pantalla-2022-01-07-165601.jpg?resize=326%2C245&amp;ssl=1 326w, https:\/\/i0.wp.com\/larevistadigital.com.ar\/blog\/wp-content\/uploads\/Captura-de-pantalla-2022-01-07-165601.jpg?resize=80%2C60&amp;ssl=1 80w\" sizes=\"auto, (max-width: 840px) 100vw, 840px\" \/><figcaption id=\"caption-attachment-23232\" class=\"wp-caption-text\"><strong>ENTRENANDO CON SU AMIGO Y COACH, PEDRO ANDRADE<\/strong><\/figcaption><\/figure>\n<p>Adem\u00e1s <strong>Rampazzo<\/strong> sac\u00f3 provecho de la pandemia, estudiando \u00abformaci\u00f3n pedag\u00f3gica\u00bb, obteniendo el t\u00edtulo. Tambi\u00e9n cre\u00f3 un sistema \u00fanico de trabajo en la Argentina, mediante la asociaci\u00f3n de distintos estudios y profesionales del derecho de distintas provincias, llegando a crear una red de m\u00e1s de 200 colegas en el pa\u00eds.<strong><em> \u00abTenemos que adaptarnos a las modificaciones del sistema. El sistema a veces es muy r\u00edgido, muy duro, con colegios de abogados que a veces, no est\u00e1n a la altura, no se ajustan a la realidad. Ahora por ejemplo viajo a Mendoza, invitado por unos colegas asociados que quieren que les brinde una capacitaci\u00f3n, y si no me frena la pandemia, este a\u00f1o voy a viajar por todo el pa\u00eds\u00bb<\/em><\/strong>, asegur\u00f3 <strong>Rampazzo.<\/strong><\/p>\n<blockquote>\n<h3><em><strong>\u00abSiempre tuve predisposici\u00f3n para hacer cosas nuevas. No me da verg\u00fcenza ir al frente. Ahora estoy trabajando en una aplicaci\u00f3n para todos los asociados, para que sea m\u00e1s f\u00e1cil estar al alcance de todo. La profesi\u00f3n ha evolucionado mucho, y es como todo ahora, quien no se pone a tiro con los adelantos y tecnolog\u00eda, est\u00e1 perdido\u00bb<\/strong><\/em>, mencion\u00f3.<\/h3>\n<\/blockquote>\n<p>Agreg\u00f3 que<strong><em>\u00a0\u00abLo \u00fanico que pido es que Dios me permita seguir compartiendo momentos con mis hijos como lo hago hasta ahora. No es todo dinero ni trabajo en la vida, es simplemente como te dije antes: mantener el equilibrio\u00bb<\/em><\/strong><\/p>\n<p><strong>Fernando Rampazzo cerr\u00f3 la nota, afirmando que:<\/strong>\u00a0<em><b>\u00abNo soy ejemplo de nada, solamente adquir\u00ed ciertas virtudes con la vida y con el tae kwondo. Hoy la sociedad busca resultados a corto plazo, pero hay que tratar de obtener resultados a largo plazo. Yo arranqu\u00e9 en el 2001 en una de las peores crisis\u00a0del pa\u00eds, pero hay que advertir que cada crisis nos fortalece\u00bb<\/b><\/em><\/p>\n<p>&nbsp;<\/p>\n<p>&nbsp;<\/p>\n","protected":false},"excerpt":{"rendered":"<div class=\"mh-excerpt\"><p>Fernando Rampazzo, es un joven abogado, que adem\u00e1s de haber tenido un crecimiento mete\u00f3rico en su carrera, es multicampe\u00f3n de tae kwondo, hoy entrenador, formador de valores en la profesi\u00f3n y el deporte, y en <a class=\"mh-excerpt-more\" href=\"https:\/\/larevistadigital.com.ar\/blog\/personajes-hoy-fernando-rampazzo-un-exitoso-profesional-que-logro-todo-empezando-de-cero\/\" title=\"PERSONAJES: HOY FERNANDO RAMPAZZO, UN EXITOSO PROFESIONAL QUE LOGR\u00d3 TODO, EMPEZANDO DE CERO\">[Leer M\u00e1s]<\/a><\/p>\n<\/div>","protected":false},"author":3,"featured_media":23230,"comment_status":"open","ping_status":"open","sticky":false,"template":"","format":"standard","meta":{"_jetpack_memberships_contains_paid_content":false,"footnotes":"","jetpack_publicize_message":"","jetpack_publicize_feature_enabled":true,"jetpack_social_post_already_shared":true,"jetpack_social_options":{"image_generator_settings":{"template":"highway","default_image_id":0,"font":"","enabled":false},"version":2}},"categories":[50],"tags":[],"class_list":{"0":"post-23228","1":"post","2":"type-post","3":"status-publish","4":"format-standard","5":"has-post-thumbnail","7":"category-interes-general"},"jetpack_publicize_connections":[],"jetpack_featured_media_url":"https:\/\/i0.wp.com\/larevistadigital.com.ar\/blog\/wp-content\/uploads\/Captura-de-pantalla-2022-01-07-165630-e1641831578157.jpg?fit=626%2C432&ssl=1","jetpack_sharing_enabled":true,"jetpack_shortlink":"https:\/\/wp.me\/p8qtrQ-62E","jetpack-related-posts":[{"id":6299,"url":"https:\/\/larevistadigital.com.ar\/blog\/personajes-fernando-rampazzo-la-receta-del-exito\/","url_meta":{"origin":23228,"position":0},"title":"PERSONAJES: FERNANDO RAMPAZZO&#8230; LA RECETA DEL \u00c9XITO","author":"Alejandro Sosa Ruda","date":"20 agosto, 2018","format":false,"excerpt":"Desde hace rato que venimos siguiendo la trayectoria del abogado chascomunense Fernando Rampazzo, por lo que noticias como esta no nos sorprenden, ya que desde que se recibi\u00f3 ha tomado un camino que en base a trabajo y mucho sacrificio, fue en franco crecimiento. Pero lo m\u00e1s importante, y el\u2026","rel":"","context":"En \u00abDESTACADAS\u00bb","block_context":{"text":"DESTACADAS","link":"https:\/\/larevistadigital.com.ar\/blog\/category\/destacadas\/"},"img":{"alt_text":"","src":"https:\/\/i0.wp.com\/larevistadigital.com.ar\/blog\/wp-content\/uploads\/2018\/08\/35199152_1689702534400443_5345705880753012736_n.jpg?fit=854%2C853&ssl=1&resize=350%2C200","width":350,"height":200,"srcset":"https:\/\/i0.wp.com\/larevistadigital.com.ar\/blog\/wp-content\/uploads\/2018\/08\/35199152_1689702534400443_5345705880753012736_n.jpg?fit=854%2C853&ssl=1&resize=350%2C200 1x, https:\/\/i0.wp.com\/larevistadigital.com.ar\/blog\/wp-content\/uploads\/2018\/08\/35199152_1689702534400443_5345705880753012736_n.jpg?fit=854%2C853&ssl=1&resize=525%2C300 1.5x, https:\/\/i0.wp.com\/larevistadigital.com.ar\/blog\/wp-content\/uploads\/2018\/08\/35199152_1689702534400443_5345705880753012736_n.jpg?fit=854%2C853&ssl=1&resize=700%2C400 2x"},"classes":[]},{"id":6420,"url":"https:\/\/larevistadigital.com.ar\/blog\/el-abogado-fernando-rampazzo-tendra-una-audiencia-representando-a-la-famosa-conductora-anabela-ascar\/","url_meta":{"origin":23228,"position":1},"title":"EL ABOGADO FERNANDO RAMPAZZO TENDR\u00c1 UNA AUDIENCIA REPRESENTANDO A LA FAMOSA CONDUCTORA ANABELA ASCAR","author":"Alejandro Sosa Ruda","date":"29 agosto, 2018","format":false,"excerpt":"El abogado chascomunense Fernando Rampazzo tendr\u00e1 ma\u00f1ana una audiencia en representaci\u00f3n de una de las figuras m\u00e1s conocidas de los medios, especialmente de Cr\u00f3nica TV, canal en el que se desempe\u00f1\u00f3 durante a\u00f1os como exclusiva. Se trata de la locutora, periodista y conductora televisiva Anabela Ascar, quien ha contratado los\u2026","rel":"","context":"En \u00abCHASCOM\u00daS\u00bb","block_context":{"text":"CHASCOM\u00daS","link":"https:\/\/larevistadigital.com.ar\/blog\/category\/chascomus\/"},"img":{"alt_text":"","src":"https:\/\/i0.wp.com\/larevistadigital.com.ar\/blog\/wp-content\/uploads\/2018\/08\/39105903_1781469408557088_1979674091719753728_n.jpg?fit=960%2C720&ssl=1&resize=350%2C200","width":350,"height":200,"srcset":"https:\/\/i0.wp.com\/larevistadigital.com.ar\/blog\/wp-content\/uploads\/2018\/08\/39105903_1781469408557088_1979674091719753728_n.jpg?fit=960%2C720&ssl=1&resize=350%2C200 1x, https:\/\/i0.wp.com\/larevistadigital.com.ar\/blog\/wp-content\/uploads\/2018\/08\/39105903_1781469408557088_1979674091719753728_n.jpg?fit=960%2C720&ssl=1&resize=525%2C300 1.5x, https:\/\/i0.wp.com\/larevistadigital.com.ar\/blog\/wp-content\/uploads\/2018\/08\/39105903_1781469408557088_1979674091719753728_n.jpg?fit=960%2C720&ssl=1&resize=700%2C400 2x"},"classes":[]},{"id":9252,"url":"https:\/\/larevistadigital.com.ar\/blog\/nuevamente-el-abogado-fernando-rampazzo-en-los-medios-nacionales\/","url_meta":{"origin":23228,"position":2},"title":"NUEVAMENTE EL ABOGADO FERNANDO RAMPAZZO EN LOS MEDIOS NACIONALES","author":"Alejandro Sosa Ruda","date":"20 marzo, 2019","format":false,"excerpt":"Otra vez el abogado chascomunense Fernando Rampazzo ha aparecido en alg\u00fan medio de alcance nacional, y en este caso se trata del Diario Popular, que le hace una nota, en donde se destaca su especializaci\u00f3n en derecho previsional, adem\u00e1s de bautizarlo como \"El abogado de los famosos\". No es la\u2026","rel":"","context":"En \u00abCHASCOM\u00daS\u00bb","block_context":{"text":"CHASCOM\u00daS","link":"https:\/\/larevistadigital.com.ar\/blog\/category\/chascomus\/"},"img":{"alt_text":"","src":"https:\/\/i0.wp.com\/larevistadigital.com.ar\/blog\/wp-content\/uploads\/2018\/12\/WhatsApp-Image-2018-12-12-at-11.26.39.jpeg?fit=1200%2C800&ssl=1&resize=350%2C200","width":350,"height":200,"srcset":"https:\/\/i0.wp.com\/larevistadigital.com.ar\/blog\/wp-content\/uploads\/2018\/12\/WhatsApp-Image-2018-12-12-at-11.26.39.jpeg?fit=1200%2C800&ssl=1&resize=350%2C200 1x, https:\/\/i0.wp.com\/larevistadigital.com.ar\/blog\/wp-content\/uploads\/2018\/12\/WhatsApp-Image-2018-12-12-at-11.26.39.jpeg?fit=1200%2C800&ssl=1&resize=525%2C300 1.5x, https:\/\/i0.wp.com\/larevistadigital.com.ar\/blog\/wp-content\/uploads\/2018\/12\/WhatsApp-Image-2018-12-12-at-11.26.39.jpeg?fit=1200%2C800&ssl=1&resize=700%2C400 2x, https:\/\/i0.wp.com\/larevistadigital.com.ar\/blog\/wp-content\/uploads\/2018\/12\/WhatsApp-Image-2018-12-12-at-11.26.39.jpeg?fit=1200%2C800&ssl=1&resize=1050%2C600 3x"},"classes":[]},{"id":7125,"url":"https:\/\/larevistadigital.com.ar\/blog\/fernando-rampazzo-el-abogado-de-chascomus-que-dejo-sin-palabras-al-diputado-olmedo\/","url_meta":{"origin":23228,"position":3},"title":"FERNANDO RAMPAZZO, EL ABOGADO DE CHASCOM\u00daS QUE DEJ\u00d3 SIN PALABRAS AL DIPUTADO OLMEDO","author":"Alejandro Sosa Ruda","date":"10 diciembre, 2018","format":false,"excerpt":"El abogado chascomunense Fernando Rampazzo, demostr\u00f3 que no se \u201cachica\u201d con nadie, ya que mantuvo un interesante y \u201cpicante\u201d cruce con el medi\u00e1tico diputado nacional representante de la provincia de Salta, Alfredo Olmedo. El momento se vivi\u00f3 durante la ma\u00f1ana en el canal televisivo \u201cCr\u00f3nica TV\u201d, del que Rampazzo tiene\u2026","rel":"","context":"En \u00abCHASCOM\u00daS\u00bb","block_context":{"text":"CHASCOM\u00daS","link":"https:\/\/larevistadigital.com.ar\/blog\/category\/chascomus\/"},"img":{"alt_text":"","src":"https:\/\/i0.wp.com\/larevistadigital.com.ar\/blog\/wp-content\/uploads\/2018\/12\/fd864d0f-be25-4c3c-aeb4-bbf6b21bff5f.jpg?fit=896%2C485&ssl=1&resize=350%2C200","width":350,"height":200,"srcset":"https:\/\/i0.wp.com\/larevistadigital.com.ar\/blog\/wp-content\/uploads\/2018\/12\/fd864d0f-be25-4c3c-aeb4-bbf6b21bff5f.jpg?fit=896%2C485&ssl=1&resize=350%2C200 1x, https:\/\/i0.wp.com\/larevistadigital.com.ar\/blog\/wp-content\/uploads\/2018\/12\/fd864d0f-be25-4c3c-aeb4-bbf6b21bff5f.jpg?fit=896%2C485&ssl=1&resize=525%2C300 1.5x, https:\/\/i0.wp.com\/larevistadigital.com.ar\/blog\/wp-content\/uploads\/2018\/12\/fd864d0f-be25-4c3c-aeb4-bbf6b21bff5f.jpg?fit=896%2C485&ssl=1&resize=700%2C400 2x"},"classes":[]},{"id":4355,"url":"https:\/\/larevistadigital.com.ar\/blog\/chascomus-abogado-fernando-rampazzo-volvio-invitado-participar-cronica-tv\/","url_meta":{"origin":23228,"position":4},"title":"CHASCOM\u00daS: EL ABOGADO FERNANDO RAMPAZZO VOLVI\u00d3 A SER INVITADO PARA PARTICIPAR EN CR\u00d3NICA TV.","author":"Alejandro Sosa Ruda","date":"3 enero, 2018","format":false,"excerpt":"El joven abogado chascomunense, Fernando Rampazzo volvi\u00f3 a ser convocado por el popular canal de noticias \u201cCr\u00f3nica TV\u201d, para referirse a temas que tienen que ver sobre todo con el derecho previsional. Rampazzo ya hab\u00eda sido convocado hace unos d\u00edas, y evidentemente los responsables del noticiero quedaron muy conformes con\u2026","rel":"","context":"En \u00abDESTACADAS\u00bb","block_context":{"text":"DESTACADAS","link":"https:\/\/larevistadigital.com.ar\/blog\/category\/destacadas\/"},"img":{"alt_text":"","src":"https:\/\/i0.wp.com\/larevistadigital.com.ar\/blog\/wp-content\/uploads\/2018\/01\/WhatsApp-Image-2018-01-02-at-17.46.23-1.jpeg?fit=960%2C540&ssl=1&resize=350%2C200","width":350,"height":200,"srcset":"https:\/\/i0.wp.com\/larevistadigital.com.ar\/blog\/wp-content\/uploads\/2018\/01\/WhatsApp-Image-2018-01-02-at-17.46.23-1.jpeg?fit=960%2C540&ssl=1&resize=350%2C200 1x, https:\/\/i0.wp.com\/larevistadigital.com.ar\/blog\/wp-content\/uploads\/2018\/01\/WhatsApp-Image-2018-01-02-at-17.46.23-1.jpeg?fit=960%2C540&ssl=1&resize=525%2C300 1.5x, https:\/\/i0.wp.com\/larevistadigital.com.ar\/blog\/wp-content\/uploads\/2018\/01\/WhatsApp-Image-2018-01-02-at-17.46.23-1.jpeg?fit=960%2C540&ssl=1&resize=700%2C400 2x"},"classes":[]},{"id":6761,"url":"https:\/\/larevistadigital.com.ar\/blog\/rampazzo-imparable-en-la-tv-gano-en-el-rating-en-su-franja-horaria-de-cronica-tv-a-la-propuesta-de-a24-y-tn\/","url_meta":{"origin":23228,"position":5},"title":"\u00a1RAMPAZZO IMPARABLE EN LA TV! GAN\u00d3 EN EL RATING EN SU FRANJA HORARIA DE CR\u00d3NICA TV A LA PROPUESTA DE A24 Y TN","author":"Alejandro Sosa Ruda","date":"8 octubre, 2018","format":false,"excerpt":"El joven abogado chascomunense Fernando Rampazzo, parece convertir en oro todo lo que toca y confirma su obsesi\u00f3n por triunfar en cada cosa que encara. A su pasi\u00f3n por su profesi\u00f3n, le sum\u00f3 su amor por el deporte, participando de los torneos m\u00e1s importantes, (mundial inclusive) en la disciplina del\u2026","rel":"","context":"En \u00abCHASCOM\u00daS\u00bb","block_context":{"text":"CHASCOM\u00daS","link":"https:\/\/larevistadigital.com.ar\/blog\/category\/chascomus\/"},"img":{"alt_text":"","src":"https:\/\/i0.wp.com\/larevistadigital.com.ar\/blog\/wp-content\/uploads\/2018\/10\/WhatsApp-Image-2018-10-07-at-20.27.21.jpeg?fit=1152%2C864&ssl=1&resize=350%2C200","width":350,"height":200,"srcset":"https:\/\/i0.wp.com\/larevistadigital.com.ar\/blog\/wp-content\/uploads\/2018\/10\/WhatsApp-Image-2018-10-07-at-20.27.21.jpeg?fit=1152%2C864&ssl=1&resize=350%2C200 1x, https:\/\/i0.wp.com\/larevistadigital.com.ar\/blog\/wp-content\/uploads\/2018\/10\/WhatsApp-Image-2018-10-07-at-20.27.21.jpeg?fit=1152%2C864&ssl=1&resize=525%2C300 1.5x, https:\/\/i0.wp.com\/larevistadigital.com.ar\/blog\/wp-content\/uploads\/2018\/10\/WhatsApp-Image-2018-10-07-at-20.27.21.jpeg?fit=1152%2C864&ssl=1&resize=700%2C400 2x, https:\/\/i0.wp.com\/larevistadigital.com.ar\/blog\/wp-content\/uploads\/2018\/10\/WhatsApp-Image-2018-10-07-at-20.27.21.jpeg?fit=1152%2C864&ssl=1&resize=1050%2C600 3x"},"classes":[]}],"_links":{"self":[{"href":"https:\/\/larevistadigital.com.ar\/blog\/wp-json\/wp\/v2\/posts\/23228","targetHints":{"allow":["GET"]}}],"collection":[{"href":"https:\/\/larevistadigital.com.ar\/blog\/wp-json\/wp\/v2\/posts"}],"about":[{"href":"https:\/\/larevistadigital.com.ar\/blog\/wp-json\/wp\/v2\/types\/post"}],"author":[{"embeddable":true,"href":"https:\/\/larevistadigital.com.ar\/blog\/wp-json\/wp\/v2\/users\/3"}],"replies":[{"embeddable":true,"href":"https:\/\/larevistadigital.com.ar\/blog\/wp-json\/wp\/v2\/comments?post=23228"}],"version-history":[{"count":3,"href":"https:\/\/larevistadigital.com.ar\/blog\/wp-json\/wp\/v2\/posts\/23228\/revisions"}],"predecessor-version":[{"id":23236,"href":"https:\/\/larevistadigital.com.ar\/blog\/wp-json\/wp\/v2\/posts\/23228\/revisions\/23236"}],"wp:featuredmedia":[{"embeddable":true,"href":"https:\/\/larevistadigital.com.ar\/blog\/wp-json\/wp\/v2\/media\/23230"}],"wp:attachment":[{"href":"https:\/\/larevistadigital.com.ar\/blog\/wp-json\/wp\/v2\/media?parent=23228"}],"wp:term":[{"taxonomy":"category","embeddable":true,"href":"https:\/\/larevistadigital.com.ar\/blog\/wp-json\/wp\/v2\/categories?post=23228"},{"taxonomy":"post_tag","embeddable":true,"href":"https:\/\/larevistadigital.com.ar\/blog\/wp-json\/wp\/v2\/tags?post=23228"}],"curies":[{"name":"wp","href":"https:\/\/api.w.org\/{rel}","templated":true}]}}