{"id":23251,"date":"2022-01-08T16:23:20","date_gmt":"2022-01-08T16:23:20","guid":{"rendered":"https:\/\/larevistadigital.com.ar\/blog\/?p=23251"},"modified":"2022-01-08T16:23:20","modified_gmt":"2022-01-08T16:23:20","slug":"la-oms-declaro-la-adiccion-a-los-videojuegos-como-una-enfermedad-mental","status":"publish","type":"post","link":"https:\/\/larevistadigital.com.ar\/blog\/la-oms-declaro-la-adiccion-a-los-videojuegos-como-una-enfermedad-mental\/","title":{"rendered":"LA OMS DECLAR\u00d3 LA ADICCI\u00d3N A LOS VIDEOJUEGOS COMO UNA ENFERMEDAD MENTAL"},"content":{"rendered":"<h2 class=\"article__dropline soft\">En la actualizaci\u00f3n de la Clasificaci\u00f3n Internacional de Enfermedades, la incluyeron como un \u201ctrastorno prevenible y tratable\u201d.<\/h2>\n<p class=\"paragraph\">El<b>\u00a0<\/b><a href=\"https:\/\/tn.com.ar\/salud\/familia\/2020\/11\/12\/como-reconocer-y-combatir-la-adiccion-de-los-chicos-a-los-videojuegos\/\" target=\"_blank\" rel=\"noopener\"><b>uso excesivo de videojuegos<\/b><\/a><b>\u00a0<\/b>por parte de chicos, adolescentes y adultos es un tema que preocupa desde hace tiempo a la Organizaci\u00f3n Mundial de la Salud (OMS) y que llev\u00f3 a algunos pa\u00edses a tomar duras medidas respecto al l\u00edmite de uso.<\/p>\n<p class=\"paragraph\">Esta semana, la OMS actualiz\u00f3 la\u00a0<b>Clasificaci\u00f3n Internacional de Enfermedades<\/b>\u00a0(IDC, por sus siglas en ingl\u00e9s) e incluy\u00f3 a la\u00a0<b>adicci\u00f3n a los videojuegos<\/b>\u00a0como un nuevo\u00a0<b>trastorno mental \u201cprevenible\u201d y \u201ctratable\u201d.<\/b><\/p>\n<p class=\"paragraph\">De acuerdo con el apartado, esta adicci\u00f3n se caracteriza por un \u201ccomportamiento de\u00a0<b>juego persistente<\/b>\u00a0o recurrente que se realiza principalmente por Internet\u201d y se evidencia por<b>\u00a0tres principales conductas<\/b>:<\/p>\n<ul class=\"ul__list list\">\n<li class=\"list__item\">P\u00e9rdida del control sobre la frecuencia, intensidad y duraci\u00f3n de la actividad<\/li>\n<li class=\"list__item\">Los juegos pasan a tener prioridad sobre otros intereses de la vida y actividades diarias<\/li>\n<li class=\"list__item\">La\u00a0<b>conducta\u00a0<\/b>se mantiene pese a que empieza a traer<b>\u00a0consecuencias negativas\u00a0<\/b>para la persona afectada.<\/li>\n<\/ul>\n<p class=\"paragraph\"><b>Shekhar Saxena<\/b>, director del Departamento de Salud Mental y Abuso de Substancias de la OMS, se\u00f1al\u00f3: \u201cIncluimos el\u00a0<b>desorden de jugar de forma adictiva<\/b>\u00a0tras analizar las pocas evidencias que tenemos y tras escuchar a un Comit\u00e9 Cient\u00edfico que sugiri\u00f3 incluirlo como una<b>\u00a0enfermedad<\/b>\u00a0que puede y debe ser tratada\u201d.<\/p>\n<p class=\"paragraph\">Seg\u00fan explic\u00f3, el problema aparece cuando\u00a0<b>el consumo es abusivo<\/b>\u00a0y cambia el comportamiento normal de la persona que lo ejerce. Por eso, se incluy\u00f3 en el apartado de uso de\u00a0<b>sustancias perniciosas<\/b>\u00a0y otros\u00a0<b>comportamientos adictivos<\/b>.<\/p>\n<blockquote>\n<h3 class=\"paragraph\"><em>\u201cSi el ni\u00f1o, adolescente o adulto que juega lo hace sin parar y deja de salir con sus amigos, de hacer actividades con sus padres, se a\u00edsla, no estudia, no duerme y s\u00f3lo quiere jugar, esos son\u00a0<b>signos de alerta\u00a0<\/b>de que podr\u00eda tener un comportamiento adictivo y que<b>\u00a0tiene que buscar ayuda<\/b>\u201d<\/em>, advirti\u00f3.<\/h3>\n<\/blockquote>\n<p class=\"paragraph\"><b>China\u00a0<\/b>es uno de los pa\u00edses del mundo que mostr\u00f3 gran preocupaci\u00f3n por lograr lo que la mayor\u00eda de los adultos no consigue: limitar el tiempo que los hijos pasan con los\u00a0<a href=\"https:\/\/tn.com.ar\/salud\/noticias\/2021\/09\/10\/cuales-son-los-riesgos-del-exceso-de-videojuegos-para-la-salud-mental\/\">videojuegos<\/a>. De hecho, los menores de ese pa\u00eds solo pueden dedicarle\u00a0<b>tres horas semanales\u00a0<\/b>a los juegos en l\u00ednea.<\/p>\n<h2 class=\"font--primary\">El efecto del uso inadecuado de los videojuegos en el cerebro<\/h2>\n<p class=\"paragraph\"><b>Mariela Caputo<\/b>, psicopedagoga, m\u00e1ster en Neuropsicolog\u00eda Cl\u00ednica e investigadora de Doctorado en la Facultad de Medicina de la UBA, habl\u00f3 sobre los\u00a0<b>riesgos<\/b>\u00a0para la<b>\u00a0salud mental\u00a0<\/b>del uso excesivo de los videojuegos: \u201cCabe aclarar que el uso adecuado de los videojuegos es muy efectivo para desarrollar una\u00a0<b>estimulaci\u00f3n funcional\u00a0<\/b>y\u00a0<b>habilidades cognitivas b\u00e1sicas<\/b>\u00a0para el aprendizaje como la atenci\u00f3n, la percepci\u00f3n, la memoria y las funciones ejecutivas. Sin embargo, utilizados en exceso, pueden producir cierta\u00a0<b>adicci\u00f3n, estr\u00e9s<\/b>,\u00a0<b>comportamientos antisociales<\/b>, vista cansada, problemas de o\u00eddo, lesiones varias y dolores de espalda\u201d.<\/p>\n<blockquote>\n<h3 class=\"paragraph\">La especialista se\u00f1al\u00f3 que la OMS agreg\u00f3 un tipo de dificultad espec\u00edfica al que llam\u00f3 el<b>\u00a0\u201cdesorden por videojuegos\u201d\u00a0<\/b>dentro de los problemas mentales, debido a estos nuevos<b>\u00a0s\u00edntomas<\/b>.<\/h3>\n<\/blockquote>\n<p class=\"paragraph\">En ese sentido, advirti\u00f3: <strong><em>\u201cEl uso de videojuegos est\u00e1 asociado directamente con el\u00a0sistema de recompensa del cerebro, que espera recibir un tipo de\u00a0satisfacci\u00f3n y placer\u00a0ante un\u00a0logro adquirido. Hay algunos juegos que est\u00e1n dise\u00f1ados especialmente para que esto pase, teniendo como garant\u00eda que el usuario siga consumi\u00e9ndolo\u201d.<\/em><\/strong><\/p>\n<p class=\"paragraph\">Y advirti\u00f3:<strong><em> \u201cCuando este circuito se retroalimenta de una manera intensa, se generan grandes cantidades de\u00a0dopamina, que llevan al ni\u00f1o, adolescente o adulto a un\u00a0estado de euforia, que lo puede inducir a sentir\u00a0apat\u00eda y ansiedad. Cuando hay un exceso de dopamina, el cerebro induce al cuerpo a llevar a cabo movimientos innecesarios, como los\u00a0tics repetitivos\u201d.<\/em><\/strong><\/p>\n<h2 class=\"font--primary\">La dependencia de los videojuegos como una adicci\u00f3n a Internet<\/h2>\n<p class=\"paragraph\"><strong>Martha Shaw y Donald Black<\/strong>, del Departamento de Psiquiatr\u00eda de la Universidad de Iowa, en Estados Unidos, aseveraron en un estudio que la\u00a0<b>dependencia a los videojuegos<\/b>\u00a0es parte de una adicci\u00f3n m\u00e1s amplia a Internet. El estudio la define como \u201cpreocupaciones, impulsos o\u00a0<b>comportamientos excesivos<\/b>\u00a0o mal controlados con respecto al uso de la computadora y el acceso a Internet que conducen a un\u00a0<b>impedimento<\/b>\u00a0o<b>\u00a0angustia<\/b>\u201d.<\/p>\n<p class=\"paragraph\"><strong><em>\u201cEl\u00a0estr\u00e9s\u00a0en la vida conduce a un anhelo por comportamientos y\u00a0mecanismos de escape.\u00a0La pandemia ha aumentado el estr\u00e9s en la vida de las personas y una forma conveniente de escapar es utilizar medios digitales de entretenimiento, como\u00a0juegos\u00a0y\u00a0redes sociales. El uso excesivo de estos medios es un factor de riesgo para el desarrollo de\u00a0conductas adictivas\u201d<\/em><\/strong>, concluyeron.<\/p>\n<h2 class=\"font--primary\">El caso del canadiense adicto a los videojuegos<\/h2>\n<p class=\"paragraph\"><b>Cam Adair<\/b>, un canadiense de 32 a\u00f1os, revel\u00f3 la problem\u00e1tica de la adicci\u00f3n a los videojuegos. El joven confes\u00f3 p\u00fablicamente a la\u00a0<i>BBC\u00a0<\/i>haber vivido un infierno. La pandemia potenci\u00f3 su adicci\u00f3n, que lo llev\u00f3 a\u00a0<b>mentir\u00a0<\/b>y hasta querer<b>\u00a0quitarse la vida<\/b>.<\/p>\n<blockquote>\n<h3 class=\"paragraph\"><em><strong>\u201cLuch\u00e9 contra mi adicci\u00f3n durante 10 a\u00f1os. Dej\u00e9 la escuela secundaria, nunca fui a la universidad y fing\u00ed tener trabajos para enga\u00f1ar a mi familia\u201d, confes\u00f3. Y lament\u00f3: \u201cUna noche escrib\u00ed una nota de suicidio y fue cuando me di cuenta de que necesitaba ayuda\u201d<\/strong><\/em>.<\/h3>\n<\/blockquote>\n<p class=\"paragraph\"><em><strong>\u201cLa pandemia me llev\u00f3 a pasar m\u00e1s tiempo de lo habitual en\u00a0Twitch\u00a0(un servicio de\u00a0streaming\u00a0que se enfoca en personas en juegos de computadora) y en\u00a0YouTube. Muchos contenidos (de YouTube) eran transmisiones de videojuegos, lo que pod\u00eda desencadenar una fuerte reca\u00edda. Afortunadamente, la pude evitar, pero conozco a muchas personas en la comunidad de\u00a0Game Quitters\u00a0(\u201cDesertores de los juegos\u201d, un grupo de apoyo en l\u00ednea para quienes sufren la adicci\u00f3n) que cayeron nuevamente en su\u00a0adicci\u00f3n\u00a0durante el confinamiento\u201d<\/strong><\/em>, cont\u00f3.<\/p>\n<p>fuente: tn.com.ar<\/p>\n","protected":false},"excerpt":{"rendered":"<div class=\"mh-excerpt\"><p>En la actualizaci\u00f3n de la Clasificaci\u00f3n Internacional de Enfermedades, la incluyeron como un \u201ctrastorno prevenible y tratable\u201d. El\u00a0uso excesivo de videojuegos\u00a0por parte de chicos, adolescentes y adultos es un tema que preocupa desde hace tiempo <a class=\"mh-excerpt-more\" href=\"https:\/\/larevistadigital.com.ar\/blog\/la-oms-declaro-la-adiccion-a-los-videojuegos-como-una-enfermedad-mental\/\" title=\"LA OMS DECLAR\u00d3 LA ADICCI\u00d3N A LOS VIDEOJUEGOS COMO UNA ENFERMEDAD MENTAL\">[Leer M\u00e1s]<\/a><\/p>\n<\/div>","protected":false},"author":3,"featured_media":23252,"comment_status":"open","ping_status":"open","sticky":false,"template":"","format":"standard","meta":{"_jetpack_memberships_contains_paid_content":false,"footnotes":"","jetpack_publicize_message":"","jetpack_publicize_feature_enabled":true,"jetpack_social_post_already_shared":true,"jetpack_social_options":{"image_generator_settings":{"template":"highway","default_image_id":0,"font":"","enabled":false},"version":2}},"categories":[50],"tags":[],"class_list":{"0":"post-23251","1":"post","2":"type-post","3":"status-publish","4":"format-standard","5":"has-post-thumbnail","7":"category-interes-general"},"jetpack_publicize_connections":[],"jetpack_featured_media_url":"https:\/\/i0.wp.com\/larevistadigital.com.ar\/blog\/wp-content\/uploads\/Captura-de-pantalla-2022-01-08-132207.jpg?fit=1186%2C662&ssl=1","jetpack_sharing_enabled":true,"jetpack_shortlink":"https:\/\/wp.me\/p8qtrQ-631","jetpack-related-posts":[{"id":6650,"url":"https:\/\/larevistadigital.com.ar\/blog\/nuestros-hijos-son-adictos-a-los-juegos\/","url_meta":{"origin":23251,"position":0},"title":"\u00bfNUESTROS HIJOS SON ADICTOS A LOS JUEGOS?","author":"Alejandro Sosa Ruda","date":"27 septiembre, 2018","format":false,"excerpt":"La licenciada en Psiquiatr\u00eda Ver\u00f3nica Mora, dialog\u00f3 con Alfredo Perona en la FM \u201cRadio UNO\u201d 102.1 en relaci\u00f3n a las adicciones a los juegos en consolas o tel\u00e9fonos. En primer lugar, la licenciada dijo que los consumos excesivos de videojuegos pueden ser tomados no solo como un problema, sino tambi\u00e9n\u2026","rel":"","context":"En \u00abDESTACADAS\u00bb","block_context":{"text":"DESTACADAS","link":"https:\/\/larevistadigital.com.ar\/blog\/category\/destacadas\/"},"img":{"alt_text":"","src":"https:\/\/i0.wp.com\/larevistadigital.com.ar\/blog\/wp-content\/uploads\/2018\/09\/videojuegos.jpg?fit=770%2C537&ssl=1&resize=350%2C200","width":350,"height":200,"srcset":"https:\/\/i0.wp.com\/larevistadigital.com.ar\/blog\/wp-content\/uploads\/2018\/09\/videojuegos.jpg?fit=770%2C537&ssl=1&resize=350%2C200 1x, https:\/\/i0.wp.com\/larevistadigital.com.ar\/blog\/wp-content\/uploads\/2018\/09\/videojuegos.jpg?fit=770%2C537&ssl=1&resize=525%2C300 1.5x, https:\/\/i0.wp.com\/larevistadigital.com.ar\/blog\/wp-content\/uploads\/2018\/09\/videojuegos.jpg?fit=770%2C537&ssl=1&resize=700%2C400 2x"},"classes":[]},{"id":25435,"url":"https:\/\/larevistadigital.com.ar\/blog\/la-oms-no-recomienda-vacunaciones-masivas-contra-la-viruela-del-mono\/","url_meta":{"origin":23251,"position":1},"title":"LA OMS NO RECOMIENDA VACUNACIONES MASIVAS CONTRA LA VIRUELA DEL MONO","author":"Alejandro Sosa Ruda","date":"27 mayo, 2022","format":false,"excerpt":"En los primeros d\u00edas de junio se analizar\u00e1 el actual brote y medidas para combatirla mediante tests, tratamientos y vacunas. Espa\u00f1a, Portugal, Reino Unido, Canad\u00e1 y Estados Unidos son los pa\u00edses con m\u00e1s casos registrados hasta el momento. La Organizaci\u00f3n Mundial de la Salud no ve prioritario vacunar masivamente a\u2026","rel":"","context":"En \u00abINTERES GENERAL\u00bb","block_context":{"text":"INTERES GENERAL","link":"https:\/\/larevistadigital.com.ar\/blog\/category\/interes-general\/"},"img":{"alt_text":"","src":"https:\/\/i0.wp.com\/larevistadigital.com.ar\/blog\/wp-content\/uploads\/Captura-de-pantalla-2022-05-27-104201.png?fit=803%2C533&ssl=1&resize=350%2C200","width":350,"height":200,"srcset":"https:\/\/i0.wp.com\/larevistadigital.com.ar\/blog\/wp-content\/uploads\/Captura-de-pantalla-2022-05-27-104201.png?fit=803%2C533&ssl=1&resize=350%2C200 1x, https:\/\/i0.wp.com\/larevistadigital.com.ar\/blog\/wp-content\/uploads\/Captura-de-pantalla-2022-05-27-104201.png?fit=803%2C533&ssl=1&resize=525%2C300 1.5x, https:\/\/i0.wp.com\/larevistadigital.com.ar\/blog\/wp-content\/uploads\/Captura-de-pantalla-2022-05-27-104201.png?fit=803%2C533&ssl=1&resize=700%2C400 2x"},"classes":[]},{"id":12640,"url":"https:\/\/larevistadigital.com.ar\/blog\/realmente-sabes-lavarte-bien-las-manos\/","url_meta":{"origin":23251,"position":2},"title":"\u00bfREALMENTE SAB\u00c9S LAVARTE BIEN LAS MANOS?","author":"Alejandro Sosa Ruda","date":"15 octubre, 2019","format":false,"excerpt":"A\u00fan de camping hay que tener precauciones antes de cocinar o luego de hacer nuestras necesidades para evitar enfermedades prevenibles. Desde el 15 de octubre de 2008 se celebra anualmente el D\u00eda Mundial del Lavado de Manos como una iniciativa impulsada por Organizaci\u00f3n Mundial de la Salud\u00a0(OMS) para extender mejores\u2026","rel":"","context":"En \u00abINTERES GENERAL\u00bb","block_context":{"text":"INTERES GENERAL","link":"https:\/\/larevistadigital.com.ar\/blog\/category\/interes-general\/"},"img":{"alt_text":"","src":"https:\/\/i0.wp.com\/larevistadigital.com.ar\/blog\/wp-content\/uploads\/1015manos-791281.jpg?fit=1140%2C641&ssl=1&resize=350%2C200","width":350,"height":200,"srcset":"https:\/\/i0.wp.com\/larevistadigital.com.ar\/blog\/wp-content\/uploads\/1015manos-791281.jpg?fit=1140%2C641&ssl=1&resize=350%2C200 1x, https:\/\/i0.wp.com\/larevistadigital.com.ar\/blog\/wp-content\/uploads\/1015manos-791281.jpg?fit=1140%2C641&ssl=1&resize=525%2C300 1.5x, https:\/\/i0.wp.com\/larevistadigital.com.ar\/blog\/wp-content\/uploads\/1015manos-791281.jpg?fit=1140%2C641&ssl=1&resize=700%2C400 2x, https:\/\/i0.wp.com\/larevistadigital.com.ar\/blog\/wp-content\/uploads\/1015manos-791281.jpg?fit=1140%2C641&ssl=1&resize=1050%2C600 3x"},"classes":[]},{"id":33230,"url":"https:\/\/larevistadigital.com.ar\/blog\/vuelta-al-barbijo-la-oms-advierte-por-una-nueva-ola-de-covid-19\/","url_meta":{"origin":23251,"position":3},"title":"\u00bfVUELTA AL BARBIJO?: LA OMS ADVIERTE POR UNA NUEVA OLA DE COVID 19","author":"Alejandro Sosa Ruda","date":"3 septiembre, 2023","format":false,"excerpt":"Entre el 31 de julio y el 27 de agosto se han notificado a la Organizaci\u00f3n Mundial de la Salud (OMS) m\u00e1s de 1,4 millones de casos nuevos de covid-19, lo que supone un aumento del 38 % respecto a los 28 d\u00edas previos. Corea del Sur es el pa\u00eds\u2026","rel":"","context":"En \u00abINTERES GENERAL\u00bb","block_context":{"text":"INTERES GENERAL","link":"https:\/\/larevistadigital.com.ar\/blog\/category\/interes-general\/"},"img":{"alt_text":"","src":"https:\/\/i0.wp.com\/larevistadigital.com.ar\/blog\/wp-content\/uploads\/20230903161432_oms-alertaa-covid-bondi.jpg?fit=880%2C512&ssl=1&resize=350%2C200","width":350,"height":200,"srcset":"https:\/\/i0.wp.com\/larevistadigital.com.ar\/blog\/wp-content\/uploads\/20230903161432_oms-alertaa-covid-bondi.jpg?fit=880%2C512&ssl=1&resize=350%2C200 1x, https:\/\/i0.wp.com\/larevistadigital.com.ar\/blog\/wp-content\/uploads\/20230903161432_oms-alertaa-covid-bondi.jpg?fit=880%2C512&ssl=1&resize=525%2C300 1.5x, https:\/\/i0.wp.com\/larevistadigital.com.ar\/blog\/wp-content\/uploads\/20230903161432_oms-alertaa-covid-bondi.jpg?fit=880%2C512&ssl=1&resize=700%2C400 2x"},"classes":[]},{"id":34595,"url":"https:\/\/larevistadigital.com.ar\/blog\/la-unlp-desarrollo-una-tecnologia-para-combatir-el-sedentarismo\/","url_meta":{"origin":23251,"position":4},"title":"LA UNLP DESARROLL\u00d3 UNA TECNOLOG\u00cdA PARA COMBATIR EL SEDENTARISMO","author":"Alejandro Sosa Ruda","date":"22 noviembre, 2023","format":false,"excerpt":"Se trata de una propuesta que present\u00f3 la Facultad de Inform\u00e1tica y que obtuvo un premio a nivel internacional. 22 de Noviembre de 2023 La Facultad de Inform\u00e1tica de la Universidad Nacional de La Plata (UNLP) desarroll\u00f3 una tecnolog\u00eda que busca promover la actividad f\u00edsica a trav\u00e9s del uso de\u2026","rel":"","context":"En \u00abINTERES GENERAL\u00bb","block_context":{"text":"INTERES GENERAL","link":"https:\/\/larevistadigital.com.ar\/blog\/category\/interes-general\/"},"img":{"alt_text":"","src":"https:\/\/i0.wp.com\/larevistadigital.com.ar\/blog\/wp-content\/uploads\/20231122175325_unlpejer.jpg?fit=880%2C512&ssl=1&resize=350%2C200","width":350,"height":200,"srcset":"https:\/\/i0.wp.com\/larevistadigital.com.ar\/blog\/wp-content\/uploads\/20231122175325_unlpejer.jpg?fit=880%2C512&ssl=1&resize=350%2C200 1x, https:\/\/i0.wp.com\/larevistadigital.com.ar\/blog\/wp-content\/uploads\/20231122175325_unlpejer.jpg?fit=880%2C512&ssl=1&resize=525%2C300 1.5x, https:\/\/i0.wp.com\/larevistadigital.com.ar\/blog\/wp-content\/uploads\/20231122175325_unlpejer.jpg?fit=880%2C512&ssl=1&resize=700%2C400 2x"},"classes":[]},{"id":44370,"url":"https:\/\/larevistadigital.com.ar\/blog\/la-provincia-firmo-un-acuerdo-con-la-ops-para-fortalecer-el-sistema-de-salud\/","url_meta":{"origin":23251,"position":5},"title":"La Provincia firm\u00f3 un acuerdo con la OPS para fortalecer el sistema de salud","author":"Alejandro Sosa Ruda","date":"6 marzo, 2026","format":false,"excerpt":"Se trata de un convenio marco de cooperaci\u00f3n t\u00e9cnica entre el Gobierno de la provincia de Buenos Aires y la Organizaci\u00f3n Panamericana de la Salud (OPS). 06 De Marzo de 2026 El gobernador de la provincia de Buenos Aires, Axel Kicillof, encabez\u00f3 este viernes la firma del Acuerdo Marco de\u2026","rel":"","context":"En \u00abPOLITICA PROVINCIAL\u00bb","block_context":{"text":"POLITICA PROVINCIAL","link":"https:\/\/larevistadigital.com.ar\/blog\/category\/politica\/politica-provincial\/"},"img":{"alt_text":"","src":"https:\/\/i0.wp.com\/larevistadigital.com.ar\/blog\/wp-content\/uploads\/DON_1984-scaled.jpg?fit=1200%2C800&ssl=1&resize=350%2C200","width":350,"height":200,"srcset":"https:\/\/i0.wp.com\/larevistadigital.com.ar\/blog\/wp-content\/uploads\/DON_1984-scaled.jpg?fit=1200%2C800&ssl=1&resize=350%2C200 1x, https:\/\/i0.wp.com\/larevistadigital.com.ar\/blog\/wp-content\/uploads\/DON_1984-scaled.jpg?fit=1200%2C800&ssl=1&resize=525%2C300 1.5x, https:\/\/i0.wp.com\/larevistadigital.com.ar\/blog\/wp-content\/uploads\/DON_1984-scaled.jpg?fit=1200%2C800&ssl=1&resize=700%2C400 2x, https:\/\/i0.wp.com\/larevistadigital.com.ar\/blog\/wp-content\/uploads\/DON_1984-scaled.jpg?fit=1200%2C800&ssl=1&resize=1050%2C600 3x"},"classes":[]}],"_links":{"self":[{"href":"https:\/\/larevistadigital.com.ar\/blog\/wp-json\/wp\/v2\/posts\/23251","targetHints":{"allow":["GET"]}}],"collection":[{"href":"https:\/\/larevistadigital.com.ar\/blog\/wp-json\/wp\/v2\/posts"}],"about":[{"href":"https:\/\/larevistadigital.com.ar\/blog\/wp-json\/wp\/v2\/types\/post"}],"author":[{"embeddable":true,"href":"https:\/\/larevistadigital.com.ar\/blog\/wp-json\/wp\/v2\/users\/3"}],"replies":[{"embeddable":true,"href":"https:\/\/larevistadigital.com.ar\/blog\/wp-json\/wp\/v2\/comments?post=23251"}],"version-history":[{"count":1,"href":"https:\/\/larevistadigital.com.ar\/blog\/wp-json\/wp\/v2\/posts\/23251\/revisions"}],"predecessor-version":[{"id":23253,"href":"https:\/\/larevistadigital.com.ar\/blog\/wp-json\/wp\/v2\/posts\/23251\/revisions\/23253"}],"wp:featuredmedia":[{"embeddable":true,"href":"https:\/\/larevistadigital.com.ar\/blog\/wp-json\/wp\/v2\/media\/23252"}],"wp:attachment":[{"href":"https:\/\/larevistadigital.com.ar\/blog\/wp-json\/wp\/v2\/media?parent=23251"}],"wp:term":[{"taxonomy":"category","embeddable":true,"href":"https:\/\/larevistadigital.com.ar\/blog\/wp-json\/wp\/v2\/categories?post=23251"},{"taxonomy":"post_tag","embeddable":true,"href":"https:\/\/larevistadigital.com.ar\/blog\/wp-json\/wp\/v2\/tags?post=23251"}],"curies":[{"name":"wp","href":"https:\/\/api.w.org\/{rel}","templated":true}]}}