{"id":23254,"date":"2022-01-08T17:09:49","date_gmt":"2022-01-08T17:09:49","guid":{"rendered":"https:\/\/larevistadigital.com.ar\/blog\/?p=23254"},"modified":"2022-01-08T17:09:49","modified_gmt":"2022-01-08T17:09:49","slug":"cancer-de-piel-el-mas-comun-luego-de-los-40-anos-como-prevenirlo","status":"publish","type":"post","link":"https:\/\/larevistadigital.com.ar\/blog\/cancer-de-piel-el-mas-comun-luego-de-los-40-anos-como-prevenirlo\/","title":{"rendered":"CANCER DE PIEL: EL M\u00c1S COM\u00daN LUEGO DE LOS 40  A\u00d1OS \u00bfC\u00d3MO PREVENIRLO?"},"content":{"rendered":"<h2 class=\"article__dropline soft\">Advierten que la exposici\u00f3n permanente a los rayos ultravioletas sin protecci\u00f3n es un peligro latente. Especialistas afirman que cada vez afecta a personas m\u00e1s j\u00f3venes y recomiendan protegerse.<\/h2>\n<p class=\"paragraph\">El\u00a0<b>c\u00e1ncer<\/b>\u00a0es una enfermedad que afecta a personas en todo el mundo. Son muchas y variadas las formas en las que puede manifestarse, afectando a distintos \u00f3rganos del cuerpo. Dentro de todas esas variables, el\u00a0<a href=\"https:\/\/tn.com.ar\/salud\/noticias\/2021\/12\/30\/pieles-sensibles-consejos-para-pasar-el-verano-sin-quemaduras-solares\/\" target=\"_blank\" rel=\"noopener\"><b>c\u00e1ncer de piel\u00a0<\/b><\/a>es\u00a0<b>uno de los m\u00e1s comunes despu\u00e9s de los 40 a\u00f1os<\/b>.<\/p>\n<blockquote>\n<h3 class=\"paragraph\">De acuerdo a estad\u00edsticas de la Organizaci\u00f3n Mundial de la Salud (OMS), 1 de cada 3 diagn\u00f3sticos es de este tipo. Sin embargo, el\u00a0<b>90%\u00a0<\/b>de estos casos puede ser tratado si se detecta a tiempo. Por eso, cada vez se hace m\u00e1s hincapi\u00e9 en los controles y autochequeos.<\/h3>\n<\/blockquote>\n<p class=\"paragraph\">Especialistas del hospital de Cl\u00ednicas advierten que la exposici\u00f3n permanente a los\u00a0<b>rayos ultravioletas\u00a0<\/b>sin protecci\u00f3n es un peligro latente y aseguran que el c\u00e1ncer de piel cada vez afecta m\u00e1s a personas j\u00f3venes.<\/p>\n<figure class=\"\">\n<div class=\"aspect_ratio__container\"><\/div><figcaption class=\"flex flex_column caption_image\"><\/figcaption><\/figure>\n<p class=\"paragraph\"><em><strong>\u201cEl c\u00e1ncer de piel es el\u00a0primer tipo de c\u00e1ncer\u00a0de la\u00a0vida adulta. Si bien no contamos con datos estad\u00edsticos, la consulta por lesiones de piel sospechosas de c\u00e1ncer es frecuente en el hospital. Por tal motivo, desde hace 30 a\u00f1os, se realiza la campa\u00f1a gratuita la tercera semana de noviembre, llamada \u00b4consulte por lunares\u00b4\u201d<\/strong><\/em>, dice\u00a0<b>Ariel Sehtman<\/b>\u00a0(M.N. 82.978), m\u00e9dico de la Divisi\u00f3n Dermatolog\u00eda del Hospital de Cl\u00ednicas.<\/p>\n<h2 class=\"font--primary\">Tipos m\u00e1s frecuentes de c\u00e1ncer de piel<\/h2>\n<blockquote>\n<h3 class=\"paragraph\"><em>\u201cLos tres tipos de<b>\u00a0c\u00e1ncer en la piel<\/b>\u00a0m\u00e1s frecuentes son el\u00a0<b>carcinoma basocelular<\/b>, el\u00a0<b>carcinoma espinocelular<\/b>\u00a0y el\u00a0<b>melanoma<\/b>. Existen lesiones precursoras de estos tres por lo cual es importante la consulta peri\u00f3dica con el especialista, a fin de poder detectarlas y as\u00ed, ayudar a prevenir el\u00a0<b>c\u00e1ncer cut\u00e1neo<\/b>. Una de estas lesiones son las\u00a0<b>queratosis solares<\/b>\u00a0(que comienzan como manchas rosadas peque\u00f1as en sitios expuestos al sol como el cuero cabelludo, las orejas, la cara, los brazos y las piernas, lugares donde la gente no se pone habitualmente el protector solar)\u201d<\/em>, advierte.<\/h3>\n<\/blockquote>\n<p class=\"paragraph\">El especialista explica que esas manchas, con el tiempo, se cubren de una peque\u00f1a\u00a0<b>escama blanca\u00a0<\/b>y que muchas veces\u00a0<b>no tienen s\u00edntomas<\/b>. <strong><em>\u201cEsta\u00a0lesi\u00f3n precancerosa, no solo es la m\u00e1s frecuente sino que, adem\u00e1s, tiene hasta un 25% de posibilidad de volverse c\u00e1ncer de piel\u201d, advierte tras a\u00f1adir: \u201cLos\u00a0lunares\u00a0que tienen\u00a0m\u00e1s de un color\u00a0o distintos\u00a0tonos del mismo color, que miden m\u00e1s de 6 mil\u00edmetros, que son irregulares, empiezan a crecer o sangran, son s\u00edntomas para prestar atenci\u00f3n\u201d.<\/em><\/strong><\/p>\n<h2 class=\"font--primary\">Franja etaria m\u00e1s afectada por el c\u00e1ncer de piel<\/h2>\n<p class=\"paragraph\">Respecto de cu\u00e1l es la<b>\u00a0franja etaria<\/b>\u00a0m\u00e1s afectada por este tipo de c\u00e1ncer, el especialista asegura que <strong><em>\u201ccada vez se ven m\u00e1s casos en personas m\u00e1s j\u00f3venes, por el\u00a0h\u00e1bito de tomar sol, el uso inadecuado de las\u00a0camas solares\u00a0y la\u00a0falta de cuidados dermatol\u00f3gicos\u00a0como el correcto uso del\u00a0protector solar\u00a0y vestimentas adecuadas, incluido los lentes con filtros solares\u201d.<\/em><\/strong><\/p>\n<blockquote>\n<h3 class=\"paragraph\"><em><strong>Sostiene que\u201cHace una o dos d\u00e9cadas atr\u00e1s, era frecuente ver c\u00e1ncer de piel\u00a0a partir de los\u00a040-50 a\u00f1os.\u00a0Hoy vemos m\u00e1s consultas en individuos\u00a0mayores de 30. Mientras m\u00e1s bronceado est\u00e9 uno, significa que hemos oxidado m\u00e1s nuestras\u00a0c\u00e9lulas cut\u00e1neas\u00a0y, para protegerse del da\u00f1o ocasionado por el sol, deben fabricar\u00a0m\u00e1s pigmento. Es decir, m\u00e1s bronceado significa m\u00e1s da\u00f1o. De all\u00ed la importancia de las medidas de\u00a0fotoprotecci\u00f3n\u00a0y de\u00a0fotoeducaci\u00f3n adecuadas, para permitir poder disfrutar del sol con los recaudos necesarios para atenuar sus efectos nocivos\u201d<\/strong><\/em>.<\/h3>\n<\/blockquote>\n<p class=\"paragraph\">En ese sentido, el dermat\u00f3logo aclara: <strong><em>\u201cAquellas personas de\u00a0ojos, piel y cabellos claros\u00a0(Fototipos 1 y 2) son los m\u00e1s proclives a padecer\u00a0c\u00e1ncer de piel. Se aconseja no exponer al sol a ni\u00f1os menores de 6 meses, tampoco las personas mayores, porque sus sistemas de defensas son m\u00e1s bajos y no responden adecuadamente frente al\u00a0da\u00f1o solar. Las personas que toman medicaci\u00f3n por el motivo que sea, deber\u00edan consultar al dermat\u00f3logo por el riesgo de exacerbar\u00a0lesiones cut\u00e1neas\u00a0frente a la exposici\u00f3n solar\u201d<\/em><\/strong>, indica.<\/p>\n<p class=\"paragraph\">Detectado y tratado a tiempo, el\u00a0<b>c\u00e1ncer de piel<\/b>\u00a0puede curarse en la gran mayor\u00eda de los casos. \u201c<b>Diagn\u00f3stico y tratamiento precoz\u00a0<\/b>permiten lograr\u00a0<b>tasas de sobrevida a los 5 a\u00f1os del 95%<\/b>\u201d. Adem\u00e1s, hoy en d\u00eda existe una gran variedad de tratamientos m\u00e9dicos y quir\u00fargicos que permiten lograr esos resultados\u201d, dice.<\/p>\n<h2 class=\"font--primary\">Prevenci\u00f3n: consejos a la hora de exponerse al sol<\/h2>\n<p class=\"paragraph\"><em><strong>\u201cLa\u00a0prevenci\u00f3n solar\u00a0es durante todo el a\u00f1o. D\u00edas de sol y nublados por igual (aunque no lo veamos el sol siempre est\u00e1). La prevenci\u00f3n debe ser mediante\u00a0medios f\u00edsicos\u00a0(lentes de sol, ropa adecuada, gorros o sombreros) y\u00a0medios qu\u00edmicos\u00a0como los\u00a0protectores solares con factor 30\u00a0o superior. El protector solar deber\u00eda considerarse una medicaci\u00f3n no solo para prevenir c\u00e1ncer de piel sino para otras afecciones como el\u00a0lupus, la\u00a0ros\u00e1cea, otras\u00a0dermatosis fotosensibles, personas\u00a0trasplantadas, pacientes oncol\u00f3gicos\u201d<\/strong><\/em>, dice <strong>Sehtman.<\/strong><\/p>\n<blockquote>\n<h3 class=\"paragraph\">Respecto a los<b>\u00a0protectores solares<\/b>, recomienda \u201cla aplicaci\u00f3n y la replicaci\u00f3n\u201d. <strong><em>\u201cSe aconseja aplicarlo media hora antes de la exposici\u00f3n al sol y repetirlo cada dos horas, tanto d\u00edas de sol como nublados. Aquellos\u00a0productos resistentes al agua\u00a0no son resistentes a las toallas. Es recomendable en estos casos volver a aplicar luego de secarse por este medio. El protector solar no protege de la\u00a0insolaci\u00f3n\u00a0ni del\u00a0golpe de calor. Deben ser para\u00a0radiaciones ultravioletas A (UVA)\u00a0como B (UVB). Una vez aplicado, el protector solar tarda entre 10 y 15 minutos en actuar. De all\u00ed, la importancia de aplicarlo previo a iniciar la exposici\u00f3n\u201d<\/em><\/strong>, explica.<\/h3>\n<\/blockquote>\n<p class=\"paragraph\">Y agrega:<em><strong> \u201cEn nuestro pa\u00eds, para evitar m\u00e1s casos de c\u00e1ncer de piel, ser\u00eda muy importante, adem\u00e1s de las campa\u00f1as y consultas para la detecci\u00f3n y para la fotoeducaci\u00f3n, contar con envases familiares de los\u00a0protectores solares\u00a0para garantizar el uso peri\u00f3dico, con precios accesibles y descuentos de obras sociales y medicinas prepagas, ya que deber\u00edan considerarse como medicamento y no como un producto dermoest\u00e9tico\u201d<\/strong><\/em>, sostiene.<\/p>\n<blockquote>\n<h3 class=\"paragraph\">Adem\u00e1s recalca que <em><strong>\u201ccuando tenemos una\u00a0quemadura solar, no debemos exponernos al sol por un par de d\u00edas, ni aplicarnos cualquier tipo de producto como\u00a0dent\u00edfricos, az\u00facar o alcohol, ni cualquier tipo de\u00a0cremas. Ante esta situaci\u00f3n, consultar con el m\u00e9dico dermat\u00f3logo\u201d.<\/strong><\/em><\/h3>\n<\/blockquote>\n<h2 class=\"font--primary\">Recomendaciones y medidas de protecci\u00f3n contra la acci\u00f3n del sol<\/h2>\n<p class=\"paragraph\"><em><strong>\u201cEl horario recomendado para evitar el sol sin las medidas de protecci\u00f3n adecuadas es\u00a0de 10.00 a 15.00. Cuando notamos que tenemos sombra corta de nuestro propio cuerpo, ah\u00ed sabemos que es m\u00e1s peligroso. Si vemos sombra larga, sabemos que es el mejor horario\u201d<\/strong><\/em>, precisa.<\/p>\n<p class=\"paragraph\">Por \u00faltimo, el especialista sugiere: <em><strong>\u201cEs muy importante ver qu\u00e9 pasa con los\u00a0d\u00edas nublados. En esos d\u00edas, pasan las\u00a0radiaciones m\u00e1s agresivas\u00a0a trav\u00e9s de las nubes, es decir, aquellas que m\u00e1s\u00a0c\u00e1ncer de piel\u00a0producen. Es decir,\u00a0un d\u00eda nublado es m\u00e1s peligroso a\u00fan que un d\u00eda soleado.\u00a0Por eso, es importante extremar las medidas de fotoprotecci\u00f3n en estos d\u00edas y no creer que porque no se lo ve, el sol no produce da\u00f1o y, por lo tanto, no debo cuidarme\u201d<\/strong><\/em>.<\/p>\n<p>publicaci\u00f3n e imagen: tn.com.ar<\/p>\n","protected":false},"excerpt":{"rendered":"<div class=\"mh-excerpt\"><p>Advierten que la exposici\u00f3n permanente a los rayos ultravioletas sin protecci\u00f3n es un peligro latente. Especialistas afirman que cada vez afecta a personas m\u00e1s j\u00f3venes y recomiendan protegerse. El\u00a0c\u00e1ncer\u00a0es una enfermedad que afecta a personas <a class=\"mh-excerpt-more\" href=\"https:\/\/larevistadigital.com.ar\/blog\/cancer-de-piel-el-mas-comun-luego-de-los-40-anos-como-prevenirlo\/\" title=\"CANCER DE PIEL: EL M\u00c1S COM\u00daN LUEGO DE LOS 40  A\u00d1OS \u00bfC\u00d3MO PREVENIRLO?\">[Leer M\u00e1s]<\/a><\/p>\n<\/div>","protected":false},"author":3,"featured_media":23255,"comment_status":"open","ping_status":"open","sticky":false,"template":"","format":"standard","meta":{"_jetpack_memberships_contains_paid_content":false,"footnotes":"","jetpack_publicize_message":"","jetpack_publicize_feature_enabled":true,"jetpack_social_post_already_shared":true,"jetpack_social_options":{"image_generator_settings":{"template":"highway","default_image_id":0,"font":"","enabled":false},"version":2}},"categories":[50],"tags":[],"class_list":{"0":"post-23254","1":"post","2":"type-post","3":"status-publish","4":"format-standard","5":"has-post-thumbnail","7":"category-interes-general"},"jetpack_publicize_connections":[],"jetpack_featured_media_url":"https:\/\/i0.wp.com\/larevistadigital.com.ar\/blog\/wp-content\/uploads\/Captura-de-pantalla-2022-01-08-140439.jpg?fit=1182%2C660&ssl=1","jetpack_sharing_enabled":true,"jetpack_shortlink":"https:\/\/wp.me\/p8qtrQ-634","jetpack-related-posts":[{"id":41957,"url":"https:\/\/larevistadigital.com.ar\/blog\/octubre-rosa-continuan-las-mamografias-gratuitas-para-la-deteccion-temprana-del-cancer-de-mama\/","url_meta":{"origin":23254,"position":0},"title":"Octubre Rosa: Contin\u00faan las mamograf\u00edas gratuitas para la detecci\u00f3n temprana del c\u00e1ncer de mama","author":"Alejandro Sosa Ruda","date":"14 octubre, 2025","format":false,"excerpt":"El Hospital Municipal San Vicente de Paul y los CAPS ofrecen turnos para mujeres de 40 a 70 a\u00f1os, en el marco de la campa\u00f1a de concientizaci\u00f3n y prevenci\u00f3n de la enfermedad. 14 de Octubre de 2025 CHASCOM\u00daS -\u00a0 \u00a0En el marco del mes de concientizaci\u00f3n sobre el c\u00e1ncer de\u2026","rel":"","context":"En \u00abCHASCOM\u00daS\u00bb","block_context":{"text":"CHASCOM\u00daS","link":"https:\/\/larevistadigital.com.ar\/blog\/category\/chascomus\/"},"img":{"alt_text":"","src":"https:\/\/i0.wp.com\/larevistadigital.com.ar\/blog\/wp-content\/uploads\/68ee85b777eaf.png?fit=668%2C445&ssl=1&resize=350%2C200","width":350,"height":200,"srcset":"https:\/\/i0.wp.com\/larevistadigital.com.ar\/blog\/wp-content\/uploads\/68ee85b777eaf.png?fit=668%2C445&ssl=1&resize=350%2C200 1x, https:\/\/i0.wp.com\/larevistadigital.com.ar\/blog\/wp-content\/uploads\/68ee85b777eaf.png?fit=668%2C445&ssl=1&resize=525%2C300 1.5x"},"classes":[]},{"id":41795,"url":"https:\/\/larevistadigital.com.ar\/blog\/octubre-rosa-durante-octubre-el-hospital-municipal-realiza-mamografias-todos-los-dias\/","url_meta":{"origin":23254,"position":1},"title":"Octubre Rosa: Durante octubre, el Hospital Municipal realiza mamograf\u00edas todos los d\u00edas","author":"Alejandro Sosa Ruda","date":"6 octubre, 2025","format":false,"excerpt":"En el mes de concientizaci\u00f3n sobre el c\u00e1ncer de mama, se promueve la detecci\u00f3n temprana y el acceso al control preventivo en mujeres de todas las edades. 06 de Octubre de 2025 CHASCOM\u00daS -\u00a0 \u00a0En el marco de la campa\u00f1a \u201cOctubre Rosa\u201d, el Hospital Municipal San Vicente de Paul lleva\u2026","rel":"","context":"En \u00abCHASCOM\u00daS\u00bb","block_context":{"text":"CHASCOM\u00daS","link":"https:\/\/larevistadigital.com.ar\/blog\/category\/chascomus\/"},"img":{"alt_text":"","src":"https:\/\/i0.wp.com\/larevistadigital.com.ar\/blog\/wp-content\/uploads\/68e3f3ff20117.png?fit=668%2C445&ssl=1&resize=350%2C200","width":350,"height":200,"srcset":"https:\/\/i0.wp.com\/larevistadigital.com.ar\/blog\/wp-content\/uploads\/68e3f3ff20117.png?fit=668%2C445&ssl=1&resize=350%2C200 1x, https:\/\/i0.wp.com\/larevistadigital.com.ar\/blog\/wp-content\/uploads\/68e3f3ff20117.png?fit=668%2C445&ssl=1&resize=525%2C300 1.5x"},"classes":[]},{"id":42402,"url":"https:\/\/larevistadigital.com.ar\/blog\/la-campana-de-concientizacion-sobre-el-cancer-de-mama-se-extiende-hasta-el-28-de-noviembre\/","url_meta":{"origin":23254,"position":2},"title":"La campa\u00f1a de concientizaci\u00f3n sobre el c\u00e1ncer de mama se extiende hasta el 28 de noviembre","author":"Alejandro Sosa Ruda","date":"5 noviembre, 2025","format":false,"excerpt":"Contin\u00faa el horario extendido para la realizaci\u00f3n de controles y mamograf\u00edas gratuitas en el Hospital Municipal. El programa de detecci\u00f3n temprana del c\u00e1ncer de mama \u201cOctubre Rosa\u201d se extender\u00e1 hasta el 28 de noviembre e invita a mujeres de 40 a 70 a\u00f1os a realizarse el estudio sin costo en\u2026","rel":"","context":"En \u00abCHASCOM\u00daS\u00bb","block_context":{"text":"CHASCOM\u00daS","link":"https:\/\/larevistadigital.com.ar\/blog\/category\/chascomus\/"},"img":{"alt_text":"","src":"https:\/\/i0.wp.com\/larevistadigital.com.ar\/blog\/wp-content\/uploads\/690b82ec3cb76.png?fit=668%2C445&ssl=1&resize=350%2C200","width":350,"height":200,"srcset":"https:\/\/i0.wp.com\/larevistadigital.com.ar\/blog\/wp-content\/uploads\/690b82ec3cb76.png?fit=668%2C445&ssl=1&resize=350%2C200 1x, https:\/\/i0.wp.com\/larevistadigital.com.ar\/blog\/wp-content\/uploads\/690b82ec3cb76.png?fit=668%2C445&ssl=1&resize=525%2C300 1.5x"},"classes":[]},{"id":43966,"url":"https:\/\/larevistadigital.com.ar\/blog\/alerta-por-medusas-en-la-orilla-el-mar-mas-caliente-multiplica-las-picaduras-en-mar-del-plata\/","url_meta":{"origin":23254,"position":3},"title":"Alerta por medusas en la orilla: el mar m\u00e1s caliente multiplica las picaduras en Mar del Plata","author":"Alejandro Sosa Ruda","date":"12 febrero, 2026","format":false,"excerpt":"Guardavidas de Punta Mogotes confirmaron que el fen\u00f3meno se repite cada verano, pero advierten que con temperaturas del agua por encima del promedio aumentan los casos. Qu\u00e9 hacer ante una picadura y c\u00f3mo prevenirla. 12 de febrero de 2026 MAR DEL PLATA -\u00a0 \u00a0El aumento sostenido de la temperatura del\u2026","rel":"","context":"En \u00abREGIONALES\u00bb","block_context":{"text":"REGIONALES","link":"https:\/\/larevistadigital.com.ar\/blog\/category\/regionales\/"},"img":{"alt_text":"","src":"https:\/\/i0.wp.com\/larevistadigital.com.ar\/blog\/wp-content\/uploads\/Captura-de-pantalla-2026-02-12-124945.jpg?fit=625%2C437&ssl=1&resize=350%2C200","width":350,"height":200,"srcset":"https:\/\/i0.wp.com\/larevistadigital.com.ar\/blog\/wp-content\/uploads\/Captura-de-pantalla-2026-02-12-124945.jpg?fit=625%2C437&ssl=1&resize=350%2C200 1x, https:\/\/i0.wp.com\/larevistadigital.com.ar\/blog\/wp-content\/uploads\/Captura-de-pantalla-2026-02-12-124945.jpg?fit=625%2C437&ssl=1&resize=525%2C300 1.5x"},"classes":[]},{"id":28211,"url":"https:\/\/larevistadigital.com.ar\/blog\/cuenta-dni-enterate-como-ahorrar-mas-de-37-000-pesos-en-octubre\/","url_meta":{"origin":23254,"position":4},"title":"CUENTA DNI: ENTERATE COMO AHORRAR M\u00c1S DE 37.000 PESOS EN OCTUBRE","author":"Alejandro Sosa Ruda","date":"2 octubre, 2022","format":false,"excerpt":"Este mes habr\u00e1 descuentos del 30%, 40% y 100% con la billetera virtual. C\u00f3mo puede aprovechar los reintegros una familia de tres personas bancarizadas. 02 de Octubre de 2022 Como cada mes, el Banco Provincia dio a conocer los beneficios y descuentos que ofrecer\u00e1 la billetera virtual Cuenta DNI a\u2026","rel":"","context":"En \u00abINTERES GENERAL\u00bb","block_context":{"text":"INTERES GENERAL","link":"https:\/\/larevistadigital.com.ar\/blog\/category\/interes-general\/"},"img":{"alt_text":"","src":"https:\/\/i0.wp.com\/larevistadigital.com.ar\/blog\/wp-content\/uploads\/cuenta-.jpg?fit=883%2C555&ssl=1&resize=350%2C200","width":350,"height":200,"srcset":"https:\/\/i0.wp.com\/larevistadigital.com.ar\/blog\/wp-content\/uploads\/cuenta-.jpg?fit=883%2C555&ssl=1&resize=350%2C200 1x, https:\/\/i0.wp.com\/larevistadigital.com.ar\/blog\/wp-content\/uploads\/cuenta-.jpg?fit=883%2C555&ssl=1&resize=525%2C300 1.5x, https:\/\/i0.wp.com\/larevistadigital.com.ar\/blog\/wp-content\/uploads\/cuenta-.jpg?fit=883%2C555&ssl=1&resize=700%2C400 2x"},"classes":[]},{"id":43367,"url":"https:\/\/larevistadigital.com.ar\/blog\/un-informe-alerta-por-el-impacto-del-alquiler-en-los-hogares\/","url_meta":{"origin":23254,"position":5},"title":"Un informe alerta por el impacto del alquiler en los hogares","author":"Alejandro Sosa Ruda","date":"14 enero, 2026","format":false,"excerpt":"El alquiler golpea cada vez m\u00e1s fuerte: un informe revela endeudamiento r\u00e9cord, m\u00e1s trabajos y menos comida en los hogares argentinos que alquilan. 14 de enero de 2026 Alquilar en la Argentina dej\u00f3 de ser una etapa transitoria para convertirse en una trampa estructural. A dos a\u00f1os de la desregulaci\u00f3n\u2026","rel":"","context":"En \u00abDESTACADAS\u00bb","block_context":{"text":"DESTACADAS","link":"https:\/\/larevistadigital.com.ar\/blog\/category\/destacadas\/"},"img":{"alt_text":"","src":"https:\/\/i0.wp.com\/larevistadigital.com.ar\/blog\/wp-content\/uploads\/Captura-de-pantalla-2026-01-14-195836.jpg?fit=793%2C431&ssl=1&resize=350%2C200","width":350,"height":200,"srcset":"https:\/\/i0.wp.com\/larevistadigital.com.ar\/blog\/wp-content\/uploads\/Captura-de-pantalla-2026-01-14-195836.jpg?fit=793%2C431&ssl=1&resize=350%2C200 1x, https:\/\/i0.wp.com\/larevistadigital.com.ar\/blog\/wp-content\/uploads\/Captura-de-pantalla-2026-01-14-195836.jpg?fit=793%2C431&ssl=1&resize=525%2C300 1.5x, https:\/\/i0.wp.com\/larevistadigital.com.ar\/blog\/wp-content\/uploads\/Captura-de-pantalla-2026-01-14-195836.jpg?fit=793%2C431&ssl=1&resize=700%2C400 2x"},"classes":[]}],"_links":{"self":[{"href":"https:\/\/larevistadigital.com.ar\/blog\/wp-json\/wp\/v2\/posts\/23254","targetHints":{"allow":["GET"]}}],"collection":[{"href":"https:\/\/larevistadigital.com.ar\/blog\/wp-json\/wp\/v2\/posts"}],"about":[{"href":"https:\/\/larevistadigital.com.ar\/blog\/wp-json\/wp\/v2\/types\/post"}],"author":[{"embeddable":true,"href":"https:\/\/larevistadigital.com.ar\/blog\/wp-json\/wp\/v2\/users\/3"}],"replies":[{"embeddable":true,"href":"https:\/\/larevistadigital.com.ar\/blog\/wp-json\/wp\/v2\/comments?post=23254"}],"version-history":[{"count":1,"href":"https:\/\/larevistadigital.com.ar\/blog\/wp-json\/wp\/v2\/posts\/23254\/revisions"}],"predecessor-version":[{"id":23256,"href":"https:\/\/larevistadigital.com.ar\/blog\/wp-json\/wp\/v2\/posts\/23254\/revisions\/23256"}],"wp:featuredmedia":[{"embeddable":true,"href":"https:\/\/larevistadigital.com.ar\/blog\/wp-json\/wp\/v2\/media\/23255"}],"wp:attachment":[{"href":"https:\/\/larevistadigital.com.ar\/blog\/wp-json\/wp\/v2\/media?parent=23254"}],"wp:term":[{"taxonomy":"category","embeddable":true,"href":"https:\/\/larevistadigital.com.ar\/blog\/wp-json\/wp\/v2\/categories?post=23254"},{"taxonomy":"post_tag","embeddable":true,"href":"https:\/\/larevistadigital.com.ar\/blog\/wp-json\/wp\/v2\/tags?post=23254"}],"curies":[{"name":"wp","href":"https:\/\/api.w.org\/{rel}","templated":true}]}}