{"id":23257,"date":"2022-01-08T17:14:45","date_gmt":"2022-01-08T17:14:45","guid":{"rendered":"https:\/\/larevistadigital.com.ar\/blog\/?p=23257"},"modified":"2022-01-08T17:14:45","modified_gmt":"2022-01-08T17:14:45","slug":"como-evitar-el-contagio-de-covid-en-las-piletas","status":"publish","type":"post","link":"https:\/\/larevistadigital.com.ar\/blog\/como-evitar-el-contagio-de-covid-en-las-piletas\/","title":{"rendered":"\u00bfCOMO EVITAR EL CONTAGIO DE COVID EN LAS PILETAS?"},"content":{"rendered":"<h2 class=\"article__dropline soft\">El mayor peligro responde a la conducta de las personas, por eso es importante respetar las medidas de cuidado y evitar los lugares donde se concentre mucha gente.<\/h2>\n<p class=\"paragraph\">Con las altas temperaturas de los \u00faltimos d\u00edas, muchas personas van a<b>\u00a0piletas p\u00fablicas, de amigos o familiares\u00a0<\/b>para hacerle frente al calor. Pero en tiempos de<a href=\"https:\/\/tn.com.ar\/sociedad\/2022\/01\/04\/coronavirus-en-la-argentina-informaron-81210-nuevos-casos-record-de-toda-la-pandemia-y-49-muertos-en-las-ultimas-24-horas\/\">\u00a0contagios de coronavirus r\u00e9cord<\/a>\u00a0es importante recordar algunas\u00a0<b>recomendaciones<\/b>: desde mantener la distancia de dos metros hasta cuidar la elecci\u00f3n de los lugares,\u00a0<b>diez consejos a tener en cuenta.<\/b><\/p>\n<blockquote>\n<h3 class=\"paragraph\">A diferencia del verano anterior, este a\u00f1o se permite el uso de piletas y espacios de recreaci\u00f3n sin aforo, al igual que en la mayor\u00eda de los lugares de concentraci\u00f3n masiva de personas.<\/h3>\n<\/blockquote>\n<p class=\"paragraph\">Si bien\u00a0<b>Romina Mauas<\/b>, infect\u00f3loga de la empresa Vittal, indic\u00f3 que \u201c<b>no hay evidencia cient\u00edfica que demuestre que el coronavirus se pueda transmitir a trav\u00e9s del agua clorada<\/b>\u201d, la empresa de urgencias y emergencias plante\u00f3 una serie de cuidados y recomendaciones para evitar los contagios.<\/p>\n<h2 class=\"font--primary\">Qu\u00e9 tener en cuenta para evitar los contagios en piletas<\/h2>\n<ul class=\"ul__list list\">\n<li class=\"list__item\">Si la pileta es propia verificar dentro de lo posible que tenga una<b>\u00a0concentraci\u00f3n residual de cloro libre de \u00b10.5 mg\/I en el agua de la pileta durante un m\u00ednimo de 30 minutos de contacto a un pH menor 0.8.<\/b>\u00a0Seg\u00fan la Organizaci\u00f3n Mundial de la Salud (OMS) es suficiente para matar virus envueltos como los coronavirus.<\/li>\n<li class=\"list__item\">En piletas p\u00fablicas de deportes y esparcimiento, elegir las q<b>ue funcionen exclusivamente en espacios abiertos,<\/b>\u00a0es decir,\u00a0<b>sin techo ni paredes laterales<\/b>.<\/li>\n<li class=\"list__item\"><b>Mantener la distancia social de dos metros\u00a0<\/b>tanto dentro como afuera de la pileta.<\/li>\n<li class=\"list__item\"><b>Evitar mantener conversaciones\u00a0<\/b>con personas que no pertenezcan a la misma burbuja.<\/li>\n<li class=\"list__item\">La cantidad de\u00a0<b>personas dentro de la pileta no debe exceder las ocho por metro cuadrado<\/b>.<\/li>\n<li class=\"list__item\">Elegir aquellas que permitan el\u00a0<b>uso por turnos<\/b>\u00a0de manera tal de poder cumplir con las ocho personas por metro cuadrado.<\/li>\n<li class=\"list__item\"><b>Usar correctamente el tapabocas y nariz\u00a0<\/b>en los espacios p\u00fablicos fuera de la pileta.<\/li>\n<li class=\"list__item\">Elegir lo lugares en donde los\u00a0<b>vestuarios sean desinfectados y ventilados\u00a0<\/b>continuamente y que\u00a0<b>proh\u00edban el uso de las duchas<\/b>.<\/li>\n<li class=\"list__item\"><b>No concurrir a vestuarios en los que se junten muchas personas.<\/b><\/li>\n<li class=\"list__item\">En el caso de piletas p\u00fablicas y clubes se debe\u00a0<b>presentar una declaraci\u00f3n jurada\u00a0<\/b>en la que conste la ausencia de signos compatibles con el coronavirus.<\/li>\n<\/ul>\n","protected":false},"excerpt":{"rendered":"<div class=\"mh-excerpt\"><p>El mayor peligro responde a la conducta de las personas, por eso es importante respetar las medidas de cuidado y evitar los lugares donde se concentre mucha gente. Con las altas temperaturas de los \u00faltimos <a class=\"mh-excerpt-more\" href=\"https:\/\/larevistadigital.com.ar\/blog\/como-evitar-el-contagio-de-covid-en-las-piletas\/\" title=\"\u00bfCOMO EVITAR EL CONTAGIO DE COVID EN LAS PILETAS?\">[Leer M\u00e1s]<\/a><\/p>\n<\/div>","protected":false},"author":3,"featured_media":23258,"comment_status":"open","ping_status":"open","sticky":false,"template":"","format":"standard","meta":{"_jetpack_memberships_contains_paid_content":false,"footnotes":"","jetpack_publicize_message":"","jetpack_publicize_feature_enabled":true,"jetpack_social_post_already_shared":true,"jetpack_social_options":{"image_generator_settings":{"template":"highway","default_image_id":0,"font":"","enabled":false},"version":2}},"categories":[50,29],"tags":[],"class_list":{"0":"post-23257","1":"post","2":"type-post","3":"status-publish","4":"format-standard","5":"has-post-thumbnail","7":"category-interes-general","8":"category-sociedad"},"jetpack_publicize_connections":[],"jetpack_featured_media_url":"https:\/\/i0.wp.com\/larevistadigital.com.ar\/blog\/wp-content\/uploads\/00.jpg?fit=1440%2C806&ssl=1","jetpack_sharing_enabled":true,"jetpack_shortlink":"https:\/\/wp.me\/p8qtrQ-637","jetpack-related-posts":[{"id":38572,"url":"https:\/\/larevistadigital.com.ar\/blog\/tras-las-recientes-lluvias-se-deben-reforzar-las-medidas-de-prevencion-del-dengue\/","url_meta":{"origin":23257,"position":0},"title":"Tras las recientes lluvias se deben reforzar las medidas de prevenci\u00f3n del dengue","author":"Alejandro Sosa Ruda","date":"29 enero, 2025","format":false,"excerpt":"La Municipalidad de Chascom\u00fas recuerda las medidas para evitar la reproducci\u00f3n del mosquito Aedes aegypti, transmisor de la enfermedad. 29 de enero de 2025 CHASCOM\u00daS -\u00a0 En este sentido, es importante recordar que tanto los dep\u00f3sitos de agua estancada como los pastizales son un ambiente ideal para los criaderos del\u2026","rel":"","context":"En \u00abINTERES GENERAL\u00bb","block_context":{"text":"INTERES GENERAL","link":"https:\/\/larevistadigital.com.ar\/blog\/category\/interes-general\/"},"img":{"alt_text":"","src":"https:\/\/i0.wp.com\/larevistadigital.com.ar\/blog\/wp-content\/uploads\/67991125725f6.png?fit=668%2C445&ssl=1&resize=350%2C200","width":350,"height":200,"srcset":"https:\/\/i0.wp.com\/larevistadigital.com.ar\/blog\/wp-content\/uploads\/67991125725f6.png?fit=668%2C445&ssl=1&resize=350%2C200 1x, https:\/\/i0.wp.com\/larevistadigital.com.ar\/blog\/wp-content\/uploads\/67991125725f6.png?fit=668%2C445&ssl=1&resize=525%2C300 1.5x"},"classes":[]},{"id":17260,"url":"https:\/\/larevistadigital.com.ar\/blog\/sorpresivo-hallazgo-de-un-lobo-marino-en-la-costa-de-berazategui\/","url_meta":{"origin":23257,"position":1},"title":"SORPRESIVO HALLAZGO DE UN LOBO MARINO EN LA COSTA DE BERAZATEGUI","author":"Alejandro Sosa Ruda","date":"27 octubre, 2020","format":false,"excerpt":"El animal qued\u00f3 al resguardo en una pileta municipal a la espera de ser trasladado a Mundo Marino. Un peque\u00f1o lobo marino apareci\u00f3 en la costa de la localidad bonaerense de Berazategui,\u00a0por lo que tuvo que quedar a resguardo en las piletas de un completo recreativo municipal a la espera\u2026","rel":"","context":"En \u00abREGIONALES\u00bb","block_context":{"text":"REGIONALES","link":"https:\/\/larevistadigital.com.ar\/blog\/category\/regionales\/"},"img":{"alt_text":"","src":"https:\/\/i0.wp.com\/larevistadigital.com.ar\/blog\/wp-content\/uploads\/0038190487.jpg?fit=1140%2C640&ssl=1&resize=350%2C200","width":350,"height":200,"srcset":"https:\/\/i0.wp.com\/larevistadigital.com.ar\/blog\/wp-content\/uploads\/0038190487.jpg?fit=1140%2C640&ssl=1&resize=350%2C200 1x, https:\/\/i0.wp.com\/larevistadigital.com.ar\/blog\/wp-content\/uploads\/0038190487.jpg?fit=1140%2C640&ssl=1&resize=525%2C300 1.5x, https:\/\/i0.wp.com\/larevistadigital.com.ar\/blog\/wp-content\/uploads\/0038190487.jpg?fit=1140%2C640&ssl=1&resize=700%2C400 2x, https:\/\/i0.wp.com\/larevistadigital.com.ar\/blog\/wp-content\/uploads\/0038190487.jpg?fit=1140%2C640&ssl=1&resize=1050%2C600 3x"},"classes":[]},{"id":28885,"url":"https:\/\/larevistadigital.com.ar\/blog\/alerta-meteorologico-en-mar-del-plata-y-la-zona-por-lluvias-y-posible-caida-de-granizo\/","url_meta":{"origin":23257,"position":2},"title":"ALERTA METEOROL\u00d3GICO EN MAR DEL PLATA Y LA ZONA POR LLUVIAS Y POSIBLE CAIDA DE GRANIZO","author":"Alejandro Sosa Ruda","date":"19 noviembre, 2022","format":false,"excerpt":"Las condiciones clim\u00e1ticas podr\u00edan extenderse hasta la madrugada. Recomendaciones para evitar accidentes y da\u00f1os mayores. 19 de noviembre de 2022 El\u00a0Servicio Meteorol\u00f3gico Nacional\u00a0(SMN) emiti\u00f3 un alerta por\u00a0fuertes tormentas\u00a0para la Costa Atl\u00e1ntica. Seg\u00fan detallaron se trata de un alerta a corto plazo por tormentas fuertes con\u00a0lluvias intensas, r\u00e1fagas y ocasional ca\u00edda\u2026","rel":"","context":"En \u00abREGIONALES\u00bb","block_context":{"text":"REGIONALES","link":"https:\/\/larevistadigital.com.ar\/blog\/category\/regionales\/"},"img":{"alt_text":"","src":"https:\/\/i0.wp.com\/larevistadigital.com.ar\/blog\/wp-content\/uploads\/ALERTA-METEOROLOGICO.jpg?fit=1140%2C758&ssl=1&resize=350%2C200","width":350,"height":200,"srcset":"https:\/\/i0.wp.com\/larevistadigital.com.ar\/blog\/wp-content\/uploads\/ALERTA-METEOROLOGICO.jpg?fit=1140%2C758&ssl=1&resize=350%2C200 1x, https:\/\/i0.wp.com\/larevistadigital.com.ar\/blog\/wp-content\/uploads\/ALERTA-METEOROLOGICO.jpg?fit=1140%2C758&ssl=1&resize=525%2C300 1.5x, https:\/\/i0.wp.com\/larevistadigital.com.ar\/blog\/wp-content\/uploads\/ALERTA-METEOROLOGICO.jpg?fit=1140%2C758&ssl=1&resize=700%2C400 2x, https:\/\/i0.wp.com\/larevistadigital.com.ar\/blog\/wp-content\/uploads\/ALERTA-METEOROLOGICO.jpg?fit=1140%2C758&ssl=1&resize=1050%2C600 3x"},"classes":[]},{"id":44251,"url":"https:\/\/larevistadigital.com.ar\/blog\/chascomus-1700-chicos-y-chicas-que-participaron-del-carnaval-infantil-disfrutaron-de-puerto-aventura\/","url_meta":{"origin":23257,"position":3},"title":"Chascom\u00fas: 1700 chicos y chicas que participaron del Carnaval Infantil disfrutaron de Puerto Aventura","author":"Alejandro Sosa Ruda","date":"3 marzo, 2026","format":false,"excerpt":"Una jornada en la que prim\u00f3 la alegr\u00eda, la integraci\u00f3n social y el intercambio entre las distintas generaciones unidos por una misma pasi\u00f3n. 03 de Marzo de 2026 CHASCOM\u00daS -\u00a0 \u00a0En la jornada del \u00faltimo domingo, el parque acu\u00e1tico Puerto Aventura fue el lugar elegido para agasajar a los m\u00e1s\u2026","rel":"","context":"En \u00abCHASCOM\u00daS\u00bb","block_context":{"text":"CHASCOM\u00daS","link":"https:\/\/larevistadigital.com.ar\/blog\/category\/chascomus\/"},"img":{"alt_text":"","src":"https:\/\/i0.wp.com\/larevistadigital.com.ar\/blog\/wp-content\/uploads\/69a5d0d542003.png?fit=668%2C445&ssl=1&resize=350%2C200","width":350,"height":200,"srcset":"https:\/\/i0.wp.com\/larevistadigital.com.ar\/blog\/wp-content\/uploads\/69a5d0d542003.png?fit=668%2C445&ssl=1&resize=350%2C200 1x, https:\/\/i0.wp.com\/larevistadigital.com.ar\/blog\/wp-content\/uploads\/69a5d0d542003.png?fit=668%2C445&ssl=1&resize=525%2C300 1.5x"},"classes":[]},{"id":19788,"url":"https:\/\/larevistadigital.com.ar\/blog\/desde-el-proximo-juever-se-aplicara-la-vacuna-antigripal-aca-los-lugares-donde-presentarse\/","url_meta":{"origin":23257,"position":4},"title":"DESDE EL PR\u00d3XIMO JUEVES SE APLICAR\u00c1 LA VACUNA ANTIGRIPAL: AC\u00c1 LOS LUGARES DONDE PRESENTARSE","author":"Alejandro Sosa Ruda","date":"21 abril, 2021","format":false,"excerpt":"Con el fin de brindar el acceso de la salud a toda la comunidad y en este contexto, evitar la circulaci\u00f3n y aglomeraci\u00f3n de las personas se dispuso descentralizar la vacunaci\u00f3n en distintos puntos estrat\u00e9gicos de la ciudad. En el marco de la pandemia, la descentralizaci\u00f3n de la salud cumple\u2026","rel":"","context":"En \u00abCHASCOM\u00daS\u00bb","block_context":{"text":"CHASCOM\u00daS","link":"https:\/\/larevistadigital.com.ar\/blog\/category\/chascomus\/"},"img":{"alt_text":"","src":"https:\/\/i0.wp.com\/larevistadigital.com.ar\/blog\/wp-content\/uploads\/VACUNACION-GRIPE.jpeg?fit=1200%2C1198&ssl=1&resize=350%2C200","width":350,"height":200,"srcset":"https:\/\/i0.wp.com\/larevistadigital.com.ar\/blog\/wp-content\/uploads\/VACUNACION-GRIPE.jpeg?fit=1200%2C1198&ssl=1&resize=350%2C200 1x, https:\/\/i0.wp.com\/larevistadigital.com.ar\/blog\/wp-content\/uploads\/VACUNACION-GRIPE.jpeg?fit=1200%2C1198&ssl=1&resize=525%2C300 1.5x, https:\/\/i0.wp.com\/larevistadigital.com.ar\/blog\/wp-content\/uploads\/VACUNACION-GRIPE.jpeg?fit=1200%2C1198&ssl=1&resize=700%2C400 2x, https:\/\/i0.wp.com\/larevistadigital.com.ar\/blog\/wp-content\/uploads\/VACUNACION-GRIPE.jpeg?fit=1200%2C1198&ssl=1&resize=1050%2C600 3x"},"classes":[]},{"id":43154,"url":"https:\/\/larevistadigital.com.ar\/blog\/prevencion-de-accidentes-domesticos-con-ninos-y-ninas-pequenos\/","url_meta":{"origin":23257,"position":5},"title":"Prevenci\u00f3n de accidentes dom\u00e9sticos con ni\u00f1os y ni\u00f1as peque\u00f1os","author":"Alejandro Sosa Ruda","date":"5 enero, 2026","format":false,"excerpt":"Desde la secretar\u00eda de Salud P\u00fablica Municipal se brindan recomendaciones para evitar los accidentes que se producen en el hogar. 05 de enero de 2026 CHASCOM\u00daS -\u00a0 \u00a0Cada grupo familiar debe tener presente que el ni\u00f1o o la ni\u00f1a progresan r\u00e1pidamente en su desarrollo motor y que los episodios de\u2026","rel":"","context":"En \u00abINTERES GENERAL\u00bb","block_context":{"text":"INTERES GENERAL","link":"https:\/\/larevistadigital.com.ar\/blog\/category\/interes-general\/"},"img":{"alt_text":"","src":"https:\/\/i0.wp.com\/larevistadigital.com.ar\/blog\/wp-content\/uploads\/695bf1379a61a.png?fit=668%2C445&ssl=1&resize=350%2C200","width":350,"height":200,"srcset":"https:\/\/i0.wp.com\/larevistadigital.com.ar\/blog\/wp-content\/uploads\/695bf1379a61a.png?fit=668%2C445&ssl=1&resize=350%2C200 1x, https:\/\/i0.wp.com\/larevistadigital.com.ar\/blog\/wp-content\/uploads\/695bf1379a61a.png?fit=668%2C445&ssl=1&resize=525%2C300 1.5x"},"classes":[]}],"_links":{"self":[{"href":"https:\/\/larevistadigital.com.ar\/blog\/wp-json\/wp\/v2\/posts\/23257","targetHints":{"allow":["GET"]}}],"collection":[{"href":"https:\/\/larevistadigital.com.ar\/blog\/wp-json\/wp\/v2\/posts"}],"about":[{"href":"https:\/\/larevistadigital.com.ar\/blog\/wp-json\/wp\/v2\/types\/post"}],"author":[{"embeddable":true,"href":"https:\/\/larevistadigital.com.ar\/blog\/wp-json\/wp\/v2\/users\/3"}],"replies":[{"embeddable":true,"href":"https:\/\/larevistadigital.com.ar\/blog\/wp-json\/wp\/v2\/comments?post=23257"}],"version-history":[{"count":1,"href":"https:\/\/larevistadigital.com.ar\/blog\/wp-json\/wp\/v2\/posts\/23257\/revisions"}],"predecessor-version":[{"id":23259,"href":"https:\/\/larevistadigital.com.ar\/blog\/wp-json\/wp\/v2\/posts\/23257\/revisions\/23259"}],"wp:featuredmedia":[{"embeddable":true,"href":"https:\/\/larevistadigital.com.ar\/blog\/wp-json\/wp\/v2\/media\/23258"}],"wp:attachment":[{"href":"https:\/\/larevistadigital.com.ar\/blog\/wp-json\/wp\/v2\/media?parent=23257"}],"wp:term":[{"taxonomy":"category","embeddable":true,"href":"https:\/\/larevistadigital.com.ar\/blog\/wp-json\/wp\/v2\/categories?post=23257"},{"taxonomy":"post_tag","embeddable":true,"href":"https:\/\/larevistadigital.com.ar\/blog\/wp-json\/wp\/v2\/tags?post=23257"}],"curies":[{"name":"wp","href":"https:\/\/api.w.org\/{rel}","templated":true}]}}