{"id":23260,"date":"2022-01-08T17:31:40","date_gmt":"2022-01-08T17:31:40","guid":{"rendered":"https:\/\/larevistadigital.com.ar\/blog\/?p=23260"},"modified":"2022-01-08T17:31:40","modified_gmt":"2022-01-08T17:31:40","slug":"cortito-pero-contundente-charly-garcia-hablando-de-la-musica","status":"publish","type":"post","link":"https:\/\/larevistadigital.com.ar\/blog\/cortito-pero-contundente-charly-garcia-hablando-de-la-musica\/","title":{"rendered":"CORTITO PERO CONTUNDENTE&#8230; CHARLY GARC\u00cdA HABLANDO DE LA M\u00daSICA"},"content":{"rendered":"<p>Sucedi\u00f3 durante una conferencia de prensa en Uruguay, donde en un tramo de la misma, el art\u00edsta argentino Carlos Alberto Garc\u00eda Moreno m\u00e1s conocido como Charly Garc\u00eda, hablo acerca de la m\u00fasica, y su trato por parte de algunos que pretenden llamarse m\u00fasicos, aunque en realidad est\u00e1n bastante lejos de ello.<\/p>\n<p><span class=\"embed-youtube\" style=\"text-align:center; display: block;\"><iframe loading=\"lazy\" class=\"youtube-player\" width=\"640\" height=\"360\" src=\"https:\/\/www.youtube.com\/embed\/3bm0zjbzzGw?version=3&#038;rel=1&#038;showsearch=0&#038;showinfo=1&#038;iv_load_policy=1&#038;fs=1&#038;hl=es-ES&#038;autohide=2&#038;wmode=transparent\" allowfullscreen=\"true\" style=\"border:0;\" sandbox=\"allow-scripts allow-same-origin allow-popups allow-presentation allow-popups-to-escape-sandbox\"><\/iframe><\/span><\/p>\n","protected":false},"excerpt":{"rendered":"<div class=\"mh-excerpt\"><p>Sucedi\u00f3 durante una conferencia de prensa en Uruguay, donde en un tramo de la misma, el art\u00edsta argentino Carlos Alberto Garc\u00eda Moreno m\u00e1s conocido como Charly Garc\u00eda, hablo acerca de la m\u00fasica, y su trato <a class=\"mh-excerpt-more\" href=\"https:\/\/larevistadigital.com.ar\/blog\/cortito-pero-contundente-charly-garcia-hablando-de-la-musica\/\" title=\"CORTITO PERO CONTUNDENTE&#8230; CHARLY GARC\u00cdA HABLANDO DE LA M\u00daSICA\">[Leer M\u00e1s]<\/a><\/p>\n<\/div>","protected":false},"author":3,"featured_media":23261,"comment_status":"open","ping_status":"open","sticky":false,"template":"","format":"standard","meta":{"_jetpack_memberships_contains_paid_content":false,"footnotes":"","jetpack_publicize_message":"","jetpack_publicize_feature_enabled":true,"jetpack_social_post_already_shared":true,"jetpack_social_options":{"image_generator_settings":{"template":"highway","default_image_id":0,"font":"","enabled":false},"version":2}},"categories":[50],"tags":[],"class_list":{"0":"post-23260","1":"post","2":"type-post","3":"status-publish","4":"format-standard","5":"has-post-thumbnail","7":"category-interes-general"},"jetpack_publicize_connections":[],"jetpack_featured_media_url":"https:\/\/i0.wp.com\/larevistadigital.com.ar\/blog\/wp-content\/uploads\/D4CPQLUMWBGUDOV4GAVLC3LPVU.jpg?fit=1024%2C576&ssl=1","jetpack_sharing_enabled":true,"jetpack_shortlink":"https:\/\/wp.me\/p8qtrQ-63a","jetpack-related-posts":[{"id":34384,"url":"https:\/\/larevistadigital.com.ar\/blog\/la-ciudad-de-nueva-york-homenajeo-a-charly-garcia\/","url_meta":{"origin":23260,"position":0},"title":"LA CIUDAD DE NUEVA YORK HOMENAJE\u00d3 A CHARLY GARC\u00cdA","author":"Alejandro Sosa Ruda","date":"6 noviembre, 2023","format":false,"excerpt":"Fue en el lugar donde se tom\u00f3 la foto de portada de su \u00e1lbum \"Clics Modernos\" a los 40 a\u00f1os del lanzamiento. 6 de Noviembre de 2023 NEW YORK-\u00a0 La Ciudad de Nueva York inaugur\u00f3 hoy, en el cruce de las calles Walker St. y Cortlandt Alley, la \u201cEsquina Charly\u2026","rel":"","context":"En \u00abDESTACADAS\u00bb","block_context":{"text":"DESTACADAS","link":"https:\/\/larevistadigital.com.ar\/blog\/category\/destacadas\/"},"img":{"alt_text":"","src":"https:\/\/i0.wp.com\/larevistadigital.com.ar\/blog\/wp-content\/uploads\/whatsapp_image_2023-11-06_at_15.47.48.jpeg?fit=768%2C1024&ssl=1&resize=350%2C200","width":350,"height":200,"srcset":"https:\/\/i0.wp.com\/larevistadigital.com.ar\/blog\/wp-content\/uploads\/whatsapp_image_2023-11-06_at_15.47.48.jpeg?fit=768%2C1024&ssl=1&resize=350%2C200 1x, https:\/\/i0.wp.com\/larevistadigital.com.ar\/blog\/wp-content\/uploads\/whatsapp_image_2023-11-06_at_15.47.48.jpeg?fit=768%2C1024&ssl=1&resize=525%2C300 1.5x, https:\/\/i0.wp.com\/larevistadigital.com.ar\/blog\/wp-content\/uploads\/whatsapp_image_2023-11-06_at_15.47.48.jpeg?fit=768%2C1024&ssl=1&resize=700%2C400 2x"},"classes":[]},{"id":24488,"url":"https:\/\/larevistadigital.com.ar\/blog\/charly-garcia-internado-con-pronostico-reservado-por-un-accidente-domestico\/","url_meta":{"origin":23260,"position":1},"title":"CHARLY GARC\u00cdA: INTERNADO, CON PRON\u00d3STICO RESERVADO POR UN ACCIDENTE DOM\u00c9STICO","author":"Alejandro Sosa Ruda","date":"11 marzo, 2022","format":false,"excerpt":"Ayer se conoci\u00f3 la noticia de la internaci\u00f3n de Charly y hoy, desde el equipo del m\u00fasico, comunicaron las novedades. El comunicado de su entorno Charly Garc\u00eda sufri\u00f3 quemaduras tras un accidente domestico el 22 de febrero. Sigue internado y con pron\u00f3stico reservado. La primicia la dio ayer el programa\u2026","rel":"","context":"En \u00abINTERES GENERAL\u00bb","block_context":{"text":"INTERES GENERAL","link":"https:\/\/larevistadigital.com.ar\/blog\/category\/interes-general\/"},"img":{"alt_text":"","src":"https:\/\/i0.wp.com\/larevistadigital.com.ar\/blog\/wp-content\/uploads\/f1280x720-14782_146457_5050.jpg?fit=1200%2C675&ssl=1&resize=350%2C200","width":350,"height":200,"srcset":"https:\/\/i0.wp.com\/larevistadigital.com.ar\/blog\/wp-content\/uploads\/f1280x720-14782_146457_5050.jpg?fit=1200%2C675&ssl=1&resize=350%2C200 1x, https:\/\/i0.wp.com\/larevistadigital.com.ar\/blog\/wp-content\/uploads\/f1280x720-14782_146457_5050.jpg?fit=1200%2C675&ssl=1&resize=525%2C300 1.5x, https:\/\/i0.wp.com\/larevistadigital.com.ar\/blog\/wp-content\/uploads\/f1280x720-14782_146457_5050.jpg?fit=1200%2C675&ssl=1&resize=700%2C400 2x, https:\/\/i0.wp.com\/larevistadigital.com.ar\/blog\/wp-content\/uploads\/f1280x720-14782_146457_5050.jpg?fit=1200%2C675&ssl=1&resize=1050%2C600 3x"},"classes":[]},{"id":38735,"url":"https:\/\/larevistadigital.com.ar\/blog\/concierto-de-hilda-lizarazu-y-la-filarmonica-federal-este-miercoles-en-el-festival-de-orquestas-infantiles-y-juveniles\/","url_meta":{"origin":23260,"position":2},"title":"Concierto de Hilda Lizarazu y la Filarm\u00f3nica Federal este mi\u00e9rcoles en el Festival de Orquestas Infantiles y Juveniles","author":"Alejandro Sosa Ruda","date":"19 febrero, 2025","format":false,"excerpt":"Durante toda la semana, contin\u00faan los talleres y conciertos al aire libre. 19 de Febrero de 2024 CHASCOM\u00daS -\u00a0 La semana del 20\u00ba Festival de Orquestas Infantiles y Juveniles contin\u00faa llenando de m\u00fasica la ciudad con talleres, clases magistrales y ensayos que tienen como protagonistas a m\u00e1s de 200 ni\u00f1os,\u2026","rel":"","context":"En \u00abINTERES GENERAL\u00bb","block_context":{"text":"INTERES GENERAL","link":"https:\/\/larevistadigital.com.ar\/blog\/category\/interes-general\/"},"img":{"alt_text":"","src":"https:\/\/i0.wp.com\/larevistadigital.com.ar\/blog\/wp-content\/uploads\/67b4bc13f1e44.png?fit=668%2C445&ssl=1&resize=350%2C200","width":350,"height":200,"srcset":"https:\/\/i0.wp.com\/larevistadigital.com.ar\/blog\/wp-content\/uploads\/67b4bc13f1e44.png?fit=668%2C445&ssl=1&resize=350%2C200 1x, https:\/\/i0.wp.com\/larevistadigital.com.ar\/blog\/wp-content\/uploads\/67b4bc13f1e44.png?fit=668%2C445&ssl=1&resize=525%2C300 1.5x"},"classes":[]},{"id":38758,"url":"https:\/\/larevistadigital.com.ar\/blog\/el-gobernador-kicillof-aprovecho-su-paso-por-chascomusy-visito-a-los-participantes-en-el-festival-de-orquestas-infantiles-y-juveniles\/","url_meta":{"origin":23260,"position":3},"title":"El gobernador Kicillof, aprovech\u00f3 su paso por Chascom\u00fasy visit\u00f3 a los participantes en el Festival de Orquestas Infantiles y Juveniles","author":"Alejandro Sosa Ruda","date":"19 febrero, 2025","format":false,"excerpt":"Por la tarde, el gobernador Axel Kicillof y el intendente Javier Gast\u00f3n se trasladaron al Parque de los Libres del Sur, donde observaron los ensayos previos al Concierto al Atardecer, en el marco del 20\u00b0 Festival de Orquestas. 19 de Febrero de 2025 CHASCOM\u00daS -\u00a0 En este evento, que re\u00fane\u2026","rel":"","context":"En \u00abCHASCOM\u00daS\u00bb","block_context":{"text":"CHASCOM\u00daS","link":"https:\/\/larevistadigital.com.ar\/blog\/category\/chascomus\/"},"img":{"alt_text":"","src":"https:\/\/i0.wp.com\/larevistadigital.com.ar\/blog\/wp-content\/uploads\/67b67da8719d5.png?fit=668%2C445&ssl=1&resize=350%2C200","width":350,"height":200,"srcset":"https:\/\/i0.wp.com\/larevistadigital.com.ar\/blog\/wp-content\/uploads\/67b67da8719d5.png?fit=668%2C445&ssl=1&resize=350%2C200 1x, https:\/\/i0.wp.com\/larevistadigital.com.ar\/blog\/wp-content\/uploads\/67b67da8719d5.png?fit=668%2C445&ssl=1&resize=525%2C300 1.5x"},"classes":[]},{"id":17118,"url":"https:\/\/larevistadigital.com.ar\/blog\/que-paso-un-dia-como-hoy-23-10\/","url_meta":{"origin":23260,"position":4},"title":"QUE PAS\u00d3 UN D\u00cdA COMO HOY&#8230;(23\/10)","author":"Alejandro Sosa Ruda","date":"23 octubre, 2020","format":false,"excerpt":"Con la tradici\u00f3n a flor de piel 1730 -\u00a0En la provincia de Buenos Aires\u00a0se fund\u00f3 la localidad de San Antonio de Areco\u00a0que es conocida como la\u00a0\"Capital nacional de la tradici\u00f3n\",\u00a0declarada en enero de 2015 por la ley 27.105. Tiene una poblaci\u00f3n de m\u00e1s de 23 mil habitantes y su econom\u00eda\u2026","rel":"","context":"En \u00abSOCIEDAD\u00bb","block_context":{"text":"SOCIEDAD","link":"https:\/\/larevistadigital.com.ar\/blog\/category\/sociedad\/"},"img":{"alt_text":"","src":"https:\/\/i0.wp.com\/larevistadigital.com.ar\/blog\/wp-content\/uploads\/LOGO-EFEMERIDES.jpg?fit=1200%2C628&ssl=1&resize=350%2C200","width":350,"height":200,"srcset":"https:\/\/i0.wp.com\/larevistadigital.com.ar\/blog\/wp-content\/uploads\/LOGO-EFEMERIDES.jpg?fit=1200%2C628&ssl=1&resize=350%2C200 1x, https:\/\/i0.wp.com\/larevistadigital.com.ar\/blog\/wp-content\/uploads\/LOGO-EFEMERIDES.jpg?fit=1200%2C628&ssl=1&resize=525%2C300 1.5x, https:\/\/i0.wp.com\/larevistadigital.com.ar\/blog\/wp-content\/uploads\/LOGO-EFEMERIDES.jpg?fit=1200%2C628&ssl=1&resize=700%2C400 2x, https:\/\/i0.wp.com\/larevistadigital.com.ar\/blog\/wp-content\/uploads\/LOGO-EFEMERIDES.jpg?fit=1200%2C628&ssl=1&resize=1050%2C600 3x"},"classes":[]},{"id":27396,"url":"https:\/\/larevistadigital.com.ar\/blog\/video-se-incendio-la-reconocida-parrilla-lo-de-charly-en-caba-dos-hombres-fueron-internados\/","url_meta":{"origin":23260,"position":5},"title":"[VIDEO] SE INCENDI\u00d3 LA RECONOCIDA PARRILLA \u00abLO DE CHARLY\u00bb EN CABA. DOS HOMBRES FUERON INTERNADOS","author":"Alejandro Sosa Ruda","date":"30 agosto, 2022","format":false,"excerpt":"Una dotaci\u00f3n de bomberos de la Ciudad trabaj\u00f3 en el lugar y logr\u00f3 extinguir las llamas. Por Juan Lemik 30 de Agosto de 2022 Este martes por la tarde, se produjo un incendio en la parrilla \u201cLo de Charly\u201d, ubicada en Avenida \u00c1lvarez Thomas al 2100, en el barrio porte\u00f1o\u2026","rel":"","context":"En \u00abINTERES GENERAL\u00bb","block_context":{"text":"INTERES GENERAL","link":"https:\/\/larevistadigital.com.ar\/blog\/category\/interes-general\/"},"img":{"alt_text":"","src":"https:\/\/i0.wp.com\/larevistadigital.com.ar\/blog\/wp-content\/uploads\/Captura-de-pantalla-2022-08-30-202519.png?fit=704%2C395&ssl=1&resize=350%2C200","width":350,"height":200,"srcset":"https:\/\/i0.wp.com\/larevistadigital.com.ar\/blog\/wp-content\/uploads\/Captura-de-pantalla-2022-08-30-202519.png?fit=704%2C395&ssl=1&resize=350%2C200 1x, https:\/\/i0.wp.com\/larevistadigital.com.ar\/blog\/wp-content\/uploads\/Captura-de-pantalla-2022-08-30-202519.png?fit=704%2C395&ssl=1&resize=525%2C300 1.5x, https:\/\/i0.wp.com\/larevistadigital.com.ar\/blog\/wp-content\/uploads\/Captura-de-pantalla-2022-08-30-202519.png?fit=704%2C395&ssl=1&resize=700%2C400 2x"},"classes":[]}],"_links":{"self":[{"href":"https:\/\/larevistadigital.com.ar\/blog\/wp-json\/wp\/v2\/posts\/23260","targetHints":{"allow":["GET"]}}],"collection":[{"href":"https:\/\/larevistadigital.com.ar\/blog\/wp-json\/wp\/v2\/posts"}],"about":[{"href":"https:\/\/larevistadigital.com.ar\/blog\/wp-json\/wp\/v2\/types\/post"}],"author":[{"embeddable":true,"href":"https:\/\/larevistadigital.com.ar\/blog\/wp-json\/wp\/v2\/users\/3"}],"replies":[{"embeddable":true,"href":"https:\/\/larevistadigital.com.ar\/blog\/wp-json\/wp\/v2\/comments?post=23260"}],"version-history":[{"count":1,"href":"https:\/\/larevistadigital.com.ar\/blog\/wp-json\/wp\/v2\/posts\/23260\/revisions"}],"predecessor-version":[{"id":23262,"href":"https:\/\/larevistadigital.com.ar\/blog\/wp-json\/wp\/v2\/posts\/23260\/revisions\/23262"}],"wp:featuredmedia":[{"embeddable":true,"href":"https:\/\/larevistadigital.com.ar\/blog\/wp-json\/wp\/v2\/media\/23261"}],"wp:attachment":[{"href":"https:\/\/larevistadigital.com.ar\/blog\/wp-json\/wp\/v2\/media?parent=23260"}],"wp:term":[{"taxonomy":"category","embeddable":true,"href":"https:\/\/larevistadigital.com.ar\/blog\/wp-json\/wp\/v2\/categories?post=23260"},{"taxonomy":"post_tag","embeddable":true,"href":"https:\/\/larevistadigital.com.ar\/blog\/wp-json\/wp\/v2\/tags?post=23260"}],"curies":[{"name":"wp","href":"https:\/\/api.w.org\/{rel}","templated":true}]}}