{"id":23265,"date":"2022-01-09T18:25:05","date_gmt":"2022-01-09T18:25:05","guid":{"rendered":"https:\/\/larevistadigital.com.ar\/blog\/?p=23265"},"modified":"2022-01-09T18:25:05","modified_gmt":"2022-01-09T18:25:05","slug":"yiyi-viercovich-en-chascomus-hay-jefes-que-hisopan-pero-luego-se-cambian-la-ropa-y-van-a-fiestas-multitudinarias","status":"publish","type":"post","link":"https:\/\/larevistadigital.com.ar\/blog\/yiyi-viercovich-en-chascomus-hay-jefes-que-hisopan-pero-luego-se-cambian-la-ropa-y-van-a-fiestas-multitudinarias\/","title":{"rendered":"\u00abYIYI\u00bb VIERCOVICH: \u00abEN CHASCOM\u00daS, HAY JEFES QUE HISOPAN, PERO LUEGO SE CAMBIAN LA ROPA Y VAN A FIESTAS MULTITUDINARIAS\u00bb"},"content":{"rendered":"<h2>Georgina \u00abYiyi\u00bb Viercovich, mantuvo una entrevista con Alejandro \u00abEl Tano\u00bb Sosa y Carlos Lasserre durante el programa \u00abAtaque de Radio\u00bb que se emite cada ma\u00f1ana por la FM ACTIVA (93.1) de Chascom\u00fas, donde habl\u00f3 de su actualidad en Ranchos, de la irresponsabilidad de algunos jefes chascomunenses y de su trabajo junto a Ramiro Ferrante.<\/h2>\n<p>La destacada profesional de la salud, cuenta con los t\u00edtulos de Licenciada en enfermer\u00eda, Emergent\u00f3loga pero de todas formas se sigue capacitando, ya que est\u00e1 cursando la carrera de ecografista.<\/p>\n<blockquote>\n<h3>Recordemos, que <strong>\u00abYiy\u00ed\u00bb<\/strong>, hab\u00eda renunciado porque las autoridades no le perdonaron el hecho de participar pol\u00edticamente\u00a0 junto a <strong>Ramiro Ferrante<\/strong>, y la gota que rebals\u00f3 el vaso, fue cuando pidi\u00f3 los d\u00edas por la campa\u00f1a, y se lo negaron.<\/h3>\n<\/blockquote>\n<p>Cont\u00f3 que luego de aproximadamente un mes sin trabajo, se comunic\u00f3 con ella el doctor <strong>Oscar Santander<\/strong>, con quien hab\u00eda compartido trabajo en la terapia de Chascom\u00fas, ofreci\u00e9ndole que se fuera a Ranchos, a trabajar junto a \u00e9l, lo que acept\u00f3 de inmediato.<\/p>\n<blockquote>\n<h3>Al respecto, <strong>Yiy\u00ed<\/strong> asegur\u00f3 que <em><strong>\u00abHay un equipo de trabajo genial, con otro ambiente. Ah\u00ed no existen los maltratos. Los n\u00fameros, son otra cosa. No puedo creer lo que se cobra en Chascom\u00fas. Por mi parte, seguir desempe\u00f1\u00e1ndome en lo que yo amo, y con esta realidad tan distinta, no tiene precio. Esto es algo que tambi\u00e9n agradezco al doctor Santiago Dos Santos\u00bb.<\/strong><\/em><\/h3>\n<\/blockquote>\n<p>Adem\u00e1s, mencion\u00f3 que hay otros 5 compa\u00f1eros m\u00e1s que vienen de Chascom\u00fas y est\u00e1n trabajando juntos en la UTI, mencionando que la realidad tan distinta que hoy viven, despu\u00e9s de lo que les toc\u00f3 padecer con las autoridades de Chascom\u00fas, los mantiene felices, unidos y que <em><strong>\u00abesto no tiene precio\u00bb.<\/strong><\/em><\/p>\n<blockquote>\n<h3>Explic\u00f3 que ahora <em><strong>\u00abnos sentimos acompa\u00f1ados todo el tiempo. Cuando uno desarrolla esta profesi\u00f3n, necesita estar al 100%. Sobre todo en una terapia intensiva. Y nosotros estamos al 100%, esa es la realidad\u00bb.<\/strong><\/em><\/h3>\n<\/blockquote>\n<p><em><strong>\u00abCuando uno hace lo que ama, realmente no lo siente como un trabajo. Y ahora no lo siento como un trabajo. Cuando estaba en Chascom\u00fas, no solo era un trabajo, sino que adem\u00e1s era un castigo\u00bb<\/strong><\/em>, dispar\u00f3, agregando que <strong><em>\u00abMuchos compa\u00f1eros de Chascom\u00fas se han comunicado conmigo, no solo para felicitarme y alegrarse por mi actual realidad, sino tambi\u00e9n para pedirme que siga defendiendo la enfermer\u00eda. Yo obviamente les dej\u00e9 bien claro que seguir\u00e9 peleando por la enfermer\u00eda en Chascom\u00fas, como lo venimos haciendo junto a Ramiro\u00bb.<\/em><\/strong><\/p>\n<blockquote>\n<h3>Luego hizo menci\u00f3n a que le resulta desagradable e irresponsable, ver jefes que est\u00e1n trabajando en la pandemia, por ejemplo hisopando, y m\u00e1s tarde hacen publicaciones en facebook, donde se los ve de fiesta, en lugar de dar el ejemplo, agregando <em><strong>\u00abEso lo veo, y no me parece que corresponda\u00bb.<\/strong><\/em><\/h3>\n<\/blockquote>\n<p><em><strong>\u00abHay gente que vos ves con todo el traje hisopando y al otro d\u00eda en fotos en la fiesta de \u00abAire\u00bb y vos dec\u00eds&#8230;\u00bfC\u00f3mo es esto?&#8230; \u00bfMe est\u00e1n tomando el pelo? Luego vienen las quejas, y dicen que la gente no se cuida y dem\u00e1s, pero el mismo personal de salud no se cuida, entonces vos sent\u00eds que te est\u00e1n tomando el pelo\u00bb<\/strong><\/em>, mencion\u00f3.<\/p>\n<blockquote>\n<h3>M\u00e1s tarde, aclar\u00f3 que se refer\u00eda a la jefa de la guardia, con la gente a su cargo. Agreg\u00f3 que esto, no solo lo permiten los jefes, sino que adem\u00e1s las autoridades de la ciudad, como la secretaria de salud, y el mismo Intendente. Pero nadie ha hecho nada.<\/h3>\n<\/blockquote>\n<p>En otro sentido, asegur\u00f3 que cree que en Chascom\u00fas se est\u00e1 omitiendo la verdadera cantidad de casos en esta nueva ola, pero haciendo la salvedad que esto tambi\u00e9n sucede a nivel pa\u00eds.<\/p>\n<p>Termin\u00f3, haciendo referencia al compa\u00f1erismo y humildad que se vive en el trabajo en el municipio de Ranchos, destacando que<strong><em> \u00abHay un intendente peronista, que puso como jefe a un radical, y en el hospital, cada uno tiene su ideolog\u00eda, pero todos nos respetamos y trabajamos perfectamente. Yo milito con Ramiro Ferrante, Oscar Santander, con Jos\u00e9 Ochoa, y as\u00ed todos tienen una pertenencia distinta, pero cuando nos ponemos el delantal, somos todos un equipo que trabaja para los vecinos\u00bb.<\/em><\/strong><\/p>\n<p>&nbsp;<\/p>\n<p>&nbsp;<\/p>\n","protected":false},"excerpt":{"rendered":"<div class=\"mh-excerpt\"><p>Georgina \u00abYiyi\u00bb Viercovich, mantuvo una entrevista con Alejandro \u00abEl Tano\u00bb Sosa y Carlos Lasserre durante el programa \u00abAtaque de Radio\u00bb que se emite cada ma\u00f1ana por la FM ACTIVA (93.1) de Chascom\u00fas, donde habl\u00f3 de <a class=\"mh-excerpt-more\" href=\"https:\/\/larevistadigital.com.ar\/blog\/yiyi-viercovich-en-chascomus-hay-jefes-que-hisopan-pero-luego-se-cambian-la-ropa-y-van-a-fiestas-multitudinarias\/\" title=\"\u00abYIYI\u00bb VIERCOVICH: \u00abEN CHASCOM\u00daS, HAY JEFES QUE HISOPAN, PERO LUEGO SE CAMBIAN LA ROPA Y VAN A FIESTAS MULTITUDINARIAS\u00bb\">[Leer M\u00e1s]<\/a><\/p>\n<\/div>","protected":false},"author":3,"featured_media":23266,"comment_status":"open","ping_status":"open","sticky":false,"template":"","format":"standard","meta":{"_jetpack_memberships_contains_paid_content":false,"footnotes":"","jetpack_publicize_message":"","jetpack_publicize_feature_enabled":true,"jetpack_social_post_already_shared":true,"jetpack_social_options":{"image_generator_settings":{"template":"highway","default_image_id":0,"font":"","enabled":false},"version":2}},"categories":[41],"tags":[],"class_list":{"0":"post-23265","1":"post","2":"type-post","3":"status-publish","4":"format-standard","5":"has-post-thumbnail","7":"category-destacadas"},"jetpack_publicize_connections":[],"jetpack_featured_media_url":"https:\/\/i0.wp.com\/larevistadigital.com.ar\/blog\/wp-content\/uploads\/yiyi.jpg?fit=850%2C590&ssl=1","jetpack_sharing_enabled":true,"jetpack_shortlink":"https:\/\/wp.me\/p8qtrQ-63f","jetpack-related-posts":[{"id":22308,"url":"https:\/\/larevistadigital.com.ar\/blog\/con-galeria-de-fotos-de-la-mano-de-ramiro-ferrante-y-con-importante-acompanamiento-diego-santilli-visito-chascomus\/","url_meta":{"origin":23265,"position":0},"title":"[CON GALER\u00cdA DE FOTOS] DE LA MANO DE RAMIRO FERRANTE, Y CON IMPORTANTE ACOMPA\u00d1AMIENTO, DIEGO SANTILLI VISIT\u00d3 CHASCOM\u00daS","author":"Alejandro Sosa Ruda","date":"11 octubre, 2021","format":false,"excerpt":"Lleg\u00f3 nuevamente a la ciudad, como muestra de apoyo mutuo con el candidato a concejal y referente del espacio, Ramiro Ferrante. Se reunieron con vecinos y simpatizantes que brindaron muestras de afecto y compromiso. CHASCOM\u00daS - Durante la jornada de ayer, estuvo en la ciudad de Chascom\u00fas, el primer candidato\u2026","rel":"","context":"En \u00abDESTACADAS\u00bb","block_context":{"text":"DESTACADAS","link":"https:\/\/larevistadigital.com.ar\/blog\/category\/destacadas\/"},"img":{"alt_text":"","src":"https:\/\/i0.wp.com\/larevistadigital.com.ar\/blog\/wp-content\/uploads\/WhatsApp-Image-2021-10-10-at-19.32.43.jpeg?fit=1200%2C900&ssl=1&resize=350%2C200","width":350,"height":200,"srcset":"https:\/\/i0.wp.com\/larevistadigital.com.ar\/blog\/wp-content\/uploads\/WhatsApp-Image-2021-10-10-at-19.32.43.jpeg?fit=1200%2C900&ssl=1&resize=350%2C200 1x, https:\/\/i0.wp.com\/larevistadigital.com.ar\/blog\/wp-content\/uploads\/WhatsApp-Image-2021-10-10-at-19.32.43.jpeg?fit=1200%2C900&ssl=1&resize=525%2C300 1.5x, https:\/\/i0.wp.com\/larevistadigital.com.ar\/blog\/wp-content\/uploads\/WhatsApp-Image-2021-10-10-at-19.32.43.jpeg?fit=1200%2C900&ssl=1&resize=700%2C400 2x, https:\/\/i0.wp.com\/larevistadigital.com.ar\/blog\/wp-content\/uploads\/WhatsApp-Image-2021-10-10-at-19.32.43.jpeg?fit=1200%2C900&ssl=1&resize=1050%2C600 3x"},"classes":[]},{"id":3179,"url":"https:\/\/larevistadigital.com.ar\/blog\/chascomus-sergio-bergman-y-alex-campbell-recorrieron-junto-a-ramiro-ferrante-el-intech\/","url_meta":{"origin":23265,"position":1},"title":"CHASCOMUS: SERGIO BERGMAN Y ALEX CAMPBELL RECORRIERON JUNTO A RAMIRO FERRANTE EL INTECH","author":"Alejandro Sosa Ruda","date":"25 agosto, 2017","format":false,"excerpt":"El ministro de Ambiente y Desarrollo Sustentable de la naci\u00f3n, Sergio Bergman, y el subsecretario de Gobierno y Asuntos Municipales, Alex Campbell; visitaron hoy la ciudad de chascom\u00fas. Acompa\u00f1ados por Ramiro Ferrante, candidato a concejal por Cambiemos en Chascom\u00fas, recorrieron el INTECH donde observaron el trabajo que se realiza en\u2026","rel":"","context":"En \u00abCHASCOM\u00daS\u00bb","block_context":{"text":"CHASCOM\u00daS","link":"https:\/\/larevistadigital.com.ar\/blog\/category\/chascomus\/"},"img":{"alt_text":"","src":"https:\/\/i0.wp.com\/larevistadigital.com.ar\/blog\/wp-content\/uploads\/2017\/08\/Foto-1-Bergman-Campbell-y-Ferrante.jpg?fit=1200%2C900&ssl=1&resize=350%2C200","width":350,"height":200,"srcset":"https:\/\/i0.wp.com\/larevistadigital.com.ar\/blog\/wp-content\/uploads\/2017\/08\/Foto-1-Bergman-Campbell-y-Ferrante.jpg?fit=1200%2C900&ssl=1&resize=350%2C200 1x, https:\/\/i0.wp.com\/larevistadigital.com.ar\/blog\/wp-content\/uploads\/2017\/08\/Foto-1-Bergman-Campbell-y-Ferrante.jpg?fit=1200%2C900&ssl=1&resize=525%2C300 1.5x, https:\/\/i0.wp.com\/larevistadigital.com.ar\/blog\/wp-content\/uploads\/2017\/08\/Foto-1-Bergman-Campbell-y-Ferrante.jpg?fit=1200%2C900&ssl=1&resize=700%2C400 2x, https:\/\/i0.wp.com\/larevistadigital.com.ar\/blog\/wp-content\/uploads\/2017\/08\/Foto-1-Bergman-Campbell-y-Ferrante.jpg?fit=1200%2C900&ssl=1&resize=1050%2C600 3x"},"classes":[]},{"id":21941,"url":"https:\/\/larevistadigital.com.ar\/blog\/amplio-triunfo-de-ramiro-ferrante-en-chascomus\/","url_meta":{"origin":23265,"position":2},"title":"AMPLIO TRIUNFO DE RAMIRO FERRANTE EN CHASCOM\u00daS ( actualizado )","author":"Alejandro Sosa Ruda","date":"12 septiembre, 2021","format":false,"excerpt":"Ferrante se afianza en una arrolladora victoria en Chascom\u00fas CHASCOM\u00daS - Los \u00faltimos resultados parciales, en donde los guarismos son los siguientes: \u00a0JUNTOS - Ramiro Ferrante consigui\u00f3 el 54;00 % de los sufragios con 5408 votos \u00a0FRENTE DE TODOS\u00a0 - Julieta Spina con el 27,1% de los sufragios con 2711\u2026","rel":"","context":"En \u00abDESTACADAS\u00bb","block_context":{"text":"DESTACADAS","link":"https:\/\/larevistadigital.com.ar\/blog\/category\/destacadas\/"},"img":{"alt_text":"","src":"https:\/\/i0.wp.com\/larevistadigital.com.ar\/blog\/wp-content\/uploads\/paso2019.jpg?fit=1004%2C565&ssl=1&resize=350%2C200","width":350,"height":200,"srcset":"https:\/\/i0.wp.com\/larevistadigital.com.ar\/blog\/wp-content\/uploads\/paso2019.jpg?fit=1004%2C565&ssl=1&resize=350%2C200 1x, https:\/\/i0.wp.com\/larevistadigital.com.ar\/blog\/wp-content\/uploads\/paso2019.jpg?fit=1004%2C565&ssl=1&resize=525%2C300 1.5x, https:\/\/i0.wp.com\/larevistadigital.com.ar\/blog\/wp-content\/uploads\/paso2019.jpg?fit=1004%2C565&ssl=1&resize=700%2C400 2x"},"classes":[]},{"id":3574,"url":"https:\/\/larevistadigital.com.ar\/blog\/chascomus-vuelve-imponerse-ramiro-ferrante-la-lucha-se-centra-segundo-puesto-ahora-obtiene-gabriel-macchi\/","url_meta":{"origin":23265,"position":3},"title":"CHASCOM\u00daS: VUELVE A IMPONERSE RAMIRO FERRANTE Y LA LUCHA SE CENTRA EN EL SEGUNDO PUESTO, QUE POR AHORA OBTIENE GABRIEL MACCHI","author":"Alejandro Sosa Ruda","date":"22 octubre, 2017","format":false,"excerpt":"Luego de recibir los primeros guarismos parciales, escrutadas 19 mesas en el distrito de Chascom\u00fas, Ramiro Ferrante se impone por amplia diferencia en la elecci\u00f3n de autoridades legislativas pareciera que la lucha se va a centrar\u00a0 en el segundo lugar. Hasta el momento, Gabriel Macchi ocupar\u00eda el segundo puesto y\u2026","rel":"","context":"En \u00abDESTACADAS\u00bb","block_context":{"text":"DESTACADAS","link":"https:\/\/larevistadigital.com.ar\/blog\/category\/destacadas\/"},"img":{"alt_text":"","src":"https:\/\/i0.wp.com\/larevistadigital.com.ar\/blog\/wp-content\/uploads\/2017\/08\/DSC_0452-1.jpg?fit=1200%2C795&ssl=1&resize=350%2C200","width":350,"height":200,"srcset":"https:\/\/i0.wp.com\/larevistadigital.com.ar\/blog\/wp-content\/uploads\/2017\/08\/DSC_0452-1.jpg?fit=1200%2C795&ssl=1&resize=350%2C200 1x, https:\/\/i0.wp.com\/larevistadigital.com.ar\/blog\/wp-content\/uploads\/2017\/08\/DSC_0452-1.jpg?fit=1200%2C795&ssl=1&resize=525%2C300 1.5x, https:\/\/i0.wp.com\/larevistadigital.com.ar\/blog\/wp-content\/uploads\/2017\/08\/DSC_0452-1.jpg?fit=1200%2C795&ssl=1&resize=700%2C400 2x, https:\/\/i0.wp.com\/larevistadigital.com.ar\/blog\/wp-content\/uploads\/2017\/08\/DSC_0452-1.jpg?fit=1200%2C795&ssl=1&resize=1050%2C600 3x"},"classes":[]},{"id":39576,"url":"https:\/\/larevistadigital.com.ar\/blog\/redruello-y-ferrante-se-cortan-solos-chascomus-primero-promete-romper-el-molde-en-la-politica-local\/","url_meta":{"origin":23265,"position":4},"title":"Redruello y Ferrante se cortan solos: \u201cChascom\u00fas Primero\u201d promete romper el molde en la pol\u00edtica local","author":"Alejandro Sosa Ruda","date":"30 abril, 2025","format":false,"excerpt":"Desde su nuevo espacio, los ediles apuestan a una agenda horizontal, sin jefes nacionales y con fuerte anclaje en el territorio. Aseguran que no buscan cargos, pero ya hablan de seis concejales en su tropa. 30 de Abril de 20252 CHASCOM\u00daS -\u00a0 En su paso por el programa \u201cAtaque de\u2026","rel":"","context":"En \u00abDESTACADAS\u00bb","block_context":{"text":"DESTACADAS","link":"https:\/\/larevistadigital.com.ar\/blog\/category\/destacadas\/"},"img":{"alt_text":"","src":"https:\/\/i0.wp.com\/larevistadigital.com.ar\/blog\/wp-content\/uploads\/Captura-de-pantalla-2025-04-30-000954.jpg?fit=886%2C491&ssl=1&resize=350%2C200","width":350,"height":200,"srcset":"https:\/\/i0.wp.com\/larevistadigital.com.ar\/blog\/wp-content\/uploads\/Captura-de-pantalla-2025-04-30-000954.jpg?fit=886%2C491&ssl=1&resize=350%2C200 1x, https:\/\/i0.wp.com\/larevistadigital.com.ar\/blog\/wp-content\/uploads\/Captura-de-pantalla-2025-04-30-000954.jpg?fit=886%2C491&ssl=1&resize=525%2C300 1.5x, https:\/\/i0.wp.com\/larevistadigital.com.ar\/blog\/wp-content\/uploads\/Captura-de-pantalla-2025-04-30-000954.jpg?fit=886%2C491&ssl=1&resize=700%2C400 2x"},"classes":[]},{"id":3245,"url":"https:\/\/larevistadigital.com.ar\/blog\/chascomus-guillermo-montenegro-y-ramiro-ferrante-visitaron-el-nuevo-centro-de-monitoreo-de-la-ciudad\/","url_meta":{"origin":23265,"position":5},"title":"CHASCOM\u00daS: GUILLERMO MONTENEGRO Y RAMIRO FERRANTE VISITARON EL NUEVO CENTRO DE MONITOREO DE LA CIUDAD","author":"Alejandro Sosa Ruda","date":"5 septiembre, 2017","format":false,"excerpt":"Guillermo Montengro y Ramiro Ferrante, candidatos de Cambiemos a Diputado Nacional y Concejal \u00a0respectivamente, visitaron hoy el nuevo Centro de Monitoreo de la ciudad, ubicado en la esquina de Juli\u00e1n Quintana y Arenales. \u00a0 Recibidos por el Secretario de Seguridad Ciudadana de Chascom\u00fas, Santiago Muscarello, y junto a Soledad Nivio,\u2026","rel":"","context":"En \u00abDESTACADAS\u00bb","block_context":{"text":"DESTACADAS","link":"https:\/\/larevistadigital.com.ar\/blog\/category\/destacadas\/"},"img":{"alt_text":"","src":"https:\/\/i0.wp.com\/larevistadigital.com.ar\/blog\/wp-content\/uploads\/2017\/09\/Foto-2-Ferrante-Montenegro.jpg?fit=1040%2C585&ssl=1&resize=350%2C200","width":350,"height":200,"srcset":"https:\/\/i0.wp.com\/larevistadigital.com.ar\/blog\/wp-content\/uploads\/2017\/09\/Foto-2-Ferrante-Montenegro.jpg?fit=1040%2C585&ssl=1&resize=350%2C200 1x, https:\/\/i0.wp.com\/larevistadigital.com.ar\/blog\/wp-content\/uploads\/2017\/09\/Foto-2-Ferrante-Montenegro.jpg?fit=1040%2C585&ssl=1&resize=525%2C300 1.5x, https:\/\/i0.wp.com\/larevistadigital.com.ar\/blog\/wp-content\/uploads\/2017\/09\/Foto-2-Ferrante-Montenegro.jpg?fit=1040%2C585&ssl=1&resize=700%2C400 2x"},"classes":[]}],"_links":{"self":[{"href":"https:\/\/larevistadigital.com.ar\/blog\/wp-json\/wp\/v2\/posts\/23265","targetHints":{"allow":["GET"]}}],"collection":[{"href":"https:\/\/larevistadigital.com.ar\/blog\/wp-json\/wp\/v2\/posts"}],"about":[{"href":"https:\/\/larevistadigital.com.ar\/blog\/wp-json\/wp\/v2\/types\/post"}],"author":[{"embeddable":true,"href":"https:\/\/larevistadigital.com.ar\/blog\/wp-json\/wp\/v2\/users\/3"}],"replies":[{"embeddable":true,"href":"https:\/\/larevistadigital.com.ar\/blog\/wp-json\/wp\/v2\/comments?post=23265"}],"version-history":[{"count":1,"href":"https:\/\/larevistadigital.com.ar\/blog\/wp-json\/wp\/v2\/posts\/23265\/revisions"}],"predecessor-version":[{"id":23267,"href":"https:\/\/larevistadigital.com.ar\/blog\/wp-json\/wp\/v2\/posts\/23265\/revisions\/23267"}],"wp:featuredmedia":[{"embeddable":true,"href":"https:\/\/larevistadigital.com.ar\/blog\/wp-json\/wp\/v2\/media\/23266"}],"wp:attachment":[{"href":"https:\/\/larevistadigital.com.ar\/blog\/wp-json\/wp\/v2\/media?parent=23265"}],"wp:term":[{"taxonomy":"category","embeddable":true,"href":"https:\/\/larevistadigital.com.ar\/blog\/wp-json\/wp\/v2\/categories?post=23265"},{"taxonomy":"post_tag","embeddable":true,"href":"https:\/\/larevistadigital.com.ar\/blog\/wp-json\/wp\/v2\/tags?post=23265"}],"curies":[{"name":"wp","href":"https:\/\/api.w.org\/{rel}","templated":true}]}}