{"id":23276,"date":"2022-01-10T15:50:37","date_gmt":"2022-01-10T15:50:37","guid":{"rendered":"https:\/\/larevistadigital.com.ar\/blog\/?p=23276"},"modified":"2022-01-10T15:50:37","modified_gmt":"2022-01-10T15:50:37","slug":"guido-suller-salvo-de-milagro-su-vida-en-un-accidente-en-la-ruta","status":"publish","type":"post","link":"https:\/\/larevistadigital.com.ar\/blog\/guido-suller-salvo-de-milagro-su-vida-en-un-accidente-en-la-ruta\/","title":{"rendered":"GUIDO SULLER SALV\u00d3 DE MILAGRO SU VIDA EN UN ACCIDENTE EN LA RUTA"},"content":{"rendered":"<h2>El medi\u00e1tico hermano de Silvia S\u00fcller habl\u00f3 en Nosotros a la ma\u00f1ana del tremendo choque que sufri\u00f3 en la madrugada del domingo.<\/h2>\n<p>Luego de que se conociera la terrible noticia sobre el\u00a0<a href=\"https:\/\/www.eltrecetv.com.ar\/noticias\/guido-suller-sufrio-un-accidente-automovilistico-volviendo-a-su-casa-de-madrugada_163798\" target=\"_blank\" rel=\"noopener\">accidente automovil\u00edstico que sufri\u00f3\u00a0<strong>Guido S\u00fcller\u00a0<\/strong><\/a>a la altura del kil\u00f3metro 47 de la ruta 9 en la madrugada de este domingo, el medi\u00e1tico habl\u00f3 de lo sucedido y dio detalles de su cuadro cl\u00ednico en un audio que pasaron en\u00a0<strong>Nosotros a la ma\u00f1ana<\/strong>.<\/p>\n<blockquote>\n<h3><em><strong>\u201cFui a una comer una pizza a Maschwitz con dos amigas donde s\u00f3lo tom\u00e9 agua porque no tomo nada de alcohol. Cuando termino, me subo a mi auto solo y me vuelvo para mi casa.\u00a0Iba por la ruta, tranquilo, cuando siento un tremendo impacto en la parte trasera de la rueda izquierda\u201d<\/strong><\/em>, comenz\u00f3 diciendo el hermano de\u00a0<strong>Silvia S\u00fcller<\/strong>.<\/h3>\n<\/blockquote>\n<p><em><strong>\u201cFue tan fuerte que hizo girar al auto. Fue un choque violento y mi veh\u00edculo comenz\u00f3 a girar descontroladamente en medio de la ruta.\u00a0Perd\u00ed de la noci\u00f3n, no sab\u00eda d\u00f3nde estaba. Ah\u00ed, siento otro impacto contra una camioneta blanca, que tambi\u00e9n qued\u00f3 destrozada\u201d<\/strong><\/em>, agreg\u00f3.<\/p>\n<blockquote>\n<h3>M\u00e1s tarde, Guido dio detalles de las sensaciones que le recorrieron el cuerpo en el momento de la colisi\u00f3n: <strong><em>\u201cYo estaba con el cintur\u00f3n y me agarr\u00e9 fuerte esperando el impacto final porque es un lugar donde pasan muchos camiones.\u00a0Vi la muerte muy cerca porque no se pod\u00eda hacer nada, porque el volante no respond\u00eda y el auto segu\u00eda girando sin parar\u201d.<\/em><\/strong><\/h3>\n<\/blockquote>\n<p>Y cerr\u00f3, a flor de piel:<em><strong> \u201cNo s\u00e9 si fue mi mam\u00e1, que fue es mi \u00e1ngel de la guarda, o que no ten\u00eda que morir en ese momento. Pero despu\u00e9s de girar, el auto se detuvo en medio de la ruta y ah\u00ed vi que me empezaron a esquivar los veh\u00edculos y tuve la suerte de que no paso ning\u00fan cami\u00f3n\u201d.<\/strong><\/em><\/p>\n<h2><strong>Guido S\u00fcller dio detalles de c\u00f3mo sigue la investigaci\u00f3n tras su tremendo choque del que se salv\u00f3 de milagro<\/strong><\/h2>\n<p><em><strong>\u201cMe baj\u00e9 del auto y me tir\u00e9 al costado de la ruta en el pasto.\u00a0La gente me ayud\u00f3, vino la ambulancia y me hicieron el test de alcalemia que me dio 0\u201d<\/strong><\/em>, remarc\u00f3 <strong>Guido<\/strong> en el ciclo de eltrece.<\/p>\n<blockquote>\n<h3><em><strong>\u201cAl de la camioneta, le dio 1.4 y al tercer auto, que es el que se fug\u00f3, no sabemos.\u00a0Hay un pedido de rastreo de c\u00e1maras para encontrarlo y ver como fue el accidente\u201d<\/strong><\/em>, continu\u00f3, esperanzado de que se haga Justicia.<\/h3>\n<\/blockquote>\n<p><em><strong>\u201cMe llevaron al hospital de Escobar donde me hicieron placas.\u00a0Tengo un latigazo en las cervicales y un golpe en los ri\u00f1ones\u201d<\/strong><\/em>, culmin\u00f3, explicando en detalles las secuelas que le dej\u00f3 el impacto en el cuerpo.<\/p>\n","protected":false},"excerpt":{"rendered":"<div class=\"mh-excerpt\"><p>El medi\u00e1tico hermano de Silvia S\u00fcller habl\u00f3 en Nosotros a la ma\u00f1ana del tremendo choque que sufri\u00f3 en la madrugada del domingo. Luego de que se conociera la terrible noticia sobre el\u00a0accidente automovil\u00edstico que sufri\u00f3\u00a0Guido <a class=\"mh-excerpt-more\" href=\"https:\/\/larevistadigital.com.ar\/blog\/guido-suller-salvo-de-milagro-su-vida-en-un-accidente-en-la-ruta\/\" title=\"GUIDO SULLER SALV\u00d3 DE MILAGRO SU VIDA EN UN ACCIDENTE EN LA RUTA\">[Leer M\u00e1s]<\/a><\/p>\n<\/div>","protected":false},"author":3,"featured_media":23277,"comment_status":"open","ping_status":"open","sticky":false,"template":"","format":"standard","meta":{"_jetpack_memberships_contains_paid_content":false,"footnotes":"","jetpack_publicize_message":"","jetpack_publicize_feature_enabled":true,"jetpack_social_post_already_shared":true,"jetpack_social_options":{"image_generator_settings":{"template":"highway","default_image_id":0,"font":"","enabled":false},"version":2}},"categories":[50],"tags":[],"class_list":{"0":"post-23276","1":"post","2":"type-post","3":"status-publish","4":"format-standard","5":"has-post-thumbnail","7":"category-interes-general"},"jetpack_publicize_connections":[],"jetpack_featured_media_url":"https:\/\/i0.wp.com\/larevistadigital.com.ar\/blog\/wp-content\/uploads\/Captura-de-pantalla-2022-01-10-124704.jpg?fit=797%2C441&ssl=1","jetpack_sharing_enabled":true,"jetpack_shortlink":"https:\/\/wp.me\/p8qtrQ-63q","jetpack-related-posts":[{"id":34006,"url":"https:\/\/larevistadigital.com.ar\/blog\/video-tremendo-impresionante-accidente-el-dia-de-ayer-en-la-ruta-2\/","url_meta":{"origin":23276,"position":0},"title":"VIDEO TREMENDO: IMPRESIONANTE ACCIDENTE EL D\u00cdA DE AYER EN LA RUTA 2","author":"Alejandro Sosa Ruda","date":"14 octubre, 2023","format":false,"excerpt":"Un cami\u00f3n que circulaba hacia Bs. As, rompi\u00f3 un puente. 14 de octubre de 2023 Sucedi\u00f3 en la Ruta 2 a la altura del km 38.50. cuando un cami\u00f3n marca Mercedes Benz 1622 con semiremolque, circulaba sentido a la ciudad de Buenos Aires, y en momentos que pasaba por debajo\u2026","rel":"","context":"En \u00abDESTACADAS\u00bb","block_context":{"text":"DESTACADAS","link":"https:\/\/larevistadigital.com.ar\/blog\/category\/destacadas\/"},"img":{"alt_text":"","src":"https:\/\/i0.wp.com\/larevistadigital.com.ar\/blog\/wp-content\/uploads\/WhatsApp-Image-2023-10-13-at-15.29.12.jpeg?fit=859%2C974&ssl=1&resize=350%2C200","width":350,"height":200,"srcset":"https:\/\/i0.wp.com\/larevistadigital.com.ar\/blog\/wp-content\/uploads\/WhatsApp-Image-2023-10-13-at-15.29.12.jpeg?fit=859%2C974&ssl=1&resize=350%2C200 1x, https:\/\/i0.wp.com\/larevistadigital.com.ar\/blog\/wp-content\/uploads\/WhatsApp-Image-2023-10-13-at-15.29.12.jpeg?fit=859%2C974&ssl=1&resize=525%2C300 1.5x, https:\/\/i0.wp.com\/larevistadigital.com.ar\/blog\/wp-content\/uploads\/WhatsApp-Image-2023-10-13-at-15.29.12.jpeg?fit=859%2C974&ssl=1&resize=700%2C400 2x"},"classes":[]},{"id":18758,"url":"https:\/\/larevistadigital.com.ar\/blog\/fernando-burlando-sufrio-un-accidente-y-fue-internado-de-urgencia\/","url_meta":{"origin":23276,"position":1},"title":"FERNANDO BURLANDO SUFRI\u00d3 UN ACCIDENTE Y FUE INTERNADO DE URGENCIA","author":"Alejandro Sosa Ruda","date":"7 febrero, 2021","format":false,"excerpt":"Sufri\u00f3 un accidente durante un partido de polo, al caer de su caballo, por lo que su estado es delicado. LA PLATA - El conocido abogado Fernando Burlando, se encuentra internado en el Instituto M\u00e9dico Platense, y su estado es delicado, seg\u00fan manifestaron desde su entorno. Burlando\u00a0 fue r\u00e1pidamente internado\u2026","rel":"","context":"En \u00abINTERES GENERAL\u00bb","block_context":{"text":"INTERES GENERAL","link":"https:\/\/larevistadigital.com.ar\/blog\/category\/interes-general\/"},"img":{"alt_text":"","src":"https:\/\/i0.wp.com\/larevistadigital.com.ar\/blog\/wp-content\/uploads\/Captura-3.png?fit=1200%2C590&ssl=1&resize=350%2C200","width":350,"height":200,"srcset":"https:\/\/i0.wp.com\/larevistadigital.com.ar\/blog\/wp-content\/uploads\/Captura-3.png?fit=1200%2C590&ssl=1&resize=350%2C200 1x, https:\/\/i0.wp.com\/larevistadigital.com.ar\/blog\/wp-content\/uploads\/Captura-3.png?fit=1200%2C590&ssl=1&resize=525%2C300 1.5x, https:\/\/i0.wp.com\/larevistadigital.com.ar\/blog\/wp-content\/uploads\/Captura-3.png?fit=1200%2C590&ssl=1&resize=700%2C400 2x, https:\/\/i0.wp.com\/larevistadigital.com.ar\/blog\/wp-content\/uploads\/Captura-3.png?fit=1200%2C590&ssl=1&resize=1050%2C600 3x"},"classes":[]},{"id":9122,"url":"https:\/\/larevistadigital.com.ar\/blog\/maipu-el-intendente-rapallini-sufrio-un-accidente-en-la-ruta-2\/","url_meta":{"origin":23276,"position":2},"title":"MAIP\u00da: EL INTENDENTE RAPALLINI SUFRI\u00d3 UN ACCIDENTE EN LA RUTA 2","author":"Alejandro Sosa Ruda","date":"15 marzo, 2019","format":false,"excerpt":"El Intendente de la ciudad de Maip\u00fa,\u00a0 Mat\u00edas Rappallini sufri\u00f3 un accidente automovil\u00edstico en la autov\u00eda 2 en la noche de la v\u00edspera, en momentos que viajaba hacia la Ciudad Aut\u00f3noma de Buenos Aires. Seg\u00fan declar\u00f3 el propio jefe comunal maipuense, como consecuencia de la gran cantidad de agua que\u2026","rel":"","context":"En \u00abPOLITICA\u00bb","block_context":{"text":"POLITICA","link":"https:\/\/larevistadigital.com.ar\/blog\/category\/politica\/"},"img":{"alt_text":"","src":"https:\/\/i0.wp.com\/larevistadigital.com.ar\/blog\/wp-content\/uploads\/2019\/03\/Rappallini-Matias1.jpg?fit=900%2C624&ssl=1&resize=350%2C200","width":350,"height":200,"srcset":"https:\/\/i0.wp.com\/larevistadigital.com.ar\/blog\/wp-content\/uploads\/2019\/03\/Rappallini-Matias1.jpg?fit=900%2C624&ssl=1&resize=350%2C200 1x, https:\/\/i0.wp.com\/larevistadigital.com.ar\/blog\/wp-content\/uploads\/2019\/03\/Rappallini-Matias1.jpg?fit=900%2C624&ssl=1&resize=525%2C300 1.5x, https:\/\/i0.wp.com\/larevistadigital.com.ar\/blog\/wp-content\/uploads\/2019\/03\/Rappallini-Matias1.jpg?fit=900%2C624&ssl=1&resize=700%2C400 2x"},"classes":[]},{"id":42082,"url":"https:\/\/larevistadigital.com.ar\/blog\/tragedia-en-la-ruta-2-una-mujer-murio-al-chocar-contra-el-guardarrail\/","url_meta":{"origin":23276,"position":3},"title":"Tragedia en la Ruta 2: una mujer muri\u00f3 al chocar contra el guardarra\u00edl","author":"Alejandro Sosa Ruda","date":"19 octubre, 2025","format":false,"excerpt":"El accidente ocurri\u00f3 durante la madrugada del s\u00e1bado, a la altura del kil\u00f3metro 253 en Gral. Guido.\u00a0 La v\u00edctima, de 72 a\u00f1os, viajaba con su pareja, que result\u00f3 con heridas leves. 19 de Octubre de 2025 General Guido.- BUENOS AIRES -\u00a0 Un nuevo accidente fatal se registr\u00f3 en la madrugada\u2026","rel":"","context":"En \u00abPOLICIALES\u00bb","block_context":{"text":"POLICIALES","link":"https:\/\/larevistadigital.com.ar\/blog\/category\/policiales\/"},"img":{"alt_text":"","src":"https:\/\/i0.wp.com\/larevistadigital.com.ar\/blog\/wp-content\/uploads\/4a3e11ff20abed0a478648db76313199e4f2b18e.jpg?fit=1140%2C652&ssl=1&resize=350%2C200","width":350,"height":200,"srcset":"https:\/\/i0.wp.com\/larevistadigital.com.ar\/blog\/wp-content\/uploads\/4a3e11ff20abed0a478648db76313199e4f2b18e.jpg?fit=1140%2C652&ssl=1&resize=350%2C200 1x, https:\/\/i0.wp.com\/larevistadigital.com.ar\/blog\/wp-content\/uploads\/4a3e11ff20abed0a478648db76313199e4f2b18e.jpg?fit=1140%2C652&ssl=1&resize=525%2C300 1.5x, https:\/\/i0.wp.com\/larevistadigital.com.ar\/blog\/wp-content\/uploads\/4a3e11ff20abed0a478648db76313199e4f2b18e.jpg?fit=1140%2C652&ssl=1&resize=700%2C400 2x, https:\/\/i0.wp.com\/larevistadigital.com.ar\/blog\/wp-content\/uploads\/4a3e11ff20abed0a478648db76313199e4f2b18e.jpg?fit=1140%2C652&ssl=1&resize=1050%2C600 3x"},"classes":[]},{"id":8855,"url":"https:\/\/larevistadigital.com.ar\/blog\/accidente-fatal-en-ruta-11-muere-un-hombre-de-63-anos\/","url_meta":{"origin":23276,"position":4},"title":"ACCIDENTE FATAL EN RUTA 11. MUERE UN HOMBRE DE 63 A\u00d1OS","author":"Alejandro Sosa Ruda","date":"3 marzo, 2019","format":false,"excerpt":"Sucedi\u00f3 en la madrugada del domingo en la ruta interbalnearia camino a Santa Clara. La v\u00edctima fatal era un marplatense que iba acompa\u00f1ado de tres adultos y cuatro ni\u00f1os, todos hospitalizados. Una mujer est\u00e1 grave. Un terrible siniestro vial sucedi\u00f3 esta madrugada en el\u00a0kil\u00f3metro 497\u00a0de la\u00a0ruta 11, camino a\u00a0Santa Clara\u00a0cuando\u2026","rel":"","context":"En \u00abPOLICIALES\u00bb","block_context":{"text":"POLICIALES","link":"https:\/\/larevistadigital.com.ar\/blog\/category\/policiales\/"},"img":{"alt_text":"","src":"https:\/\/i0.wp.com\/larevistadigital.com.ar\/blog\/wp-content\/uploads\/2019\/03\/1551626678673.jpg?fit=1020%2C622&ssl=1&resize=350%2C200","width":350,"height":200,"srcset":"https:\/\/i0.wp.com\/larevistadigital.com.ar\/blog\/wp-content\/uploads\/2019\/03\/1551626678673.jpg?fit=1020%2C622&ssl=1&resize=350%2C200 1x, https:\/\/i0.wp.com\/larevistadigital.com.ar\/blog\/wp-content\/uploads\/2019\/03\/1551626678673.jpg?fit=1020%2C622&ssl=1&resize=525%2C300 1.5x, https:\/\/i0.wp.com\/larevistadigital.com.ar\/blog\/wp-content\/uploads\/2019\/03\/1551626678673.jpg?fit=1020%2C622&ssl=1&resize=700%2C400 2x"},"classes":[]},{"id":9556,"url":"https:\/\/larevistadigital.com.ar\/blog\/un-policia-y-su-acompanante-heridos-en-accidente-en-la-ruta-63\/","url_meta":{"origin":23276,"position":5},"title":"UN POLIC\u00cdA Y SU ACOMPA\u00d1ANTE HERIDOS EN ACCIDENTE EN LA RUTA 63","author":"Alejandro Sosa Ruda","date":"4 abril, 2019","format":false,"excerpt":"Un oficial de polic\u00eda perteneciente al GAD, sufri\u00f3 un accidente cuando se dirig\u00eda a trabajar en Dolores. El hecho ocurri\u00f3 a las 6 de la ma\u00f1ana entre un cami\u00f3n Ford Cargo y un Citroen Berlingo. La camioneta con dos ocupantes nativos de Dolores, ocupada por un oficial de polic\u00eda, y\u2026","rel":"","context":"En \u00abDOLORES\u00bb","block_context":{"text":"DOLORES","link":"https:\/\/larevistadigital.com.ar\/blog\/category\/dolores\/"},"img":{"alt_text":"","src":"https:\/\/i0.wp.com\/larevistadigital.com.ar\/blog\/wp-content\/uploads\/2019\/04\/Screenshot_2-4.jpg?fit=864%2C644&ssl=1&resize=350%2C200","width":350,"height":200,"srcset":"https:\/\/i0.wp.com\/larevistadigital.com.ar\/blog\/wp-content\/uploads\/2019\/04\/Screenshot_2-4.jpg?fit=864%2C644&ssl=1&resize=350%2C200 1x, https:\/\/i0.wp.com\/larevistadigital.com.ar\/blog\/wp-content\/uploads\/2019\/04\/Screenshot_2-4.jpg?fit=864%2C644&ssl=1&resize=525%2C300 1.5x, https:\/\/i0.wp.com\/larevistadigital.com.ar\/blog\/wp-content\/uploads\/2019\/04\/Screenshot_2-4.jpg?fit=864%2C644&ssl=1&resize=700%2C400 2x"},"classes":[]}],"_links":{"self":[{"href":"https:\/\/larevistadigital.com.ar\/blog\/wp-json\/wp\/v2\/posts\/23276","targetHints":{"allow":["GET"]}}],"collection":[{"href":"https:\/\/larevistadigital.com.ar\/blog\/wp-json\/wp\/v2\/posts"}],"about":[{"href":"https:\/\/larevistadigital.com.ar\/blog\/wp-json\/wp\/v2\/types\/post"}],"author":[{"embeddable":true,"href":"https:\/\/larevistadigital.com.ar\/blog\/wp-json\/wp\/v2\/users\/3"}],"replies":[{"embeddable":true,"href":"https:\/\/larevistadigital.com.ar\/blog\/wp-json\/wp\/v2\/comments?post=23276"}],"version-history":[{"count":1,"href":"https:\/\/larevistadigital.com.ar\/blog\/wp-json\/wp\/v2\/posts\/23276\/revisions"}],"predecessor-version":[{"id":23278,"href":"https:\/\/larevistadigital.com.ar\/blog\/wp-json\/wp\/v2\/posts\/23276\/revisions\/23278"}],"wp:featuredmedia":[{"embeddable":true,"href":"https:\/\/larevistadigital.com.ar\/blog\/wp-json\/wp\/v2\/media\/23277"}],"wp:attachment":[{"href":"https:\/\/larevistadigital.com.ar\/blog\/wp-json\/wp\/v2\/media?parent=23276"}],"wp:term":[{"taxonomy":"category","embeddable":true,"href":"https:\/\/larevistadigital.com.ar\/blog\/wp-json\/wp\/v2\/categories?post=23276"},{"taxonomy":"post_tag","embeddable":true,"href":"https:\/\/larevistadigital.com.ar\/blog\/wp-json\/wp\/v2\/tags?post=23276"}],"curies":[{"name":"wp","href":"https:\/\/api.w.org\/{rel}","templated":true}]}}