{"id":23279,"date":"2022-01-10T16:12:21","date_gmt":"2022-01-10T16:12:21","guid":{"rendered":"https:\/\/larevistadigital.com.ar\/blog\/?p=23279"},"modified":"2022-01-10T16:12:21","modified_gmt":"2022-01-10T16:12:21","slug":"fue-impulsado-el-proyecto-para-pedir-el-certificado-de-no-deudor-alimentario-cuando-se-hacen-algunos-tramites-en-el-municipio","status":"publish","type":"post","link":"https:\/\/larevistadigital.com.ar\/blog\/fue-impulsado-el-proyecto-para-pedir-el-certificado-de-no-deudor-alimentario-cuando-se-hacen-algunos-tramites-en-el-municipio\/","title":{"rendered":"FUE IMPULSADO EL PROYECTO PARA PEDIR EL CERTIFICADO DE \u00abNO DEUDOR ALIMENTARIO\u00bb CUANDO SE HACEN ALGUNOS TR\u00c1MITES EN EL MUNICIPIO"},"content":{"rendered":"<h2>La iniciativa es de la concejal Lorena Escaray y el Bloque de concejales de la UCR y Cambiemos, donde se requerir\u00eda el mencionado certificado cuando se hagan diversos tr\u00e1mites en el municipio.<\/h2>\n<p>Gacetilla de Prensa:<\/p>\n<p>El bloque de concejales UCR \u2013 Cambiemos ha elevado y presentado\u00a0 el proyecto de Ordenanza para requerir el certificado de no deudor alimentario, como recaudo excluyente,\u00a0 para la ejecuci\u00f3n de determinados \u00a0tramites en la Municipalidad de Chascom\u00fas. Presentado el 5 de enero del corriente a\u00f1o, y a la espera del debido curso parlamentario, la iniciativa se\u00a0 enmarca en las disposiciones de la Ley Provincial N\u00b013.074 y su Decreto Reglamentario 340\/2004, los cuales receptan la Protecci\u00f3n integral del ni\u00f1o y adolescente, conforme a lo dispuesto en la convenci\u00f3n de los Derechos del Ni\u00f1o. Con la medida, se busca visibilizar una problem\u00e1tica latente de una obligaci\u00f3n tanto de progenitores como de progenitoras a la hora de reclamar la cuota alimentaria. \u00a0En efecto, se trata de dar refuerzo a la situaci\u00f3n jur\u00eddica de los principales perjudicados: ni\u00f1os, ni\u00f1as y adolescentes.<\/p>\n<p>En ese sentido, como aclara uno de sus\u00a0 Considerandos, el proyecto de Ordenanza surge de los fundamentos La Ley provincial al constatarse un\u00a0 porcentaje de incumplimiento frente a las obligaciones alimentarias, que exponen en situaci\u00f3n de riesgo a las partes m\u00e1s indefensas de las redes familiares. Cuesti\u00f3n que ha crecido cuantitativamente, como consecuencia de los cambios que se han producido en la organizaci\u00f3n de nuestras familias, reza tambi\u00e9n otro de los Considerandos.<\/p>\n<p>El proyecto se\u00f1ala que se prev\u00e9 la presentaci\u00f3n de dicho documento para los siguientes tr\u00e1mites municipales: Solicitud de habilitaci\u00f3n comercial y\/o industrial; Solicitudes de concesi\u00f3n o arrendamiento y\/o Solicitud de permisos y\/o Presentaci\u00f3n a licitaciones; Solicitud de obtenci\u00f3n de licencia de conductor y\/o renovaci\u00f3n; Inscripci\u00f3n como proveedor municipal y\/o de ente descentralizado; Contrataciones de todo tipo con el estado Municipal.<\/p>\n<p>Otra de las cuestiones relevantes que se prev\u00e9n en materia del abordaje de esta cuesti\u00f3n socialmente problematizada, y que apunta a no generar prerrogativas, es que en uno de sus articulados tambi\u00e9n se infiere pedir el Certificado a las personas que fueran propuestas para cubrir los puestos de Secretario del Concejo Deliberante, as\u00ed como tambi\u00e9n a los Secretarios que componen al equipo de gobierno de la gesti\u00f3n del Intendente Municipal.<\/p>\n<p>La norma aclara que el certificado deber\u00e1 ser gestionado por la persona interesada y deber\u00e1 ser presentado previo a la culminaci\u00f3n de los tr\u00e1mites que lo requieran. Cuando se tratare de personas jur\u00eddicas, el certificado de no deudor alimentario, ser\u00e1 exigido a los directores de la misma. En el caso de tener domicilio en extra\u00f1a jurisdicci\u00f3n, tambi\u00e9n deber\u00e1 presentar el certificado correspondiente expedido por la autoridad de aplicaci\u00f3n de dicho domicilio si existiere. La solicitud de la licencia de conductor, o su renovaci\u00f3n, se otorgar\u00e1 provisoriamente por cuarenta y cinco (45) d\u00edas, con la obligaci\u00f3n de regularizar su situaci\u00f3n dentro de dicho plazo para obtener la licencia definitiva.<\/p>\n<p>La Concejal <strong>Lorena Escaray<\/strong>, impulsora del proyecto que cuenta con \u00a0el acompa\u00f1amiento de los dem\u00e1s ediles que componen al bloque de Concejales radicales y del interbloque Cambiemos, ha se\u00f1alado que <em><strong>\u201cdebe ser bienvenido por la comunidad todo refuerzo legal cuyo fin primero busca que todo obligado u obligada al pago de alimentos cumplan con la responsabilidad que evaden\u201d<\/strong><\/em>.\u00a0 Cabe destacar que la norma solo se viene aplicando en pocos municipios de la Provincia de Buenos Aires siendo, Lavalle, Ca\u00f1uelas y Bah\u00eda Blanca, los m\u00e1s conocidos.<\/p>\n<p>Por \u00faltimo, se hace saber que\u00a0 para la obtenci\u00f3n del Certificado de no deudor alimentario se debe ingresar al portal de autogesti\u00f3n Registro de Deudores Alimentarios Morosos (RDAM) cuyo link de acceso es <a href=\"https:\/\/rdam.mjus.gba.gob.ar\">https:\/\/rdam.mjus.gba.gob.ar<\/a> (bot\u00f3n \u201cSolicitar certificado\u201d). All\u00ed, le solicitar\u00e1 una casilla de email. Cuando haya completado la solicitud, en un plazo de hasta 48 hs h\u00e1biles se recibir\u00e1 en dicha casilla el correspondiente certificado firmado digitalmente.<\/p>\n<p>&nbsp;<\/p>\n<p>&nbsp;<\/p>\n<p>&nbsp;<\/p>\n<p>&nbsp;<\/p>\n","protected":false},"excerpt":{"rendered":"<div class=\"mh-excerpt\"><p>La iniciativa es de la concejal Lorena Escaray y el Bloque de concejales de la UCR y Cambiemos, donde se requerir\u00eda el mencionado certificado cuando se hagan diversos tr\u00e1mites en el municipio. Gacetilla de Prensa: <a class=\"mh-excerpt-more\" href=\"https:\/\/larevistadigital.com.ar\/blog\/fue-impulsado-el-proyecto-para-pedir-el-certificado-de-no-deudor-alimentario-cuando-se-hacen-algunos-tramites-en-el-municipio\/\" title=\"FUE IMPULSADO EL PROYECTO PARA PEDIR EL CERTIFICADO DE \u00abNO DEUDOR ALIMENTARIO\u00bb CUANDO SE HACEN ALGUNOS TR\u00c1MITES EN EL MUNICIPIO\">[Leer M\u00e1s]<\/a><\/p>\n<\/div>","protected":false},"author":3,"featured_media":23280,"comment_status":"open","ping_status":"open","sticky":false,"template":"","format":"standard","meta":{"_jetpack_memberships_contains_paid_content":false,"footnotes":"","jetpack_publicize_message":"","jetpack_publicize_feature_enabled":true,"jetpack_social_post_already_shared":true,"jetpack_social_options":{"image_generator_settings":{"template":"highway","default_image_id":0,"font":"","enabled":false},"version":2}},"categories":[6],"tags":[],"class_list":{"0":"post-23279","1":"post","2":"type-post","3":"status-publish","4":"format-standard","5":"has-post-thumbnail","7":"category-chascomus"},"jetpack_publicize_connections":[],"jetpack_featured_media_url":"https:\/\/i0.wp.com\/larevistadigital.com.ar\/blog\/wp-content\/uploads\/271138010_1815499981981096_6326121086402477620_n-e1641831112799.jpg?fit=962%2C486&ssl=1","jetpack_sharing_enabled":true,"jetpack_shortlink":"https:\/\/wp.me\/p8qtrQ-63t","jetpack-related-posts":[{"id":3012,"url":"https:\/\/larevistadigital.com.ar\/blog\/santiago-dos-santos-hemos-presentado-en-el-concejo-una-propuesta-concreta-para-las-victimas-del-delito\/","url_meta":{"origin":23279,"position":0},"title":"SANTIAGO DOS SANTOS: HEMOS PRESENTADO EN EL CONCEJO UNA PROPUESTA CONCRETA PARA LAS V\u00cdCTIMAS DEL DELITO","author":"Alejandro Sosa Ruda","date":"6 agosto, 2017","format":false,"excerpt":"\u201cEstamos trabajando desde ahora, presentando iniciativas que se transformen en ordenanzas, en este caso vinculadas a la seguridad\u201d En horas de la ma\u00f1ana, los precandidatos a concejales de la lista Cambiemos-UCR Santiago Dos Santos, Lorenza M\u00e1rquez y Ra\u00fal Ciraus presentaron una iniciativa para crear la Unidad de Atenci\u00f3n a las\u2026","rel":"","context":"En \u00abCHASCOM\u00daS\u00bb","block_context":{"text":"CHASCOM\u00daS","link":"https:\/\/larevistadigital.com.ar\/blog\/category\/chascomus\/"},"img":{"alt_text":"","src":"https:\/\/i0.wp.com\/larevistadigital.com.ar\/blog\/wp-content\/uploads\/2017\/08\/santiago_seguridad.jpg?fit=692%2C403&ssl=1&resize=350%2C200","width":350,"height":200,"srcset":"https:\/\/i0.wp.com\/larevistadigital.com.ar\/blog\/wp-content\/uploads\/2017\/08\/santiago_seguridad.jpg?fit=692%2C403&ssl=1&resize=350%2C200 1x, https:\/\/i0.wp.com\/larevistadigital.com.ar\/blog\/wp-content\/uploads\/2017\/08\/santiago_seguridad.jpg?fit=692%2C403&ssl=1&resize=525%2C300 1.5x"},"classes":[]},{"id":2132,"url":"https:\/\/larevistadigital.com.ar\/blog\/comunicado-ucr-chascomus\/","url_meta":{"origin":23279,"position":1},"title":"COMUNICADO UCR CHASCOMUS","author":"Alejandro Sosa Ruda","date":"26 abril, 2017","format":false,"excerpt":"Desde el Boloque de concejales de UCR-Cambiemos de Chascom\u00fas nos hicieron llegar el siguiente comunicado. \u00a0 INS\u00d3LITO: LOS CONCEJALES DEL \u201cCHAPA\u201d GAST\u00d3N IMPIDEN EL TRATAMIENTO DEL PRESUPUESTO \u00a0 Nunca en la historia de los 135 distritos de la Provincia de Buenos Aires, los concejales oficialistas se opusieron al tratamiento de\u2026","rel":"","context":"En \u00abCHASCOM\u00daS\u00bb","block_context":{"text":"CHASCOM\u00daS","link":"https:\/\/larevistadigital.com.ar\/blog\/category\/chascomus\/"},"img":{"alt_text":"","src":"https:\/\/i0.wp.com\/larevistadigital.com.ar\/blog\/wp-content\/uploads\/2017\/04\/11028007_733884126732360_7999233073238367143_n.jpg?fit=650%2C488&ssl=1&resize=350%2C200","width":350,"height":200,"srcset":"https:\/\/i0.wp.com\/larevistadigital.com.ar\/blog\/wp-content\/uploads\/2017\/04\/11028007_733884126732360_7999233073238367143_n.jpg?fit=650%2C488&ssl=1&resize=350%2C200 1x, https:\/\/i0.wp.com\/larevistadigital.com.ar\/blog\/wp-content\/uploads\/2017\/04\/11028007_733884126732360_7999233073238367143_n.jpg?fit=650%2C488&ssl=1&resize=525%2C300 1.5x"},"classes":[]},{"id":27275,"url":"https:\/\/larevistadigital.com.ar\/blog\/chascomus-el-bloque-de-la-ucr-y-cambiemos-presentara-manana-el-pedido-de-apertura-de-paritarias-al-gobierno-municipal\/","url_meta":{"origin":23279,"position":2},"title":"CHASCOM\u00daS: EL BLOQUE DE LA UCR Y CAMBIEMOS PRESENTAR\u00c1 MA\u00d1ANA EL PEDIDO DE APERTURA DE PARITARIAS AL GOBIERNO MUNICIPAL","author":"Alejandro Sosa Ruda","date":"25 agosto, 2022","format":false,"excerpt":"Ser\u00e1 presentado ma\u00f1ana para que se trate \"sobre tablas\". Es una reacci\u00f3n necesaria para tratar de colaborar con los empleados municipales, luego de la inacci\u00f3n de los gremios locales. CHASCOM\u00daS -\u00a0 Desde el bloque de UCR-Cambiemos, se presentar\u00e1 ma\u00f1ana a efectos de ser tratado \"sobre tablas\" un Proyecto de Comunicaci\u00f3n\u2026","rel":"","context":"En \u00abDESTACADAS\u00bb","block_context":{"text":"DESTACADAS","link":"https:\/\/larevistadigital.com.ar\/blog\/category\/destacadas\/"},"img":{"alt_text":"","src":"https:\/\/i0.wp.com\/larevistadigital.com.ar\/blog\/wp-content\/uploads\/2018\/09\/concejo-chascomus.jpg?fit=954%2C768&ssl=1&resize=350%2C200","width":350,"height":200,"srcset":"https:\/\/i0.wp.com\/larevistadigital.com.ar\/blog\/wp-content\/uploads\/2018\/09\/concejo-chascomus.jpg?fit=954%2C768&ssl=1&resize=350%2C200 1x, https:\/\/i0.wp.com\/larevistadigital.com.ar\/blog\/wp-content\/uploads\/2018\/09\/concejo-chascomus.jpg?fit=954%2C768&ssl=1&resize=525%2C300 1.5x, https:\/\/i0.wp.com\/larevistadigital.com.ar\/blog\/wp-content\/uploads\/2018\/09\/concejo-chascomus.jpg?fit=954%2C768&ssl=1&resize=700%2C400 2x"},"classes":[]},{"id":5558,"url":"https:\/\/larevistadigital.com.ar\/blog\/chascomus-concejales-se-reunieron-con-el-presidente-del-bloque-cambiemos-en-el-senadobonaerense\/","url_meta":{"origin":23279,"position":3},"title":"CHASCOMUS: Concejales se reunieron con el presidente del bloque Cambiemos en el Senadobonaerense","author":"Alejandro Sosa Ruda","date":"10 mayo, 2018","format":false,"excerpt":"Los concejales de Chascom\u00fas mantuvieron un encuentro con el titular del bloque de senadores Cambiemos, Roberto Costa, con quien dialogaron sobre la situaci\u00f3n de la ciudad y sobre un proyecto que busca crear el Instituto Provincial de Econom\u00eda Social (IPES), iniciativa que busca darle importancia al cooperativismo social. Para el\u2026","rel":"","context":"En \u00abPOLITICA\u00bb","block_context":{"text":"POLITICA","link":"https:\/\/larevistadigital.com.ar\/blog\/category\/politica\/"},"img":{"alt_text":"","src":"https:\/\/i0.wp.com\/larevistadigital.com.ar\/blog\/wp-content\/uploads\/2018\/05\/FB_IMG_1525977578695.jpg?fit=720%2C420&ssl=1&resize=350%2C200","width":350,"height":200,"srcset":"https:\/\/i0.wp.com\/larevistadigital.com.ar\/blog\/wp-content\/uploads\/2018\/05\/FB_IMG_1525977578695.jpg?fit=720%2C420&ssl=1&resize=350%2C200 1x, https:\/\/i0.wp.com\/larevistadigital.com.ar\/blog\/wp-content\/uploads\/2018\/05\/FB_IMG_1525977578695.jpg?fit=720%2C420&ssl=1&resize=525%2C300 1.5x, https:\/\/i0.wp.com\/larevistadigital.com.ar\/blog\/wp-content\/uploads\/2018\/05\/FB_IMG_1525977578695.jpg?fit=720%2C420&ssl=1&resize=700%2C400 2x"},"classes":[]},{"id":4466,"url":"https:\/\/larevistadigital.com.ar\/blog\/chascomus-la-secretaria-general-del-sindicato-trabajadores-municipales-se-reunio-presidente-del-concejo-deliberante\/","url_meta":{"origin":23279,"position":4},"title":"CHASCOM\u00daS: LA SECRETARIA GENERAL DEL SINDICATO DE TRABAJADORES MUNICIPALES SE REUNI\u00d3 CON EL PRESIDENTE DEL CONCEJO DELIBERANTE","author":"Alejandro Sosa Ruda","date":"10 enero, 2018","format":false,"excerpt":"En la ma\u00f1ana de hoy, el Presidente del Honorable Concejo Deliberante Lic. Osvaldo Casalins recibi\u00f3 a la Secretaria General del Sindicato de Trabajadores Municipales, Sra. Mercedes Rold\u00e1n, para dialogar sobre el contenido del Proyecto de \u00a0Ordenanza presentado por el Bloque de concejales Cambiemos Chascom\u00fas y Cambiemos UCR, en el cu\u00e1l\u2026","rel":"","context":"En \u00abGREMIALES\u00bb","block_context":{"text":"GREMIALES","link":"https:\/\/larevistadigital.com.ar\/blog\/category\/gremiales\/"},"img":{"alt_text":"","src":"https:\/\/i0.wp.com\/larevistadigital.com.ar\/blog\/wp-content\/uploads\/2018\/01\/CASALINS-ROLDAN.jpg?fit=650%2C366&ssl=1&resize=350%2C200","width":350,"height":200,"srcset":"https:\/\/i0.wp.com\/larevistadigital.com.ar\/blog\/wp-content\/uploads\/2018\/01\/CASALINS-ROLDAN.jpg?fit=650%2C366&ssl=1&resize=350%2C200 1x, https:\/\/i0.wp.com\/larevistadigital.com.ar\/blog\/wp-content\/uploads\/2018\/01\/CASALINS-ROLDAN.jpg?fit=650%2C366&ssl=1&resize=525%2C300 1.5x"},"classes":[]},{"id":6435,"url":"https:\/\/larevistadigital.com.ar\/blog\/chascomus-fue-aprobado-programa-para-abordaje-de-violencia-masculina\/","url_meta":{"origin":23279,"position":5},"title":"CHASCOM\u00daS: FUE APROBADO PROGRAMA PARA ABORDAJE DE VIOLENCIA MASCULINA","author":"Alejandro Sosa Ruda","date":"31 agosto, 2018","format":false,"excerpt":"En Chascom\u00fas se implementar\u00e1 un Programa para el Abordaje de la Violencia Masculina Intrafamiliar El Concejo Deliberante de Chascom\u00fas aprob\u00f3 un proyecto que promueve un programa de abordaje de la violencia masculina. Los ediles del bloque UCR en Cambiemos destacaron la iniciativa y se\u00f1alaron que aguardan la pronta reglamentaci\u00f3n por\u2026","rel":"","context":"En \u00abCHASCOM\u00daS\u00bb","block_context":{"text":"CHASCOM\u00daS","link":"https:\/\/larevistadigital.com.ar\/blog\/category\/chascomus\/"},"img":{"alt_text":"","src":"https:\/\/i0.wp.com\/larevistadigital.com.ar\/blog\/wp-content\/uploads\/2018\/08\/thumbnail.jpg?fit=680%2C614&ssl=1&resize=350%2C200","width":350,"height":200,"srcset":"https:\/\/i0.wp.com\/larevistadigital.com.ar\/blog\/wp-content\/uploads\/2018\/08\/thumbnail.jpg?fit=680%2C614&ssl=1&resize=350%2C200 1x, https:\/\/i0.wp.com\/larevistadigital.com.ar\/blog\/wp-content\/uploads\/2018\/08\/thumbnail.jpg?fit=680%2C614&ssl=1&resize=525%2C300 1.5x"},"classes":[]}],"_links":{"self":[{"href":"https:\/\/larevistadigital.com.ar\/blog\/wp-json\/wp\/v2\/posts\/23279","targetHints":{"allow":["GET"]}}],"collection":[{"href":"https:\/\/larevistadigital.com.ar\/blog\/wp-json\/wp\/v2\/posts"}],"about":[{"href":"https:\/\/larevistadigital.com.ar\/blog\/wp-json\/wp\/v2\/types\/post"}],"author":[{"embeddable":true,"href":"https:\/\/larevistadigital.com.ar\/blog\/wp-json\/wp\/v2\/users\/3"}],"replies":[{"embeddable":true,"href":"https:\/\/larevistadigital.com.ar\/blog\/wp-json\/wp\/v2\/comments?post=23279"}],"version-history":[{"count":1,"href":"https:\/\/larevistadigital.com.ar\/blog\/wp-json\/wp\/v2\/posts\/23279\/revisions"}],"predecessor-version":[{"id":23281,"href":"https:\/\/larevistadigital.com.ar\/blog\/wp-json\/wp\/v2\/posts\/23279\/revisions\/23281"}],"wp:featuredmedia":[{"embeddable":true,"href":"https:\/\/larevistadigital.com.ar\/blog\/wp-json\/wp\/v2\/media\/23280"}],"wp:attachment":[{"href":"https:\/\/larevistadigital.com.ar\/blog\/wp-json\/wp\/v2\/media?parent=23279"}],"wp:term":[{"taxonomy":"category","embeddable":true,"href":"https:\/\/larevistadigital.com.ar\/blog\/wp-json\/wp\/v2\/categories?post=23279"},{"taxonomy":"post_tag","embeddable":true,"href":"https:\/\/larevistadigital.com.ar\/blog\/wp-json\/wp\/v2\/tags?post=23279"}],"curies":[{"name":"wp","href":"https:\/\/api.w.org\/{rel}","templated":true}]}}