{"id":23283,"date":"2022-01-10T16:32:37","date_gmt":"2022-01-10T16:32:37","guid":{"rendered":"https:\/\/larevistadigital.com.ar\/blog\/?p=23283"},"modified":"2022-01-10T16:32:37","modified_gmt":"2022-01-10T16:32:37","slug":"ataron-de-pies-y-manos-a-empleadas-durante-un-asalto","status":"publish","type":"post","link":"https:\/\/larevistadigital.com.ar\/blog\/ataron-de-pies-y-manos-a-empleadas-durante-un-asalto\/","title":{"rendered":"ATARON DE PIES Y MANOS A EMPLEADAS DURANTE UN ASALTO"},"content":{"rendered":"<h2 class=\"fparrafo ctext fz18 lh25\">Tras amenazar a dos mujeres y atarlas con precintos, se apoderaron de dinero y los tel\u00e9fonos celulares de las v\u00edctimas para luego fugarse. Minutos despu\u00e9s, las v\u00edctimas pudieron pedir ayuda.<\/h2>\n<p class=\"selectionShareable\">Durante las \u00faltimas horas dos delincuentes armados ingresaron a una financiera ubicada en pleno centro de Jun\u00edn, en donde ataron de pies y manos a tres empleadas y se alzaron con una cifra cercana a los cien mil pesos.<\/p>\n<blockquote>\n<h3 class=\"selectionShareable\">Los delincuentes se movilizaban en una moto y a la entidad financiera ingresaron los dos, uno de ellos cubriendo su cabeza con una gorra y a cara descubierta.<\/h3>\n<\/blockquote>\n<p class=\"selectionShareable\">Tras amenazar a dos mujeres y atarlas con precintos, se apoderaron de dinero y los tel\u00e9fonos celulares de las v\u00edctimas para luego fugarse.<\/p>\n<blockquote>\n<h3 class=\"selectionShareable\">Minutos despu\u00e9s, las v\u00edctimas pudieron pedir ayuda y arribaron la fiscal de turno, Dra. Fernanda S\u00e1nchez, el titular de Seguridad del Municipio, Dr. Andr\u00e9s Rosa, personal del gabinete investigativo de Comisar\u00eda Primera, Polic\u00eda Cient\u00edfica y funcionarios de la DDI Jun\u00edn.<\/h3>\n<\/blockquote>\n<p class=\"selectionShareable\">Por estas horas se trabaja en las c\u00e1maras de seguridad para dar con los malvivientes. (<b>InfoGEI<\/b>) Mg<\/p>\n","protected":false},"excerpt":{"rendered":"<div class=\"mh-excerpt\"><p>Tras amenazar a dos mujeres y atarlas con precintos, se apoderaron de dinero y los tel\u00e9fonos celulares de las v\u00edctimas para luego fugarse. Minutos despu\u00e9s, las v\u00edctimas pudieron pedir ayuda. Durante las \u00faltimas horas dos <a class=\"mh-excerpt-more\" href=\"https:\/\/larevistadigital.com.ar\/blog\/ataron-de-pies-y-manos-a-empleadas-durante-un-asalto\/\" title=\"ATARON DE PIES Y MANOS A EMPLEADAS DURANTE UN ASALTO\">[Leer M\u00e1s]<\/a><\/p>\n<\/div>","protected":false},"author":3,"featured_media":23284,"comment_status":"open","ping_status":"open","sticky":false,"template":"","format":"standard","meta":{"_jetpack_memberships_contains_paid_content":false,"footnotes":"","jetpack_publicize_message":"","jetpack_publicize_feature_enabled":true,"jetpack_social_post_already_shared":true,"jetpack_social_options":{"image_generator_settings":{"template":"highway","default_image_id":0,"font":"","enabled":false},"version":2}},"categories":[44,51],"tags":[],"class_list":{"0":"post-23283","1":"post","2":"type-post","3":"status-publish","4":"format-standard","5":"has-post-thumbnail","7":"category-policiales","8":"category-regionales"},"jetpack_publicize_connections":[],"jetpack_featured_media_url":"https:\/\/i0.wp.com\/larevistadigital.com.ar\/blog\/wp-content\/uploads\/20220108164014_financiera.jpg?fit=880%2C512&ssl=1","jetpack_sharing_enabled":true,"jetpack_shortlink":"https:\/\/wp.me\/p8qtrQ-63x","jetpack-related-posts":[{"id":16458,"url":"https:\/\/larevistadigital.com.ar\/blog\/robaron-mas-de-200-000-en-el-country-haras-del-sur\/","url_meta":{"origin":23283,"position":0},"title":"ROBARON M\u00c1S DE $200.000.- EN EL COUNTRY \u00abHARAS DEL SUR\u00bb","author":"Alejandro Sosa Ruda","date":"22 septiembre, 2020","format":false,"excerpt":"Los delincuentes maniataron a las v\u00edctimas con precintos de pl\u00e1stico, les sacaron sus pertenencias y huyeron. Cuatro delincuentes armados ingresaron a dos casas del Country Haras del Sur ubicado en el kil\u00f3metro 69 de la Ruta Nacional 2. Los ladrones sorprendieron a sus propietarios, ingresando a punta de pistola a\u2026","rel":"","context":"En \u00abREGIONALES\u00bb","block_context":{"text":"REGIONALES","link":"https:\/\/larevistadigital.com.ar\/blog\/category\/regionales\/"},"img":{"alt_text":"","src":"https:\/\/i0.wp.com\/larevistadigital.com.ar\/blog\/wp-content\/uploads\/haras-1.jpg?fit=1200%2C675&ssl=1&resize=350%2C200","width":350,"height":200,"srcset":"https:\/\/i0.wp.com\/larevistadigital.com.ar\/blog\/wp-content\/uploads\/haras-1.jpg?fit=1200%2C675&ssl=1&resize=350%2C200 1x, https:\/\/i0.wp.com\/larevistadigital.com.ar\/blog\/wp-content\/uploads\/haras-1.jpg?fit=1200%2C675&ssl=1&resize=525%2C300 1.5x, https:\/\/i0.wp.com\/larevistadigital.com.ar\/blog\/wp-content\/uploads\/haras-1.jpg?fit=1200%2C675&ssl=1&resize=700%2C400 2x, https:\/\/i0.wp.com\/larevistadigital.com.ar\/blog\/wp-content\/uploads\/haras-1.jpg?fit=1200%2C675&ssl=1&resize=1050%2C600 3x"},"classes":[]},{"id":8275,"url":"https:\/\/larevistadigital.com.ar\/blog\/brandsen-noche-de-terror-delincuentes-mantuvieron-cautivas-a-dos-familias\/","url_meta":{"origin":23283,"position":1},"title":"BRANDSEN: NOCHE DE TERROR. DELINCUENTES MANTUVIERON CAUTIVAS A DOS FAMILIAS","author":"Alejandro Sosa Ruda","date":"10 febrero, 2019","format":false,"excerpt":"El tremendo hecho ocurri\u00f3 en el campo \u201cLa permanense\u201d ubicado en las rutas 58 y 29 de Jeppener. Eran tres delincuentes armados que luego de maniatar a la familia oriunda de la ciudad de Brandsen, entre ellos ni\u00f1os, se dieron a la fuga en el veh\u00edculo perteneciente a una de\u2026","rel":"","context":"En \u00abLOCAL Y DE LA ZONA\u00bb","block_context":{"text":"LOCAL Y DE LA ZONA","link":"https:\/\/larevistadigital.com.ar\/blog\/category\/gremiales\/local-y-de-la-zona\/"},"img":{"alt_text":"","src":"https:\/\/i0.wp.com\/larevistadigital.com.ar\/blog\/wp-content\/uploads\/2019\/02\/20190209_032220.jpg?fit=1080%2C606&ssl=1&resize=350%2C200","width":350,"height":200,"srcset":"https:\/\/i0.wp.com\/larevistadigital.com.ar\/blog\/wp-content\/uploads\/2019\/02\/20190209_032220.jpg?fit=1080%2C606&ssl=1&resize=350%2C200 1x, https:\/\/i0.wp.com\/larevistadigital.com.ar\/blog\/wp-content\/uploads\/2019\/02\/20190209_032220.jpg?fit=1080%2C606&ssl=1&resize=525%2C300 1.5x, https:\/\/i0.wp.com\/larevistadigital.com.ar\/blog\/wp-content\/uploads\/2019\/02\/20190209_032220.jpg?fit=1080%2C606&ssl=1&resize=700%2C400 2x, https:\/\/i0.wp.com\/larevistadigital.com.ar\/blog\/wp-content\/uploads\/2019\/02\/20190209_032220.jpg?fit=1080%2C606&ssl=1&resize=1050%2C600 3x"},"classes":[]},{"id":12286,"url":"https:\/\/larevistadigital.com.ar\/blog\/noche-de-terror-atan-a-una-familia-completa-y-los-desvalijan\/","url_meta":{"origin":23283,"position":2},"title":"NOCHE DE TERROR: ATAN A UNA FAMILIA COMPLETA Y LOS DESVALIJAN","author":"Alejandro Sosa Ruda","date":"26 septiembre, 2019","format":false,"excerpt":"\u00a0 Una familia de Glew fue v\u00edctima de una madrugada de terror: Mientras dorm\u00edan, cinco delincuentes armados ingresaron a su vivienda, los ataron y los desvalijaron. Los ladrones entraron sin forzar las puertas en la vivienda ubicada sobre la calle French, y fueron directamente a la habitaci\u00f3n del matrimonio que\u2026","rel":"","context":"En \u00abREGIONALES\u00bb","block_context":{"text":"REGIONALES","link":"https:\/\/larevistadigital.com.ar\/blog\/category\/regionales\/"},"img":{"alt_text":"","src":"https:\/\/i0.wp.com\/larevistadigital.com.ar\/blog\/wp-content\/uploads\/IMG-20190926-WA0020.jpg?fit=1200%2C674&ssl=1&resize=350%2C200","width":350,"height":200,"srcset":"https:\/\/i0.wp.com\/larevistadigital.com.ar\/blog\/wp-content\/uploads\/IMG-20190926-WA0020.jpg?fit=1200%2C674&ssl=1&resize=350%2C200 1x, https:\/\/i0.wp.com\/larevistadigital.com.ar\/blog\/wp-content\/uploads\/IMG-20190926-WA0020.jpg?fit=1200%2C674&ssl=1&resize=525%2C300 1.5x, https:\/\/i0.wp.com\/larevistadigital.com.ar\/blog\/wp-content\/uploads\/IMG-20190926-WA0020.jpg?fit=1200%2C674&ssl=1&resize=700%2C400 2x, https:\/\/i0.wp.com\/larevistadigital.com.ar\/blog\/wp-content\/uploads\/IMG-20190926-WA0020.jpg?fit=1200%2C674&ssl=1&resize=1050%2C600 3x"},"classes":[]},{"id":25348,"url":"https:\/\/larevistadigital.com.ar\/blog\/la-plata-salvaje-le-apuntan-a-una-embarazada-mientras-robaban-un-comercio\/","url_meta":{"origin":23283,"position":3},"title":"LA PLATA SALVAJE: LE APUNTAN A UNA EMBARAZADA MIENTRAS ROBABAN UN COMERCIO","author":"Alejandro Sosa Ruda","date":"22 mayo, 2022","format":false,"excerpt":"Sucedi\u00f3 en una forrajer\u00eda de Camino General Belgrano. Los implicados obligaron a los clientes a tirarse al piso y huyeron con la recaudaci\u00f3n. Est\u00e1n pr\u00f3fugos. Delincuentes comandaron\u00a0dos audaces robos en dos comercios de la firma \"Tuc\u00e1n\", uno ubicado en Camino General Belgrano entre 516 y 517, y el otro en\u2026","rel":"","context":"En \u00abPOLICIALES\u00bb","block_context":{"text":"POLICIALES","link":"https:\/\/larevistadigital.com.ar\/blog\/category\/policiales\/"},"img":{"alt_text":"","src":"https:\/\/i0.wp.com\/larevistadigital.com.ar\/blog\/wp-content\/uploads\/6ZKMOGK6VBDR3PPOIGDA4ERLZU.jpg?fit=1200%2C778&ssl=1&resize=350%2C200","width":350,"height":200,"srcset":"https:\/\/i0.wp.com\/larevistadigital.com.ar\/blog\/wp-content\/uploads\/6ZKMOGK6VBDR3PPOIGDA4ERLZU.jpg?fit=1200%2C778&ssl=1&resize=350%2C200 1x, https:\/\/i0.wp.com\/larevistadigital.com.ar\/blog\/wp-content\/uploads\/6ZKMOGK6VBDR3PPOIGDA4ERLZU.jpg?fit=1200%2C778&ssl=1&resize=525%2C300 1.5x, https:\/\/i0.wp.com\/larevistadigital.com.ar\/blog\/wp-content\/uploads\/6ZKMOGK6VBDR3PPOIGDA4ERLZU.jpg?fit=1200%2C778&ssl=1&resize=700%2C400 2x, https:\/\/i0.wp.com\/larevistadigital.com.ar\/blog\/wp-content\/uploads\/6ZKMOGK6VBDR3PPOIGDA4ERLZU.jpg?fit=1200%2C778&ssl=1&resize=1050%2C600 3x"},"classes":[]},{"id":26385,"url":"https:\/\/larevistadigital.com.ar\/blog\/balcarce-roban-y-picanean-a-un-productor-rural\/","url_meta":{"origin":23283,"position":4},"title":"BALCARCE: ROBAN Y PICANEAN A UN PRODUCTOR RURAL","author":"Alejandro Sosa Ruda","date":"5 julio, 2022","format":false,"excerpt":"Fue sorprendido junto a su esposa en el establecimiento rural \u201cLa Florida\u201d. Al menos tres delincuentes irrumpieron y los atacaron con ferocidad. BALCARCE -\u00a0 Un productor agropecuario y su esposa fueron abordados por tres delincuentes el viernes a la noche en el establecimiento rural \u201cLa Florida\u201d, quienes los ataron y\u2026","rel":"","context":"En \u00abPOLICIALES\u00bb","block_context":{"text":"POLICIALES","link":"https:\/\/larevistadigital.com.ar\/blog\/category\/policiales\/"},"img":{"alt_text":"","src":"https:\/\/i0.wp.com\/larevistadigital.com.ar\/blog\/wp-content\/uploads\/1620734311775.jpg?fit=1200%2C777&ssl=1&resize=350%2C200","width":350,"height":200,"srcset":"https:\/\/i0.wp.com\/larevistadigital.com.ar\/blog\/wp-content\/uploads\/1620734311775.jpg?fit=1200%2C777&ssl=1&resize=350%2C200 1x, https:\/\/i0.wp.com\/larevistadigital.com.ar\/blog\/wp-content\/uploads\/1620734311775.jpg?fit=1200%2C777&ssl=1&resize=525%2C300 1.5x, https:\/\/i0.wp.com\/larevistadigital.com.ar\/blog\/wp-content\/uploads\/1620734311775.jpg?fit=1200%2C777&ssl=1&resize=700%2C400 2x, https:\/\/i0.wp.com\/larevistadigital.com.ar\/blog\/wp-content\/uploads\/1620734311775.jpg?fit=1200%2C777&ssl=1&resize=1050%2C600 3x"},"classes":[]},{"id":20830,"url":"https:\/\/larevistadigital.com.ar\/blog\/mar-del-plata-detienen-a-un-hombre-y-sus-dos-hijos-tras-una-violenta-entradera-y-persecucion\/","url_meta":{"origin":23283,"position":5},"title":"MAR DEL PLATA: DETIENEN A UN HOMBRE Y SUS DOS HIJOS TRAS UNA VIOLENTA ENTRADERA Y PERSECUCI\u00d3N","author":"Alejandro Sosa Ruda","date":"22 junio, 2021","format":false,"excerpt":"Actuaron con un cuarto sujeto que tambi\u00e9n fue detenido. Chocaron dos patrulleros. Quedaron alojados en la Unidad Penal 44 de Bat\u00e1n. MAR DEL PLATA - Un hombre de 51 a\u00f1os, sus hijo de 20 y 25 y un cuarto c\u00f3mplice que ingresaron a robar a una casa en el barrio\u2026","rel":"","context":"En \u00abPOLICIALES\u00bb","block_context":{"text":"POLICIALES","link":"https:\/\/larevistadigital.com.ar\/blog\/category\/policiales\/"},"img":{"alt_text":"","src":"https:\/\/i0.wp.com\/larevistadigital.com.ar\/blog\/wp-content\/uploads\/DETIENEN-HOMBRE-E-HIJOS.png?fit=997%2C562&ssl=1&resize=350%2C200","width":350,"height":200,"srcset":"https:\/\/i0.wp.com\/larevistadigital.com.ar\/blog\/wp-content\/uploads\/DETIENEN-HOMBRE-E-HIJOS.png?fit=997%2C562&ssl=1&resize=350%2C200 1x, https:\/\/i0.wp.com\/larevistadigital.com.ar\/blog\/wp-content\/uploads\/DETIENEN-HOMBRE-E-HIJOS.png?fit=997%2C562&ssl=1&resize=525%2C300 1.5x, https:\/\/i0.wp.com\/larevistadigital.com.ar\/blog\/wp-content\/uploads\/DETIENEN-HOMBRE-E-HIJOS.png?fit=997%2C562&ssl=1&resize=700%2C400 2x"},"classes":[]}],"_links":{"self":[{"href":"https:\/\/larevistadigital.com.ar\/blog\/wp-json\/wp\/v2\/posts\/23283","targetHints":{"allow":["GET"]}}],"collection":[{"href":"https:\/\/larevistadigital.com.ar\/blog\/wp-json\/wp\/v2\/posts"}],"about":[{"href":"https:\/\/larevistadigital.com.ar\/blog\/wp-json\/wp\/v2\/types\/post"}],"author":[{"embeddable":true,"href":"https:\/\/larevistadigital.com.ar\/blog\/wp-json\/wp\/v2\/users\/3"}],"replies":[{"embeddable":true,"href":"https:\/\/larevistadigital.com.ar\/blog\/wp-json\/wp\/v2\/comments?post=23283"}],"version-history":[{"count":1,"href":"https:\/\/larevistadigital.com.ar\/blog\/wp-json\/wp\/v2\/posts\/23283\/revisions"}],"predecessor-version":[{"id":23285,"href":"https:\/\/larevistadigital.com.ar\/blog\/wp-json\/wp\/v2\/posts\/23283\/revisions\/23285"}],"wp:featuredmedia":[{"embeddable":true,"href":"https:\/\/larevistadigital.com.ar\/blog\/wp-json\/wp\/v2\/media\/23284"}],"wp:attachment":[{"href":"https:\/\/larevistadigital.com.ar\/blog\/wp-json\/wp\/v2\/media?parent=23283"}],"wp:term":[{"taxonomy":"category","embeddable":true,"href":"https:\/\/larevistadigital.com.ar\/blog\/wp-json\/wp\/v2\/categories?post=23283"},{"taxonomy":"post_tag","embeddable":true,"href":"https:\/\/larevistadigital.com.ar\/blog\/wp-json\/wp\/v2\/tags?post=23283"}],"curies":[{"name":"wp","href":"https:\/\/api.w.org\/{rel}","templated":true}]}}