{"id":23288,"date":"2022-01-11T00:48:19","date_gmt":"2022-01-11T00:48:19","guid":{"rendered":"https:\/\/larevistadigital.com.ar\/blog\/?p=23288"},"modified":"2022-01-11T13:52:36","modified_gmt":"2022-01-11T13:52:36","slug":"el-presidente-del-concejo-deliberante-se-reunio-con-norma-saucedo","status":"publish","type":"post","link":"https:\/\/larevistadigital.com.ar\/blog\/el-presidente-del-concejo-deliberante-se-reunio-con-norma-saucedo\/","title":{"rendered":"EL PRESIDENTE DEL CONCEJO DELIBERANTE, RAMIRO FERRANTE SE REUNI\u00d3 CON NORMA SAUCEDO"},"content":{"rendered":"<h2>El edil del PRO, visit\u00f3 a <strong>Norma Saucedo<\/strong>, que es la Madre del joven\u00a0 <strong>Jonathan Quintero<\/strong>, quien padec\u00eda una insuficiencia renal cr\u00f3nica y falleci\u00f3 \u00a0el 6 de agosto del a\u00f1o 2021. Norma sostiene que su hijo sufri\u00f3 abandono de persona y que no se lo atendi\u00f3 con la urgencia del caso.<\/h2>\n<p>El encuentro se llev\u00f3 a cabo en el domicilio de la vecina ubicado en el Camino rural Las Mulas, tras una llamada del Presidente del HCD\u00a0\u00a0 a la madre del joven para conocer la situaci\u00f3n y pactar la reuni\u00f3n. Luego de haberse convocado a que participaran ediles del Cuerpo Deliberativo, para interiorizarse m\u00e1s a fondo del tema en cuesti\u00f3n, <strong>Ferrante<\/strong> asisti\u00f3 acompa\u00f1ado por los Concejales <strong>Soledad Nivio<\/strong> y <strong>Juan Ignacio Ehul Ayerza.<\/strong><\/p>\n<blockquote>\n<h3>La vecina, fue\u00a0 narrando \u00a0una situaci\u00f3n de la que surgen muchas preguntas y pocas respuestas, contando \u00a0todo lo que tuvo que atravesar su hijo, quien en m\u00e1s de una ocasi\u00f3n busc\u00f3 ayuda. Manifest\u00f3 \u00a0que aun siente la falta de explicaci\u00f3n de algunos funcionarios p\u00fablicos. Adem\u00e1s, expres\u00f3 que sigue de pie porque la gu\u00eda la b\u00fasqueda de respuestas. En esa l\u00ednea, dijo que seguir\u00e1 golpeando puertas en pos de que alguien la reciba para darle las explicaciones correspondientes.<\/h3>\n<\/blockquote>\n<p>Es de destacar que en el marco de la primera Sesi\u00f3n de Pr\u00f3rroga del Concejo Deliberante, desarrollada el 2 de diciembre de 2021, norma present\u00f3 una nota\u00a0 en la que expon\u00eda detalladamente lo sucedido con su hijo. La misma fue elevada\u00a0 a la Comisi\u00f3n de Salud donde permanece con curso parlamentario.<\/p>\n<p>Al finalizar el encuentro, <strong>Ferrante<\/strong> expres\u00f3 <strong><em>\u201cfue importante la escucha, porque nos permiti\u00f3 conocer la situaci\u00f3n\u201d<\/em><\/strong> y agreg\u00f3 que <em><strong>\u201ccontara con todo el\u00a0 apoyo del Cuerpo Deliberativo \u00a0para seguir\u00a0 \u00a0el reclamo iniciado y encontrar las respuestas que necesite\u201d<\/strong><\/em>.<\/p>\n<p>&nbsp;<\/p>\n<p>&nbsp;<\/p>\n","protected":false},"excerpt":{"rendered":"<div class=\"mh-excerpt\"><p>El edil del PRO, visit\u00f3 a Norma Saucedo, que es la Madre del joven\u00a0 Jonathan Quintero, quien padec\u00eda una insuficiencia renal cr\u00f3nica y falleci\u00f3 \u00a0el 6 de agosto del a\u00f1o 2021. Norma sostiene que su <a class=\"mh-excerpt-more\" href=\"https:\/\/larevistadigital.com.ar\/blog\/el-presidente-del-concejo-deliberante-se-reunio-con-norma-saucedo\/\" title=\"EL PRESIDENTE DEL CONCEJO DELIBERANTE, RAMIRO FERRANTE SE REUNI\u00d3 CON NORMA SAUCEDO\">[Leer M\u00e1s]<\/a><\/p>\n<\/div>","protected":false},"author":3,"featured_media":23289,"comment_status":"open","ping_status":"open","sticky":false,"template":"","format":"standard","meta":{"_jetpack_memberships_contains_paid_content":false,"footnotes":"","jetpack_publicize_message":"","jetpack_publicize_feature_enabled":true,"jetpack_social_post_already_shared":true,"jetpack_social_options":{"image_generator_settings":{"template":"highway","default_image_id":0,"font":"","enabled":false},"version":2}},"categories":[50,23],"tags":[],"class_list":{"0":"post-23288","1":"post","2":"type-post","3":"status-publish","4":"format-standard","5":"has-post-thumbnail","7":"category-interes-general","8":"category-politica-local"},"jetpack_publicize_connections":[],"jetpack_featured_media_url":"https:\/\/i0.wp.com\/larevistadigital.com.ar\/blog\/wp-content\/uploads\/WhatsApp-Image-2022-01-10-at-18.11.20.jpeg?fit=1040%2C780&ssl=1","jetpack_sharing_enabled":true,"jetpack_shortlink":"https:\/\/wp.me\/p8qtrQ-63C","jetpack-related-posts":[{"id":22943,"url":"https:\/\/larevistadigital.com.ar\/blog\/chascomus-incluimos-la-carta-de-norma-al-intendente-gaston-manana-desde-las-18-hs-norma-saucedo-encabezara-una-marcha-desde-el-hospital-pidiendo-justicia-por-la-muerte-de-su-hijo-jonathan-quinter\/","url_meta":{"origin":23288,"position":0},"title":"CHASCOM\u00daS: (INCLU\u00cdMOS LA CARTA DE NORMA AL INTENDENTE GAST\u00d3N) MA\u00d1ANA DESDE LAS 18 HS. NORMA SAUCEDO ENCABEZAR\u00c1 UNA MARCHA DESDE EL HOSPITAL, PIDIENDO JUSTICIA POR LA MUERTE DE SU HIJO JONATHAN QUINTEROS","author":"Alejandro Sosa Ruda","date":"15 diciembre, 2021","format":false,"excerpt":"La desesperada madre, pidi\u00f3 ayuda, y denuncia la desatenci\u00f3n y abandono de su hijo Jonathan que termin\u00f3 fallecido. Responsabiliza a algunos m\u00e9dicos del Hospital Municipal San Vicente de Paul, y recurre a la marcha porque el intendente Gast\u00f3n no respondi\u00f3 sus mensajes, ni siquiera le dedic\u00f3 un p\u00e9same y no\u2026","rel":"","context":"En \u00abINTERES GENERAL\u00bb","block_context":{"text":"INTERES GENERAL","link":"https:\/\/larevistadigital.com.ar\/blog\/category\/interes-general\/"},"img":{"alt_text":"","src":"https:\/\/i0.wp.com\/larevistadigital.com.ar\/blog\/wp-content\/uploads\/Captura-de-pantalla-2021-12-14-220833.jpg?fit=823%2C777&ssl=1&resize=350%2C200","width":350,"height":200,"srcset":"https:\/\/i0.wp.com\/larevistadigital.com.ar\/blog\/wp-content\/uploads\/Captura-de-pantalla-2021-12-14-220833.jpg?fit=823%2C777&ssl=1&resize=350%2C200 1x, https:\/\/i0.wp.com\/larevistadigital.com.ar\/blog\/wp-content\/uploads\/Captura-de-pantalla-2021-12-14-220833.jpg?fit=823%2C777&ssl=1&resize=525%2C300 1.5x, https:\/\/i0.wp.com\/larevistadigital.com.ar\/blog\/wp-content\/uploads\/Captura-de-pantalla-2021-12-14-220833.jpg?fit=823%2C777&ssl=1&resize=700%2C400 2x"},"classes":[]},{"id":33600,"url":"https:\/\/larevistadigital.com.ar\/blog\/general-villegas-joven-de-16-anos-asesino-a-otro-de-15-en-un-cumpleanos\/","url_meta":{"origin":23288,"position":1},"title":"GENERAL VILLEGAS: JOVEN DE 16 A\u00d1OS ASESIN\u00d3 A OTRO DE 15 EN UN CUMPLEA\u00d1OS","author":"Alejandro Sosa Ruda","date":"25 septiembre, 2023","format":false,"excerpt":"Ocurri\u00f3 tras una discusi\u00f3n entre dos chicos que \"se ten\u00edan bronca\" y la v\u00edctima, seg\u00fan cont\u00f3 su madre, \"se meti\u00f3 con sus amigos\". 25 de Septiembre de 2023 GENERAL VILLEGAS -\u00a0 \u00a0En la localidad de General Villegas, en el noroeste de la provincia de Buenos Aires, un lamentable suceso cobr\u00f3\u2026","rel":"","context":"En \u00abPOLICIALES\u00bb","block_context":{"text":"POLICIALES","link":"https:\/\/larevistadigital.com.ar\/blog\/category\/policiales\/"},"img":{"alt_text":"","src":"https:\/\/i0.wp.com\/larevistadigital.com.ar\/blog\/wp-content\/uploads\/Captura-de-pantalla-2023-09-25-165608.png?fit=1131%2C503&ssl=1&resize=350%2C200","width":350,"height":200,"srcset":"https:\/\/i0.wp.com\/larevistadigital.com.ar\/blog\/wp-content\/uploads\/Captura-de-pantalla-2023-09-25-165608.png?fit=1131%2C503&ssl=1&resize=350%2C200 1x, https:\/\/i0.wp.com\/larevistadigital.com.ar\/blog\/wp-content\/uploads\/Captura-de-pantalla-2023-09-25-165608.png?fit=1131%2C503&ssl=1&resize=525%2C300 1.5x, https:\/\/i0.wp.com\/larevistadigital.com.ar\/blog\/wp-content\/uploads\/Captura-de-pantalla-2023-09-25-165608.png?fit=1131%2C503&ssl=1&resize=700%2C400 2x, https:\/\/i0.wp.com\/larevistadigital.com.ar\/blog\/wp-content\/uploads\/Captura-de-pantalla-2023-09-25-165608.png?fit=1131%2C503&ssl=1&resize=1050%2C600 3x"},"classes":[]},{"id":10325,"url":"https:\/\/larevistadigital.com.ar\/blog\/chascomus-segun-una-pagina-de-noticias-politicas-ramiro-ferrante-sera-candidato-a-intendente\/","url_meta":{"origin":23288,"position":2},"title":"CHASCOM\u00daS: SEG\u00daN UNA PAGINA DE NOTICIAS POL\u00cdTICAS, RAMIRO FERRANTE SER\u00c1 CANDIDATO A INTENDENTE","author":"Alejandro Sosa Ruda","date":"29 mayo, 2019","format":false,"excerpt":"Luego de una gran incertidumbre acerca de la decisi\u00f3n final que tomar\u00eda, el concejal Ramiro Ferrante va a presentarse como precandidato a intendente de Cambi\u00e9mos, enfrentando a los doctores Santiago Dos Santos, y Osvaldo Battisacchi en una contienda interna. Alex Campbell, subsecretario de Gobierno y Asuntos Municipales de la Provincia\u2026","rel":"","context":"En \u00abDESTACADAS\u00bb","block_context":{"text":"DESTACADAS","link":"https:\/\/larevistadigital.com.ar\/blog\/category\/destacadas\/"},"img":{"alt_text":"","src":"https:\/\/i0.wp.com\/larevistadigital.com.ar\/blog\/wp-content\/uploads\/2019\/05\/Campbell-y-Ferrante.jpg?fit=995%2C553&ssl=1&resize=350%2C200","width":350,"height":200,"srcset":"https:\/\/i0.wp.com\/larevistadigital.com.ar\/blog\/wp-content\/uploads\/2019\/05\/Campbell-y-Ferrante.jpg?fit=995%2C553&ssl=1&resize=350%2C200 1x, https:\/\/i0.wp.com\/larevistadigital.com.ar\/blog\/wp-content\/uploads\/2019\/05\/Campbell-y-Ferrante.jpg?fit=995%2C553&ssl=1&resize=525%2C300 1.5x, https:\/\/i0.wp.com\/larevistadigital.com.ar\/blog\/wp-content\/uploads\/2019\/05\/Campbell-y-Ferrante.jpg?fit=995%2C553&ssl=1&resize=700%2C400 2x"},"classes":[]},{"id":2696,"url":"https:\/\/larevistadigital.com.ar\/blog\/chascomus-federico-pinedo-acompano-a-ramiro-ferrante-en-el-timbreo-de-cambiemos\/","url_meta":{"origin":23288,"position":3},"title":"CHASCOM\u00daS: FEDERICO PINEDO ACOMPA\u00d1\u00d3 A RAMIRO FERRANTE EN EL TIMBREO DE CAMBIEMOS","author":"Alejandro Sosa Ruda","date":"22 julio, 2017","format":false,"excerpt":"El Presidente provisional del Senado de la Naci\u00f3n, Federico Pinedo, acompa\u00f1\u00f3 al precandidato a Concejal por Cambiemos, Ramiro Ferrante durante el timbreo realizado en la ma\u00f1ana de hoy. Pinedo arrib\u00f3 a la ciudad a las 10 de la ma\u00f1ana y se dirigi\u00f3 al local de Cambiemos en la calle Belgrano\u2026","rel":"","context":"En \u00abCHASCOM\u00daS\u00bb","block_context":{"text":"CHASCOM\u00daS","link":"https:\/\/larevistadigital.com.ar\/blog\/category\/chascomus\/"},"img":{"alt_text":"","src":"https:\/\/i0.wp.com\/larevistadigital.com.ar\/blog\/wp-content\/uploads\/2017\/07\/WhatsApp-Image-2017-07-22-at-15.59.32.jpeg?fit=1032%2C581&ssl=1&resize=350%2C200","width":350,"height":200,"srcset":"https:\/\/i0.wp.com\/larevistadigital.com.ar\/blog\/wp-content\/uploads\/2017\/07\/WhatsApp-Image-2017-07-22-at-15.59.32.jpeg?fit=1032%2C581&ssl=1&resize=350%2C200 1x, https:\/\/i0.wp.com\/larevistadigital.com.ar\/blog\/wp-content\/uploads\/2017\/07\/WhatsApp-Image-2017-07-22-at-15.59.32.jpeg?fit=1032%2C581&ssl=1&resize=525%2C300 1.5x, https:\/\/i0.wp.com\/larevistadigital.com.ar\/blog\/wp-content\/uploads\/2017\/07\/WhatsApp-Image-2017-07-22-at-15.59.32.jpeg?fit=1032%2C581&ssl=1&resize=700%2C400 2x"},"classes":[]},{"id":25582,"url":"https:\/\/larevistadigital.com.ar\/blog\/chascomus-aca-la-conmovedora-carta-al-intendente-de-una-madre-que-perdio-a-su-hijo-y-denuncia-abandono-por-parte-de-las-autoridades-de-salud\/","url_meta":{"origin":23288,"position":4},"title":"CHASCOM\u00daS: AC\u00c1 LA CONMOVEDORA CARTA AL INTENDENTE, DE UNA MADRE QUE PERDI\u00d3 A SU HIJO, Y DENUNCIA ABANDONO POR PARTE DE LAS AUTORIDADES DE SALUD","author":"Alejandro Sosa Ruda","date":"3 junio, 2022","format":false,"excerpt":"Norma perdi\u00f3 a su hijo. Denuncia que adem\u00e1s de la tardanza en trasladarlo a La Plata, fue abandonado por las autoridades que hicieron caso omiso de su enfermedad preexistente. Pese a todo, solamente pretende ser escuchada. Ac\u00e1 la carta que le escribi\u00f3 a Javier Gast\u00f3n CHASCOM\u00daS -\u00a0 Su nombre es\u2026","rel":"","context":"En \u00abDESTACADAS\u00bb","block_context":{"text":"DESTACADAS","link":"https:\/\/larevistadigital.com.ar\/blog\/category\/destacadas\/"},"img":{"alt_text":"","src":"https:\/\/i0.wp.com\/larevistadigital.com.ar\/blog\/wp-content\/uploads\/JONATHAN-Y-NORMA.jpg?fit=754%2C492&ssl=1&resize=350%2C200","width":350,"height":200,"srcset":"https:\/\/i0.wp.com\/larevistadigital.com.ar\/blog\/wp-content\/uploads\/JONATHAN-Y-NORMA.jpg?fit=754%2C492&ssl=1&resize=350%2C200 1x, https:\/\/i0.wp.com\/larevistadigital.com.ar\/blog\/wp-content\/uploads\/JONATHAN-Y-NORMA.jpg?fit=754%2C492&ssl=1&resize=525%2C300 1.5x, https:\/\/i0.wp.com\/larevistadigital.com.ar\/blog\/wp-content\/uploads\/JONATHAN-Y-NORMA.jpg?fit=754%2C492&ssl=1&resize=700%2C400 2x"},"classes":[]},{"id":3430,"url":"https:\/\/larevistadigital.com.ar\/blog\/chascomus-joven-intento-suicidarse-prendiendose-fuego\/","url_meta":{"origin":23288,"position":5},"title":"CHASCOM\u00daS: JOVEN INTENT\u00d3 SUICIDARSE PRENDI\u00c9NDOSE FUEGO","author":"Alejandro Sosa Ruda","date":"8 octubre, 2017","format":false,"excerpt":"En un di\u00e1logo mantenido con la FM Por Siempre, una vecina de Chascom\u00fas cont\u00f3 sobre el intento de suicidio de su hija, una joven de 30 a\u00f1os que intento incinerarse. All\u00ed dijo que su hija se encuentra en estado reservado, con un 35% del cuerpo quemado. A su vez, se\u00f1al\u00f3\u2026","rel":"","context":"En \u00abPOLITICA\u00bb","block_context":{"text":"POLITICA","link":"https:\/\/larevistadigital.com.ar\/blog\/category\/politica\/"},"img":{"alt_text":"","src":"https:\/\/i0.wp.com\/larevistadigital.com.ar\/blog\/wp-content\/uploads\/2017\/10\/hospi1-1024x767-111-700x524.jpg?fit=700%2C524&ssl=1&resize=350%2C200","width":350,"height":200,"srcset":"https:\/\/i0.wp.com\/larevistadigital.com.ar\/blog\/wp-content\/uploads\/2017\/10\/hospi1-1024x767-111-700x524.jpg?fit=700%2C524&ssl=1&resize=350%2C200 1x, https:\/\/i0.wp.com\/larevistadigital.com.ar\/blog\/wp-content\/uploads\/2017\/10\/hospi1-1024x767-111-700x524.jpg?fit=700%2C524&ssl=1&resize=525%2C300 1.5x, https:\/\/i0.wp.com\/larevistadigital.com.ar\/blog\/wp-content\/uploads\/2017\/10\/hospi1-1024x767-111-700x524.jpg?fit=700%2C524&ssl=1&resize=700%2C400 2x"},"classes":[]}],"_links":{"self":[{"href":"https:\/\/larevistadigital.com.ar\/blog\/wp-json\/wp\/v2\/posts\/23288","targetHints":{"allow":["GET"]}}],"collection":[{"href":"https:\/\/larevistadigital.com.ar\/blog\/wp-json\/wp\/v2\/posts"}],"about":[{"href":"https:\/\/larevistadigital.com.ar\/blog\/wp-json\/wp\/v2\/types\/post"}],"author":[{"embeddable":true,"href":"https:\/\/larevistadigital.com.ar\/blog\/wp-json\/wp\/v2\/users\/3"}],"replies":[{"embeddable":true,"href":"https:\/\/larevistadigital.com.ar\/blog\/wp-json\/wp\/v2\/comments?post=23288"}],"version-history":[{"count":2,"href":"https:\/\/larevistadigital.com.ar\/blog\/wp-json\/wp\/v2\/posts\/23288\/revisions"}],"predecessor-version":[{"id":23294,"href":"https:\/\/larevistadigital.com.ar\/blog\/wp-json\/wp\/v2\/posts\/23288\/revisions\/23294"}],"wp:featuredmedia":[{"embeddable":true,"href":"https:\/\/larevistadigital.com.ar\/blog\/wp-json\/wp\/v2\/media\/23289"}],"wp:attachment":[{"href":"https:\/\/larevistadigital.com.ar\/blog\/wp-json\/wp\/v2\/media?parent=23288"}],"wp:term":[{"taxonomy":"category","embeddable":true,"href":"https:\/\/larevistadigital.com.ar\/blog\/wp-json\/wp\/v2\/categories?post=23288"},{"taxonomy":"post_tag","embeddable":true,"href":"https:\/\/larevistadigital.com.ar\/blog\/wp-json\/wp\/v2\/tags?post=23288"}],"curies":[{"name":"wp","href":"https:\/\/api.w.org\/{rel}","templated":true}]}}