{"id":23295,"date":"2022-01-11T17:19:41","date_gmt":"2022-01-11T17:19:41","guid":{"rendered":"https:\/\/larevistadigital.com.ar\/blog\/?p=23295"},"modified":"2022-01-11T17:19:41","modified_gmt":"2022-01-11T17:19:41","slug":"turistas-a-la-deriva-se-cerraron-las-oficinas-de-turismo-en-la-costanera","status":"publish","type":"post","link":"https:\/\/larevistadigital.com.ar\/blog\/turistas-a-la-deriva-se-cerraron-las-oficinas-de-turismo-en-la-costanera\/","title":{"rendered":"TURISTAS A LA DERIVA: SE CERRARON LAS OFICINAS DE TURISMO EN LA COSTANERA"},"content":{"rendered":"<p><strong>CHASCOM\u00daS-\u00a0<\/strong> Nadie puede negar, que la ciudad de Chascom\u00fas, es una ciudad bendecida por Dios, y que cuenta con varios atributos y atractivos que la hacen un verdadero \u00abPara\u00edso Cercano\u00bb, como rezaba en alg\u00fan momento el slogan tur\u00edstico.<\/p>\n<p>Pero la realidad, es muchas veces peor que una pesadilla. A esta altura de la temporada alta, es una verdadera verg\u00fcenza que la oficina de turismo no est\u00e1 funcionando. En los inicios de la temporada, mientras se transita la primera quincena de enero, los sitios que deber\u00edan brindar asesoramiento y servicio al turista, est\u00e1n con sus puertas cerradas y sin atenci\u00f3n al p\u00fablico. Aparentemente ser\u00eda por contagio de Covid, como ha sucedido en otras dependencias municipales, pero en esos casos si, como por ejemplo en la oficina de registros de conducir, se ha seguido atendiendo, con gente que reemplaza a los enfermos.<\/p>\n<blockquote>\n<h3><strong>Tambi\u00e9n, existen una gran cantidad de oficinas en desuso, que podr\u00edan utilizarse a tal efecto, para no dejar sin atenci\u00f3n a quienes visitan nuestra ciudad. Tal es el caso de por ejemplo lo que era \u00abMacoba o el edificio del turista\u00bb; a su lado, la vieja oficina de turismo, donde salvo el actual, trabajaron todos y cada uno de los secretarios de turismo sin ning\u00fan problema o el mismo edificio de \u00abLos Toldos\u00bb que no mantiene una guardia, poniendo el c\u00f3digo QR, como para que uno se maneje con eso, pero muchas veces es necesario contar con un ser humano que nos atienda, oriente y asista, m\u00e1s all\u00e1 de la tecnolog\u00eda, que bienvenida sea.<\/strong><\/h3>\n<\/blockquote>\n<p>De por si, es inconcebible, que tanto el secretario de turismo, como la direcci\u00f3n trabajen desde el municipio, sin presencia en la costanera, pero esto ya es una ausencia total.<\/p>\n<blockquote>\n<h3>Lamentablemente es algo m\u00e1s que se suma a la lista de hechos como la desatenci\u00f3n de las concesiones, estacionamiento medido en el camino de circunvalaci\u00f3n, falta de ba\u00f1os p\u00fablicos y de alg\u00fan transporte para quienes arriban en el tren, etc.<\/h3>\n<\/blockquote>\n<p>La gente viene, porque la ciudad es hermosa, pero si se la maltrata, dif\u00edcilmente regrese. Eso tambi\u00e9n es patrimonio de todos, que no puede ni debe ser descuidado por quienes est\u00e1n de turno, administrando la ciudad.<\/p>\n<p>&nbsp;<\/p>\n<p>&nbsp;<\/p>\n","protected":false},"excerpt":{"rendered":"<div class=\"mh-excerpt\"><p>CHASCOM\u00daS-\u00a0 Nadie puede negar, que la ciudad de Chascom\u00fas, es una ciudad bendecida por Dios, y que cuenta con varios atributos y atractivos que la hacen un verdadero \u00abPara\u00edso Cercano\u00bb, como rezaba en alg\u00fan momento <a class=\"mh-excerpt-more\" href=\"https:\/\/larevistadigital.com.ar\/blog\/turistas-a-la-deriva-se-cerraron-las-oficinas-de-turismo-en-la-costanera\/\" title=\"TURISTAS A LA DERIVA: SE CERRARON LAS OFICINAS DE TURISMO EN LA COSTANERA\">[Leer M\u00e1s]<\/a><\/p>\n<\/div>","protected":false},"author":3,"featured_media":23296,"comment_status":"open","ping_status":"open","sticky":false,"template":"","format":"standard","meta":{"_jetpack_memberships_contains_paid_content":false,"footnotes":"","jetpack_publicize_message":"","jetpack_publicize_feature_enabled":true,"jetpack_social_post_already_shared":true,"jetpack_social_options":{"image_generator_settings":{"template":"highway","default_image_id":0,"font":"","enabled":false},"version":2}},"categories":[50,30],"tags":[],"class_list":{"0":"post-23295","1":"post","2":"type-post","3":"status-publish","4":"format-standard","5":"has-post-thumbnail","7":"category-interes-general","8":"category-turismo"},"jetpack_publicize_connections":[],"jetpack_featured_media_url":"https:\/\/i0.wp.com\/larevistadigital.com.ar\/blog\/wp-content\/uploads\/WhatsApp-Image-2022-01-11-at-09.47.20.jpeg?fit=1025%2C570&ssl=1","jetpack_sharing_enabled":true,"jetpack_shortlink":"https:\/\/wp.me\/p8qtrQ-63J","jetpack-related-posts":[{"id":25058,"url":"https:\/\/larevistadigital.com.ar\/blog\/chascomus-carta-de-un-vecino-pudo-haber-sido-usted\/","url_meta":{"origin":23295,"position":0},"title":"CHASCOM\u00daS: CARTA DE UN VECINO&#8230; PUDO HABER SIDO USTED.","author":"Alejandro Sosa Ruda","date":"12 abril, 2022","format":false,"excerpt":"Alberto es vecino y nativo de Chascom\u00fas. Nos hizo llegar un peque\u00f1o relato del domingo, y su sorpresa (o no tanto) por la dejadez en.... Pero bueno. Mejor lea el relato. Domingo, me despert\u00e9 temprano, mi mujer y los chicos duermen,\u00a0 ya tome unos mates y por la temperatura parece\u2026","rel":"","context":"En \u00abCHASCOM\u00daS\u00bb","block_context":{"text":"CHASCOM\u00daS","link":"https:\/\/larevistadigital.com.ar\/blog\/category\/chascomus\/"},"img":{"alt_text":"","src":"https:\/\/i0.wp.com\/larevistadigital.com.ar\/blog\/wp-content\/uploads\/WhatsApp-Image-2022-04-10-at-3.06.26-PM.jpg?fit=960%2C782&ssl=1&resize=350%2C200","width":350,"height":200,"srcset":"https:\/\/i0.wp.com\/larevistadigital.com.ar\/blog\/wp-content\/uploads\/WhatsApp-Image-2022-04-10-at-3.06.26-PM.jpg?fit=960%2C782&ssl=1&resize=350%2C200 1x, https:\/\/i0.wp.com\/larevistadigital.com.ar\/blog\/wp-content\/uploads\/WhatsApp-Image-2022-04-10-at-3.06.26-PM.jpg?fit=960%2C782&ssl=1&resize=525%2C300 1.5x, https:\/\/i0.wp.com\/larevistadigital.com.ar\/blog\/wp-content\/uploads\/WhatsApp-Image-2022-04-10-at-3.06.26-PM.jpg?fit=960%2C782&ssl=1&resize=700%2C400 2x"},"classes":[]},{"id":8700,"url":"https:\/\/larevistadigital.com.ar\/blog\/chascomus-el-secretario-de-turismo-dijo-que-hay-tres-proyectos-para-explotar-el-balneario-san-jose\/","url_meta":{"origin":23295,"position":1},"title":"CHASCOM\u00daS: EL SECRETARIO DE TURISMO DIJO QUE HAY TRES PROYECTOS PARA EXPLOTAR EL BALNEARIO SAN JOS\u00c9","author":"Alejandro Sosa Ruda","date":"24 febrero, 2019","format":false,"excerpt":"El Secretario de Turismo y Planificaci\u00f3n Leandro Otondo, fue entrevistado por el noticiero local \u201cSomos Chascom\u00fas\u201d, en el que inform\u00f3 sobre el estado de las concesiones tur\u00edsticas. All\u00ed, en primer t\u00e9rmino, se refiri\u00f3 al abandonado edificio del balneario San Jos\u00e9, sobre el cual se\u00f1al\u00f3 que est\u00e1n pronto a realizar un\u2026","rel":"","context":"En \u00abCHASCOM\u00daS\u00bb","block_context":{"text":"CHASCOM\u00daS","link":"https:\/\/larevistadigital.com.ar\/blog\/category\/chascomus\/"},"img":{"alt_text":"","src":"https:\/\/i0.wp.com\/larevistadigital.com.ar\/blog\/wp-content\/uploads\/2019\/02\/parador_24defebrerode2019_elfuerte.jpg?fit=737%2C415&ssl=1&resize=350%2C200","width":350,"height":200,"srcset":"https:\/\/i0.wp.com\/larevistadigital.com.ar\/blog\/wp-content\/uploads\/2019\/02\/parador_24defebrerode2019_elfuerte.jpg?fit=737%2C415&ssl=1&resize=350%2C200 1x, https:\/\/i0.wp.com\/larevistadigital.com.ar\/blog\/wp-content\/uploads\/2019\/02\/parador_24defebrerode2019_elfuerte.jpg?fit=737%2C415&ssl=1&resize=525%2C300 1.5x, https:\/\/i0.wp.com\/larevistadigital.com.ar\/blog\/wp-content\/uploads\/2019\/02\/parador_24defebrerode2019_elfuerte.jpg?fit=737%2C415&ssl=1&resize=700%2C400 2x"},"classes":[]},{"id":9612,"url":"https:\/\/larevistadigital.com.ar\/blog\/chascomus-muy-buena-iniciativa-de-la-secretaria-de-turismo\/","url_meta":{"origin":23295,"position":2},"title":"CHASCOM\u00daS: MUY BUENA INICIATIVA DE LA SECRETAR\u00cdA DE TURISMO","author":"Alejandro Sosa Ruda","date":"8 abril, 2019","format":false,"excerpt":"En el marco del convenio de cooperaci\u00f3n firmado entre la Municipalidad de Chascom\u00fas y Trenes Argentinos el pasado mes de febrero, la Secretar\u00eda de Planificaci\u00f3n y Turismo realizar\u00e1 acciones de promoci\u00f3n de cara a la Semana Santa 2019, en la Estaci\u00f3n Plaza Constituci\u00f3n el pr\u00f3ximo 9 de abril. En esta\u2026","rel":"","context":"En \u00abCHASCOM\u00daS\u00bb","block_context":{"text":"CHASCOM\u00daS","link":"https:\/\/larevistadigital.com.ar\/blog\/category\/chascomus\/"},"img":{"alt_text":"","src":"https:\/\/i0.wp.com\/larevistadigital.com.ar\/blog\/wp-content\/uploads\/2019\/04\/constitucion-hall.jpg?fit=1200%2C675&ssl=1&resize=350%2C200","width":350,"height":200,"srcset":"https:\/\/i0.wp.com\/larevistadigital.com.ar\/blog\/wp-content\/uploads\/2019\/04\/constitucion-hall.jpg?fit=1200%2C675&ssl=1&resize=350%2C200 1x, https:\/\/i0.wp.com\/larevistadigital.com.ar\/blog\/wp-content\/uploads\/2019\/04\/constitucion-hall.jpg?fit=1200%2C675&ssl=1&resize=525%2C300 1.5x, https:\/\/i0.wp.com\/larevistadigital.com.ar\/blog\/wp-content\/uploads\/2019\/04\/constitucion-hall.jpg?fit=1200%2C675&ssl=1&resize=700%2C400 2x, https:\/\/i0.wp.com\/larevistadigital.com.ar\/blog\/wp-content\/uploads\/2019\/04\/constitucion-hall.jpg?fit=1200%2C675&ssl=1&resize=1050%2C600 3x"},"classes":[]},{"id":39795,"url":"https:\/\/larevistadigital.com.ar\/blog\/chascobot-un-importante-servicio-de-turismo\/","url_meta":{"origin":23295,"position":3},"title":"ChascoBot: un importante servicio de Turismo","author":"Alejandro Sosa Ruda","date":"19 mayo, 2025","format":false,"excerpt":"Esta herramienta tecnol\u00f3gica brinda atenci\u00f3n al turista las 24 hs. todos los d\u00edas del a\u00f1o. 19 de Mayo de 2025 CHASCOM\u00daS -\u00a0 La Municipalidad de Chascom\u00fas cuenta con una importante herramienta tecnol\u00f3gica que brinda informaci\u00f3n al turista las 24 hs., los 365 d\u00edas del a\u00f1o. ChascoBot fue dise\u00f1ado para responder\u2026","rel":"","context":"En \u00abCHASCOM\u00daS\u00bb","block_context":{"text":"CHASCOM\u00daS","link":"https:\/\/larevistadigital.com.ar\/blog\/category\/chascomus\/"},"img":{"alt_text":"","src":"https:\/\/i0.wp.com\/larevistadigital.com.ar\/blog\/wp-content\/uploads\/682b70d7b49e6.png?fit=668%2C445&ssl=1&resize=350%2C200","width":350,"height":200,"srcset":"https:\/\/i0.wp.com\/larevistadigital.com.ar\/blog\/wp-content\/uploads\/682b70d7b49e6.png?fit=668%2C445&ssl=1&resize=350%2C200 1x, https:\/\/i0.wp.com\/larevistadigital.com.ar\/blog\/wp-content\/uploads\/682b70d7b49e6.png?fit=668%2C445&ssl=1&resize=525%2C300 1.5x"},"classes":[]},{"id":5614,"url":"https:\/\/larevistadigital.com.ar\/blog\/chascomus-prestadores-de-turismo-complicados-por-la-situacion-economica\/","url_meta":{"origin":23295,"position":4},"title":"CHASCOM\u00daS: PRESTADORES DE TURISMO COMPLICADOS POR LA SITUACI\u00d3N ECON\u00d3MICA","author":"Alejandro Sosa Ruda","date":"22 mayo, 2018","format":false,"excerpt":"Uno de los prestadores tur\u00edsticos de la ciudad, Alejandro Agrofoglio del complejo de caba\u00f1as \u201cHoja de la tierra\u201d, fue entrevistado en el programa \u201cLa Primera Ma\u00f1ana\u201d que conduce Julio Giribaldi por FM donde confirm\u00f3 que la demanda de los fines de semana ha mermado considerablemente. Indicando, que \u201c\u2026venimos sufriendo una\u2026","rel":"","context":"En \u00abPOLITICA\u00bb","block_context":{"text":"POLITICA","link":"https:\/\/larevistadigital.com.ar\/blog\/category\/politica\/"},"img":{"alt_text":"","src":"https:\/\/i0.wp.com\/larevistadigital.com.ar\/blog\/wp-content\/uploads\/2018\/05\/luz_22demayode2108_elfuerte.jpg?fit=737%2C415&ssl=1&resize=350%2C200","width":350,"height":200,"srcset":"https:\/\/i0.wp.com\/larevistadigital.com.ar\/blog\/wp-content\/uploads\/2018\/05\/luz_22demayode2108_elfuerte.jpg?fit=737%2C415&ssl=1&resize=350%2C200 1x, https:\/\/i0.wp.com\/larevistadigital.com.ar\/blog\/wp-content\/uploads\/2018\/05\/luz_22demayode2108_elfuerte.jpg?fit=737%2C415&ssl=1&resize=525%2C300 1.5x, https:\/\/i0.wp.com\/larevistadigital.com.ar\/blog\/wp-content\/uploads\/2018\/05\/luz_22demayode2108_elfuerte.jpg?fit=737%2C415&ssl=1&resize=700%2C400 2x"},"classes":[]},{"id":44245,"url":"https:\/\/larevistadigital.com.ar\/blog\/turismo-educativo-un-servicio-gratuito-de-acompanamiento-a-los-docentes-y-estudiantes\/","url_meta":{"origin":23295,"position":5},"title":"Turismo Educativo: Un servicio gratuito de acompa\u00f1amiento a los docentes y estudiantes","author":"Alejandro Sosa Ruda","date":"3 marzo, 2026","format":false,"excerpt":"Durante el a\u00f1o 2025, m\u00e1s de 2200 estudiantes participaron de este programa, no s\u00f3lo de nuestra ciudad sino tambi\u00e9n de escuela p\u00fablicas de otras localidades. 03 de Marzo de 2029 CHASCOM\u00daS -\u00a0 \u00a0La propuesta es impulsada por la Municipalidad de Chascom\u00fas y se enmarca en el programa \u201cTurismo Educativo\u201d, que\u2026","rel":"","context":"En \u00abCHASCOM\u00daS\u00bb","block_context":{"text":"CHASCOM\u00daS","link":"https:\/\/larevistadigital.com.ar\/blog\/category\/chascomus\/"},"img":{"alt_text":"","src":"https:\/\/i0.wp.com\/larevistadigital.com.ar\/blog\/wp-content\/uploads\/69a5d26f34e9e.png?fit=668%2C445&ssl=1&resize=350%2C200","width":350,"height":200,"srcset":"https:\/\/i0.wp.com\/larevistadigital.com.ar\/blog\/wp-content\/uploads\/69a5d26f34e9e.png?fit=668%2C445&ssl=1&resize=350%2C200 1x, https:\/\/i0.wp.com\/larevistadigital.com.ar\/blog\/wp-content\/uploads\/69a5d26f34e9e.png?fit=668%2C445&ssl=1&resize=525%2C300 1.5x"},"classes":[]}],"_links":{"self":[{"href":"https:\/\/larevistadigital.com.ar\/blog\/wp-json\/wp\/v2\/posts\/23295","targetHints":{"allow":["GET"]}}],"collection":[{"href":"https:\/\/larevistadigital.com.ar\/blog\/wp-json\/wp\/v2\/posts"}],"about":[{"href":"https:\/\/larevistadigital.com.ar\/blog\/wp-json\/wp\/v2\/types\/post"}],"author":[{"embeddable":true,"href":"https:\/\/larevistadigital.com.ar\/blog\/wp-json\/wp\/v2\/users\/3"}],"replies":[{"embeddable":true,"href":"https:\/\/larevistadigital.com.ar\/blog\/wp-json\/wp\/v2\/comments?post=23295"}],"version-history":[{"count":1,"href":"https:\/\/larevistadigital.com.ar\/blog\/wp-json\/wp\/v2\/posts\/23295\/revisions"}],"predecessor-version":[{"id":23297,"href":"https:\/\/larevistadigital.com.ar\/blog\/wp-json\/wp\/v2\/posts\/23295\/revisions\/23297"}],"wp:featuredmedia":[{"embeddable":true,"href":"https:\/\/larevistadigital.com.ar\/blog\/wp-json\/wp\/v2\/media\/23296"}],"wp:attachment":[{"href":"https:\/\/larevistadigital.com.ar\/blog\/wp-json\/wp\/v2\/media?parent=23295"}],"wp:term":[{"taxonomy":"category","embeddable":true,"href":"https:\/\/larevistadigital.com.ar\/blog\/wp-json\/wp\/v2\/categories?post=23295"},{"taxonomy":"post_tag","embeddable":true,"href":"https:\/\/larevistadigital.com.ar\/blog\/wp-json\/wp\/v2\/tags?post=23295"}],"curies":[{"name":"wp","href":"https:\/\/api.w.org\/{rel}","templated":true}]}}