{"id":23298,"date":"2022-01-12T01:02:39","date_gmt":"2022-01-12T01:02:39","guid":{"rendered":"https:\/\/larevistadigital.com.ar\/blog\/?p=23298"},"modified":"2022-01-12T01:02:54","modified_gmt":"2022-01-12T01:02:54","slug":"chascomus-un-dia-agitado-para-los-boberos-voluntarios-y-aun-quedan-dos-horas-y-media","status":"publish","type":"post","link":"https:\/\/larevistadigital.com.ar\/blog\/chascomus-un-dia-agitado-para-los-boberos-voluntarios-y-aun-quedan-dos-horas-y-media\/","title":{"rendered":"CHASCOM\u00daS: UN D\u00cdA AGITADO PARA LOS BOMBEROS VOLUNTARIOS (Y A\u00daN QUEDAN DOS HORAS Y MEDIA)"},"content":{"rendered":"<p><strong>CHASCOM\u00daS &#8211;<\/strong>\u00a0 Durante la jornada de hoy, 11\/01\/22, el cuerpo de Bomberos Voluntarios de Chascom\u00fas, tuvieron trabajo de sobra, e inclusive debieron en alg\u00fan momento contar con la colaboraci\u00f3n de sus colegas de Ranchos.<\/p>\n<blockquote>\n<h3>Esta situaci\u00f3n, en especial por los continuos incendios de pastos, se da desde hace rato, con el inicio de las altas temperaturas, y la notable sequ\u00eda que afecta a la ciudad y la regi\u00f3n.<\/h3>\n<\/blockquote>\n<p>Hasta ahora (restan 2 y 1\/2 horas para terminar el d\u00eda), han habido seis siniestros con sendas salidas que a continuaci\u00f3n detallamos:<\/p>\n<ul>\n<li>11:09 hs. &#8211; Incendio forestal en Villa del Sur<\/li>\n<li>14.05 hs. &#8211; Incendio de local comercial 7 de Noviembre y Casalins (poller\u00eda)<\/li>\n<li>16.15 hs. &#8211; Persona ca\u00edda en domicilio en Mazzini 6<\/li>\n<li>17.00 hs. &#8211; Incendio forestal en km 117.500 autov\u00eda 2<\/li>\n<li>17.03 hs. &#8211; Incendio forestal en campa\u00f1a al desierto y diaguitas<\/li>\n<li>19:48 hs. &#8211; Incendio de pastos en 7 de Noviembre y Cabildo. Concurri\u00f3 unidad 11 de Ranchos en colaboraci\u00f3n<\/li>\n<\/ul>\n<p>Esperemos que esto se vaya modificando, porque muchas veces, adem\u00e1s de la combusti\u00f3n expont\u00e1nea, puede suceder que no tengamos las precauciones del caso, sobre todo con temperaturas mayores a los 30 grados y la larga falta de lluvias.<\/p>\n<p>&nbsp;<\/p>\n","protected":false},"excerpt":{"rendered":"<div class=\"mh-excerpt\"><p>CHASCOM\u00daS &#8211;\u00a0 Durante la jornada de hoy, 11\/01\/22, el cuerpo de Bomberos Voluntarios de Chascom\u00fas, tuvieron trabajo de sobra, e inclusive debieron en alg\u00fan momento contar con la colaboraci\u00f3n de sus colegas de Ranchos. Esta <a class=\"mh-excerpt-more\" href=\"https:\/\/larevistadigital.com.ar\/blog\/chascomus-un-dia-agitado-para-los-boberos-voluntarios-y-aun-quedan-dos-horas-y-media\/\" title=\"CHASCOM\u00daS: UN D\u00cdA AGITADO PARA LOS BOMBEROS VOLUNTARIOS (Y A\u00daN QUEDAN DOS HORAS Y MEDIA)\">[Leer M\u00e1s]<\/a><\/p>\n<\/div>","protected":false},"author":3,"featured_media":15469,"comment_status":"open","ping_status":"open","sticky":false,"template":"","format":"standard","meta":{"_jetpack_memberships_contains_paid_content":false,"footnotes":"","jetpack_publicize_message":"","jetpack_publicize_feature_enabled":true,"jetpack_social_post_already_shared":true,"jetpack_social_options":{"image_generator_settings":{"template":"highway","default_image_id":0,"font":"","enabled":false},"version":2}},"categories":[41],"tags":[],"class_list":{"0":"post-23298","1":"post","2":"type-post","3":"status-publish","4":"format-standard","5":"has-post-thumbnail","7":"category-destacadas"},"jetpack_publicize_connections":[],"jetpack_featured_media_url":"https:\/\/i0.wp.com\/larevistadigital.com.ar\/blog\/wp-content\/uploads\/101082562_2781074852128432_1628752272676618240_n.png?fit=650%2C242&ssl=1","jetpack_sharing_enabled":true,"jetpack_shortlink":"https:\/\/wp.me\/p8qtrQ-63M","jetpack-related-posts":[{"id":7457,"url":"https:\/\/larevistadigital.com.ar\/blog\/los-bomberos-de-chascomus-asistieron-a-los-de-lezama-para-sofocar-un-incendio-durante-tres-horas\/","url_meta":{"origin":23298,"position":0},"title":"LOS BOMBEROS DE CHASCOMUS ASISTIERON A LOS DE LEZAMA PARA SOFOCAR UN INCENDIO DURANTE TRES HORAS","author":"Alejandro Sosa Ruda","date":"28 diciembre, 2018","format":false,"excerpt":"Aproximadamente a las 14:50 hs. se recibe en el Cuartel de Bomberos Voluntarios de Chascom\u00fas, un llamado de sus colegas de Lezama, a efectos de pedir la colaboraci\u00f3n para sofocar un incendio de grandes proporciones de un campo, y una maquinaria agr\u00edcola en el paraje Libres del Sur. Con alarma\u2026","rel":"","context":"En \u00abCHASCOM\u00daS\u00bb","block_context":{"text":"CHASCOM\u00daS","link":"https:\/\/larevistadigital.com.ar\/blog\/category\/chascomus\/"},"img":{"alt_text":"","src":"https:\/\/i0.wp.com\/larevistadigital.com.ar\/blog\/wp-content\/uploads\/2018\/12\/13921169_553231878196592_8484525598537632035_n.jpg?fit=600%2C319&ssl=1&resize=350%2C200","width":350,"height":200,"srcset":"https:\/\/i0.wp.com\/larevistadigital.com.ar\/blog\/wp-content\/uploads\/2018\/12\/13921169_553231878196592_8484525598537632035_n.jpg?fit=600%2C319&ssl=1&resize=350%2C200 1x, https:\/\/i0.wp.com\/larevistadigital.com.ar\/blog\/wp-content\/uploads\/2018\/12\/13921169_553231878196592_8484525598537632035_n.jpg?fit=600%2C319&ssl=1&resize=525%2C300 1.5x"},"classes":[]},{"id":12226,"url":"https:\/\/larevistadigital.com.ar\/blog\/importante-incendio-a-causa-de-la-imprudencia\/","url_meta":{"origin":23298,"position":1},"title":"IMPORTANTE INCENDIO A CAUSA DE LA IMPRUDENCIA","author":"Alejandro Sosa Ruda","date":"22 septiembre, 2019","format":false,"excerpt":"Durante la tarde de ayer, se produjo un importante incendio de pastos que seg\u00fan los Bomberos Voluntarios de Chascom\u00fas, fue de 300 x 2000 metros cuadrados. El siniestro, sucedi\u00f3 en el camino de circunvalaci\u00f3n, a la altura de San Hub\u00e9rto, aproximadamente a las 15:30 hs. Dadas las proporciones del mismo,\u2026","rel":"","context":"En \u00abDESTACADAS\u00bb","block_context":{"text":"DESTACADAS","link":"https:\/\/larevistadigital.com.ar\/blog\/category\/destacadas\/"},"img":{"alt_text":"","src":"https:\/\/i0.wp.com\/larevistadigital.com.ar\/blog\/wp-content\/uploads\/WhatsApp-Image-2019-09-22-at-22.14.21-1.jpeg?fit=712%2C476&ssl=1&resize=350%2C200","width":350,"height":200,"srcset":"https:\/\/i0.wp.com\/larevistadigital.com.ar\/blog\/wp-content\/uploads\/WhatsApp-Image-2019-09-22-at-22.14.21-1.jpeg?fit=712%2C476&ssl=1&resize=350%2C200 1x, https:\/\/i0.wp.com\/larevistadigital.com.ar\/blog\/wp-content\/uploads\/WhatsApp-Image-2019-09-22-at-22.14.21-1.jpeg?fit=712%2C476&ssl=1&resize=525%2C300 1.5x, https:\/\/i0.wp.com\/larevistadigital.com.ar\/blog\/wp-content\/uploads\/WhatsApp-Image-2019-09-22-at-22.14.21-1.jpeg?fit=712%2C476&ssl=1&resize=700%2C400 2x"},"classes":[]},{"id":31685,"url":"https:\/\/larevistadigital.com.ar\/blog\/vergonzoso-hoy-por-la-manana-algun-insensato-hizo-movilizar-a-los-bomberos-con-una-falsa-alarma\/","url_meta":{"origin":23298,"position":2},"title":"VERGONZOSO: HOY POR LA MA\u00d1ANA, ALG\u00daN INSENSATO HIZO MOVILIZAR A LOS BOMBEROS CON UNA FALSA ALARMA","author":"Alejandro Sosa Ruda","date":"22 mayo, 2023","format":false,"excerpt":"De manera est\u00fapida y perjudicial para una instituci\u00f3n que vela por la comunidad, una persona hizo una llamada falsa a los Bomberos Voluntarios de Chascom\u00fas. 22 de mayo de 2023 CHASCOM\u00daS -\u00a0 Durante la ma\u00f1ana de hoy, m\u00e1s espec\u00edficamente a las 9:25 horas, se recibi\u00f3 un llamada en el cuartel\u2026","rel":"","context":"En \u00abDESTACADAS\u00bb","block_context":{"text":"DESTACADAS","link":"https:\/\/larevistadigital.com.ar\/blog\/category\/destacadas\/"},"img":{"alt_text":"","src":"https:\/\/i0.wp.com\/larevistadigital.com.ar\/blog\/wp-content\/uploads\/11402892_1665393293696599_3864109424149270931_o.jpg?fit=1200%2C1184&ssl=1&resize=350%2C200","width":350,"height":200,"srcset":"https:\/\/i0.wp.com\/larevistadigital.com.ar\/blog\/wp-content\/uploads\/11402892_1665393293696599_3864109424149270931_o.jpg?fit=1200%2C1184&ssl=1&resize=350%2C200 1x, https:\/\/i0.wp.com\/larevistadigital.com.ar\/blog\/wp-content\/uploads\/11402892_1665393293696599_3864109424149270931_o.jpg?fit=1200%2C1184&ssl=1&resize=525%2C300 1.5x, https:\/\/i0.wp.com\/larevistadigital.com.ar\/blog\/wp-content\/uploads\/11402892_1665393293696599_3864109424149270931_o.jpg?fit=1200%2C1184&ssl=1&resize=700%2C400 2x, https:\/\/i0.wp.com\/larevistadigital.com.ar\/blog\/wp-content\/uploads\/11402892_1665393293696599_3864109424149270931_o.jpg?fit=1200%2C1184&ssl=1&resize=1050%2C600 3x"},"classes":[]},{"id":24412,"url":"https:\/\/larevistadigital.com.ar\/blog\/indignante-los-bomberos-voluntarios-debieron-salir-a-la-madrugada-por-una-llamada-de-un-incendio-que-nunca-ocurrio\/","url_meta":{"origin":23298,"position":3},"title":"INDIGNANTE&#8230; LOS BOMBEROS VOLUNTARIOS DEBIERON SALIR A LA MADRUGADA POR UNA LLAMADA DE UN INCENDIO QUE NUNCA OCURRI\u00d3","author":"Alejandro Sosa Ruda","date":"8 marzo, 2022","format":false,"excerpt":"CHASCOM\u00daS -\u00a0\u00a0Al parecer en estos tiempos donde se han perdido el respeto, la \u00e9tica, la moral y muchas cosas m\u00e1s, uno no termina de sorprenderse por el grado de estupidez, o maldad que algunos poseen, cometiendo actos que perjudican a quienes est\u00e1n las 24 horas del d\u00eda preparados para salir\u2026","rel":"","context":"En \u00abCHASCOM\u00daS\u00bb","block_context":{"text":"CHASCOM\u00daS","link":"https:\/\/larevistadigital.com.ar\/blog\/category\/chascomus\/"},"img":{"alt_text":"","src":"https:\/\/i0.wp.com\/larevistadigital.com.ar\/blog\/wp-content\/uploads\/Mesa-de-trabajo-1-1.jpg?fit=1200%2C675&ssl=1&resize=350%2C200","width":350,"height":200,"srcset":"https:\/\/i0.wp.com\/larevistadigital.com.ar\/blog\/wp-content\/uploads\/Mesa-de-trabajo-1-1.jpg?fit=1200%2C675&ssl=1&resize=350%2C200 1x, https:\/\/i0.wp.com\/larevistadigital.com.ar\/blog\/wp-content\/uploads\/Mesa-de-trabajo-1-1.jpg?fit=1200%2C675&ssl=1&resize=525%2C300 1.5x, https:\/\/i0.wp.com\/larevistadigital.com.ar\/blog\/wp-content\/uploads\/Mesa-de-trabajo-1-1.jpg?fit=1200%2C675&ssl=1&resize=700%2C400 2x, https:\/\/i0.wp.com\/larevistadigital.com.ar\/blog\/wp-content\/uploads\/Mesa-de-trabajo-1-1.jpg?fit=1200%2C675&ssl=1&resize=1050%2C600 3x"},"classes":[]},{"id":23746,"url":"https:\/\/larevistadigital.com.ar\/blog\/santa-teresita-20-horas-para-sofocar-un-incendio-forestal\/","url_meta":{"origin":23298,"position":4},"title":"SANTA TERESITA: 20 HORAS PARA SOFOCAR UN INCENDIO FORESTAL","author":"Alejandro Sosa Ruda","date":"1 febrero, 2022","format":false,"excerpt":"Ocurri\u00f3 en el denominado \"Tri\u00e1ngulo del Tuy\u00fa\", en la Ruta 11, a la altura de la calle 50. Trabajaron dotaciones de bomberos de 5 localidades del Partido de La Costa. SANTA TERESITA -\u00a0 Un trabajo mancomunado por parte de varias dotaciones de bomberos de diferentes localidades del\u00a0Partido de La Costa\u00a0permiti\u00f3\u2026","rel":"","context":"En \u00abREGIONALES\u00bb","block_context":{"text":"REGIONALES","link":"https:\/\/larevistadigital.com.ar\/blog\/category\/regionales\/"},"img":{"alt_text":"","src":"https:\/\/i0.wp.com\/larevistadigital.com.ar\/blog\/wp-content\/uploads\/SANTA-TERESA.png?fit=1140%2C663&ssl=1&resize=350%2C200","width":350,"height":200,"srcset":"https:\/\/i0.wp.com\/larevistadigital.com.ar\/blog\/wp-content\/uploads\/SANTA-TERESA.png?fit=1140%2C663&ssl=1&resize=350%2C200 1x, https:\/\/i0.wp.com\/larevistadigital.com.ar\/blog\/wp-content\/uploads\/SANTA-TERESA.png?fit=1140%2C663&ssl=1&resize=525%2C300 1.5x, https:\/\/i0.wp.com\/larevistadigital.com.ar\/blog\/wp-content\/uploads\/SANTA-TERESA.png?fit=1140%2C663&ssl=1&resize=700%2C400 2x, https:\/\/i0.wp.com\/larevistadigital.com.ar\/blog\/wp-content\/uploads\/SANTA-TERESA.png?fit=1140%2C663&ssl=1&resize=1050%2C600 3x"},"classes":[]},{"id":30803,"url":"https:\/\/larevistadigital.com.ar\/blog\/30803-2\/","url_meta":{"origin":23298,"position":5},"title":"CHASCOM\u00daS: SE INCENDI\u00d3 UNA VIVIENDA Y ENCONTRARON UNA PERSONA FALLECIDA","author":"Alejandro Sosa Ruda","date":"31 marzo, 2023","format":false,"excerpt":"En el incendio se encontr\u00f3 una persona fallecida, de 61 a\u00f1os de edad. 31 de marzo de 2023 CHASCOM\u00daS -\u00a0 Siendo las 3:25 AM, Personal de Polic\u00eda Comunal, concurri\u00f3 a la calle Baigorria 3415 junto a Bomberos Voluntarios de Chascom\u00fas, donde se produc\u00eda un incendio en la vivienda. Result\u00f3 que\u2026","rel":"","context":"En \u00abDESTACADAS\u00bb","block_context":{"text":"DESTACADAS","link":"https:\/\/larevistadigital.com.ar\/blog\/category\/destacadas\/"},"img":{"alt_text":"","src":"https:\/\/i0.wp.com\/larevistadigital.com.ar\/blog\/wp-content\/uploads\/WhatsApp-Image-2023-03-31-at-06.48.36.jpeg?fit=1200%2C675&ssl=1&resize=350%2C200","width":350,"height":200,"srcset":"https:\/\/i0.wp.com\/larevistadigital.com.ar\/blog\/wp-content\/uploads\/WhatsApp-Image-2023-03-31-at-06.48.36.jpeg?fit=1200%2C675&ssl=1&resize=350%2C200 1x, https:\/\/i0.wp.com\/larevistadigital.com.ar\/blog\/wp-content\/uploads\/WhatsApp-Image-2023-03-31-at-06.48.36.jpeg?fit=1200%2C675&ssl=1&resize=525%2C300 1.5x, https:\/\/i0.wp.com\/larevistadigital.com.ar\/blog\/wp-content\/uploads\/WhatsApp-Image-2023-03-31-at-06.48.36.jpeg?fit=1200%2C675&ssl=1&resize=700%2C400 2x, https:\/\/i0.wp.com\/larevistadigital.com.ar\/blog\/wp-content\/uploads\/WhatsApp-Image-2023-03-31-at-06.48.36.jpeg?fit=1200%2C675&ssl=1&resize=1050%2C600 3x"},"classes":[]}],"_links":{"self":[{"href":"https:\/\/larevistadigital.com.ar\/blog\/wp-json\/wp\/v2\/posts\/23298","targetHints":{"allow":["GET"]}}],"collection":[{"href":"https:\/\/larevistadigital.com.ar\/blog\/wp-json\/wp\/v2\/posts"}],"about":[{"href":"https:\/\/larevistadigital.com.ar\/blog\/wp-json\/wp\/v2\/types\/post"}],"author":[{"embeddable":true,"href":"https:\/\/larevistadigital.com.ar\/blog\/wp-json\/wp\/v2\/users\/3"}],"replies":[{"embeddable":true,"href":"https:\/\/larevistadigital.com.ar\/blog\/wp-json\/wp\/v2\/comments?post=23298"}],"version-history":[{"count":3,"href":"https:\/\/larevistadigital.com.ar\/blog\/wp-json\/wp\/v2\/posts\/23298\/revisions"}],"predecessor-version":[{"id":23301,"href":"https:\/\/larevistadigital.com.ar\/blog\/wp-json\/wp\/v2\/posts\/23298\/revisions\/23301"}],"wp:featuredmedia":[{"embeddable":true,"href":"https:\/\/larevistadigital.com.ar\/blog\/wp-json\/wp\/v2\/media\/15469"}],"wp:attachment":[{"href":"https:\/\/larevistadigital.com.ar\/blog\/wp-json\/wp\/v2\/media?parent=23298"}],"wp:term":[{"taxonomy":"category","embeddable":true,"href":"https:\/\/larevistadigital.com.ar\/blog\/wp-json\/wp\/v2\/categories?post=23298"},{"taxonomy":"post_tag","embeddable":true,"href":"https:\/\/larevistadigital.com.ar\/blog\/wp-json\/wp\/v2\/tags?post=23298"}],"curies":[{"name":"wp","href":"https:\/\/api.w.org\/{rel}","templated":true}]}}