{"id":23302,"date":"2022-01-12T01:30:47","date_gmt":"2022-01-12T01:30:47","guid":{"rendered":"https:\/\/larevistadigital.com.ar\/blog\/?p=23302"},"modified":"2022-01-12T01:30:47","modified_gmt":"2022-01-12T01:30:47","slug":"mar-del-plata-atacan-a-balazos-a-un-patrullero-que-concurrio-a-un-llamado-en-el-barrio-nuevo-golf","status":"publish","type":"post","link":"https:\/\/larevistadigital.com.ar\/blog\/mar-del-plata-atacan-a-balazos-a-un-patrullero-que-concurrio-a-un-llamado-en-el-barrio-nuevo-golf\/","title":{"rendered":"MAR DEL PLATA: ATACAN A BALAZOS A UN PATRULLERO QUE CONCURRI\u00d3 A UN LLAMADO EN EL BARRIO NUEVO GOLF"},"content":{"rendered":"<h2 class=\"intro\">Sucedi\u00f3 en inmediaciones de las calles Cerrito y 67. Aprehendieron a cuatro hombres y dos mujeres.<\/h2>\n<p><strong>MAR DEL PLATA &#8211;\u00a0<\/strong> Un allanamiento de urgencia a una vivienda del barrio Nuevo Golf desde la que dispararon a un patrullero que acudi\u00f3 a un llamado al 911 termin\u00f3 con la aprehensi\u00f3n de cuatro hombres y dos mujeres que en las pr\u00f3ximas horas deber\u00e1n prestar declaraci\u00f3n en Tribunales.<\/p>\n<blockquote>\n<h3>Todo comenz\u00f3 cerca de las siete y media de la tarde cuando un m\u00f3vil de la comisar\u00eda quinta lleg\u00f3 a inmediaciones de las calles\u00a0<strong>Cerrito y 67 <\/strong>luego de un llamado que denunci\u00f3 que varias personas dispararon contra una vivienda por problemas de vieja data.<\/h3>\n<\/blockquote>\n<p>Mientras los oficiales realizaban distintas tareas en el lugar para evitar mayores inconvenientes, desde una de las casas de la zona dispararon hacia uno de los m\u00f3viles. <em><strong>\u201cDos balazos dieron en el patrullero, pero afortunadamente no se registraron personas heridas\u201d<\/strong><\/em>, se\u00f1alaron las fuentes consultadas.<\/p>\n<blockquote>\n<h3>El fiscal en turno\u00a0<strong>Alejandro Pelegrinelli<\/strong>\u00a0aval\u00f3 la realizaci\u00f3n de un allanamiento de urgencia por lo que personal del Grupo Halc\u00f3n ingres\u00f3 a la vivienda donde aprehendi\u00f3 a cuatro hombres y dos mujeres.<\/h3>\n<\/blockquote>\n<div data-tipo=\"tipo_desktop \" data-pos=\"AMP_P1_cuerpo\">El personal realiz\u00f3 las actuaciones por el delito de abuso de arma y los aprehendidos podr\u00edan declarar en las pr\u00f3ximas horas.<\/div>\n","protected":false},"excerpt":{"rendered":"<div class=\"mh-excerpt\"><p>Sucedi\u00f3 en inmediaciones de las calles Cerrito y 67. Aprehendieron a cuatro hombres y dos mujeres. MAR DEL PLATA &#8211;\u00a0 Un allanamiento de urgencia a una vivienda del barrio Nuevo Golf desde la que dispararon <a class=\"mh-excerpt-more\" href=\"https:\/\/larevistadigital.com.ar\/blog\/mar-del-plata-atacan-a-balazos-a-un-patrullero-que-concurrio-a-un-llamado-en-el-barrio-nuevo-golf\/\" title=\"MAR DEL PLATA: ATACAN A BALAZOS A UN PATRULLERO QUE CONCURRI\u00d3 A UN LLAMADO EN EL BARRIO NUEVO GOLF\">[Leer M\u00e1s]<\/a><\/p>\n<\/div>","protected":false},"author":3,"featured_media":23303,"comment_status":"open","ping_status":"open","sticky":false,"template":"","format":"standard","meta":{"_jetpack_memberships_contains_paid_content":false,"footnotes":"","jetpack_publicize_message":"","jetpack_publicize_feature_enabled":true,"jetpack_social_post_already_shared":true,"jetpack_social_options":{"image_generator_settings":{"template":"highway","default_image_id":0,"font":"","enabled":false},"version":2}},"categories":[44,51],"tags":[],"class_list":{"0":"post-23302","1":"post","2":"type-post","3":"status-publish","4":"format-standard","5":"has-post-thumbnail","7":"category-policiales","8":"category-regionales"},"jetpack_publicize_connections":[],"jetpack_featured_media_url":"https:\/\/i0.wp.com\/larevistadigital.com.ar\/blog\/wp-content\/uploads\/Captura-de-pantalla-2022-01-11-223007.jpg?fit=931%2C516&ssl=1","jetpack_sharing_enabled":true,"jetpack_shortlink":"https:\/\/wp.me\/p8qtrQ-63Q","jetpack-related-posts":[{"id":26963,"url":"https:\/\/larevistadigital.com.ar\/blog\/mar-del-plata-fue-a-repartir-una-vianda-y-le-dispararon-por-la-espalda-esta-grave\/","url_meta":{"origin":23302,"position":0},"title":"MAR DEL PLATA: FUE A REPARTIR UNA VIANDA Y LE DISPARARON POR LA ESPALDA. EST\u00c1 GRAVE","author":"Alejandro Sosa Ruda","date":"4 agosto, 2022","format":false,"excerpt":"La v\u00edctima tiene 36 a\u00f1os. Lo atacaron el mi\u00e9rcoles a la tarde en el barrio Juramento. Un vecino lo llev\u00f3 de urgencia al Higa donde sigue en estado cr\u00edtico. MAR DEL PLATA -\u00a0 Un hombre de 36 a\u00f1os que el mi\u00e9rcoles a la tarde fue herido de un balazo en\u2026","rel":"","context":"En \u00abPOLICIALES\u00bb","block_context":{"text":"POLICIALES","link":"https:\/\/larevistadigital.com.ar\/blog\/category\/policiales\/"},"img":{"alt_text":"","src":"https:\/\/i0.wp.com\/larevistadigital.com.ar\/blog\/wp-content\/uploads\/Captura-de-pantalla-2022-08-04-103711.png?fit=804%2C448&ssl=1&resize=350%2C200","width":350,"height":200,"srcset":"https:\/\/i0.wp.com\/larevistadigital.com.ar\/blog\/wp-content\/uploads\/Captura-de-pantalla-2022-08-04-103711.png?fit=804%2C448&ssl=1&resize=350%2C200 1x, https:\/\/i0.wp.com\/larevistadigital.com.ar\/blog\/wp-content\/uploads\/Captura-de-pantalla-2022-08-04-103711.png?fit=804%2C448&ssl=1&resize=525%2C300 1.5x, https:\/\/i0.wp.com\/larevistadigital.com.ar\/blog\/wp-content\/uploads\/Captura-de-pantalla-2022-08-04-103711.png?fit=804%2C448&ssl=1&resize=700%2C400 2x"},"classes":[]},{"id":20254,"url":"https:\/\/larevistadigital.com.ar\/blog\/sos-vos-le-preguntaron-y-le-dispararon-tres-vices\/","url_meta":{"origin":23302,"position":1},"title":"\u00bfSOS VOS? LE PREGUNTARON, Y LE DISPARARON TRES VICES","author":"Alejandro Sosa Ruda","date":"14 mayo, 2021","format":false,"excerpt":"Sucedi\u00f3 esta madrugada en el barrio Las Dalias. Se inici\u00f3 una causa por abuso de armas y lesiones.\u00a0 El herido fue atendido por personal m\u00e9dico en el lugar. MAR DEL PLATA - Un hombre de 43 a\u00f1os,\u00a0que registra\u00a0antecedentes penales por\u00a0diferentes delitos, fue baleado el jueves a la madrugada\u00a0por dos sujetos\u2026","rel":"","context":"En \u00abPOLICIALES\u00bb","block_context":{"text":"POLICIALES","link":"https:\/\/larevistadigital.com.ar\/blog\/category\/policiales\/"},"img":{"alt_text":"","src":"https:\/\/i0.wp.com\/larevistadigital.com.ar\/blog\/wp-content\/uploads\/Screenshot_1-121.jpg?fit=1007%2C565&ssl=1&resize=350%2C200","width":350,"height":200,"srcset":"https:\/\/i0.wp.com\/larevistadigital.com.ar\/blog\/wp-content\/uploads\/Screenshot_1-121.jpg?fit=1007%2C565&ssl=1&resize=350%2C200 1x, https:\/\/i0.wp.com\/larevistadigital.com.ar\/blog\/wp-content\/uploads\/Screenshot_1-121.jpg?fit=1007%2C565&ssl=1&resize=525%2C300 1.5x, https:\/\/i0.wp.com\/larevistadigital.com.ar\/blog\/wp-content\/uploads\/Screenshot_1-121.jpg?fit=1007%2C565&ssl=1&resize=700%2C400 2x"},"classes":[]},{"id":20251,"url":"https:\/\/larevistadigital.com.ar\/blog\/mar-del-plata-detienen-a-dos-hombres-y-una-mujer-por-robar-medidores\/","url_meta":{"origin":23302,"position":2},"title":"MAR DEL PLATA: DETIENEN A DOS HOMBRES Y UNA MUJER POR ROBAR MEDIDORES","author":"Alejandro Sosa Ruda","date":"14 mayo, 2021","format":false,"excerpt":"Los sorprendieron en el barrio Parque Luro. Tienen entre 24 y 30 a\u00f1os. Quedaron alojados en la UP 44 y en el Destacamento Femenino. MAR DEL PLATA - Un llamado al 911 que alert\u00f3 sobre la presencia de tres personas forzando medidores de agua en el barrio Parque Luro termin\u00f3\u2026","rel":"","context":"En \u00abPOLICIALES\u00bb","block_context":{"text":"POLICIALES","link":"https:\/\/larevistadigital.com.ar\/blog\/category\/policiales\/"},"img":{"alt_text":"","src":"https:\/\/i0.wp.com\/larevistadigital.com.ar\/blog\/wp-content\/uploads\/ROBO-DE-MEDIDORES.png?fit=997%2C567&ssl=1&resize=350%2C200","width":350,"height":200,"srcset":"https:\/\/i0.wp.com\/larevistadigital.com.ar\/blog\/wp-content\/uploads\/ROBO-DE-MEDIDORES.png?fit=997%2C567&ssl=1&resize=350%2C200 1x, https:\/\/i0.wp.com\/larevistadigital.com.ar\/blog\/wp-content\/uploads\/ROBO-DE-MEDIDORES.png?fit=997%2C567&ssl=1&resize=525%2C300 1.5x, https:\/\/i0.wp.com\/larevistadigital.com.ar\/blog\/wp-content\/uploads\/ROBO-DE-MEDIDORES.png?fit=997%2C567&ssl=1&resize=700%2C400 2x"},"classes":[]},{"id":14386,"url":"https:\/\/larevistadigital.com.ar\/blog\/mar-del-plata-asaltan-heladeria-a-mano-armada-fueron-detenidos\/","url_meta":{"origin":23302,"position":3},"title":"MAR DEL PLATA: ASALTAN HELADER\u00cdA A MANO ARMADA. FUERON DETENIDOS","author":"Alejandro Sosa Ruda","date":"26 enero, 2020","format":false,"excerpt":"Tres hombres, de entre 28 y 43 a\u00f1os, fueron detenidos esta madrugada acusados de haber robado a mano armada una helader\u00eda en\u00a0Col\u00f3n y Buenos Aires\u00a0y escapado en dos autos tras una persecuci\u00f3n que termin\u00f3 a metros del\u00a0Parque Camet. El hecho se registr\u00f3 cerca de las 4 de la madrugada, cuando\u2026","rel":"","context":"En \u00abPOLICIALES\u00bb","block_context":{"text":"POLICIALES","link":"https:\/\/larevistadigital.com.ar\/blog\/category\/policiales\/"},"img":{"alt_text":"","src":"https:\/\/i0.wp.com\/larevistadigital.com.ar\/blog\/wp-content\/uploads\/Screenshot_2-74.jpg?fit=1010%2C720&ssl=1&resize=350%2C200","width":350,"height":200,"srcset":"https:\/\/i0.wp.com\/larevistadigital.com.ar\/blog\/wp-content\/uploads\/Screenshot_2-74.jpg?fit=1010%2C720&ssl=1&resize=350%2C200 1x, https:\/\/i0.wp.com\/larevistadigital.com.ar\/blog\/wp-content\/uploads\/Screenshot_2-74.jpg?fit=1010%2C720&ssl=1&resize=525%2C300 1.5x, https:\/\/i0.wp.com\/larevistadigital.com.ar\/blog\/wp-content\/uploads\/Screenshot_2-74.jpg?fit=1010%2C720&ssl=1&resize=700%2C400 2x"},"classes":[]},{"id":30867,"url":"https:\/\/larevistadigital.com.ar\/blog\/pidio-dinero-en-una-casa-y-como-no-le-dieron-rompio-los-vidrios-a-piedrazos\/","url_meta":{"origin":23302,"position":4},"title":"PIDI\u00d3 DINERO EN UNA CASA, Y COMO NO LE DIERON, ROMPI\u00d3 LOS VIDRIOS A PIEDRAZOS","author":"Alejandro Sosa Ruda","date":"3 abril, 2023","format":false,"excerpt":"Sucedi\u00f3 en el barrio Cerrito Sur. El denunciantes la hab\u00eda ayudado en otras ocasiones. La imputada es una joven de 24 a\u00f1os que registra antecedentes penales. 3 de abril de 2023 MAR DEL PLATA -\u00a0 Sucedi\u00f3 durante la madrugada de este l\u00fanes, cuando una mujer de 24 a\u00f1os de edad,\u2026","rel":"","context":"En \u00abPOLICIALES\u00bb","block_context":{"text":"POLICIALES","link":"https:\/\/larevistadigital.com.ar\/blog\/category\/policiales\/"},"img":{"alt_text":"","src":"https:\/\/i0.wp.com\/larevistadigital.com.ar\/blog\/wp-content\/uploads\/Captura-de-pantalla-2023-04-03-192356.png?fit=788%2C393&ssl=1&resize=350%2C200","width":350,"height":200,"srcset":"https:\/\/i0.wp.com\/larevistadigital.com.ar\/blog\/wp-content\/uploads\/Captura-de-pantalla-2023-04-03-192356.png?fit=788%2C393&ssl=1&resize=350%2C200 1x, https:\/\/i0.wp.com\/larevistadigital.com.ar\/blog\/wp-content\/uploads\/Captura-de-pantalla-2023-04-03-192356.png?fit=788%2C393&ssl=1&resize=525%2C300 1.5x, https:\/\/i0.wp.com\/larevistadigital.com.ar\/blog\/wp-content\/uploads\/Captura-de-pantalla-2023-04-03-192356.png?fit=788%2C393&ssl=1&resize=700%2C400 2x"},"classes":[]},{"id":25643,"url":"https:\/\/larevistadigital.com.ar\/blog\/mar-del-plata-lo-balearon-en-una-pierna-y-no-quiso-denunciar-que-le-paso\/","url_meta":{"origin":23302,"position":5},"title":"MAR DEL PLATA: LO BALEARON EN UNA PIERNA Y NO QUISO DENUNCIAR QU\u00c9 LE PAS\u00d3","author":"Alejandro Sosa Ruda","date":"6 junio, 2022","format":false,"excerpt":"Sucedi\u00f3 en el barrio Santa Rita el domingo a la noche. El herido de 42 a\u00f1os no quiso instar acci\u00f3n penal alguna ni dar detalles del ataque. MAR DEL PLATA -\u00a0 Un problema de vieja data, pero sin deseo de que se investigue. Esos fueron los \u00fanicos detalles que un\u2026","rel":"","context":"En \u00abINTERES GENERAL\u00bb","block_context":{"text":"INTERES GENERAL","link":"https:\/\/larevistadigital.com.ar\/blog\/category\/interes-general\/"},"img":{"alt_text":"","src":"https:\/\/i0.wp.com\/larevistadigital.com.ar\/blog\/wp-content\/uploads\/higa.jpg?fit=1140%2C708&ssl=1&resize=350%2C200","width":350,"height":200,"srcset":"https:\/\/i0.wp.com\/larevistadigital.com.ar\/blog\/wp-content\/uploads\/higa.jpg?fit=1140%2C708&ssl=1&resize=350%2C200 1x, https:\/\/i0.wp.com\/larevistadigital.com.ar\/blog\/wp-content\/uploads\/higa.jpg?fit=1140%2C708&ssl=1&resize=525%2C300 1.5x, https:\/\/i0.wp.com\/larevistadigital.com.ar\/blog\/wp-content\/uploads\/higa.jpg?fit=1140%2C708&ssl=1&resize=700%2C400 2x, https:\/\/i0.wp.com\/larevistadigital.com.ar\/blog\/wp-content\/uploads\/higa.jpg?fit=1140%2C708&ssl=1&resize=1050%2C600 3x"},"classes":[]}],"_links":{"self":[{"href":"https:\/\/larevistadigital.com.ar\/blog\/wp-json\/wp\/v2\/posts\/23302","targetHints":{"allow":["GET"]}}],"collection":[{"href":"https:\/\/larevistadigital.com.ar\/blog\/wp-json\/wp\/v2\/posts"}],"about":[{"href":"https:\/\/larevistadigital.com.ar\/blog\/wp-json\/wp\/v2\/types\/post"}],"author":[{"embeddable":true,"href":"https:\/\/larevistadigital.com.ar\/blog\/wp-json\/wp\/v2\/users\/3"}],"replies":[{"embeddable":true,"href":"https:\/\/larevistadigital.com.ar\/blog\/wp-json\/wp\/v2\/comments?post=23302"}],"version-history":[{"count":1,"href":"https:\/\/larevistadigital.com.ar\/blog\/wp-json\/wp\/v2\/posts\/23302\/revisions"}],"predecessor-version":[{"id":23304,"href":"https:\/\/larevistadigital.com.ar\/blog\/wp-json\/wp\/v2\/posts\/23302\/revisions\/23304"}],"wp:featuredmedia":[{"embeddable":true,"href":"https:\/\/larevistadigital.com.ar\/blog\/wp-json\/wp\/v2\/media\/23303"}],"wp:attachment":[{"href":"https:\/\/larevistadigital.com.ar\/blog\/wp-json\/wp\/v2\/media?parent=23302"}],"wp:term":[{"taxonomy":"category","embeddable":true,"href":"https:\/\/larevistadigital.com.ar\/blog\/wp-json\/wp\/v2\/categories?post=23302"},{"taxonomy":"post_tag","embeddable":true,"href":"https:\/\/larevistadigital.com.ar\/blog\/wp-json\/wp\/v2\/tags?post=23302"}],"curies":[{"name":"wp","href":"https:\/\/api.w.org\/{rel}","templated":true}]}}