{"id":23305,"date":"2022-01-12T02:13:04","date_gmt":"2022-01-12T02:13:04","guid":{"rendered":"https:\/\/larevistadigital.com.ar\/blog\/?p=23305"},"modified":"2022-01-12T02:13:04","modified_gmt":"2022-01-12T02:13:04","slug":"se-sorteo-la-copa-de-la-liga","status":"publish","type":"post","link":"https:\/\/larevistadigital.com.ar\/blog\/se-sorteo-la-copa-de-la-liga\/","title":{"rendered":"SE SORTE\u00d3 LA COPA DE LA LIGA"},"content":{"rendered":"<p>Se realiz\u00f3 esta tarde el sorteo de las zonas y el fixture de la Copa de la Liga, el torneo de primera divisi\u00f3n del f\u00fatbol argentino que comenzar\u00e1 el fin de semana del 11 de febrero, una semana despu\u00e9s de lo pautado debido al aumento de contagios de Covid-19. En tal sentido,\u00a0<strong>Aldosivi debutar\u00e1 ante V\u00e9lez Sarsfield<\/strong>\u00a0en el estadio Jos\u00e9 Amalfitani.<\/p>\n<p>Y por la fecha 2,\u00a0<strong>el mi\u00e9rcoles 16 de febrero, el \u00abTibur\u00f3n\u00bb recibir\u00e1 nuevamente a Boca Juniors<\/strong>\u00a0en el Jos\u00e9 Mar\u00eda Minella.<\/p>\n<blockquote>\n<h3>El equipo de Mart\u00edn Palermo integrar\u00e1 la Zona \u00abB\u00bb, donde se destaca adem\u00e1s del \u00abXeneize\u00bb,\u00a0<strong>Independiente<\/strong>, de los clubes grandes. Adem\u00e1s, enfrentar\u00e1 a\u00a0<strong>Godoy Cruz, Hurac\u00e1n, Arsenal, Barracas Central, Lan\u00fas, V\u00e9lez, Estudiantes, Col\u00f3n, Rosario Central, Central C\u00f3rdoba y Tigre,\u00a0<\/strong>estos dos \u00faltimos reci\u00e9n ascendidos.<\/h3>\n<\/blockquote>\n<p>La Zona \u00abA\u00bb, en tanto, la componen:<strong> River, Banfeld, Racing, San Lorenzo, Gimnasia La Plata, Newell\u00b4s Old Boys, Defensa y Justicia,\u00a0 Patronato de Paran\u00e1, Argentinos Juniors, Uni\u00f3n de Santa Fe, Platense, Talleres de C\u00f3rdoba, Sarmiento de Jun\u00edn y Atl\u00e9tico Tucum\u00e1n<\/strong><\/p>\n<blockquote>\n<h3>Se jugar\u00e1 una ronda todos contra todos y clasificar\u00e1n a la fase eliminatoria los cuatro mejores de cada grupo. Adem\u00e1s de los trece partidos de la primera fase habr\u00e1 una fecha interzonal que en su mayor\u00eda se emparejar\u00e1 con los denominados \u201ccl\u00e1sicos\u201d. Ser\u00e1 en la fecha 7.<\/h3>\n<\/blockquote>\n<p>Los cruces de la fase eliminatoria se jugar\u00e1n a partido \u00fanico en el estadio del mejor clasificado, mientras que las semifinales y la final se disputar\u00e1n en cancha neutral.<\/p>\n<p class=\"cms_subtitulo\"><strong>FECHA 1 (Zona A)<\/strong><\/p>\n<p>Banfield &#8211; San Lorenzo<\/p>\n<p>Racing &#8211; Gimnasia<\/p>\n<p>Newell\u00b4s &#8211; Defensa y Justicia<\/p>\n<p>Patronato &#8211; Argentinos<\/p>\n<p>Uni\u00f3n &#8211; River<\/p>\n<p>Platense &#8211; Talleres<\/p>\n<p>Sarmiento &#8211; Atl\u00e9tico Tucum\u00e1n<\/p>\n<p class=\"cms_subtitulo\"><strong>FECHA 1 (Zona B)<\/strong><\/p>\n<p>Hurac\u00e1n &#8211; Lan\u00fas<\/p>\n<p>Estudiantes &#8211; Independiente<\/p>\n<p>Arsenal &#8211; Rosario Central<\/p>\n<p><strong>V\u00e9lez &#8211; Aldosivi<\/strong><\/p>\n<p>Boca &#8211; Col\u00f3n<\/p>\n<p>Godoy Cruz &#8211; Tigre<\/p>\n<p>Central C\u00f3rdoba &#8211; Barracas Central<\/p>\n<p>El campe\u00f3n de la Copa de la Liga 2022 se clasificar\u00e1 a la Copa Libertadores 2023 y, tambi\u00e9n, que al finalizar esta temporada\u00a0<strong>se consumar\u00e1n dos descensos a la Primera Naciona<\/strong>l, considerando los promedios, cuya sumatoria incluir\u00e1 los puntos obtenidos en los dos torneos de la temporada 2022.<\/p>\n<h3><\/h3>\n<div style=\"width: 246px;height: 90px;background: initial\"><\/div>\n","protected":false},"excerpt":{"rendered":"<div class=\"mh-excerpt\"><p>Se realiz\u00f3 esta tarde el sorteo de las zonas y el fixture de la Copa de la Liga, el torneo de primera divisi\u00f3n del f\u00fatbol argentino que comenzar\u00e1 el fin de semana del 11 de <a class=\"mh-excerpt-more\" href=\"https:\/\/larevistadigital.com.ar\/blog\/se-sorteo-la-copa-de-la-liga\/\" title=\"SE SORTE\u00d3 LA COPA DE LA LIGA\">[Leer M\u00e1s]<\/a><\/p>\n<\/div>","protected":false},"author":3,"featured_media":23307,"comment_status":"open","ping_status":"open","sticky":false,"template":"","format":"standard","meta":{"_jetpack_memberships_contains_paid_content":false,"footnotes":"","jetpack_publicize_message":"","jetpack_publicize_feature_enabled":true,"jetpack_social_post_already_shared":true,"jetpack_social_options":{"image_generator_settings":{"template":"highway","default_image_id":0,"font":"","enabled":false},"version":2}},"categories":[8,50],"tags":[],"class_list":{"0":"post-23305","1":"post","2":"type-post","3":"status-publish","4":"format-standard","5":"has-post-thumbnail","7":"category-deportes","8":"category-interes-general"},"jetpack_publicize_connections":[],"jetpack_featured_media_url":"https:\/\/i0.wp.com\/larevistadigital.com.ar\/blog\/wp-content\/uploads\/copa-de-la-liga-profesional-2022-sorteojpg.jpg?fit=1200%2C675&ssl=1","jetpack_sharing_enabled":true,"jetpack_shortlink":"https:\/\/wp.me\/p8qtrQ-63T","jetpack-related-posts":[{"id":23011,"url":"https:\/\/larevistadigital.com.ar\/blog\/se-sorteo-la-copa-argentina-2022-aca-todos-los-cruces\/","url_meta":{"origin":23305,"position":0},"title":"SE SORTE\u00d3 LA COPA ARGENTINA 2022: AC\u00c1 TODOS LOS CRUCES","author":"Alejandro Sosa Ruda","date":"24 diciembre, 2021","format":false,"excerpt":"En el predio de la AFA se conoci\u00f3 el fixture del certamen que brinda una plaza para la Copa Libertadores de Am\u00e9rica 2023. River y Boca reci\u00e9n podr\u00edan cruzarse reci\u00e9n en semifinales. Se sorte\u00f3 la\u00a0Copa Argentina 2022, luego de lo que fue la\u00a0coronaci\u00f3n de Boca en la edici\u00f3n 2021. Desde\u00a0el\u2026","rel":"","context":"En \u00abDEPORTES\u00bb","block_context":{"text":"DEPORTES","link":"https:\/\/larevistadigital.com.ar\/blog\/category\/deportes\/"},"img":{"alt_text":"","src":"https:\/\/i0.wp.com\/larevistadigital.com.ar\/blog\/wp-content\/uploads\/copa-argentina-2020.jpg?fit=640%2C360&ssl=1&resize=350%2C200","width":350,"height":200,"srcset":"https:\/\/i0.wp.com\/larevistadigital.com.ar\/blog\/wp-content\/uploads\/copa-argentina-2020.jpg?fit=640%2C360&ssl=1&resize=350%2C200 1x, https:\/\/i0.wp.com\/larevistadigital.com.ar\/blog\/wp-content\/uploads\/copa-argentina-2020.jpg?fit=640%2C360&ssl=1&resize=525%2C300 1.5x"},"classes":[]},{"id":25440,"url":"https:\/\/larevistadigital.com.ar\/blog\/se-sortearon-los-octavos-de-la-copa-libertadores-como-son-los-partidos-de-los-equipos-argentinos\/","url_meta":{"origin":23305,"position":1},"title":"SE SORTEARON LOS OCTAVOS DE LA COPA LIBERTADORES: \u00bfCOMO SON LOS PARTIDOS DE LOS EQUIPOS ARGENTINOS?","author":"Alejandro Sosa Ruda","date":"27 mayo, 2022","format":false,"excerpt":"River, Boca, Estudiantes, Col\u00f3n, Talleres y V\u00e9lez buscar\u00e1n el gran trofeo continental. River, Boca, Estudiantes, Col\u00f3n, V\u00e9lez y Talleres conocen sus rivales para los octavos de final de la Copa Libertadores 2022, tras el sorteo realizado este viernes en la sede de Conmebol ubicada en Luque, Paraguay. River, segundo mejor\u2026","rel":"","context":"En \u00abDESTACADAS\u00bb","block_context":{"text":"DESTACADAS","link":"https:\/\/larevistadigital.com.ar\/blog\/category\/destacadas\/"},"img":{"alt_text":"","src":"https:\/\/i0.wp.com\/larevistadigital.com.ar\/blog\/wp-content\/uploads\/COPA.jpg?fit=1200%2C675&ssl=1&resize=350%2C200","width":350,"height":200,"srcset":"https:\/\/i0.wp.com\/larevistadigital.com.ar\/blog\/wp-content\/uploads\/COPA.jpg?fit=1200%2C675&ssl=1&resize=350%2C200 1x, https:\/\/i0.wp.com\/larevistadigital.com.ar\/blog\/wp-content\/uploads\/COPA.jpg?fit=1200%2C675&ssl=1&resize=525%2C300 1.5x, https:\/\/i0.wp.com\/larevistadigital.com.ar\/blog\/wp-content\/uploads\/COPA.jpg?fit=1200%2C675&ssl=1&resize=700%2C400 2x, https:\/\/i0.wp.com\/larevistadigital.com.ar\/blog\/wp-content\/uploads\/COPA.jpg?fit=1200%2C675&ssl=1&resize=1050%2C600 3x"},"classes":[]},{"id":25485,"url":"https:\/\/larevistadigital.com.ar\/blog\/palermo-renuncio-a-su-cargo-de-entrenador-de-aldosivi\/","url_meta":{"origin":23305,"position":2},"title":"PALERMO RENUNCI\u00d3 A SU CARGO DE ENTRENADOR DE ALDOSIVI","author":"Alejandro Sosa Ruda","date":"30 mayo, 2022","format":false,"excerpt":"A una semana del debut contra Argentinos Juniors, el director t\u00e9cnico present\u00f3 la renuncia a su cargo a partir de la desgastante relaci\u00f3n que manten\u00eda con algunos dirigentes MAR DEL PLATA -\u00a0 Mart\u00edn Palermo\u00a0renunci\u00f3 a su cargo de entrenador de\u00a0Aldosivi\u00a0a una semana del debut en la Liga Profesional frente a\u2026","rel":"","context":"En \u00abDEPORTES\u00bb","block_context":{"text":"DEPORTES","link":"https:\/\/larevistadigital.com.ar\/blog\/category\/deportes\/"},"img":{"alt_text":"","src":"https:\/\/i0.wp.com\/larevistadigital.com.ar\/blog\/wp-content\/uploads\/PALERMO.png?fit=698%2C469&ssl=1&resize=350%2C200","width":350,"height":200,"srcset":"https:\/\/i0.wp.com\/larevistadigital.com.ar\/blog\/wp-content\/uploads\/PALERMO.png?fit=698%2C469&ssl=1&resize=350%2C200 1x, https:\/\/i0.wp.com\/larevistadigital.com.ar\/blog\/wp-content\/uploads\/PALERMO.png?fit=698%2C469&ssl=1&resize=525%2C300 1.5x"},"classes":[]},{"id":30103,"url":"https:\/\/larevistadigital.com.ar\/blog\/liga-profesional-de-futbol-todos-los-partidos-horarios-y-tv-de-la-tercera-fecha\/","url_meta":{"origin":23305,"position":3},"title":"LIGA PROFESIONAL DE F\u00daTBOL: TODOS LOS PARTIDOS, HORARIOS Y TV DE LA TERCERA FECHA","author":"Alejandro Sosa Ruda","date":"10 febrero, 2023","format":false,"excerpt":"Comienza hoy, con dos partidos. Se destaca el encuentro en el que River presentar\u00e1 la renovaci\u00f3n de su estadio ante Argentinos Juniors, y la visita de Godoy Cruz, unos de los l\u00edderes, a San Lorenzo. 10 de febrero de 2023 Todo listo para la 3\u00aa de las 27 fechas que\u2026","rel":"","context":"En \u00abDEPORTES\u00bb","block_context":{"text":"DEPORTES","link":"https:\/\/larevistadigital.com.ar\/blog\/category\/deportes\/"},"img":{"alt_text":"","src":"https:\/\/i0.wp.com\/larevistadigital.com.ar\/blog\/wp-content\/uploads\/r1070265_1296x518_5-2.jpg?fit=1200%2C480&ssl=1&resize=350%2C200","width":350,"height":200,"srcset":"https:\/\/i0.wp.com\/larevistadigital.com.ar\/blog\/wp-content\/uploads\/r1070265_1296x518_5-2.jpg?fit=1200%2C480&ssl=1&resize=350%2C200 1x, https:\/\/i0.wp.com\/larevistadigital.com.ar\/blog\/wp-content\/uploads\/r1070265_1296x518_5-2.jpg?fit=1200%2C480&ssl=1&resize=525%2C300 1.5x, https:\/\/i0.wp.com\/larevistadigital.com.ar\/blog\/wp-content\/uploads\/r1070265_1296x518_5-2.jpg?fit=1200%2C480&ssl=1&resize=700%2C400 2x, https:\/\/i0.wp.com\/larevistadigital.com.ar\/blog\/wp-content\/uploads\/r1070265_1296x518_5-2.jpg?fit=1200%2C480&ssl=1&resize=1050%2C600 3x"},"classes":[]},{"id":24833,"url":"https:\/\/larevistadigital.com.ar\/blog\/copa-libertadores-aca-los-grupos-y-las-fechas-hasta-la-final-y-habra-choque-argentino\/","url_meta":{"origin":23305,"position":4},"title":"COPA LIBERTADORES, AC\u00c1 LOS GRUPOS Y LAS FECHAS HASTA LA FINAL (Y HABR\u00c1 CHOQUE ARGENTINO)","author":"Alejandro Sosa Ruda","date":"26 marzo, 2022","format":false,"excerpt":"El Xeneize y el Millonario son cabezas de serie de los grupos E y F; V\u00e9lez y Estudiantes comparten la zona C y el Sabalero fue al grupo G con Pe\u00f1arol y los dos grandes de Paraguay. Talleres al H, con Flamengo. La espera termin\u00f3: se realiz\u00f3 en Paraguay el\u2026","rel":"","context":"En \u00abDEPORTES\u00bb","block_context":{"text":"DEPORTES","link":"https:\/\/larevistadigital.com.ar\/blog\/category\/deportes\/"},"img":{"alt_text":"","src":"https:\/\/i0.wp.com\/larevistadigital.com.ar\/blog\/wp-content\/uploads\/libertadores-2022.jpg?fit=680%2C680&ssl=1&resize=350%2C200","width":350,"height":200,"srcset":"https:\/\/i0.wp.com\/larevistadigital.com.ar\/blog\/wp-content\/uploads\/libertadores-2022.jpg?fit=680%2C680&ssl=1&resize=350%2C200 1x, https:\/\/i0.wp.com\/larevistadigital.com.ar\/blog\/wp-content\/uploads\/libertadores-2022.jpg?fit=680%2C680&ssl=1&resize=525%2C300 1.5x"},"classes":[]},{"id":38295,"url":"https:\/\/larevistadigital.com.ar\/blog\/velez-sarsfield-es-el-nuevo-campeon-del-futbol-argentino\/","url_meta":{"origin":23305,"position":5},"title":"Velez Sarsfield es el nuevo campe\u00f3n del f\u00fatbol argentino","author":"Alejandro Sosa Ruda","date":"15 diciembre, 2024","format":false,"excerpt":"En un partidazo, le gan\u00f3 por 2 a 0 a Hurac\u00e1n y se coron\u00f3 campe\u00f3n. 15 de Diciembre de 2024 BUENOS AIRES -\u00a0 V\u00e9lez, Hurac\u00e1n y Talleres cerraron la Liga Profesional de F\u00fatbol con una apasionante \u00faltima fecha que tuvo\u00a0como resultado al\u00a0Fort\u00edn\u00a0campe\u00f3n de la LPF. Talleres no pudo en el\u2026","rel":"","context":"En \u00abDEPORTES\u00bb","block_context":{"text":"DEPORTES","link":"https:\/\/larevistadigital.com.ar\/blog\/category\/deportes\/"},"img":{"alt_text":"","src":"https:\/\/i0.wp.com\/larevistadigital.com.ar\/blog\/wp-content\/uploads\/Captura-de-pantalla-2024-12-15-213219.png?fit=1097%2C534&ssl=1&resize=350%2C200","width":350,"height":200,"srcset":"https:\/\/i0.wp.com\/larevistadigital.com.ar\/blog\/wp-content\/uploads\/Captura-de-pantalla-2024-12-15-213219.png?fit=1097%2C534&ssl=1&resize=350%2C200 1x, https:\/\/i0.wp.com\/larevistadigital.com.ar\/blog\/wp-content\/uploads\/Captura-de-pantalla-2024-12-15-213219.png?fit=1097%2C534&ssl=1&resize=525%2C300 1.5x, https:\/\/i0.wp.com\/larevistadigital.com.ar\/blog\/wp-content\/uploads\/Captura-de-pantalla-2024-12-15-213219.png?fit=1097%2C534&ssl=1&resize=700%2C400 2x, https:\/\/i0.wp.com\/larevistadigital.com.ar\/blog\/wp-content\/uploads\/Captura-de-pantalla-2024-12-15-213219.png?fit=1097%2C534&ssl=1&resize=1050%2C600 3x"},"classes":[]}],"_links":{"self":[{"href":"https:\/\/larevistadigital.com.ar\/blog\/wp-json\/wp\/v2\/posts\/23305","targetHints":{"allow":["GET"]}}],"collection":[{"href":"https:\/\/larevistadigital.com.ar\/blog\/wp-json\/wp\/v2\/posts"}],"about":[{"href":"https:\/\/larevistadigital.com.ar\/blog\/wp-json\/wp\/v2\/types\/post"}],"author":[{"embeddable":true,"href":"https:\/\/larevistadigital.com.ar\/blog\/wp-json\/wp\/v2\/users\/3"}],"replies":[{"embeddable":true,"href":"https:\/\/larevistadigital.com.ar\/blog\/wp-json\/wp\/v2\/comments?post=23305"}],"version-history":[{"count":1,"href":"https:\/\/larevistadigital.com.ar\/blog\/wp-json\/wp\/v2\/posts\/23305\/revisions"}],"predecessor-version":[{"id":23308,"href":"https:\/\/larevistadigital.com.ar\/blog\/wp-json\/wp\/v2\/posts\/23305\/revisions\/23308"}],"wp:featuredmedia":[{"embeddable":true,"href":"https:\/\/larevistadigital.com.ar\/blog\/wp-json\/wp\/v2\/media\/23307"}],"wp:attachment":[{"href":"https:\/\/larevistadigital.com.ar\/blog\/wp-json\/wp\/v2\/media?parent=23305"}],"wp:term":[{"taxonomy":"category","embeddable":true,"href":"https:\/\/larevistadigital.com.ar\/blog\/wp-json\/wp\/v2\/categories?post=23305"},{"taxonomy":"post_tag","embeddable":true,"href":"https:\/\/larevistadigital.com.ar\/blog\/wp-json\/wp\/v2\/tags?post=23305"}],"curies":[{"name":"wp","href":"https:\/\/api.w.org\/{rel}","templated":true}]}}