{"id":23310,"date":"2022-01-12T17:12:29","date_gmt":"2022-01-12T17:12:29","guid":{"rendered":"https:\/\/larevistadigital.com.ar\/blog\/?p=23310"},"modified":"2022-01-12T17:12:29","modified_gmt":"2022-01-12T17:12:29","slug":"emilio-monzo-aseguro-que-hoy-mauricio-macri-es-el-dirigente-con-mas-votos-en-juntos-por-el-cambio","status":"publish","type":"post","link":"https:\/\/larevistadigital.com.ar\/blog\/emilio-monzo-aseguro-que-hoy-mauricio-macri-es-el-dirigente-con-mas-votos-en-juntos-por-el-cambio\/","title":{"rendered":"EMILIO MONZ\u00d3 ASEGUR\u00d3 QUE HOY, MAURICIO MACRI ES EL DIRIGENTE CON M\u00c1S VOTOS EN JUNTOS POR EL CAMBIO"},"content":{"rendered":"<h2 class=\"com-subhead --bajada --m-xs\">El diputado nacional, asegura que el expresidente debe ejercer su liderazgo para ordenar al espacio y no para volver a competir en 2023; le pide a Larreta que arme un \u201cscrum\u201d de moderados para blindarse de los \u201chalcones\u201d. Reproducimos un interesante reportaje que brind\u00f3 al diario La Naci\u00f3n.<\/h2>\n<p><strong>\u00abEmilio\u00bb<\/strong>, como se lo llama entre propios y ajenos, se distanci\u00f3 con el ex presidente <strong>Macri<\/strong> en el a\u00f1o 2018. Desde entonces, pasaron muchas cosas, en donde <strong>Monz\u00f3<\/strong> desde su propio espacio, vio c\u00f3mo la gente se iba sumando, y no solo solucion\u00f3 algunos problemas de viejos rencores con algunos, sino que se acerc\u00f3 a\u00a0<strong>Horacio Rodr\u00edguez Larreta<\/strong>\u00a0y se ali\u00f3 al radical\u00a0<strong>Facundo Manes<\/strong> para volver al Congreso.<\/p>\n<blockquote>\n<h3>Mantuvo su discurso de la moderaci\u00f3n, al que poco a poco muchos actores de la pol\u00edtica se fueron acercando e inclusive en algunos casos, tratando de hacerlo como propio.<\/h3>\n<\/blockquote>\n<p>Hoy, pese a estar distanciado del ex presidente, sostiene que\u00a0Macri\u00a0<strong>\u201ces la figura m\u00e1s importante de Juntos por el Cambio\u201d.\u00a0<\/strong>Es m\u00e1s, considera que es el dirigente que m\u00e1s votos tendr\u00eda en\u00a0<a class=\"com-link\" title=\"una interna\" href=\"https:\/\/www.lanacion.com.ar\/politica\/enemistades-peleas-y-diferencias-por-que-crecen-las-internas-en-jxc-tras-el-triunfo-en-las-urnas-nid05122021\/\" target=\"_self\" data-reactroot=\"\" rel=\"noopener\">una interna<\/a>\u00a0del espacio. Lo ubica en el espejo con\u00a0<strong>Cristina Kirchner<\/strong>, modelo 2019. Sin embargo, <strong>Monz\u00f3 est\u00e1 convencido de que Macri no deber\u00eda competir en 2023<\/strong>, sino ocupar el rol de mentor:<em><strong> \u201cAspiro a que est\u00e9 en la cabecera de JxC para ordenar el espacio, no para ser candidato\u201d<\/strong><\/em>, remarca.<\/p>\n<blockquote>\n<h3>Con respecto a Larreta, Monz\u00f3 pretende que forme un \u00abScrum\u00bb de \u00abpalomas\u00bb, y de esa forma poder blindar a los dialoguistas, entonces poder enfrentar a los \u00abhalcones\u00bb en las PASO. Asegura que tratar\u00e1 de formar un espacio con el radicalismo y el PRO, conformando un sector de moderados.<\/h3>\n<\/blockquote>\n<h3>Ac\u00e1 reproducimos la nota que brind\u00f3 al diario La Naci\u00f3n:<\/h3>\n<p class=\"com-paragraph   --s\"><strong>-\u00bfLe preocupa que el Gobierno no haya logrado resultados concretos en la negociaci\u00f3n con el FMI o es comprensivo por la pandemia y la crisis heredada?<\/strong><\/p>\n<p class=\"com-paragraph   --s\">-Soy comprensivo por la pandemia. No solo cambi\u00f3 nuestra relaci\u00f3n con el FMI, sino que tambi\u00e9n la econom\u00eda global. Entiendo que el mundo se est\u00e1 acomodando a esta nueva realidad y las relaciones de entidades financieras, en este caso el Fondo, con los pa\u00edses deudores no son ajenas a esta situaci\u00f3n. Hay que ser consciente de que, producto del coronavirus, la realidad es totalmente distinta al momento que se tomaron los cr\u00e9ditos. Lo que falta por parte del Gobierno es certezas. A la ausencia de resultados con el FMI se agregan las incertidumbres dom\u00e9sticas: la inflaci\u00f3n, la pobreza, la inversi\u00f3n o la reactivaci\u00f3n econ\u00f3mica. El Gobierno no tiene disciplina y orden, desde el primer d\u00eda.<\/p>\n<p class=\"com-paragraph   --s\"><strong>-\u00bfJxC tiene que dialogar y acompa\u00f1ar al Gobierno? \u00bfEs co-responsable de la situaci\u00f3n?<\/strong><\/p>\n<p class=\"com-paragraph   --s\">-Yo insisto en que hay una revoluci\u00f3n digital que pone en riesgo al tejido social, a muchos empleos e invita a la reconversi\u00f3n de la sociedad y de la econom\u00eda. Con esta situaci\u00f3n, no hay nada mejor que pensar en lograr acuerdos. \u00bfC\u00f3mo no vamos a ayudar al di\u00e1logo? Pero ac\u00e1 hay un punto, el primer responsable es el Gobierno. La impotencia para solucionar estos temas tan complicados lo lleva al oficialismo a estar en campa\u00f1a permanentemente, en lugar de ir a buscar el di\u00e1logo con la oposici\u00f3n. Lo hicimos nosotros tambi\u00e9n. Y esto est\u00e1 pasando en todo el mundo: la polarizaci\u00f3n es una manera de llamar la atenci\u00f3n a tu propio electorado, olvid\u00e1ndote del conjunto. Juegan su partido, pero nunca para la selecci\u00f3n.<\/p>\n<p class=\"com-paragraph   --s\">El antagonismo es el s\u00edntoma claro de la patolog\u00eda de la Argentina: la impotencia a la hora de gobernar. Estamos teniendo gobernantes que no est\u00e1n a la altura de las circunstancias y apelan a seguir en clave de campa\u00f1a a la hora de gestionar. Este es el gran problema del pa\u00eds.<\/p>\n<p class=\"com-paragraph   --s\"><strong>-Gerardo Morales dice que hay sectores de JxC que \u201cquieren que explote todo en marzo\u201d. \u00bfUsted nota lo mismo?<\/strong><\/p>\n<p class=\"com-paragraph   --s\">-El kirchnerismo fue muy antag\u00f3nico y muy cerrado en los cuatro a\u00f1os de Cambiemos. Tuvieron como objetivo oponerse a todo. Con respecto a lo que dice Morales, en todos los espacios hay sicarios digitales, que son inflexibles con el gobierno de turno. Y le hacen mucho da\u00f1o a cualquier persona moderada que est\u00e1 dispuesta a acordar y negociar en pos del pa\u00eds, no de su propio electorado. No tienen tup\u00e9 ni l\u00edmites a la hora de agredir.<\/p>\n<p class=\"com-paragraph   --s\">Los que estamos del lado de la mesura necesitamos generar un scrum. Al sicario se lo combate con volumen pol\u00edtico. Tenemos que dejar de lado la vanidad o el orgullo para generar una mesa integrada por las personas que pensamos parecido. All\u00ed, pondr\u00eda a Larreta -celebro su foto con Morales-, Mart\u00edn Lousteau, Rogelio Frigerio, Diego Santilli, Cristian Ritondo, Mario Negri, Rodrigo De Loredo o Luis Juez, entre otros.<\/p>\n<p class=\"com-paragraph   --s\"><strong>-\u00bfQuiere armar un scrum de moderados?<\/strong><\/p>\n<p class=\"com-paragraph   --s\">-Y tambi\u00e9n la quiero sentada en esa mesa a la fuerza de Carri\u00f3, que fueron los m\u00e1s responsables en el debate del presupuesto. De esa forma, los sicarios van a quedar solos. Y no va a doler lo que hacen estos monstruos populistas, de derecha y de izquierda, que se aprovechan de las redes y la posverdad para vender remedios falsos todo el tiempo. Esto se soluciona si los moderados tenemos la inteligencia de hacer un equipo. Si no, las posiciones radicales tienen las de ganar.<\/p>\n<p class=\"com-paragraph   --s\">Nuestra responsabilidad es construir. Eso siempre lleva tiempo y trabajo. Nos falta la humildad y debemos hacer una autocr\u00edtica, para tener una mesa desplace a esos esp\u00edritus eg\u00f3latras y podamos armar una alternativa pol\u00edtica para el a\u00f1o que viene. Para destruir alcanza con un tuit.<\/p>\n<p class=\"com-paragraph   --s\"><strong>-\u00bfEsos sicarios est\u00e1n en Pro y en JxC?<\/strong><\/p>\n<p class=\"com-paragraph   --s\">-S\u00ed, hay de los dos lados. El problema es que nuestros sicarios tiran para adentro y los de ellos [por el kirchnerismo] para afuera. Es como una marca personal. Cuando uno se acerca a la palabra negociaci\u00f3n, pacto o acuerdo, este centinela est\u00e1 preparado para bombardearlo. Ahora, esto de anunciar pactos y acuerdos por los medios de comunicaci\u00f3n no va. Nunca hubo un pacto serio sin que haya antes reserva y tiempo para trabajarlo. Ac\u00e1 hacemos todo al rev\u00e9s. Cuando el Gobierno dice que nos van a invitar a un acuerdo para algo, lo doy por descartado. Eso est\u00e1 vinculado a un tema comunicacional, pero no tiene nada que ver con una transformaci\u00f3n.<\/p>\n<p class=\"com-paragraph   --s\"><strong>-\u00bfEl Gobierno solo busca la foto?<\/strong><\/p>\n<p class=\"com-paragraph   --s\">-Y nosotros hac\u00edamos exactamente lo mismo. Un acuerdo necesita confianza, reuniones en reserva -que est\u00e1n mal vistas-, trabajo, tiempo y<\/p>\n<p class=\"com-paragraph   --s\">presentaci\u00f3n. Esto no se est\u00e1 haciendo. Para m\u00ed, son todos anuncios sin sentido.<\/p>\n<p class=\"com-paragraph   --s\"><strong>-\u00bfHay \u201ccentinelas de JxC que bombardean\u201d el di\u00e1logo con el Gobierno?<\/strong><\/p>\n<p class=\"com-paragraph   --s\">-Bombardean el di\u00e1logo. Son efectivos y lo redit\u00faan pol\u00edticamente, por el clickbait.<\/p>\n<p class=\"com-paragraph   --s\"><strong>-\u00bfEso hace que los moderados tengan reparos a la hora de dialogar con el Gobierno o endurezcan sus posiciones?<\/strong><\/p>\n<p class=\"com-paragraph   --s\">-S\u00ed o s\u00ed los moderados tenemos que juntar volumen pol\u00edtico. Y el actual gobierno no cuida a quienes pueden ser los interlocutores para sacar el pa\u00eds adelante. Cuando gobernamos nosotros, los representantes de los gobernadores en el Congreso fueron muy responsables a la hora de acordar. Y nosotros fuimos muy responsables en cuidarlos a ellos con los acuerdos que hab\u00edan firmado.<\/p>\n<p class=\"com-paragraph   --s\">Gran parte de la conducci\u00f3n del gobierno nacional tiende a cohesionar su electorado con la polarizaci\u00f3n. Estoy hablando del kirchnerismo. Entonces, todos los que buscan la moderaci\u00f3n caen en esta trampa.<\/p>\n<p class=\"com-paragraph   --s\"><strong>-\u00bfEl di\u00e1logo con los moderados debe darse en el Congreso, como dice la mesa nacional de JxC, o no?<\/strong><\/p>\n<p class=\"com-paragraph   --s\">-Quisiera que el di\u00e1logo ocurriera en la oficina del Presidente. Que Fern\u00e1ndez llame a cinco interlocutores v\u00e1lidos y responsables, que pueden hacer algo por el pa\u00eds\u2026Ser\u00eda bueno que el Presidente, en silencio -algo que le cuesta-, pueda hacer reuniones reservadas y una estrategia de seis meses, para armar un plan plurianual o lo que sea. Si mandamos prepotentemente planes de diferente tipo, el Congreso se va a convertir una jaur\u00eda digital. Temo que podamos terminar, y lo digo con mucha angustia, con sesiones parecidas a las de fin de a\u00f1o pasado que poco ten\u00edan que ver con lo que necesita la Argentina.<\/p>\n<p class=\"com-paragraph   --s\"><strong>-\u00bfTeme que los \u201chalcones\u201d le marcan la cancha los moderados de JxC de ac\u00e1 a 2023?<\/strong><\/p>\n<p class=\"com-paragraph   --s\">-Siempre van a terminar marcando la cancha si nosotros no formamos nuestro propio equipo. Los mesurados son los que tienen mucho que perder frente a la sociedad. Insisto: nos falta volumen pol\u00edtico. Todos los moderados tenemos que auto-convocarnos en una mesa. Ese es nuestro pr\u00f3ximo paso para blindarnos de los halcones o sicarios.<\/p>\n<p class=\"com-paragraph   --s\"><strong>-\u00bfLa creaci\u00f3n de ese espacio no atentar\u00eda contra la unidad?<\/strong><\/p>\n<p class=\"com-paragraph   --s\">-Esto de tender a la unidad\u2026En la calle la gente me frena y me dice: \u201cno se peleen\u201d. Eso es una utop\u00eda y una fantas\u00eda. No hay unidad cuando hay pensamientos diametralmente distintos. Pero s\u00ed la democracia permite que esto lo resuelva la sociedad. Tiene que haber PASO. Ese equipo tiene que ir a una interna. Voy a trabajar y mucho para que lo reflejado en la foto de ayer [por Larreta y Morales] sea una unidad pol\u00edtica. Los que tenemos esta concepci\u00f3n pol\u00edtica debemos conformar nuestro propio espacio. Y los halcones y los otros bichos raros tendr\u00e1n que armar otro. Gobernar\u00e1n los extremos o, por primera vez en los \u00faltimos 30 a\u00f1os, una clase pol\u00edtica que conf\u00eda en el di\u00e1logo, que cree que el adversario no es un enemigo y que la opini\u00f3n no es una equivocaci\u00f3n. Esta generaci\u00f3n, que naci\u00f3 con la democracia, se merece gobernar este pa\u00eds.<\/p>\n<div class=\"com-container --button \">\n<p class=\"com-paragraph   --s\"><strong>-\u00bfSe imagina una PASO entre \u201chalcones\u201d y \u201cpalomas\u201d?<\/strong><\/p>\n<p class=\"com-paragraph   --s\">-S\u00ed. Lo de \u201chalcones\u201d y \u201cpalomas\u201d me tiene harto. Pero el mundo est\u00e1 viviendo la polarizaci\u00f3n. Estos \u201chalcones\u201d, que me gusta llamarlos populistas baratos, porque proponen remedios que no funcionan, saben manejar muy bien esos espacios homogeneizados de las redes sociales. Entonces, cada vez la sociedad se fragmenta y se radicaliza m\u00e1s. Estos personajes, que est\u00e1n en todo el mundo, surgen por una falencia: la falta de estadistas.<\/p>\n<p class=\"com-paragraph   --s\"><strong>-\u00bfMacri y Bullrich proponen recetas \u201cpopulistas\u201d?<\/strong><\/p>\n<p class=\"com-paragraph   --s\">-No s\u00e9 qu\u00e9 propone Macri hace mucho, porque no est\u00e1 saliendo. Pero s\u00ed las reacciones son de mucha simpleza y tienden m\u00e1s a conducir al grupo de los extremos que a ir hacia el centro. Sin dudas.<\/p>\n<p class=\"com-paragraph   --s\"><strong>-\u00bfMacri tiene un discurso m\u00e1s extremista desde que dej\u00f3 la Presidencia?<\/strong><\/p>\n<p class=\"com-paragraph   --s\">-La verdad que s\u00ed. Y \u00e9l ha reflejado eso. Ser\u00eda bueno que alguien que transit\u00f3 por la Presidencia sea el que tienda a buscar el di\u00e1logo y el centro. No s\u00e9 qu\u00e9 har\u00e1. Hoy, no hay mucha claridad con respecto a eso.<\/p>\n<p class=\"com-paragraph   --s\">Hay otra trampa de la Argentina: se paran en ese lugar porque desde ah\u00ed generan un electorado s\u00f3lido. Tiene un piso s\u00f3lido y un techo muy corto, blindado. Pero con nuestro sistema electoral, cuando van a las PASO, ese techo y ese piso son suficientes para triunfar en la contienda interna, no digo en la general. Ac\u00e1 el inconveniente es atravesar la interna. El macrismo puede repetir la misma estrategia que utiliz\u00f3 el kirchnerismo. Uno dec\u00eda Cristina no vuelve m\u00e1s, porque le ve\u00eda el techo, pero nadie en el peronismo fue capaz de ganarle a ella. De este lado ocurre lo mismo. Ojo que, hoy, Macri debe ser el dirigente pol\u00edtico con m\u00e1s votos en la interna de JxC. Entonces, las PASO benefician a los que polarizan.<\/p>\n<\/div>\n<p class=\"com-paragraph   --s\"><strong>-\u00bfLo ve a Macri en un espejo con la versi\u00f3n de Cristina de 2019?<\/strong><\/p>\n<p class=\"com-paragraph   --s\">-Es casi un espejo.<\/p>\n<p class=\"com-paragraph   --s\"><strong>-\u00bfMacri se revaloriza por el fracaso del Gobierno o porque mantiene su ascendencia sobre el 41% que sac\u00f3 JxC en 2019?<\/strong><\/p>\n<p class=\"com-paragraph   --s\">-En parte, por las dos cosas. \u00bfCu\u00e1nto mide Macri? Muchos me dicen que mide 14%. Bueno, en una interna esos 14 puntos son 30, porque es tu propio recipiente, es la mitad del electorado. \u00bfQui\u00e9n mide m\u00e1s que Macri? Ese es un punto. Por eso, Macri tiene una gran responsabilidad. \u00c9l puede jugar y, ojo, que hasta puede ganar tambi\u00e9n con esta situaci\u00f3n. Siempre digo lo mismo, pese a que afirmaron que quer\u00eda jubilarlo: a m\u00ed me gustar\u00eda que Macri est\u00e9 m\u00e1s all\u00e1 de esta contienda electoral y ayude a armar una nueva generaci\u00f3n pol\u00edtica para que gobierne el pa\u00eds. Esa ser\u00eda un gran soluci\u00f3n para este espacio. Si Macri tomara esa decisi\u00f3n, ser\u00eda el ordenador de esta fuerza y se sentar\u00eda en la cabecera.<\/p>\n<p class=\"com-paragraph   --s\"><strong>-\u00bfMacri es el \u00fanico que tiene liderazgo en JxC?<\/strong><\/p>\n<p class=\"com-paragraph   --s\">-Me gustar\u00eda que se siente en la cabecera de manera magn\u00e1nima. El pa\u00eds merece que Mauricio se siente en ese lugar, pero de esta forma, porque as\u00ed ser\u00e1 respetado por todos. Si \u00e9l se sienta como candidato, lo \u00fanico que va a lograr es mayor rispidez dentro del espacio, quiz\u00e1 dispersi\u00f3n y, tal vez, un triunfo en la interna. Eso no lo descarto, pero no ser\u00eda bueno para la Argentina. Aspiro a que est\u00e9 en la cabecera para ordenar este espacio.<\/p>\n<p class=\"com-paragraph   --s\"><strong>-\u00bfMacri es el \u00fanico que puede ordenar a JxC?<\/strong><\/p>\n<p class=\"com-paragraph   --s\">-Por lo que significa electoralmente y lo que ha sido\u2026<\/p>\n<p class=\"com-paragraph   --s\"><strong>-\u00bfY Macri puede volver en 2023?<\/strong><\/p>\n<p class=\"com-paragraph   --s\">-Obvio. Depende de \u00e9l. No tengan ninguna duda de que es la figura m\u00e1s importante de Juntos por el Cambio. Por esa calificaci\u00f3n, me gustar\u00eda que \u00e9l se siente en ese lugar ayudando a armar y ordenar este espacio pol\u00edtico.<\/p>\n<p class=\"com-paragraph   --s\"><strong>-\u00bfLarreta puede llegar a la Presidencia sin levantar la cabeza y asumir el liderazgo?<\/strong><\/p>\n<p class=\"com-paragraph   --s\">-Cualquiera que quiera asumir este liderazgo tiene que conducir una mesa de referentes pol\u00edticos con legitimaci\u00f3n y volumen pol\u00edtico propio. Si no lo logra, las figuras rutilantes de manera individual tienen m\u00e1s posibilidades de ser el pr\u00f3ximo presidente. Horacio necesita m\u00e1s que cualquiera generar un volumen pol\u00edtico atractivo alrededor de \u00e9l.<\/p>\n<p class=\"com-paragraph   --s\"><strong>-\u00bfEl \u201cc\u00edrculo rojo\u201d empieza a dudar de las condiciones de Larreta para conducir o liderar?<\/strong><\/p>\n<p class=\"com-paragraph   --s\">-Si no hiciera este paso que acabo de describir, no es un tema de \u201cc\u00edrculo rojo\u201d, va a dudar la sociedad.<\/p>\n<p class=\"com-paragraph   --s\"><strong>-Larreta podr\u00eda decir que impuso a sus candidatos moderados en Buenos Aires y la Capital. \u00bfEsa credencial no basta?<\/strong><\/p>\n<p class=\"com-paragraph   --s\">-No, todo eso es fr\u00e1gil, mediato y r\u00e1pido. Hubo una campa\u00f1a vac\u00eda de contenido en la provincia. No se dijo nada. Fue muy ef\u00edmera, con la gente muy angustiada y deshuesada, casi ignorando esa elecci\u00f3n.<\/p>\n<p class=\"com-paragraph   --s\">Hablaron mucho de la reelecci\u00f3n de intendentes, pero la verdadera reforma del pa\u00eds es la boleta \u00fanica. Le pido, por favor, al Presidente que, en la apertura de sesiones, proponga la boleta \u00fanica en el Congreso. Ese es un gran cambio en la Argentina, especialmente en la provincia. Y espero que Axel Kicillof haga lo propio tambi\u00e9n y separe las elecciones bonaerenses de las nacionales. Hay que cambiar el sistema electoral. Y tambi\u00e9n le doy para pensar al Presidente: saquemos la obligatoriedad de las PASO. Cada vez vota menos gente en esa elecci\u00f3n, pero perjudica mucho porque pasa a ser una primera vuelta, que genera tensi\u00f3n e incertidumbre. Voy a presentar un proyecto en ese sentido.<\/p>\n<p class=\"com-paragraph   --s\"><strong>-\u00bfCree que el peronismo acompa\u00f1ar\u00eda ese reforma electoral? Siempre ha rechazado la boleta \u00fanica.<\/strong><\/p>\n<p class=\"com-paragraph   --s\">-No s\u00e9, pero si lo anuncia el Presidente, va a ser un cambio para siempre. Fern\u00e1ndez tiene una gran oportunidad para quedar en la historia. En 2022 ya no lo puede cambiar, debe ser este a\u00f1o.<\/p>\n<p class=\"com-paragraph   --s\"><strong>-\u00bfVidal se equivoc\u00f3 al irse de la provincia de la manera que lo hizo?<\/strong><\/p>\n<p class=\"com-paragraph   --s\">-Pol\u00edticamente, s\u00ed. Pero nosotros tambi\u00e9n somos seres humanos, no somos dioses. Hay un ensayo de Marcos Pe\u00f1a que explica que nosotros somos tambi\u00e9n somos vulnerables.<\/p>\n<p class=\"com-paragraph   --s\"><strong>-Es llamativo que ahora lo elogie a Pe\u00f1a.<\/strong><\/p>\n<p class=\"com-paragraph   --s\">-No. Tuve una diferencia importante con Marcos desde 2015 hasta 2019 en pensamiento, pero ambos fuimos honestos intelectualmente. Eso permiti\u00f3 que sigui\u00e9ramos hablando terminada la gesti\u00f3n. Su ensayo explica que nosotros no somos dioses: tenemos defectos, depresiones y somos vulnerables. Vidal fue una experiencia contra-natura cuando decidimos que compitiera en la provincia. Desde lo pol\u00edtico, puedo opinar que no me pareci\u00f3 que ella no contin\u00fae, pero desde lo personal siento que Vidal est\u00e1 feliz ac\u00e1 [en la Capital], que es su h\u00e1bitat normal. Genera costos, pero est\u00e1 bien que lo haya hecho.<\/p>\n<p class=\"com-paragraph   --s\"><strong>-\u00bfLa ve con un rumbo claro o pagar\u00e1 un costo alto?<\/strong><\/p>\n<p class=\"com-paragraph   --s\">-Con este cambio, se alivi\u00f3 en lo personal y pag\u00f3 un costo en lo pol\u00edtico. Pero tiene condiciones, futuro y, seguramente, va a ser un actor importante de ac\u00e1 al 2023.<\/p>\n<p class=\"com-paragraph   --s\"><strong>-\u00bfHizo bien en intentar frenar la reforma a las re-re de los intendentes o comprende que haya defendido una de las banderas de su gesti\u00f3n?<\/strong><\/p>\n<p class=\"com-paragraph   --s\">-Es comprensible. Fue una decisi\u00f3n pol\u00edtica que tom\u00f3 con mucha convicci\u00f3n y la defiende de esa manera.<\/p>\n<div class=\"content-media\">\n<section class=\"mod-media --zoom  \" role=\"button\">\n<figure class=\"mod-figure --horizontal\" role=\"button\"><\/figure>\n<p class=\"com-paragraph   --s\"><strong>-\u00bfUsted estaba de acuerdo con la reforma?<\/strong><\/p>\n<p class=\"com-paragraph   --s\">-Este cambio va a emprolijar. Con las licencias o renuncias de los intendentes peronistas hab\u00edan quedado pagando los jefes municipales de nuestro espacio, que no hicieron el artilugio de irse para volver en 2023. Esto qued\u00f3 m\u00e1s limpio, m\u00e1s sano y ahora la ley fijo un l\u00edmite claro. Tambi\u00e9n cuando hablan de los barones del conurbano, hay una gran subestimaci\u00f3n de la gente. Hay intendentes malos y otros, como Miguel \u00c1ngel Lunghi, Jaime Linares o Miguel Fern\u00e1ndez, que administran bien.<\/p>\n<p class=\"com-paragraph   --s\">Por eso, no quiero relativizar y prefiero poner las cosas en su justa medida. Vidal y los que reformaron la ley para emprolijar estuvieron bien. Ahora, vayamos por la boleta \u00fanica. Ese es el cambio del sistema. El problema del conurbano es la boleta s\u00e1bana. Cortemos con eso y pongamos la boleta \u00fanica. Con esa modificaci\u00f3n, es m\u00e1s f\u00e1cil cambiar a los intendentes cuando son malos.<\/p>\n<p class=\"com-paragraph   --s\"><strong>-\u00bfC\u00f3mo reaccion\u00f3 cuando vio el video del caso \u201cGestapo\u201d? \u00bfYa no sorprende lo que pas\u00f3 con la AFI durante el gobierno de Macri?<\/strong><\/p>\n<p class=\"com-paragraph   --s\">-Cuando vi esos videos me preocup\u00e9, como todos.<\/p>\n<p class=\"com-paragraph   --s\"><strong>-\u00bfSospecha que fue un mensaje interno?<\/strong><\/p>\n<p class=\"com-paragraph   --s\">-No s\u00e9, ni me quiero meter. La Justicia va a tener que resolver estas situaciones. Es complicado que todos sintamos que el propio Estado te puede estar vigilando. Espero que la investigaci\u00f3n judicial sea expeditiva y solucione esto. Y esperemos que alg\u00fan gobierno tome cartas en el asunto con los servicios de inteligencia. El Estado no est\u00e1 para hacer ese tipo de cosas.<\/p>\n<p class=\"com-paragraph   --s\"><strong>-\u00bfEspera que Macri o los exjefes de la AFI brinden explicaciones?<\/strong><\/p>\n<p class=\"com-paragraph   --s\">-Seguramente, dar\u00e1n explicaciones en la Justicia y los argentinos tendremos las cosas claras. Hoy, es todo tan oscuro que me genera mucha preocupaci\u00f3n.<\/p>\n<p class=\"com-paragraph   --s\"><strong>-\u00bfSald\u00f3 sus diferencias con Larreta o no?<\/strong><\/p>\n<p class=\"com-paragraph   --s\">-En la pol\u00edtica hay que tener una amnesia muy r\u00e1pida de todo. No hay que dejar de recordar, porque somos producto de la historia, pero uno no puede vivir resentido y dolido. Larreta tom\u00f3 una decisi\u00f3n, completamente distinta a lo que yo opinaba, pero eso no implic\u00f3 que no sigui\u00e9ramos dialogando. De hecho, hoy [por ayer] almuerzo con Larreta. Queda claro que no estamos distanciados.<\/p>\n<p class=\"com-paragraph   --s\"><strong>-\u00bfSantilli qued\u00f3 mejor posicionado que el resto o no demostr\u00f3 ser el candidato indiscutido?<\/strong><\/p>\n<p class=\"com-paragraph   --s\">-Indiscutido no, porque la provincia fagocita a muchos dirigentes, pero Santilli es una figura pol\u00edtica con muy buena proyecci\u00f3n para la gobernaci\u00f3n. Igualmente, Jorge Macri, Cristian Ritondo o alg\u00fan radical tambi\u00e9n pueden aspirar a ser candidatos.<\/p>\n<p class=\"com-paragraph   --s\"><strong>-\u00bfUsted sigue con ganas?<\/strong><\/p>\n<p class=\"com-paragraph   --s\">-Puedo ser yo. A diferencia de 2015, cuando tuvimos que arrancar a Vidal de la Ciudad para que represente una vacancia, ahora hay cinco o seis candidatos. Est\u00e1 claro que Santilli est\u00e1 arrancando con una luz de ventaja respecto al resto.<\/p>\n<p class=\"com-paragraph   --s\"><strong>-\u00bfEl proyecto presidencial de Manes arranc\u00f3 o a\u00fan le falta para ser candidato?<\/strong><\/p>\n<p class=\"com-paragraph   --s\">-Por ahora lo califico como una aspiraci\u00f3n de Facundo. No arranc\u00f3 como un proyecto presidencial. Para eso necesita equipos, trabajos y volumen pol\u00edtico.<\/p>\n<p class=\"com-paragraph   --s\"><strong>-\u00bfApoyar\u00e1 a Larreta o a Manes en una PASO en 2023?<\/strong><\/p>\n<p class=\"com-paragraph   --s\">-Voy a hacer todo el esfuerzo para que Pro y UCR vayan juntos, por lo menos en la f\u00f3rmula presidencial. De ah\u00ed para abajo puede haber una interna.<\/p>\n<p class=\"com-paragraph   --s\"><strong>-\u00bfSe imagina una f\u00f3rmula Larreta-Morales?<\/strong><\/p>\n<p class=\"com-paragraph   --s\">-Me gustar\u00eda que los moderados tengamos una f\u00f3rmula mixta. Hay que medir. Los dos est\u00e1n en condiciones de presidir, pero hay que ver qui\u00e9n est\u00e1 para ser candidato. No me olvido de Frigerio o Lousteau o Cornejo, quienes tambi\u00e9n tienen posibilidades de ocupar un lugar en la f\u00f3rmula.<\/p>\n<p class=\"com-paragraph   --s\"><strong>-\u00bfAl nuevo interbloque de JxC le falta \u201crosca\u201d o un l\u00edder?<\/strong><\/p>\n<p class=\"com-paragraph   --s\">-El otro d\u00eda parec\u00eda el patio de un colegio, por la falta de liderazgo. Como no estaba Negri como jefe del interbloque, no hab\u00eda a quien observar. Todos las fracciones hac\u00edan discursos mirando al costado, no hacia el frente. Es decir, se reflejaba la falta de conducci\u00f3n de nuestro espacio. Esto no es bueno, porque ese Congreso le dio las espaldas a la Argentina. Ese d\u00eda nos miramos a nosotros mismos. Y error de ambos lados, porque M\u00e1ximo Kirchner tambi\u00e9n se equivoc\u00f3.<\/p>\n<p class=\"com-paragraph   --s\">Est\u00e1 pasando que vamos al Congreso como si fueran trincheras y nadie recorre y dialoga con los diferentes bloques. Esa sesi\u00f3n se interrumpe de esta manera por falta de di\u00e1logo. Y el responsable del di\u00e1logo siempre es el oficialismo. Cuando era presidente de la C\u00e1mara, yo ten\u00eda a Nicol\u00e1s Massot en el recinto. A \u00e9l lo ve\u00eda m\u00e1s en los bloques de la oposici\u00f3n, que sentado en la bancada propia. \u00bfPor qu\u00e9? Siempre estaba buscando acordar con los que necesit\u00e1bamos para tener la mayor\u00eda. Este ejercicio el gobierno no lo est\u00e1 haciendo bien.<\/p>\n<p class=\"com-paragraph   --s\"><strong>-Patricia Bullrich quiso sancionar a los diputados que se ausentaron de Bienes Personales. \u00bfQu\u00e9 dice?<\/strong><\/p>\n<p class=\"com-paragraph   --s\">-No me parece l\u00f3gico, hubiese sido un error. Las dos sesiones fueron un gran error. Lo de los diputados fue la frutilla, pero, conceptualmente, hubo errores m\u00e1s de fondo.<\/p>\n<p class=\"com-paragraph   --s\"><strong>-Macri y Bullrich quiere sumar a los libertarios. \u00bfSer\u00eda un error incorporar a Milei?<\/strong><\/p>\n<p class=\"com-paragraph   --s\">-Lo respeto a Milei en el sentido de su honestidad intelectual. Es como un adolescente pol\u00edtico, con posiciones puras, c\u00f3modas y fan\u00e1ticas. Lo inc\u00f3modo es entender al otro: : por qu\u00e9 es comunista o socialista. Es decir, la madurez pol\u00edtica es ir al centro. No lo observo con consistencia para pensar algo mayor. Ahora, en este esquema, con los des\u00f3rdenes que tenemos, agregar algo m\u00e1s a esta situaci\u00f3n ser\u00eda un poco irresponsable. Ordenemos los actores que tenemos y, despu\u00e9s, pensemos en los que tenemos que invitar. Vayamos por paso. Y, seguramente, Milei sea una persona con la cual haya que dialogar. En una segunda instancia, post PASO o en un ballotage, es probable que Milei, ideol\u00f3gicamente, est\u00e9 m\u00e1s a favor, con matices, de lo que propongamos nosotros que el oficialismo. Pero falta mucho para eso.<\/p>\n<p class=\"com-paragraph   --s\"><strong>-\u00bfEl kirchnerismo est\u00e1 terminado o se puede recuperar?<\/strong><\/p>\n<p class=\"com-paragraph   --s\">-Creo que Cristina Kirchner debe querer vivir todos los d\u00edas m\u00e1s aliviada. Es abuela, es madre. Esos roles a uno lo van a invitando a optimizar el tiempo en esas cosas. De hecho, se nota que su participaci\u00f3n es cada vez m\u00e1s espor\u00e1dica. Acudir a Alberto Fern\u00e1ndez tuvo que ver con este proceso, sin dudas. Entonces, l\u00f3gicamente vamos a tener una Cristina menos vigente. Por supuesto que su voz tiene mucha repercusi\u00f3n, pero no en el ejercicio permanente. Ella apuesta a que M\u00e1ximo ocupe esa vacancia. Habr\u00e1 que observar si \u00e9l tiene las condiciones y la aptitud para suceder semejante volumen pol\u00edtico. Eso est\u00e1 por verse. Pero hay una alerta: el peronismo tradicional est\u00e1 observando esta situaci\u00f3n y quiere empezar a conducir este proceso.<\/p>\n<p>&nbsp;<\/p>\n<\/section>\n<\/div>\n","protected":false},"excerpt":{"rendered":"<div class=\"mh-excerpt\"><p>El diputado nacional, asegura que el expresidente debe ejercer su liderazgo para ordenar al espacio y no para volver a competir en 2023; le pide a Larreta que arme un \u201cscrum\u201d de moderados para blindarse <a class=\"mh-excerpt-more\" href=\"https:\/\/larevistadigital.com.ar\/blog\/emilio-monzo-aseguro-que-hoy-mauricio-macri-es-el-dirigente-con-mas-votos-en-juntos-por-el-cambio\/\" title=\"EMILIO MONZ\u00d3 ASEGUR\u00d3 QUE HOY, MAURICIO MACRI ES EL DIRIGENTE CON M\u00c1S VOTOS EN JUNTOS POR EL CAMBIO\">[Leer M\u00e1s]<\/a><\/p>\n<\/div>","protected":false},"author":3,"featured_media":23311,"comment_status":"open","ping_status":"open","sticky":false,"template":"","format":"standard","meta":{"_jetpack_memberships_contains_paid_content":false,"footnotes":"","jetpack_publicize_message":"","jetpack_publicize_feature_enabled":true,"jetpack_social_post_already_shared":true,"jetpack_social_options":{"image_generator_settings":{"template":"highway","default_image_id":0,"font":"","enabled":false},"version":2}},"categories":[50,12],"tags":[],"class_list":{"0":"post-23310","1":"post","2":"type-post","3":"status-publish","4":"format-standard","5":"has-post-thumbnail","7":"category-interes-general","8":"category-politica"},"jetpack_publicize_connections":[],"jetpack_featured_media_url":"https:\/\/i0.wp.com\/larevistadigital.com.ar\/blog\/wp-content\/uploads\/MONZO-1.jpg?fit=768%2C511&ssl=1","jetpack_sharing_enabled":true,"jetpack_shortlink":"https:\/\/wp.me\/p8qtrQ-63Y","jetpack-related-posts":[{"id":23479,"url":"https:\/\/larevistadigital.com.ar\/blog\/largo-larreta-con-miras-al-2023-sumo-a-emilio-monzo-a-su-equipo-de-campana\/","url_meta":{"origin":23310,"position":0},"title":"LARG\u00d3 LARRETA: CON MIRAS AL 2023 SUM\u00d3 A EMILIO MONZ\u00d3 A SU EQUIPO DE CAMPA\u00d1A","author":"Alejandro Sosa Ruda","date":"20 enero, 2022","format":false,"excerpt":"Una de las noticias destacadas de la pol\u00edtica es sin dudas los primeros movimientos que el jefe de Gobierno de la Ciudad Aut\u00f3noma de Buenos Aires, Horacio Rodriguez Larreta en direcci\u00f3n a lo que ser\u00e1 la precandidatura a presidente de la naci\u00f3n en el pr\u00f3ximo 2023, manteniendo reuniones con distintos\u2026","rel":"","context":"En \u00abINTERES GENERAL\u00bb","block_context":{"text":"INTERES GENERAL","link":"https:\/\/larevistadigital.com.ar\/blog\/category\/interes-general\/"},"img":{"alt_text":"","src":"https:\/\/i0.wp.com\/larevistadigital.com.ar\/blog\/wp-content\/uploads\/horacio-rodriguez-larreta-quiere-a___TSa6AX4oe_930x525__1.jpg?fit=930%2C525&ssl=1&resize=350%2C200","width":350,"height":200,"srcset":"https:\/\/i0.wp.com\/larevistadigital.com.ar\/blog\/wp-content\/uploads\/horacio-rodriguez-larreta-quiere-a___TSa6AX4oe_930x525__1.jpg?fit=930%2C525&ssl=1&resize=350%2C200 1x, https:\/\/i0.wp.com\/larevistadigital.com.ar\/blog\/wp-content\/uploads\/horacio-rodriguez-larreta-quiere-a___TSa6AX4oe_930x525__1.jpg?fit=930%2C525&ssl=1&resize=525%2C300 1.5x, https:\/\/i0.wp.com\/larevistadigital.com.ar\/blog\/wp-content\/uploads\/horacio-rodriguez-larreta-quiere-a___TSa6AX4oe_930x525__1.jpg?fit=930%2C525&ssl=1&resize=700%2C400 2x"},"classes":[]},{"id":31003,"url":"https:\/\/larevistadigital.com.ar\/blog\/monzo-destaco-la-decision-de-larreta-demuestra-que-no-es-como-alberto-fernandez\/","url_meta":{"origin":23310,"position":1},"title":"MONZ\u00d3 DESTAC\u00d3 LA DECISI\u00d3N DE LARRETA: \u00abDEMUESTRA QUE NO ES COMO ALBERTO FERN\u00c1NDEZ\u00bb","author":"Alejandro Sosa Ruda","date":"12 abril, 2023","format":false,"excerpt":"Emilio Monz\u00f3 analiz\u00f3 la situaci\u00f3n que atraviesa el PRO y Juntos por el Cambio y respald\u00f3 la decisi\u00f3n que tom\u00f3 Horacio Rodr\u00edguez Larreta. 12 de abril de 2023 El diputado nacional por la provincia de Buenos Aires, Emilio Monz\u00f3, ha analizado recientemente la situaci\u00f3n del partido Juntos por el Cambio\u2026","rel":"","context":"En \u00abINTERES GENERAL\u00bb","block_context":{"text":"INTERES GENERAL","link":"https:\/\/larevistadigital.com.ar\/blog\/category\/interes-general\/"},"img":{"alt_text":"","src":"https:\/\/i0.wp.com\/larevistadigital.com.ar\/blog\/wp-content\/uploads\/reportaje-de-fontevecchia-a-emilio-monzo-20200911-1015101.jpg?fit=1200%2C675&ssl=1&resize=350%2C200","width":350,"height":200,"srcset":"https:\/\/i0.wp.com\/larevistadigital.com.ar\/blog\/wp-content\/uploads\/reportaje-de-fontevecchia-a-emilio-monzo-20200911-1015101.jpg?fit=1200%2C675&ssl=1&resize=350%2C200 1x, https:\/\/i0.wp.com\/larevistadigital.com.ar\/blog\/wp-content\/uploads\/reportaje-de-fontevecchia-a-emilio-monzo-20200911-1015101.jpg?fit=1200%2C675&ssl=1&resize=525%2C300 1.5x, https:\/\/i0.wp.com\/larevistadigital.com.ar\/blog\/wp-content\/uploads\/reportaje-de-fontevecchia-a-emilio-monzo-20200911-1015101.jpg?fit=1200%2C675&ssl=1&resize=700%2C400 2x, https:\/\/i0.wp.com\/larevistadigital.com.ar\/blog\/wp-content\/uploads\/reportaje-de-fontevecchia-a-emilio-monzo-20200911-1015101.jpg?fit=1200%2C675&ssl=1&resize=1050%2C600 3x"},"classes":[]},{"id":17099,"url":"https:\/\/larevistadigital.com.ar\/blog\/la-interna-y-el-armado-en-cambiemos-y-el-error-de-apreciacion-de-macri-con-su-critica-a-emilo-monzo-y-rogelio-frigerio\/","url_meta":{"origin":23310,"position":2},"title":"LA INTERNA Y EL ARMADO EN CAMBIEMOS, Y EL ERROR DE APRECIACI\u00d3N DE MACRI CON SU CR\u00cdTICA A EMILO MONZ\u00d3 Y ROGELIO FRIGERIO","author":"Alejandro Sosa Ruda","date":"21 octubre, 2020","format":false,"excerpt":"Mauricio Macri, volvi\u00f3 a dar una entrevista, y algunas de sus declaraciones levantaron una gran \u201cpolvareda\u201d entre propios y ajenos. Aqu\u00ed datos y el an\u00e1lisis de lo que se viene en la oposici\u00f3n de cara a un armado serio para dar pelea al Frente Fern\u00e1ndez-Fern\u00e1ndez Probablemente hoy el ex presidente\u2026","rel":"","context":"En \u00abINTERES GENERAL\u00bb","block_context":{"text":"INTERES GENERAL","link":"https:\/\/larevistadigital.com.ar\/blog\/category\/interes-general\/"},"img":{"alt_text":"","src":"https:\/\/i0.wp.com\/larevistadigital.com.ar\/blog\/wp-content\/uploads\/me-quiere-no-me-quiere-JPC.jpg?fit=1200%2C750&ssl=1&resize=350%2C200","width":350,"height":200,"srcset":"https:\/\/i0.wp.com\/larevistadigital.com.ar\/blog\/wp-content\/uploads\/me-quiere-no-me-quiere-JPC.jpg?fit=1200%2C750&ssl=1&resize=350%2C200 1x, https:\/\/i0.wp.com\/larevistadigital.com.ar\/blog\/wp-content\/uploads\/me-quiere-no-me-quiere-JPC.jpg?fit=1200%2C750&ssl=1&resize=525%2C300 1.5x, https:\/\/i0.wp.com\/larevistadigital.com.ar\/blog\/wp-content\/uploads\/me-quiere-no-me-quiere-JPC.jpg?fit=1200%2C750&ssl=1&resize=700%2C400 2x, https:\/\/i0.wp.com\/larevistadigital.com.ar\/blog\/wp-content\/uploads\/me-quiere-no-me-quiere-JPC.jpg?fit=1200%2C750&ssl=1&resize=1050%2C600 3x"},"classes":[]},{"id":19916,"url":"https:\/\/larevistadigital.com.ar\/blog\/emilio-monzo-aseguro-que-se-postulara-en-juntos-por-el-cambio-le-guste-o-no-a-algun-sector-interno\/","url_meta":{"origin":23310,"position":3},"title":"EMILIO MONZ\u00d3 ASEGUR\u00d3 QUE SE POSTULAR\u00c1 EN JUNTOS POR EL CAMBIO, LE GUSTE O NO A ALG\u00daN SECTOR INTERNO","author":"Alejandro Sosa Ruda","date":"29 abril, 2021","format":false,"excerpt":"El destacado y prestigioso dirigente nacido en Carlos Tejedor, Emilio Monz\u00f3, dialog\u00f3 con varios medios entre otras cosas\u00a0 \"se puso el traje de candidato\". Emilio Monz\u00f3, es sin dudas uno de los pol\u00edticos m\u00e1s respetados y valorados por sus pares, si no el que m\u00e1s. Y ya ha confirmado que\u2026","rel":"","context":"En \u00abINTERES GENERAL\u00bb","block_context":{"text":"INTERES GENERAL","link":"https:\/\/larevistadigital.com.ar\/blog\/category\/interes-general\/"},"img":{"alt_text":"","src":"https:\/\/i0.wp.com\/larevistadigital.com.ar\/blog\/wp-content\/uploads\/104344-emilio-20monz-c3-b3.jpeg?fit=1200%2C1050&ssl=1&resize=350%2C200","width":350,"height":200,"srcset":"https:\/\/i0.wp.com\/larevistadigital.com.ar\/blog\/wp-content\/uploads\/104344-emilio-20monz-c3-b3.jpeg?fit=1200%2C1050&ssl=1&resize=350%2C200 1x, https:\/\/i0.wp.com\/larevistadigital.com.ar\/blog\/wp-content\/uploads\/104344-emilio-20monz-c3-b3.jpeg?fit=1200%2C1050&ssl=1&resize=525%2C300 1.5x, https:\/\/i0.wp.com\/larevistadigital.com.ar\/blog\/wp-content\/uploads\/104344-emilio-20monz-c3-b3.jpeg?fit=1200%2C1050&ssl=1&resize=700%2C400 2x, https:\/\/i0.wp.com\/larevistadigital.com.ar\/blog\/wp-content\/uploads\/104344-emilio-20monz-c3-b3.jpeg?fit=1200%2C1050&ssl=1&resize=1050%2C600 3x"},"classes":[]},{"id":15867,"url":"https:\/\/larevistadigital.com.ar\/blog\/se-viene-monzo-en-la-provincia-de-buenos-aires\/","url_meta":{"origin":23310,"position":4},"title":"SE VIENE MONZ\u00d3 EN LA PROVINCIA DE BUENOS AIRES","author":"Alejandro Sosa Ruda","date":"10 agosto, 2020","format":false,"excerpt":"El respetado dirigente parece haber tomado la decisi\u00f3n que no pocos le ped\u00edan: Lanzarse con todo con su espacio propio, que se denominar\u00eda \"Vamos con Emilio\", y ya cuenta con referentes en las distintas secciones. Emilio Monz\u00f3. Peronista hist\u00f3rico que ha tomado gran relevancia por su destacado paso por la\u2026","rel":"","context":"En \u00abINTERES GENERAL\u00bb","block_context":{"text":"INTERES GENERAL","link":"https:\/\/larevistadigital.com.ar\/blog\/category\/interes-general\/"},"img":{"alt_text":"","src":"https:\/\/i0.wp.com\/larevistadigital.com.ar\/blog\/wp-content\/uploads\/unnamed-9.jpg?fit=512%2C352&ssl=1&resize=350%2C200","width":350,"height":200},"classes":[]},{"id":15762,"url":"https:\/\/larevistadigital.com.ar\/blog\/un-espacio-que-crece-a-diario-se-viene-muy-fuerte-el-monzoismo-en-la-provincia\/","url_meta":{"origin":23310,"position":5},"title":"UN ESPACIO QUE CRECE A DIARIO: SE VIENE MUY FUERTE EL MONZO\u00cdSMO EN LA PROVINCIA","author":"Alejandro Sosa Ruda","date":"22 junio, 2020","format":false,"excerpt":"En este momento, en que nadie asegura nada a futuro y hay mucho espacio para trabajar pol\u00edticamente, se advierte que uno de los pol\u00edticos m\u00e1s respetado por propios y ajenos, estar\u00eda planificando una posible candidatura en los pr\u00f3ximos comicios. De hecho, en las \u00faltimas reuniones que mantuvo antes de la\u2026","rel":"","context":"En \u00abINTERES GENERAL\u00bb","block_context":{"text":"INTERES GENERAL","link":"https:\/\/larevistadigital.com.ar\/blog\/category\/interes-general\/"},"img":{"alt_text":"","src":"https:\/\/i0.wp.com\/larevistadigital.com.ar\/blog\/wp-content\/uploads\/JUS7FWSMNRFRHIKRC5RZ2ZRFDM.jpg?fit=750%2C422&ssl=1&resize=350%2C200","width":350,"height":200,"srcset":"https:\/\/i0.wp.com\/larevistadigital.com.ar\/blog\/wp-content\/uploads\/JUS7FWSMNRFRHIKRC5RZ2ZRFDM.jpg?fit=750%2C422&ssl=1&resize=350%2C200 1x, https:\/\/i0.wp.com\/larevistadigital.com.ar\/blog\/wp-content\/uploads\/JUS7FWSMNRFRHIKRC5RZ2ZRFDM.jpg?fit=750%2C422&ssl=1&resize=525%2C300 1.5x, https:\/\/i0.wp.com\/larevistadigital.com.ar\/blog\/wp-content\/uploads\/JUS7FWSMNRFRHIKRC5RZ2ZRFDM.jpg?fit=750%2C422&ssl=1&resize=700%2C400 2x"},"classes":[]}],"_links":{"self":[{"href":"https:\/\/larevistadigital.com.ar\/blog\/wp-json\/wp\/v2\/posts\/23310","targetHints":{"allow":["GET"]}}],"collection":[{"href":"https:\/\/larevistadigital.com.ar\/blog\/wp-json\/wp\/v2\/posts"}],"about":[{"href":"https:\/\/larevistadigital.com.ar\/blog\/wp-json\/wp\/v2\/types\/post"}],"author":[{"embeddable":true,"href":"https:\/\/larevistadigital.com.ar\/blog\/wp-json\/wp\/v2\/users\/3"}],"replies":[{"embeddable":true,"href":"https:\/\/larevistadigital.com.ar\/blog\/wp-json\/wp\/v2\/comments?post=23310"}],"version-history":[{"count":1,"href":"https:\/\/larevistadigital.com.ar\/blog\/wp-json\/wp\/v2\/posts\/23310\/revisions"}],"predecessor-version":[{"id":23312,"href":"https:\/\/larevistadigital.com.ar\/blog\/wp-json\/wp\/v2\/posts\/23310\/revisions\/23312"}],"wp:featuredmedia":[{"embeddable":true,"href":"https:\/\/larevistadigital.com.ar\/blog\/wp-json\/wp\/v2\/media\/23311"}],"wp:attachment":[{"href":"https:\/\/larevistadigital.com.ar\/blog\/wp-json\/wp\/v2\/media?parent=23310"}],"wp:term":[{"taxonomy":"category","embeddable":true,"href":"https:\/\/larevistadigital.com.ar\/blog\/wp-json\/wp\/v2\/categories?post=23310"},{"taxonomy":"post_tag","embeddable":true,"href":"https:\/\/larevistadigital.com.ar\/blog\/wp-json\/wp\/v2\/tags?post=23310"}],"curies":[{"name":"wp","href":"https:\/\/api.w.org\/{rel}","templated":true}]}}