{"id":23315,"date":"2022-01-12T23:39:12","date_gmt":"2022-01-12T23:39:12","guid":{"rendered":"https:\/\/larevistadigital.com.ar\/blog\/?p=23315"},"modified":"2022-01-12T23:39:12","modified_gmt":"2022-01-12T23:39:12","slug":"cosechaban-en-un-campo-de-loberia-y-encontraron-restos-de-un-cohete-espacial","status":"publish","type":"post","link":"https:\/\/larevistadigital.com.ar\/blog\/cosechaban-en-un-campo-de-loberia-y-encontraron-restos-de-un-cohete-espacial\/","title":{"rendered":"COSECHABAN EN UN CAMPO DE LOBER\u00cdA Y ENCONTRARON RESTOS DE UN COHETE ESPACIAL"},"content":{"rendered":"<h2 class=\"fparrafo ctext fz18 lh25\">Se trata del Aventura I, lanzado por la empresa argentina Tlon Space S.A. Es uno de los cohetes m\u00e1s ligeros de la industria, ya que pesa menos de una tonelada. Entre otros detalles, este veh\u00edculo de alta frecuencia se construye en una semana por profesionales argentinos y su costo se encuentra por debajo de los 500.000 d\u00f3lares.<\/h2>\n<p class=\"selectionShareable\"><strong>LOBER\u00cdA &#8211;\u00a0<\/strong> Un grupo de trabajadores de la estancia \u201cLa Mora\u201d ubicada en la localidad bonaerense de Lober\u00eda que se encontraban cosechando un lote de trigo encontraron un cohete espacial con una valuaci\u00f3n de 500.000 d\u00f3lares. Se trata del Aventura I, lanzado por la empresa argentina Tlon Space S.A.<\/p>\n<blockquote>\n<h3 class=\"selectionShareable\">Mientras la cosechadora se hac\u00eda a su\u00a0 paso por un trigal, tuvieron que detener la marcha debido al incre\u00edble hallazgo.<\/h3>\n<\/blockquote>\n<p class=\"selectionShareable\">La empresa Tlon comenz\u00f3 con los vuelos de prueba en distintos puntos del pa\u00eds a comienzos de 2021 y seguir\u00e1n en esta l\u00ednea para perfeccionar el sistema TLON Aventura1. Creado por ellos, se trata del cohete m\u00e1s ligero de la industria, ya que pesa menos de una tonelada. Entre otros detalles, este veh\u00edculo de alta frecuencia se construye en una semana por profesionales argentinos y su costo se encuentra por debajo de los 500.000 d\u00f3lares, afirmaron desde la empresa.<\/p>\n<blockquote>\n<h3 class=\"selectionShareable\">Seg\u00fan explicaron, el encargado de la estancia La Mora, Rafael Puente, hab\u00eda recibido la visita de unos t\u00e9cnicos pertenecientes Tlon Space para colocar una plataforma de lanzamiento, aunque recibieron la negativa por el peligro del fuego que podr\u00eda acarrear semejante proyecto.<\/h3>\n<\/blockquote>\n<p class=\"selectionShareable\">Tlon Space hab\u00eda hecho una prueba hac\u00eda dos meses pero la misma no fue exitosa por un error en las configuraciones. Seg\u00fan los c\u00e1lculos realizados por los t\u00e9cnicos, realiz\u00f3 un recorrido de casi 20 kil\u00f3metros y se desarm\u00f3 entre la estancia La Mora y el campo lindero.<\/p>\n<blockquote>\n<h3 class=\"selectionShareable\">Ni bien fue encontrado el objeto, el encargado de La Mora llam\u00f3 a la empresa quienes sostuvieron que su hallazgo reviste una gran importancia para continuar con las experiencias y poder corregir errores y rescatar c\u00e1maras que llevaba a bordo.<\/h3>\n<\/blockquote>\n<p class=\"selectionShareable\">Seg\u00fan inform\u00f3 el portal Cuatrovientos, el encargado del campo habr\u00eda recibido una recompensa por devolverlo, la cual reparti\u00f3 con los cosecheros. (<b>InfoGEI<\/b>) Mg<\/p>\n","protected":false},"excerpt":{"rendered":"<div class=\"mh-excerpt\"><p>Se trata del Aventura I, lanzado por la empresa argentina Tlon Space S.A. Es uno de los cohetes m\u00e1s ligeros de la industria, ya que pesa menos de una tonelada. Entre otros detalles, este veh\u00edculo <a class=\"mh-excerpt-more\" href=\"https:\/\/larevistadigital.com.ar\/blog\/cosechaban-en-un-campo-de-loberia-y-encontraron-restos-de-un-cohete-espacial\/\" title=\"COSECHABAN EN UN CAMPO DE LOBER\u00cdA Y ENCONTRARON RESTOS DE UN COHETE ESPACIAL\">[Leer M\u00e1s]<\/a><\/p>\n<\/div>","protected":false},"author":3,"featured_media":23316,"comment_status":"open","ping_status":"open","sticky":false,"template":"","format":"standard","meta":{"_jetpack_memberships_contains_paid_content":false,"footnotes":"","jetpack_publicize_message":"","jetpack_publicize_feature_enabled":true,"jetpack_social_post_already_shared":true,"jetpack_social_options":{"image_generator_settings":{"template":"highway","default_image_id":0,"font":"","enabled":false},"version":2}},"categories":[51],"tags":[],"class_list":{"0":"post-23315","1":"post","2":"type-post","3":"status-publish","4":"format-standard","5":"has-post-thumbnail","7":"category-regionales"},"jetpack_publicize_connections":[],"jetpack_featured_media_url":"https:\/\/i0.wp.com\/larevistadigital.com.ar\/blog\/wp-content\/uploads\/20220111191144_cohete.jpg?fit=880%2C512&ssl=1","jetpack_sharing_enabled":true,"jetpack_shortlink":"https:\/\/wp.me\/p8qtrQ-643","jetpack-related-posts":[{"id":31722,"url":"https:\/\/larevistadigital.com.ar\/blog\/loberia-luego-de-una-interna-en-la-ucr-pablo-barrena-sera-el-candidato-a-intendente\/","url_meta":{"origin":23315,"position":0},"title":"LOBER\u00cdA: LUEGO DE UNA INTERNA EN LA UCR, PABLO BARRENA SER\u00c1 EL CANDIDATO A INTENDENTE.","author":"Alejandro Sosa Ruda","date":"23 mayo, 2023","format":false,"excerpt":"Barrena, actual Secretario de Gobierno de la Municipalidad, super\u00f3 a Jorge \"Turco\" Mauad, quien se desempe\u00f1a como Concejal. Ambos hab\u00edan expresado su deseo de ser precandidatos luego de que Fioramonti confirmara su decisi\u00f3n de no ir por la reelecci\u00f3n. 23 de mayo de 2023 LOBER\u00cdA -\u00a0 Pablo Barrena gan\u00f3 la\u2026","rel":"","context":"En \u00abPOLITICA PROVINCIAL\u00bb","block_context":{"text":"POLITICA PROVINCIAL","link":"https:\/\/larevistadigital.com.ar\/blog\/category\/politica\/politica-provincial\/"},"img":{"alt_text":"","src":"https:\/\/i0.wp.com\/larevistadigital.com.ar\/blog\/wp-content\/uploads\/20230522162900_loberia-e1684877867994.jpg?fit=880%2C341&ssl=1&resize=350%2C200","width":350,"height":200,"srcset":"https:\/\/i0.wp.com\/larevistadigital.com.ar\/blog\/wp-content\/uploads\/20230522162900_loberia-e1684877867994.jpg?fit=880%2C341&ssl=1&resize=350%2C200 1x, https:\/\/i0.wp.com\/larevistadigital.com.ar\/blog\/wp-content\/uploads\/20230522162900_loberia-e1684877867994.jpg?fit=880%2C341&ssl=1&resize=525%2C300 1.5x, https:\/\/i0.wp.com\/larevistadigital.com.ar\/blog\/wp-content\/uploads\/20230522162900_loberia-e1684877867994.jpg?fit=880%2C341&ssl=1&resize=700%2C400 2x"},"classes":[]},{"id":22798,"url":"https:\/\/larevistadigital.com.ar\/blog\/evitan-el-fin-del-mundo-la-nasa-lanzara-un-cohete-espacial-para-desviar-un-asteroide\/","url_meta":{"origin":23315,"position":1},"title":"\u00bfEVITAN EL FIN DEL MUNDO? : LA NASA LANZAR\u00c1 UN COHETE ESPACIAL PARA DESVIAR UN ASTEROIDE","author":"Alejandro Sosa Ruda","date":"24 noviembre, 2021","format":false,"excerpt":"Se trata de un ensayo para estar \"preparados\" en caso de que la humanidad necesite en alguna ocasi\u00f3n impedir que una roca espacial gigante choque contra la Tierra. La\u00a0NASA\u00a0est\u00e1 preparando el lanzamiento de una\u00a0misi\u00f3n para\u00a0estrellar\u00a0deliberadamente\u00a0una nave espacial contra un asteroide\u00a0en el marco de un ensayo para estar \"preparados\" en caso\u2026","rel":"","context":"En \u00abINTERES GENERAL\u00bb","block_context":{"text":"INTERES GENERAL","link":"https:\/\/larevistadigital.com.ar\/blog\/category\/interes-general\/"},"img":{"alt_text":"","src":"https:\/\/i0.wp.com\/larevistadigital.com.ar\/blog\/wp-content\/uploads\/291787-whatsapp-20image-202021-11-23-20at-2020-20-58.jpeg?fit=960%2C640&ssl=1&resize=350%2C200","width":350,"height":200,"srcset":"https:\/\/i0.wp.com\/larevistadigital.com.ar\/blog\/wp-content\/uploads\/291787-whatsapp-20image-202021-11-23-20at-2020-20-58.jpeg?fit=960%2C640&ssl=1&resize=350%2C200 1x, https:\/\/i0.wp.com\/larevistadigital.com.ar\/blog\/wp-content\/uploads\/291787-whatsapp-20image-202021-11-23-20at-2020-20-58.jpeg?fit=960%2C640&ssl=1&resize=525%2C300 1.5x, https:\/\/i0.wp.com\/larevistadigital.com.ar\/blog\/wp-content\/uploads\/291787-whatsapp-20image-202021-11-23-20at-2020-20-58.jpeg?fit=960%2C640&ssl=1&resize=700%2C400 2x"},"classes":[]},{"id":20095,"url":"https:\/\/larevistadigital.com.ar\/blog\/alerta-un-cohete-chino-fuera-de-control-caeria-este-fin-de-semana-en-la-tierra\/","url_meta":{"origin":23315,"position":2},"title":"ALERTA: UN COHETE CHINO, FUERA DE CONTROL CAER\u00cdA ESTE FIN DE SEMANA EN LA TIERRA.","author":"Alejandro Sosa Ruda","date":"5 mayo, 2021","format":false,"excerpt":"Advierten que es imposible predecir en qu\u00e9 lugar caer\u00edan sus restos pero aseguran que el riesgo de que haya alg\u00fan da\u00f1o o de que impacte a alguien es bastante peque\u00f1o. El Pent\u00e1gono dice que est\u00e1 rastreando un gran cohete chino que est\u00e1 fuera de control y listo para volver a\u2026","rel":"","context":"En \u00abDESTACADAS\u00bb","block_context":{"text":"DESTACADAS","link":"https:\/\/larevistadigital.com.ar\/blog\/category\/destacadas\/"},"img":{"alt_text":"","src":"https:\/\/i0.wp.com\/larevistadigital.com.ar\/blog\/wp-content\/uploads\/a46b2b9bbdf2e656b119ab21027e6f8045c054fe.jpg?fit=1140%2C649&ssl=1&resize=350%2C200","width":350,"height":200,"srcset":"https:\/\/i0.wp.com\/larevistadigital.com.ar\/blog\/wp-content\/uploads\/a46b2b9bbdf2e656b119ab21027e6f8045c054fe.jpg?fit=1140%2C649&ssl=1&resize=350%2C200 1x, https:\/\/i0.wp.com\/larevistadigital.com.ar\/blog\/wp-content\/uploads\/a46b2b9bbdf2e656b119ab21027e6f8045c054fe.jpg?fit=1140%2C649&ssl=1&resize=525%2C300 1.5x, https:\/\/i0.wp.com\/larevistadigital.com.ar\/blog\/wp-content\/uploads\/a46b2b9bbdf2e656b119ab21027e6f8045c054fe.jpg?fit=1140%2C649&ssl=1&resize=700%2C400 2x, https:\/\/i0.wp.com\/larevistadigital.com.ar\/blog\/wp-content\/uploads\/a46b2b9bbdf2e656b119ab21027e6f8045c054fe.jpg?fit=1140%2C649&ssl=1&resize=1050%2C600 3x"},"classes":[]},{"id":29400,"url":"https:\/\/larevistadigital.com.ar\/blog\/exploto-una-cocina-el-gasista-y-el-ama-de-casa-terminaron-heridos\/","url_meta":{"origin":23315,"position":3},"title":"EXPLOT\u00d3 UNA COCINA: EL GASISTA Y EL AMA DE CASA TERMINARON HERIDOS","author":"Alejandro Sosa Ruda","date":"11 diciembre, 2022","format":false,"excerpt":"Los Bomberos acudieron al lugar con tres dotaciones y los heridos fueron trasladados al hospital de Lober\u00eda. Los doctores constataron en ambos quemaduras tipo A y B y, seg\u00fan se supo, se encuentran estables y controlados. 10 de diciembre de 2022 LOBER\u00cdA -\u00a0 El episodio se registr\u00f3 este lunes por\u2026","rel":"","context":"En \u00abREGIONALES\u00bb","block_context":{"text":"REGIONALES","link":"https:\/\/larevistadigital.com.ar\/blog\/category\/regionales\/"},"img":{"alt_text":"","src":"https:\/\/i0.wp.com\/larevistadigital.com.ar\/blog\/wp-content\/uploads\/20221209192951_loberia.jpg?fit=880%2C512&ssl=1&resize=350%2C200","width":350,"height":200,"srcset":"https:\/\/i0.wp.com\/larevistadigital.com.ar\/blog\/wp-content\/uploads\/20221209192951_loberia.jpg?fit=880%2C512&ssl=1&resize=350%2C200 1x, https:\/\/i0.wp.com\/larevistadigital.com.ar\/blog\/wp-content\/uploads\/20221209192951_loberia.jpg?fit=880%2C512&ssl=1&resize=525%2C300 1.5x, https:\/\/i0.wp.com\/larevistadigital.com.ar\/blog\/wp-content\/uploads\/20221209192951_loberia.jpg?fit=880%2C512&ssl=1&resize=700%2C400 2x"},"classes":[]},{"id":8040,"url":"https:\/\/larevistadigital.com.ar\/blog\/encuentran-cadaver-en-villa-elisa-tratan-de-establecer-si-es-la-odontologa-buscada\/","url_meta":{"origin":23315,"position":4},"title":"ENCUENTRAN CAD\u00c1VER EN VILLA ELISA, TRATAN DE ESTABLECER SI ES LA ODONT\u00d3LOGA BUSCADA","author":"Alejandro Sosa Ruda","date":"29 enero, 2019","format":false,"excerpt":"En un nuevo rastrillaje de b\u00fasqueda de la odont\u00f3loga Gisella Solis Calle, la polic\u00eda bonaerense hall\u00f3 un cad\u00e1ver enterrado en cercan\u00edas del denominado Camino Negro y ahora investigan si se trata del cuerpo de la mujer desaparecida hace casi dos semanas. \"Esta ma\u00f1ana, los investigadores encontraron el cuerpo en el\u2026","rel":"","context":"En \u00abDESTACADAS\u00bb","block_context":{"text":"DESTACADAS","link":"https:\/\/larevistadigital.com.ar\/blog\/category\/destacadas\/"},"img":{"alt_text":"","src":"https:\/\/i0.wp.com\/larevistadigital.com.ar\/blog\/wp-content\/uploads\/2019\/01\/ENCUENTRAN-CUERPO.jpg?fit=1033%2C688&ssl=1&resize=350%2C200","width":350,"height":200,"srcset":"https:\/\/i0.wp.com\/larevistadigital.com.ar\/blog\/wp-content\/uploads\/2019\/01\/ENCUENTRAN-CUERPO.jpg?fit=1033%2C688&ssl=1&resize=350%2C200 1x, https:\/\/i0.wp.com\/larevistadigital.com.ar\/blog\/wp-content\/uploads\/2019\/01\/ENCUENTRAN-CUERPO.jpg?fit=1033%2C688&ssl=1&resize=525%2C300 1.5x, https:\/\/i0.wp.com\/larevistadigital.com.ar\/blog\/wp-content\/uploads\/2019\/01\/ENCUENTRAN-CUERPO.jpg?fit=1033%2C688&ssl=1&resize=700%2C400 2x"},"classes":[]},{"id":21202,"url":"https:\/\/larevistadigital.com.ar\/blog\/jeff-bezos-cumplio-su-sueo-de-viajes-espaciales-para-turistas\/","url_meta":{"origin":23315,"position":5},"title":"JEFF BEZOS CUMPLI\u00d3 SU SUEO DE VIAJES ESPACIALES PARA TURISTAS","author":"Alejandro Sosa Ruda","date":"20 julio, 2021","format":false,"excerpt":"Diez minutos dur\u00f3 el viaje del hombre m\u00e1s rico del mundo al espacio. Comparti\u00f3 el vuelo en la nave New Shepard junto a su hermano Mark, la expiloto Wally Funk, una mujer de 82 a\u00f1os, y el holand\u00e9s Oliver Daemenen, un joven de 18 a\u00f1os. VAN HORN, Estados Unidos.- Jeff\u2026","rel":"","context":"En \u00abINTERES GENERAL\u00bb","block_context":{"text":"INTERES GENERAL","link":"https:\/\/larevistadigital.com.ar\/blog\/category\/interes-general\/"},"img":{"alt_text":"","src":"https:\/\/i0.wp.com\/larevistadigital.com.ar\/blog\/wp-content\/uploads\/Captura-de-pantalla-2021-07-20-134538.png?fit=1008%2C562&ssl=1&resize=350%2C200","width":350,"height":200,"srcset":"https:\/\/i0.wp.com\/larevistadigital.com.ar\/blog\/wp-content\/uploads\/Captura-de-pantalla-2021-07-20-134538.png?fit=1008%2C562&ssl=1&resize=350%2C200 1x, https:\/\/i0.wp.com\/larevistadigital.com.ar\/blog\/wp-content\/uploads\/Captura-de-pantalla-2021-07-20-134538.png?fit=1008%2C562&ssl=1&resize=525%2C300 1.5x, https:\/\/i0.wp.com\/larevistadigital.com.ar\/blog\/wp-content\/uploads\/Captura-de-pantalla-2021-07-20-134538.png?fit=1008%2C562&ssl=1&resize=700%2C400 2x"},"classes":[]}],"_links":{"self":[{"href":"https:\/\/larevistadigital.com.ar\/blog\/wp-json\/wp\/v2\/posts\/23315","targetHints":{"allow":["GET"]}}],"collection":[{"href":"https:\/\/larevistadigital.com.ar\/blog\/wp-json\/wp\/v2\/posts"}],"about":[{"href":"https:\/\/larevistadigital.com.ar\/blog\/wp-json\/wp\/v2\/types\/post"}],"author":[{"embeddable":true,"href":"https:\/\/larevistadigital.com.ar\/blog\/wp-json\/wp\/v2\/users\/3"}],"replies":[{"embeddable":true,"href":"https:\/\/larevistadigital.com.ar\/blog\/wp-json\/wp\/v2\/comments?post=23315"}],"version-history":[{"count":1,"href":"https:\/\/larevistadigital.com.ar\/blog\/wp-json\/wp\/v2\/posts\/23315\/revisions"}],"predecessor-version":[{"id":23317,"href":"https:\/\/larevistadigital.com.ar\/blog\/wp-json\/wp\/v2\/posts\/23315\/revisions\/23317"}],"wp:featuredmedia":[{"embeddable":true,"href":"https:\/\/larevistadigital.com.ar\/blog\/wp-json\/wp\/v2\/media\/23316"}],"wp:attachment":[{"href":"https:\/\/larevistadigital.com.ar\/blog\/wp-json\/wp\/v2\/media?parent=23315"}],"wp:term":[{"taxonomy":"category","embeddable":true,"href":"https:\/\/larevistadigital.com.ar\/blog\/wp-json\/wp\/v2\/categories?post=23315"},{"taxonomy":"post_tag","embeddable":true,"href":"https:\/\/larevistadigital.com.ar\/blog\/wp-json\/wp\/v2\/tags?post=23315"}],"curies":[{"name":"wp","href":"https:\/\/api.w.org\/{rel}","templated":true}]}}