{"id":23318,"date":"2022-01-12T23:47:49","date_gmt":"2022-01-12T23:47:49","guid":{"rendered":"https:\/\/larevistadigital.com.ar\/blog\/?p=23318"},"modified":"2022-01-12T23:47:49","modified_gmt":"2022-01-12T23:47:49","slug":"claromeco-turistas-reciben-multas-de-hasta-30-000-pesos-por-llevar-sus-perros-a-las-playas","status":"publish","type":"post","link":"https:\/\/larevistadigital.com.ar\/blog\/claromeco-turistas-reciben-multas-de-hasta-30-000-pesos-por-llevar-sus-perros-a-las-playas\/","title":{"rendered":"CLAROMEC\u00d3: TURISTAS RECIBEN MULTAS DE HASTA 30.000 PESOS POR LLEVAR SUS PERROS A LAS PLAYAS"},"content":{"rendered":"<h2 class=\"fparrafo ctext fz18 lh25\">En ese destino tur\u00edstico, partido de Tres Arroyos, se encuentra prohibido y penalizado por ordenanza que las personas ingresen con mascotas a las playas habilitadas como balnearios. Para quienes lo hagan, la normativa establece multas.<\/h2>\n<p><strong>CLAROMEC\u00d3 &#8211;<\/strong>\u00a0El pasado domingo la Inspecci\u00f3n General del Ente Descentralizado Claromec\u00f3 Servicios Tur\u00edsticos realiz\u00f3 13 actas de infracci\u00f3n a personas que bajaron a la playa con sus perros en zona de ba\u00f1istas.<\/p>\n<blockquote>\n<h3 class=\"selectionShareable\">En ese destino tur\u00edstico, partido de Tres Arroyos, se encuentra prohibido y penalizado por ordenanza que las personas ingresen con mascotas a las playas habilitadas como balnearios. Para quienes lo hagan, la normativa establece multas de hasta 30 mil pesos.<\/h3>\n<\/blockquote>\n<p class=\"selectionShareable\"><strong><em>\u201cEs muy importante que se tome conciencia. Ya no vamos a ser m\u00e1s flexibles; bajamos a hacer multas directas. Se quiso concientizar a la gente durante este tiempo, la gente no entr\u00f3 en raz\u00f3n\u201d<\/em><\/strong>, afirm\u00f3 el \u00a0inspector general del Organismo Descentralizado <strong>Jorge Satini<\/strong>, al diario La Voz del Pueblo.<\/p>\n<blockquote>\n<h3 class=\"selectionShareable\">Aunque en Claromec\u00f3 la ordenanza rige desde hace varios a\u00f1os, hasta ahora las autoridades municipales nunca hab\u00edan controlado su efectivo cumplimiento. Sin embargo, se tom\u00f3 esta decisi\u00f3n luego que el \u00faltimo s\u00e1bado un perro mordi\u00f3 a un joven en la playa. Como nadie manifest\u00f3 ser el propietario del animal, las autoridades locales decidieron alojarlo en el Corral\u00f3n Municipal. Luego, los due\u00f1os se presentaron para retirarlo.<\/h3>\n<\/blockquote>\n<p class=\"selectionShareable\">Ante esta situaci\u00f3n, en la plataforma Change.org se inici\u00f3 una junta de firmas para que se habilite una playa amigable con las mascotas. <strong><em>\u201cQueremos una zona de la playa para poder bajar con nuestras mascotas que son parte de la familia\u201d<\/em><\/strong>, apunta la petici\u00f3n online y agrega<strong><em> \u201cbajemos con correas y documentaci\u00f3n con toda la vacunaci\u00f3n correspondiente y nuestras bolsas para juntar los desechos\u201d.<\/em><\/strong><\/p>\n<p class=\"selectionShareable\"><strong><em>\u201cNo tenemos que irnos lejos a la zona que est\u00e1n todos los autos que corremos riesgo de que los pisen. Tiene que haber una zona c\u00e9ntrica que sea amigable con nuestras mascotas. Somos muchas familias que las mascotas son uno m\u00e1s, exijamos una zona en la que todos seamos responsables con lo nuestro\u201d<\/em><\/strong> expresaron en la petici\u00f3n de Change.org. (<b>InfoGEI<\/b>) Mg<\/p>\n","protected":false},"excerpt":{"rendered":"<div class=\"mh-excerpt\"><p>En ese destino tur\u00edstico, partido de Tres Arroyos, se encuentra prohibido y penalizado por ordenanza que las personas ingresen con mascotas a las playas habilitadas como balnearios. Para quienes lo hagan, la normativa establece multas. <a class=\"mh-excerpt-more\" href=\"https:\/\/larevistadigital.com.ar\/blog\/claromeco-turistas-reciben-multas-de-hasta-30-000-pesos-por-llevar-sus-perros-a-las-playas\/\" title=\"CLAROMEC\u00d3: TURISTAS RECIBEN MULTAS DE HASTA 30.000 PESOS POR LLEVAR SUS PERROS A LAS PLAYAS\">[Leer M\u00e1s]<\/a><\/p>\n<\/div>","protected":false},"author":3,"featured_media":23320,"comment_status":"open","ping_status":"open","sticky":false,"template":"","format":"standard","meta":{"_jetpack_memberships_contains_paid_content":false,"footnotes":"","jetpack_publicize_message":"","jetpack_publicize_feature_enabled":true,"jetpack_social_post_already_shared":true,"jetpack_social_options":{"image_generator_settings":{"template":"highway","default_image_id":0,"font":"","enabled":false},"version":2}},"categories":[51],"tags":[],"class_list":{"0":"post-23318","1":"post","2":"type-post","3":"status-publish","4":"format-standard","5":"has-post-thumbnail","7":"category-regionales"},"jetpack_publicize_connections":[],"jetpack_featured_media_url":"https:\/\/i0.wp.com\/larevistadigital.com.ar\/blog\/wp-content\/uploads\/20220112165637_perro.jpg?fit=880%2C512&ssl=1","jetpack_sharing_enabled":true,"jetpack_shortlink":"https:\/\/wp.me\/p8qtrQ-646","jetpack-related-posts":[{"id":12998,"url":"https:\/\/larevistadigital.com.ar\/blog\/atencion-aumentan-las-multas-en-la-provincia-exceso-velocidad-hasta-54-000\/","url_meta":{"origin":23318,"position":0},"title":"\u00a1ATENCI\u00d3N! AUMENTAN LAS MULTAS EN LA PROVINCIA: EXCESO VELOCIDAD HASTA $54.000.-","author":"Alejandro Sosa Ruda","date":"3 noviembre, 2019","format":false,"excerpt":"El exceso de velocidad ser\u00e1 penalizado ahora con una multa de entre 8.076 pesos y hasta 53.840 pesos y cruzar un sem\u00e1foro en rojo, desde 16.152 y hasta 53.840 pesos. Las multas de tr\u00e1nsito en la provincia de Buenos Aires aumentaron al ajustarse el valor de la Unidad Fija (UF)\u2026","rel":"","context":"En \u00abREGIONALES\u00bb","block_context":{"text":"REGIONALES","link":"https:\/\/larevistadigital.com.ar\/blog\/category\/regionales\/"},"img":{"alt_text":"","src":"https:\/\/i0.wp.com\/larevistadigital.com.ar\/blog\/wp-content\/uploads\/image59d4b31a3c1fa.jpg?fit=945%2C532&ssl=1&resize=350%2C200","width":350,"height":200,"srcset":"https:\/\/i0.wp.com\/larevistadigital.com.ar\/blog\/wp-content\/uploads\/image59d4b31a3c1fa.jpg?fit=945%2C532&ssl=1&resize=350%2C200 1x, https:\/\/i0.wp.com\/larevistadigital.com.ar\/blog\/wp-content\/uploads\/image59d4b31a3c1fa.jpg?fit=945%2C532&ssl=1&resize=525%2C300 1.5x, https:\/\/i0.wp.com\/larevistadigital.com.ar\/blog\/wp-content\/uploads\/image59d4b31a3c1fa.jpg?fit=945%2C532&ssl=1&resize=700%2C400 2x"},"classes":[]},{"id":34362,"url":"https:\/\/larevistadigital.com.ar\/blog\/busqueda-desesperada-de-un-hombre-que-desaparecio-el-viernes-en-claromeco\/","url_meta":{"origin":23318,"position":1},"title":"BUSQUEDA DESESPERADA DE UN HOMBRE QUE DESAPARECI\u00d3 EL VIERNES EN CLAROMEC\u00d3","author":"Alejandro Sosa Ruda","date":"5 noviembre, 2023","format":false,"excerpt":"|Se trata de N\u00e9stor Zoquini, de 32 a\u00f1os, quien fue visto por \u00faltima vez cuando se dirigi\u00f3 a darle de comer a sus caballos, cerca de la zona del Paseo del Arroyo. Por cualquier informaci\u00f3n relevante, comunicarse al tel\u00e9fono 02982-495015, perteneciente a la Estaci\u00f3n Segunda de Polic\u00eda de la localidad\u2026","rel":"","context":"En \u00abPOLICIALES\u00bb","block_context":{"text":"POLICIALES","link":"https:\/\/larevistadigital.com.ar\/blog\/category\/policiales\/"},"img":{"alt_text":"","src":"https:\/\/i0.wp.com\/larevistadigital.com.ar\/blog\/wp-content\/uploads\/20231105163031_zoquini.jpg?fit=880%2C512&ssl=1&resize=350%2C200","width":350,"height":200,"srcset":"https:\/\/i0.wp.com\/larevistadigital.com.ar\/blog\/wp-content\/uploads\/20231105163031_zoquini.jpg?fit=880%2C512&ssl=1&resize=350%2C200 1x, https:\/\/i0.wp.com\/larevistadigital.com.ar\/blog\/wp-content\/uploads\/20231105163031_zoquini.jpg?fit=880%2C512&ssl=1&resize=525%2C300 1.5x, https:\/\/i0.wp.com\/larevistadigital.com.ar\/blog\/wp-content\/uploads\/20231105163031_zoquini.jpg?fit=880%2C512&ssl=1&resize=700%2C400 2x"},"classes":[]},{"id":38567,"url":"https:\/\/larevistadigital.com.ar\/blog\/la-circulacion-de-cuatriciclos-se-encuentra-prohibida-en-el-area-urbana-de-chascomus\/","url_meta":{"origin":23318,"position":2},"title":"La circulaci\u00f3n de cuatriciclos se encuentra prohibida en el \u00e1rea urbana de Chascom\u00fas.","author":"Alejandro Sosa Ruda","date":"29 enero, 2025","format":false,"excerpt":"La normativa vigente establece sanciones econ\u00f3micas para quienes utilicen estos veh\u00edculos. 29 de Enero de 2025 CHASCOM\u00daS -\u00a0 En Chascom\u00fas no est\u00e1 permitida la circulaci\u00f3n de cuatriciclos ni triciclos motorizados en el \u00e1rea urbana, de acuerdo con lo establecido en la ordenanza 5457\/20 (C\u00f3digo Contravencional municipal).\u00a0 Seg\u00fan el art\u00edculo 120\u2026","rel":"","context":"En \u00abCHASCOM\u00daS\u00bb","block_context":{"text":"CHASCOM\u00daS","link":"https:\/\/larevistadigital.com.ar\/blog\/category\/chascomus\/"},"img":{"alt_text":"","src":"https:\/\/i0.wp.com\/larevistadigital.com.ar\/blog\/wp-content\/uploads\/679911b9859ca.png?fit=668%2C445&ssl=1&resize=350%2C200","width":350,"height":200,"srcset":"https:\/\/i0.wp.com\/larevistadigital.com.ar\/blog\/wp-content\/uploads\/679911b9859ca.png?fit=668%2C445&ssl=1&resize=350%2C200 1x, https:\/\/i0.wp.com\/larevistadigital.com.ar\/blog\/wp-content\/uploads\/679911b9859ca.png?fit=668%2C445&ssl=1&resize=525%2C300 1.5x"},"classes":[]},{"id":42214,"url":"https:\/\/larevistadigital.com.ar\/blog\/esta-prohibido-sacar-fotos-a-la-bup-y-habra-multas-para-quienes-lo-hagan\/","url_meta":{"origin":23318,"position":3},"title":"Est\u00e1 prohibido sacar fotos a la BUP y habr\u00e1 multas para quienes lo hagan","author":"Alejandro Sosa Ruda","date":"24 octubre, 2025","format":false,"excerpt":"El C\u00f3digo Electoral Nacional indica que los votantes tienen prohibido tomar fotograf\u00edas de la Boleta \u00danica durante los comicios. Quienes incumplan ser\u00e1n sancionados con una multa de $77.000. En las elecciones legislativas nacionales de este domingo 26 de octubre est\u00e1 prohibido tomar fotograf\u00edas de la Boleta \u00danica de Papel (BUP),\u2026","rel":"","context":"En \u00abINTERES GENERAL\u00bb","block_context":{"text":"INTERES GENERAL","link":"https:\/\/larevistadigital.com.ar\/blog\/category\/interes-general\/"},"img":{"alt_text":"","src":"https:\/\/i0.wp.com\/larevistadigital.com.ar\/blog\/wp-content\/uploads\/Captura-de-pantalla-2025-10-24-125043.jpg?fit=732%2C474&ssl=1&resize=350%2C200","width":350,"height":200,"srcset":"https:\/\/i0.wp.com\/larevistadigital.com.ar\/blog\/wp-content\/uploads\/Captura-de-pantalla-2025-10-24-125043.jpg?fit=732%2C474&ssl=1&resize=350%2C200 1x, https:\/\/i0.wp.com\/larevistadigital.com.ar\/blog\/wp-content\/uploads\/Captura-de-pantalla-2025-10-24-125043.jpg?fit=732%2C474&ssl=1&resize=525%2C300 1.5x, https:\/\/i0.wp.com\/larevistadigital.com.ar\/blog\/wp-content\/uploads\/Captura-de-pantalla-2025-10-24-125043.jpg?fit=732%2C474&ssl=1&resize=700%2C400 2x"},"classes":[]},{"id":15785,"url":"https:\/\/larevistadigital.com.ar\/blog\/carlos-casares-aplicara-multas-de-hasta-100-000-a-quienes-mientan-al-ingresar-al-municipio\/","url_meta":{"origin":23318,"position":4},"title":"CARLOS CASARES APLICAR\u00c1 MULTAS DE HASTA $100.000.- A QUIENES MIENTAN AL INGRESAR AL MUNICIPIO","author":"Alejandro Sosa Ruda","date":"24 junio, 2020","format":false,"excerpt":"Tambi\u00e9n ser\u00e1n infraccionados con 20 mil pesos lo que usen accesos cerrados por mont\u00edculos. \u201cNo tiene un esp\u00edritu polic\u00edaco ni recaudatorio, es para generar consciencia\u201d, expres\u00f3 el intendente Walter Torchio del Frente de Todos. La comuna tiene un solo caso de COVID-9 y est\u00e1 en fase 5. El mandatario local,\u2026","rel":"","context":"En \u00abINTERES GENERAL\u00bb","block_context":{"text":"INTERES GENERAL","link":"https:\/\/larevistadigital.com.ar\/blog\/category\/interes-general\/"},"img":{"alt_text":"","src":"https:\/\/i0.wp.com\/larevistadigital.com.ar\/blog\/wp-content\/uploads\/Intendente-Walter-Torchio-.jpeg?fit=1200%2C695&ssl=1&resize=350%2C200","width":350,"height":200,"srcset":"https:\/\/i0.wp.com\/larevistadigital.com.ar\/blog\/wp-content\/uploads\/Intendente-Walter-Torchio-.jpeg?fit=1200%2C695&ssl=1&resize=350%2C200 1x, https:\/\/i0.wp.com\/larevistadigital.com.ar\/blog\/wp-content\/uploads\/Intendente-Walter-Torchio-.jpeg?fit=1200%2C695&ssl=1&resize=525%2C300 1.5x, https:\/\/i0.wp.com\/larevistadigital.com.ar\/blog\/wp-content\/uploads\/Intendente-Walter-Torchio-.jpeg?fit=1200%2C695&ssl=1&resize=700%2C400 2x, https:\/\/i0.wp.com\/larevistadigital.com.ar\/blog\/wp-content\/uploads\/Intendente-Walter-Torchio-.jpeg?fit=1200%2C695&ssl=1&resize=1050%2C600 3x"},"classes":[]},{"id":22162,"url":"https:\/\/larevistadigital.com.ar\/blog\/preocupacion-por-vibora-de-cascabel-que-mordio-a-tres-perros\/","url_meta":{"origin":23318,"position":5},"title":"PREOCUPACI\u00d3N POR V\u00cdBORA DE CASCABEL QUE MORDI\u00d3 A TRES PERROS","author":"Alejandro Sosa Ruda","date":"29 septiembre, 2021","format":false,"excerpt":"CLAROMEC\u00d3 - En las \u00faltimas horas una v\u00edbora de cascabel apareci\u00f3 en un domicilio ubicado en la zona de las cortaderas de la localidad de Claromec\u00f3. La serpiente caus\u00f3 un enorme susto, ya que adem\u00e1s mordi\u00f3 a tres perros. El guardafauna de Claromec\u00f3 Juan \u201cTito\u201d Gasverde, acudi\u00f3 al lugar para\u2026","rel":"","context":"En \u00abINTERES GENERAL\u00bb","block_context":{"text":"INTERES GENERAL","link":"https:\/\/larevistadigital.com.ar\/blog\/category\/interes-general\/"},"img":{"alt_text":"","src":"https:\/\/i0.wp.com\/larevistadigital.com.ar\/blog\/wp-content\/uploads\/fotonoticia_20200217170857_1200.jpg?fit=1200%2C792&ssl=1&resize=350%2C200","width":350,"height":200,"srcset":"https:\/\/i0.wp.com\/larevistadigital.com.ar\/blog\/wp-content\/uploads\/fotonoticia_20200217170857_1200.jpg?fit=1200%2C792&ssl=1&resize=350%2C200 1x, https:\/\/i0.wp.com\/larevistadigital.com.ar\/blog\/wp-content\/uploads\/fotonoticia_20200217170857_1200.jpg?fit=1200%2C792&ssl=1&resize=525%2C300 1.5x, https:\/\/i0.wp.com\/larevistadigital.com.ar\/blog\/wp-content\/uploads\/fotonoticia_20200217170857_1200.jpg?fit=1200%2C792&ssl=1&resize=700%2C400 2x, https:\/\/i0.wp.com\/larevistadigital.com.ar\/blog\/wp-content\/uploads\/fotonoticia_20200217170857_1200.jpg?fit=1200%2C792&ssl=1&resize=1050%2C600 3x"},"classes":[]}],"_links":{"self":[{"href":"https:\/\/larevistadigital.com.ar\/blog\/wp-json\/wp\/v2\/posts\/23318","targetHints":{"allow":["GET"]}}],"collection":[{"href":"https:\/\/larevistadigital.com.ar\/blog\/wp-json\/wp\/v2\/posts"}],"about":[{"href":"https:\/\/larevistadigital.com.ar\/blog\/wp-json\/wp\/v2\/types\/post"}],"author":[{"embeddable":true,"href":"https:\/\/larevistadigital.com.ar\/blog\/wp-json\/wp\/v2\/users\/3"}],"replies":[{"embeddable":true,"href":"https:\/\/larevistadigital.com.ar\/blog\/wp-json\/wp\/v2\/comments?post=23318"}],"version-history":[{"count":1,"href":"https:\/\/larevistadigital.com.ar\/blog\/wp-json\/wp\/v2\/posts\/23318\/revisions"}],"predecessor-version":[{"id":23321,"href":"https:\/\/larevistadigital.com.ar\/blog\/wp-json\/wp\/v2\/posts\/23318\/revisions\/23321"}],"wp:featuredmedia":[{"embeddable":true,"href":"https:\/\/larevistadigital.com.ar\/blog\/wp-json\/wp\/v2\/media\/23320"}],"wp:attachment":[{"href":"https:\/\/larevistadigital.com.ar\/blog\/wp-json\/wp\/v2\/media?parent=23318"}],"wp:term":[{"taxonomy":"category","embeddable":true,"href":"https:\/\/larevistadigital.com.ar\/blog\/wp-json\/wp\/v2\/categories?post=23318"},{"taxonomy":"post_tag","embeddable":true,"href":"https:\/\/larevistadigital.com.ar\/blog\/wp-json\/wp\/v2\/tags?post=23318"}],"curies":[{"name":"wp","href":"https:\/\/api.w.org\/{rel}","templated":true}]}}