{"id":2332,"date":"2017-06-09T17:26:55","date_gmt":"2017-06-09T17:26:55","guid":{"rendered":"https:\/\/larevistadigital.com.ar\/blog\/?p=2332"},"modified":"2017-06-09T17:26:55","modified_gmt":"2017-06-09T17:26:55","slug":"para-emilio-persico-cristina-no-tiene-que-ser-candidata","status":"publish","type":"post","link":"https:\/\/larevistadigital.com.ar\/blog\/para-emilio-persico-cristina-no-tiene-que-ser-candidata\/","title":{"rendered":"PARA EMILIO PERSICO, \u201cCRISTINA NO TIENE QUE SER CANDIDATA\u201d"},"content":{"rendered":"<p>&nbsp;<\/p>\n<p>El referente del Movimiento Evita, <strong>Emilio P\u00e9rsico<\/strong>, consider\u00f3 que la ex presidente Cristina Fern\u00e1ndez de Kirchner, <strong><em>\u00abnos hace discutir el pasado y no discutir el futuro\u00bb<\/em><\/strong> y opin\u00f3 que <strong><em>\u00abtienen que ser otros los candidatos, con todo el riesgo que eso implica\u00bb<\/em><\/strong>.<\/p>\n<p>Adem\u00e1s, pidi\u00f3 al kirchnerismo que permita que las candidaturas sean dirimidas en las PASO, afirmando adem\u00e1s que ser\u00eda una locura proscribir a <strong>Randazzo<\/strong> de una eventual interna.<\/p>\n<blockquote><p><strong><em>\u00abTenemos que salir de la contradicci\u00f3n del pasado y empezar a discutir el futuro porque sino, no vamos a enamorar a nuestros compa\u00f1eros, no vamos a encontrar una base social\u00bb <\/em><\/strong>afirm\u00f3 el dirigente, agregando que \u201c<strong><em>hay que salir de divisi\u00f3n kirchnerismo y antikirchnerismo y empezar a discutir de vuelta un proyecto de pa\u00eds, un proyecto nacional\u00bb<\/em><\/strong> y concluy\u00f3 que <strong><em>\u00abse est\u00e1 discutiendo cu\u00e1l es la forma de reconstrucci\u00f3n del peronismo y para nosotros es con una gran PASO\u00bb<\/em><\/strong><\/p><\/blockquote>\n<p>De todas maneras, P\u00e9rsico descart\u00f3 enfrentar al kirchnerismo y record\u00f3 que los movimientos sociales defendieron a Cristina en todo momento, pero afirmando que tambi\u00e9n pueden ser una \u201calternativa superadora\u201d.<\/p>\n<p>Tambi\u00e9n sostuvo que <strong><em>\u00abYo estoy de acuerdo con (el ex ministro de Econom\u00eda Axel) Kicillof que Cristina no ten\u00eda que ser candidata porque nos hace discutir el pasado y no discutir el futuro\u00bb<\/em><\/strong>, sentenci\u00f3 el dirigente, quien resalt\u00f3 que en el peronismo tienen que <strong><em>\u00abtrabajar todos juntos para la reconstrucci\u00f3n\u00bb<\/em><\/strong>.<\/p>\n<p>Consultado por el reclamo de un sector del peronismo para que se le habilite la participaci\u00f3n de Randazzo en las PASO, respondi\u00f3: <strong><em>\u00abEs una locura. Es infantil la proscripci\u00f3n. No tiene sentido. C\u00f3mo van a decir que no participe. Fue una ley que hizo N\u00e9stor (Kirchner), es una locura\u00bb.<\/em><\/strong><\/p>\n<p><strong>FUENTE: LAPOLITICAONLINE<\/strong><\/p>\n<p>&nbsp;<\/p>\n","protected":false},"excerpt":{"rendered":"<div class=\"mh-excerpt\"><p>&nbsp; El referente del Movimiento Evita, Emilio P\u00e9rsico, consider\u00f3 que la ex presidente Cristina Fern\u00e1ndez de Kirchner, \u00abnos hace discutir el pasado y no discutir el futuro\u00bb y opin\u00f3 que \u00abtienen que ser otros los <a class=\"mh-excerpt-more\" href=\"https:\/\/larevistadigital.com.ar\/blog\/para-emilio-persico-cristina-no-tiene-que-ser-candidata\/\" title=\"PARA EMILIO PERSICO, \u201cCRISTINA NO TIENE QUE SER CANDIDATA\u201d\">[Leer M\u00e1s]<\/a><\/p>\n<\/div>","protected":false},"author":3,"featured_media":2333,"comment_status":"open","ping_status":"open","sticky":false,"template":"","format":"standard","meta":{"_jetpack_memberships_contains_paid_content":false,"footnotes":"","jetpack_publicize_message":"","jetpack_publicize_feature_enabled":true,"jetpack_social_post_already_shared":true,"jetpack_social_options":{"image_generator_settings":{"template":"highway","default_image_id":0,"font":"","enabled":false},"version":2}},"categories":[41,12,25],"tags":[],"class_list":{"0":"post-2332","1":"post","2":"type-post","3":"status-publish","4":"format-standard","5":"has-post-thumbnail","7":"category-destacadas","8":"category-politica","9":"category-politica-nacional"},"jetpack_publicize_connections":[],"jetpack_featured_media_url":"https:\/\/i0.wp.com\/larevistadigital.com.ar\/blog\/wp-content\/uploads\/2017\/06\/EMILIO-PERSICO-MOVIMIENTO-EVITA.jpg?fit=1366%2C914&ssl=1","jetpack_sharing_enabled":true,"jetpack_shortlink":"https:\/\/wp.me\/p8qtrQ-BC","jetpack-related-posts":[{"id":2480,"url":"https:\/\/larevistadigital.com.ar\/blog\/federico-pinedo-el-de-cristina-fue-un-acto-muy-macrista\/","url_meta":{"origin":2332,"position":0},"title":"FEDERICO PINEDO: \u201cEL DE CRISTINA, FUE UN ACTO MUY MACRISTA\u201d","author":"Alejandro Sosa Ruda","date":"22 junio, 2017","format":false,"excerpt":"El senador nacional calific\u00f3 de esa manera al acto de lanzamiento del frente \u201cUnidad Ciudadana\u201d, del cual la ex presidente y conductora del espacio, fue la \u00fanica oradora. Fue terminante al decir que \"Esto de no generar ataques, de buscar la unidad es una de las tres l\u00edneas de objetivos\u2026","rel":"","context":"En \u00abPOLITICA\u00bb","block_context":{"text":"POLITICA","link":"https:\/\/larevistadigital.com.ar\/blog\/category\/politica\/"},"img":{"alt_text":"","src":"https:\/\/i0.wp.com\/larevistadigital.com.ar\/blog\/wp-content\/uploads\/2017\/06\/2208706.jpg?fit=1200%2C675&ssl=1&resize=350%2C200","width":350,"height":200,"srcset":"https:\/\/i0.wp.com\/larevistadigital.com.ar\/blog\/wp-content\/uploads\/2017\/06\/2208706.jpg?fit=1200%2C675&ssl=1&resize=350%2C200 1x, https:\/\/i0.wp.com\/larevistadigital.com.ar\/blog\/wp-content\/uploads\/2017\/06\/2208706.jpg?fit=1200%2C675&ssl=1&resize=525%2C300 1.5x, https:\/\/i0.wp.com\/larevistadigital.com.ar\/blog\/wp-content\/uploads\/2017\/06\/2208706.jpg?fit=1200%2C675&ssl=1&resize=700%2C400 2x, https:\/\/i0.wp.com\/larevistadigital.com.ar\/blog\/wp-content\/uploads\/2017\/06\/2208706.jpg?fit=1200%2C675&ssl=1&resize=1050%2C600 3x"},"classes":[]},{"id":30045,"url":"https:\/\/larevistadigital.com.ar\/blog\/interna-sin-tregua-alberto-fernandez-convoco-a-la-mesa-politica-del-fdt-pero-no-iran-ni-cristina-ni-maximo\/","url_meta":{"origin":2332,"position":1},"title":"INTERNA SIN TREGUA: ALBERTO FERNANDEZ CONVOC\u00d3 A LA MESA POL\u00cdTICA DEL FDT PERO NO IR\u00c1N NI CRISTINA NI M\u00c1XIMO.","author":"Alejandro Sosa Ruda","date":"8 febrero, 2023","format":false,"excerpt":"La estructura se reunir\u00e1 el jueves 16. Jorge Capitanich admiti\u00f3 que las PASO ya no se pueden suspender. 08 de febrero de 2023 Alberto Fern\u00e1ndez\u00a0le puso fecha y hora a la convocatoria de la mesa nacional del Frente de Todos. Esta tarde, desde la Casa Rosada, confirmaron que el encuentro\u2026","rel":"","context":"En \u00abPOLITICA NACIONAL\u00bb","block_context":{"text":"POLITICA NACIONAL","link":"https:\/\/larevistadigital.com.ar\/blog\/category\/politica\/politica-nacional\/"},"img":{"alt_text":"","src":"https:\/\/i0.wp.com\/larevistadigital.com.ar\/blog\/wp-content\/uploads\/dd-1.jpg?fit=695%2C340&ssl=1&resize=350%2C200","width":350,"height":200,"srcset":"https:\/\/i0.wp.com\/larevistadigital.com.ar\/blog\/wp-content\/uploads\/dd-1.jpg?fit=695%2C340&ssl=1&resize=350%2C200 1x, https:\/\/i0.wp.com\/larevistadigital.com.ar\/blog\/wp-content\/uploads\/dd-1.jpg?fit=695%2C340&ssl=1&resize=525%2C300 1.5x"},"classes":[]},{"id":26638,"url":"https:\/\/larevistadigital.com.ar\/blog\/cristina-impulsa-un-proyecto-alternativo-al-salario-basico-universal\/","url_meta":{"origin":2332,"position":2},"title":"CRISTINA IMPULSA UN PROYECTO ALTERNATIVO AL SALARIO B\u00c1SICO UNIVERSAL","author":"Alejandro Sosa Ruda","date":"16 julio, 2022","format":false,"excerpt":"Tras la inflaci\u00f3n y la p\u00e9rdida de poder adquisitivo de las \u00faltimas semanas, el Kirchnerismo eval\u00faa un proyecto alternativo al Salario B\u00e1sico Universal (SBU) para dar una respuesta urgente de ingresos a la poblaci\u00f3n m\u00e1s vulnerable. El objetivo es presentar una incitativa propia, diferente a la que lleva la firma\u2026","rel":"","context":"En \u00abINTERES GENERAL\u00bb","block_context":{"text":"INTERES GENERAL","link":"https:\/\/larevistadigital.com.ar\/blog\/category\/interes-general\/"},"img":{"alt_text":"","src":"https:\/\/i0.wp.com\/larevistadigital.com.ar\/blog\/wp-content\/uploads\/20220716111105_cristina-kirchner-impulsa-un-proyecto-alternativo-al-salario-basico-universal.jpg?fit=880%2C512&ssl=1&resize=350%2C200","width":350,"height":200,"srcset":"https:\/\/i0.wp.com\/larevistadigital.com.ar\/blog\/wp-content\/uploads\/20220716111105_cristina-kirchner-impulsa-un-proyecto-alternativo-al-salario-basico-universal.jpg?fit=880%2C512&ssl=1&resize=350%2C200 1x, https:\/\/i0.wp.com\/larevistadigital.com.ar\/blog\/wp-content\/uploads\/20220716111105_cristina-kirchner-impulsa-un-proyecto-alternativo-al-salario-basico-universal.jpg?fit=880%2C512&ssl=1&resize=525%2C300 1.5x, https:\/\/i0.wp.com\/larevistadigital.com.ar\/blog\/wp-content\/uploads\/20220716111105_cristina-kirchner-impulsa-un-proyecto-alternativo-al-salario-basico-universal.jpg?fit=880%2C512&ssl=1&resize=700%2C400 2x"},"classes":[]},{"id":21425,"url":"https:\/\/larevistadigital.com.ar\/blog\/facundo-manes-en-la-plata-el-adversario-es-el-kirchnerismo-que-encarna-el-modelo-de-venezuela\/","url_meta":{"origin":2332,"position":3},"title":"FACUNDO MANES EN LA PLATA: \u00abEL ADVERSARIO ES EL KIRCHNER\u00cdSMO QUE ENCARNA EL MODELO DE VENEZUELA\u00bb","author":"Alejandro Sosa Ruda","date":"6 agosto, 2021","format":false,"excerpt":"El precandidato radical a diputado nacional en las pr\u00f3ximas elecciones PASO visit\u00f3 nuevamente la ciudad de La Plata, pero esta vez en modo campa\u00f1a. Manes particip\u00f3 de un encuentro con Padres Organizados frente al Ministerio de Educaci\u00f3n para recorrer posteriormente el centro comercial de la capital bonaerense, brindando una conferencia\u2026","rel":"","context":"En \u00abPOLITICA\u00bb","block_context":{"text":"POLITICA","link":"https:\/\/larevistadigital.com.ar\/blog\/category\/politica\/"},"img":{"alt_text":"","src":"https:\/\/i0.wp.com\/larevistadigital.com.ar\/blog\/wp-content\/uploads\/manes.jpg?fit=900%2C650&ssl=1&resize=350%2C200","width":350,"height":200,"srcset":"https:\/\/i0.wp.com\/larevistadigital.com.ar\/blog\/wp-content\/uploads\/manes.jpg?fit=900%2C650&ssl=1&resize=350%2C200 1x, https:\/\/i0.wp.com\/larevistadigital.com.ar\/blog\/wp-content\/uploads\/manes.jpg?fit=900%2C650&ssl=1&resize=525%2C300 1.5x, https:\/\/i0.wp.com\/larevistadigital.com.ar\/blog\/wp-content\/uploads\/manes.jpg?fit=900%2C650&ssl=1&resize=700%2C400 2x"},"classes":[]},{"id":20652,"url":"https:\/\/larevistadigital.com.ar\/blog\/destacada-participacion-de-emilio-monzo-en-la-mesa-de-mirtha-legrand-donde-dejo-claro-que-desea-ser-gobernador-de-la-provincia\/","url_meta":{"origin":2332,"position":4},"title":"DESTACADA PARTICIPACI\u00d3N DE EMILIO MONZ\u00d3 EN LA MESA DE MIRTHA LEGRAND, DONDE DEJ\u00d3 CLARO QUE DESEA SER GOBERNADOR DE LA PROVINCIA","author":"Alejandro Sosa Ruda","date":"7 junio, 2021","format":false,"excerpt":"Entre otras cosas, el ex presidente de Diputados cuestion\u00f3 el \u201cmarketing\u201d de JxC y se\u00f1al\u00f3 que Cristina Kirchner gobierna desde la \u201cintransigencia\u201d. Emilio Monz\u00f3, tuvo una importante participaci\u00f3n en la mesa de Mirtha Legrand, donde Juana Viale, quien conduce actualmente el cl\u00e1sico ciclo, le brind\u00f3 no solo gran parte del\u2026","rel":"","context":"En \u00abDESTACADAS\u00bb","block_context":{"text":"DESTACADAS","link":"https:\/\/larevistadigital.com.ar\/blog\/category\/destacadas\/"},"img":{"alt_text":"","src":"https:\/\/i0.wp.com\/larevistadigital.com.ar\/blog\/wp-content\/uploads\/MEZASA.png?fit=1200%2C582&ssl=1&resize=350%2C200","width":350,"height":200,"srcset":"https:\/\/i0.wp.com\/larevistadigital.com.ar\/blog\/wp-content\/uploads\/MEZASA.png?fit=1200%2C582&ssl=1&resize=350%2C200 1x, https:\/\/i0.wp.com\/larevistadigital.com.ar\/blog\/wp-content\/uploads\/MEZASA.png?fit=1200%2C582&ssl=1&resize=525%2C300 1.5x, https:\/\/i0.wp.com\/larevistadigital.com.ar\/blog\/wp-content\/uploads\/MEZASA.png?fit=1200%2C582&ssl=1&resize=700%2C400 2x, https:\/\/i0.wp.com\/larevistadigital.com.ar\/blog\/wp-content\/uploads\/MEZASA.png?fit=1200%2C582&ssl=1&resize=1050%2C600 3x"},"classes":[]},{"id":7577,"url":"https:\/\/larevistadigital.com.ar\/blog\/urtubey-confirmo-que-sera-candidato-a-presidente\/","url_meta":{"origin":2332,"position":5},"title":"URTUBEY CONFIRM\u00d3 QUE SER\u00c1 CANDIDATO A PRESIDENTE","author":"Alejandro Sosa Ruda","date":"4 enero, 2019","format":false,"excerpt":"Afirm\u00f3 que la gente necesita opciones para salir de la grieta entre Macri y Cristina, y no descarta una interna contra Sergio Massa En una entrevista con el periodista Joaqu\u00edn Mujica Diaz del portal de noticias Infobae, el gobernador de Salta confirm\u00f3 su candidatura presidencial por Alternativa Federal, el espacio\u2026","rel":"","context":"En \u00abPOLITICA\u00bb","block_context":{"text":"POLITICA","link":"https:\/\/larevistadigital.com.ar\/blog\/category\/politica\/"},"img":{"alt_text":"","src":"https:\/\/i0.wp.com\/larevistadigital.com.ar\/blog\/wp-content\/uploads\/2019\/01\/Screenshot_1-2.jpg?fit=700%2C514&ssl=1&resize=350%2C200","width":350,"height":200,"srcset":"https:\/\/i0.wp.com\/larevistadigital.com.ar\/blog\/wp-content\/uploads\/2019\/01\/Screenshot_1-2.jpg?fit=700%2C514&ssl=1&resize=350%2C200 1x, https:\/\/i0.wp.com\/larevistadigital.com.ar\/blog\/wp-content\/uploads\/2019\/01\/Screenshot_1-2.jpg?fit=700%2C514&ssl=1&resize=525%2C300 1.5x, https:\/\/i0.wp.com\/larevistadigital.com.ar\/blog\/wp-content\/uploads\/2019\/01\/Screenshot_1-2.jpg?fit=700%2C514&ssl=1&resize=700%2C400 2x"},"classes":[]}],"_links":{"self":[{"href":"https:\/\/larevistadigital.com.ar\/blog\/wp-json\/wp\/v2\/posts\/2332","targetHints":{"allow":["GET"]}}],"collection":[{"href":"https:\/\/larevistadigital.com.ar\/blog\/wp-json\/wp\/v2\/posts"}],"about":[{"href":"https:\/\/larevistadigital.com.ar\/blog\/wp-json\/wp\/v2\/types\/post"}],"author":[{"embeddable":true,"href":"https:\/\/larevistadigital.com.ar\/blog\/wp-json\/wp\/v2\/users\/3"}],"replies":[{"embeddable":true,"href":"https:\/\/larevistadigital.com.ar\/blog\/wp-json\/wp\/v2\/comments?post=2332"}],"version-history":[{"count":2,"href":"https:\/\/larevistadigital.com.ar\/blog\/wp-json\/wp\/v2\/posts\/2332\/revisions"}],"predecessor-version":[{"id":2348,"href":"https:\/\/larevistadigital.com.ar\/blog\/wp-json\/wp\/v2\/posts\/2332\/revisions\/2348"}],"wp:featuredmedia":[{"embeddable":true,"href":"https:\/\/larevistadigital.com.ar\/blog\/wp-json\/wp\/v2\/media\/2333"}],"wp:attachment":[{"href":"https:\/\/larevistadigital.com.ar\/blog\/wp-json\/wp\/v2\/media?parent=2332"}],"wp:term":[{"taxonomy":"category","embeddable":true,"href":"https:\/\/larevistadigital.com.ar\/blog\/wp-json\/wp\/v2\/categories?post=2332"},{"taxonomy":"post_tag","embeddable":true,"href":"https:\/\/larevistadigital.com.ar\/blog\/wp-json\/wp\/v2\/tags?post=2332"}],"curies":[{"name":"wp","href":"https:\/\/api.w.org\/{rel}","templated":true}]}}