{"id":23322,"date":"2022-01-12T23:50:45","date_gmt":"2022-01-12T23:50:45","guid":{"rendered":"https:\/\/larevistadigital.com.ar\/blog\/?p=23322"},"modified":"2022-01-12T23:50:45","modified_gmt":"2022-01-12T23:50:45","slug":"un-operario-internado-y-ocho-con-principios-de-intoxicacion-al-haber-sido-alcanzados-por-agroquimicos","status":"publish","type":"post","link":"https:\/\/larevistadigital.com.ar\/blog\/un-operario-internado-y-ocho-con-principios-de-intoxicacion-al-haber-sido-alcanzados-por-agroquimicos\/","title":{"rendered":"UN OPERARIO INTERNADO, Y OCHO CON PRINCIPIOS DE INTOXICACI\u00d3N AL HABER SIDO ALCANZADOS POR AGROQU\u00cdMICOS"},"content":{"rendered":"<h2 class=\"fparrafo ctext fz18 lh25\">Al menos nueve trabajadores sufrieron principios de intoxicaci\u00f3n, y uno fue internado en un centro de salud, al ser alcanzados por los productos en un campo del kil\u00f3metro 15 de la ruta nacional 178.<\/h2>\n<p class=\"selectionShareable\">A las seis de la ma\u00f1ana del martes en un lote implantado con girasoles operarios rurales eventuales hac\u00edan trabajos de polinizaci\u00f3n para la empresa Corteva cuando fueron alcanzados por plaguicidas qu\u00edmicos de uso agr\u00edcola aplicados por una avioneta en un campo lindero.<\/p>\n<blockquote>\n<h3 class=\"selectionShareable\">Al menos nueve trabajadores sufrieron principios de intoxicaci\u00f3n, y uno fue internado en un centro de salud, al ser alcanzados por los productos en un campo del kil\u00f3metro 15 de la ruta nacional 178.<\/h3>\n<\/blockquote>\n<p class=\"selectionShareable\">Los trabajadores, equipados con indumentaria de color naranja, barbijos y m\u00e1scaras exigidas por el protocolo de Covid y como seguridad de sus labores, ingresaron al lote de girasoles a realizar polinizaci\u00f3n cuando empez\u00f3 a realizar aplicaciones una avioneta a pocos metros de donde se encontraban.<\/p>\n<blockquote>\n<h3 class=\"selectionShareable\">Seg\u00fan inform\u00f3 el portal Eltiempodepergamino, la aeronave sigui\u00f3 con las pasadas de aplicaciones a pesar de estar bien visibles los trabajadores y los veh\u00edculos que los hab\u00edan trasladados a realizar las intervenciones.<\/h3>\n<\/blockquote>\n<p class=\"selectionShareable\">Uno de los hombres habr\u00eda sufrido el contacto con las gotas de esa aplicaci\u00f3n y el resto de los compa\u00f1eros tambi\u00e9n manifestaron dolores de cabeza, picaz\u00f3n de la boca, entre otros s\u00edntomas.<\/p>\n<blockquote>\n<h3 class=\"selectionShareable\">Estuvieron media hora expuestos hasta que decidieron dirigirse a una casilla, quitarse la indumentaria, dejarlas en una bolsa y dirigirse a la planta de la empresa para recibir asistencia.<\/h3>\n<\/blockquote>\n<p class=\"selectionShareable\">A la empresa concurrieron ambulancias de emergencias m\u00e9dicas para practicarles asistencia sanitaria porque fueron decenas los trabajadores que abandonaron las labores en los lotes implantados con girasol y ma\u00edz.<\/p>\n<p class=\"selectionShareable\">Los trabajadores grabaron videos con sus tel\u00e9fonos celulares para registrar a la avioneta desarrollando las aplicaciones. (<b>InfoGEI<\/b>) Mg<\/p>\n","protected":false},"excerpt":{"rendered":"<div class=\"mh-excerpt\"><p>Al menos nueve trabajadores sufrieron principios de intoxicaci\u00f3n, y uno fue internado en un centro de salud, al ser alcanzados por los productos en un campo del kil\u00f3metro 15 de la ruta nacional 178. A <a class=\"mh-excerpt-more\" href=\"https:\/\/larevistadigital.com.ar\/blog\/un-operario-internado-y-ocho-con-principios-de-intoxicacion-al-haber-sido-alcanzados-por-agroquimicos\/\" title=\"UN OPERARIO INTERNADO, Y OCHO CON PRINCIPIOS DE INTOXICACI\u00d3N AL HABER SIDO ALCANZADOS POR AGROQU\u00cdMICOS\">[Leer M\u00e1s]<\/a><\/p>\n<\/div>","protected":false},"author":3,"featured_media":23323,"comment_status":"open","ping_status":"open","sticky":false,"template":"","format":"standard","meta":{"_jetpack_memberships_contains_paid_content":false,"footnotes":"","jetpack_publicize_message":"","jetpack_publicize_feature_enabled":true,"jetpack_social_post_already_shared":true,"jetpack_social_options":{"image_generator_settings":{"template":"highway","default_image_id":0,"font":"","enabled":false},"version":2}},"categories":[51],"tags":[],"class_list":{"0":"post-23322","1":"post","2":"type-post","3":"status-publish","4":"format-standard","5":"has-post-thumbnail","7":"category-regionales"},"jetpack_publicize_connections":[],"jetpack_featured_media_url":"https:\/\/i0.wp.com\/larevistadigital.com.ar\/blog\/wp-content\/uploads\/20220112140130_fumi.jpg?fit=880%2C512&ssl=1","jetpack_sharing_enabled":true,"jetpack_shortlink":"https:\/\/wp.me\/p8qtrQ-64a","jetpack-related-posts":[{"id":27617,"url":"https:\/\/larevistadigital.com.ar\/blog\/balcarce-un-operario-cayo-desde-una-torre-de-30-metros-de-altura\/","url_meta":{"origin":23322,"position":0},"title":"BALCARCE: UN OPERARIO CAY\u00d3 DESDE UNA TORRE DE 30 METROS DE ALTURA","author":"Alejandro Sosa Ruda","date":"8 septiembre, 2022","format":false,"excerpt":"El accidente ocurri\u00f3 en inmediaciones del kil\u00f3metro 98 de la ruta nacional 226. El trabajador fue internado en el hospital municipal y su estado de salud es delicado. 8 de septiembre de 2022 Un trabajador de Intesar,\u00a0empresa que tiene a su cargo la obra de tendido el\u00e9ctrico, cay\u00f3\u00a0desde una torre\u2026","rel":"","context":"En \u00abREGIONALES\u00bb","block_context":{"text":"REGIONALES","link":"https:\/\/larevistadigital.com.ar\/blog\/category\/regionales\/"},"img":{"alt_text":"","src":"https:\/\/i0.wp.com\/larevistadigital.com.ar\/blog\/wp-content\/uploads\/1200px-Lo_mejor_de_Tecnopolis.jpg?fit=900%2C1200&ssl=1&resize=350%2C200","width":350,"height":200,"srcset":"https:\/\/i0.wp.com\/larevistadigital.com.ar\/blog\/wp-content\/uploads\/1200px-Lo_mejor_de_Tecnopolis.jpg?fit=900%2C1200&ssl=1&resize=350%2C200 1x, https:\/\/i0.wp.com\/larevistadigital.com.ar\/blog\/wp-content\/uploads\/1200px-Lo_mejor_de_Tecnopolis.jpg?fit=900%2C1200&ssl=1&resize=525%2C300 1.5x, https:\/\/i0.wp.com\/larevistadigital.com.ar\/blog\/wp-content\/uploads\/1200px-Lo_mejor_de_Tecnopolis.jpg?fit=900%2C1200&ssl=1&resize=700%2C400 2x"},"classes":[]},{"id":40711,"url":"https:\/\/larevistadigital.com.ar\/blog\/impactante-vuelco-en-la-ruta-un-joven-resulto-herido-y-fue-rescatado-por-doce-bomberos\/","url_meta":{"origin":23322,"position":1},"title":"Impactante vuelco en la ruta: un joven result\u00f3 herido y fue rescatado por doce bomberos","author":"Alejandro Sosa Ruda","date":"1 agosto, 2025","format":false,"excerpt":"Una camioneta volc\u00f3 este viernes a la ma\u00f1ana a la altura del kil\u00f3metro 21 de la Ruta 226, camino a Balcarce. El conductor qued\u00f3 atrapado entre los hierros retorcidos y fue liberado tras casi una hora de trabajo. Fue derivado a un hospital de Mar del Plata. 01 de Agosto\u2026","rel":"","context":"En \u00abPOLICIALES\u00bb","block_context":{"text":"POLICIALES","link":"https:\/\/larevistadigital.com.ar\/blog\/category\/policiales\/"},"img":{"alt_text":"","src":"https:\/\/i0.wp.com\/larevistadigital.com.ar\/blog\/wp-content\/uploads\/Captura-de-pantalla-2025-08-01-164328.jpg?fit=813%2C425&ssl=1&resize=350%2C200","width":350,"height":200,"srcset":"https:\/\/i0.wp.com\/larevistadigital.com.ar\/blog\/wp-content\/uploads\/Captura-de-pantalla-2025-08-01-164328.jpg?fit=813%2C425&ssl=1&resize=350%2C200 1x, https:\/\/i0.wp.com\/larevistadigital.com.ar\/blog\/wp-content\/uploads\/Captura-de-pantalla-2025-08-01-164328.jpg?fit=813%2C425&ssl=1&resize=525%2C300 1.5x, https:\/\/i0.wp.com\/larevistadigital.com.ar\/blog\/wp-content\/uploads\/Captura-de-pantalla-2025-08-01-164328.jpg?fit=813%2C425&ssl=1&resize=700%2C400 2x"},"classes":[]},{"id":25102,"url":"https:\/\/larevistadigital.com.ar\/blog\/dos-jovenes-murieron-intoxicados-en-un-campo\/","url_meta":{"origin":23322,"position":2},"title":"DOS JOVENES MURIERON INTOXICADOS EN UN CAMPO","author":"Alejandro Sosa Ruda","date":"16 abril, 2022","format":false,"excerpt":"LINCOLN -\u00a0 Un tr\u00e1gico suceso ocurri\u00f3 en un establecimiento rural de del Partido de Lincoln, donde cuatro j\u00f3venes se intoxicaron con mon\u00f3xido de carbono. Lamentablemente uno falleci\u00f3 en el lugar, mientras que los otros tres debieron ser trasladados al hospital municipal de la localidad y horas m\u00e1s tarde se confirm\u00f3\u2026","rel":"","context":"En \u00abPOLICIALES\u00bb","block_context":{"text":"POLICIALES","link":"https:\/\/larevistadigital.com.ar\/blog\/category\/policiales\/"},"img":{"alt_text":"","src":"https:\/\/i0.wp.com\/larevistadigital.com.ar\/blog\/wp-content\/uploads\/f02e4e65462021e494b95d0ff2b4861798b10a5f.jpg?fit=1140%2C595&ssl=1&resize=350%2C200","width":350,"height":200,"srcset":"https:\/\/i0.wp.com\/larevistadigital.com.ar\/blog\/wp-content\/uploads\/f02e4e65462021e494b95d0ff2b4861798b10a5f.jpg?fit=1140%2C595&ssl=1&resize=350%2C200 1x, https:\/\/i0.wp.com\/larevistadigital.com.ar\/blog\/wp-content\/uploads\/f02e4e65462021e494b95d0ff2b4861798b10a5f.jpg?fit=1140%2C595&ssl=1&resize=525%2C300 1.5x, https:\/\/i0.wp.com\/larevistadigital.com.ar\/blog\/wp-content\/uploads\/f02e4e65462021e494b95d0ff2b4861798b10a5f.jpg?fit=1140%2C595&ssl=1&resize=700%2C400 2x, https:\/\/i0.wp.com\/larevistadigital.com.ar\/blog\/wp-content\/uploads\/f02e4e65462021e494b95d0ff2b4861798b10a5f.jpg?fit=1140%2C595&ssl=1&resize=1050%2C600 3x"},"classes":[]},{"id":9354,"url":"https:\/\/larevistadigital.com.ar\/blog\/brandsen-se-investiga-la-muerte-de-un-joven-por-alimentos-en-mal-estado\/","url_meta":{"origin":23322,"position":3},"title":"BRANDSEN: SE INVESTIGA LA MUERTE DE UN JOVEN POR ALIMENTOS EN MAL ESTADO","author":"Alejandro Sosa Ruda","date":"25 marzo, 2019","format":false,"excerpt":"Cesar Keller, de 27 a\u00f1os, entr\u00f3 el lunes al servicio de guardia del Hospital Municipal a ra\u00edz de un severo cuadro de intoxicaci\u00f3n y falleci\u00f3 a las pocas horas. A\u00fan resta conocer el informe de Epidemiolog\u00eda. En concreto -seg\u00fan supimos de palabras del secretario de Salud comunal, Pablo Costela-, Keller\u2026","rel":"","context":"En \u00abPOLICIALES\u00bb","block_context":{"text":"POLICIALES","link":"https:\/\/larevistadigital.com.ar\/blog\/category\/policiales\/"},"img":{"alt_text":"","src":"https:\/\/i0.wp.com\/larevistadigital.com.ar\/blog\/wp-content\/uploads\/2019\/03\/20190126_182603-1.jpg?fit=1065%2C595&ssl=1&resize=350%2C200","width":350,"height":200,"srcset":"https:\/\/i0.wp.com\/larevistadigital.com.ar\/blog\/wp-content\/uploads\/2019\/03\/20190126_182603-1.jpg?fit=1065%2C595&ssl=1&resize=350%2C200 1x, https:\/\/i0.wp.com\/larevistadigital.com.ar\/blog\/wp-content\/uploads\/2019\/03\/20190126_182603-1.jpg?fit=1065%2C595&ssl=1&resize=525%2C300 1.5x, https:\/\/i0.wp.com\/larevistadigital.com.ar\/blog\/wp-content\/uploads\/2019\/03\/20190126_182603-1.jpg?fit=1065%2C595&ssl=1&resize=700%2C400 2x, https:\/\/i0.wp.com\/larevistadigital.com.ar\/blog\/wp-content\/uploads\/2019\/03\/20190126_182603-1.jpg?fit=1065%2C595&ssl=1&resize=1050%2C600 3x"},"classes":[]},{"id":31422,"url":"https:\/\/larevistadigital.com.ar\/blog\/aumentan-el-piso-de-ganancias-a-506-000-beneficiando-a-mpas-de-250-000-trabajadores\/","url_meta":{"origin":23322,"position":4},"title":"AUMENTAN EL PISO DE GANANCIAS A $506.000.-, BENEFICIANDO A MPAS DE 250.000 TRABAJADORES","author":"Alejandro Sosa Ruda","date":"7 mayo, 2023","format":false,"excerpt":"La informaci\u00f3n fue brindada este domingo el ministro de Econom\u00eda Sergio Massa. Es un incremento interanual del piso del impuesto del 125%. 6 de Mayo de 2023 El gobierno nacional anunci\u00f3 que a partir de mayo, m\u00e1s de un cuarto de mill\u00f3n de argentinos dejar\u00e1n de pagar el controvertidoimpuesto a\u2026","rel":"","context":"En \u00abECONOMIA\u00bb","block_context":{"text":"ECONOMIA","link":"https:\/\/larevistadigital.com.ar\/blog\/category\/economia\/"},"img":{"alt_text":"","src":"https:\/\/i0.wp.com\/larevistadigital.com.ar\/blog\/wp-content\/uploads\/images-5.jpg?fit=800%2C448&ssl=1&resize=350%2C200","width":350,"height":200,"srcset":"https:\/\/i0.wp.com\/larevistadigital.com.ar\/blog\/wp-content\/uploads\/images-5.jpg?fit=800%2C448&ssl=1&resize=350%2C200 1x, https:\/\/i0.wp.com\/larevistadigital.com.ar\/blog\/wp-content\/uploads\/images-5.jpg?fit=800%2C448&ssl=1&resize=525%2C300 1.5x, https:\/\/i0.wp.com\/larevistadigital.com.ar\/blog\/wp-content\/uploads\/images-5.jpg?fit=800%2C448&ssl=1&resize=700%2C400 2x"},"classes":[]},{"id":31141,"url":"https:\/\/larevistadigital.com.ar\/blog\/ruta-2-despiste-vuelco-y-milagro-un-hombre-en-grave-estado-quedo-internado\/","url_meta":{"origin":23322,"position":5},"title":"RUTA 2: DESPISTE, VUELCO Y MILAGRO. UN HOMBRE EN GRAVE ESTADO QUED\u00d3 INTERNADO","author":"Alejandro Sosa Ruda","date":"20 abril, 2023","format":false,"excerpt":"El conductor de una camioneta perdi\u00f3 el control y sufri\u00f3 un grav\u00edsimo vuelco en la banquina de la autov\u00eda. Fue internado y se encuentra en estado cr\u00edtico. 20 de abril de 2023 LEZAMA -\u00a0 Un brutal accidente de tr\u00e1nsito estuvo a punto de terminar en tragedia en las primeras horas\u2026","rel":"","context":"En \u00abINTERES GENERAL\u00bb","block_context":{"text":"INTERES GENERAL","link":"https:\/\/larevistadigital.com.ar\/blog\/category\/interes-general\/"},"img":{"alt_text":"","src":"https:\/\/i0.wp.com\/larevistadigital.com.ar\/blog\/wp-content\/uploads\/1681997589303.jpeg?fit=1200%2C594&ssl=1&resize=350%2C200","width":350,"height":200,"srcset":"https:\/\/i0.wp.com\/larevistadigital.com.ar\/blog\/wp-content\/uploads\/1681997589303.jpeg?fit=1200%2C594&ssl=1&resize=350%2C200 1x, https:\/\/i0.wp.com\/larevistadigital.com.ar\/blog\/wp-content\/uploads\/1681997589303.jpeg?fit=1200%2C594&ssl=1&resize=525%2C300 1.5x, https:\/\/i0.wp.com\/larevistadigital.com.ar\/blog\/wp-content\/uploads\/1681997589303.jpeg?fit=1200%2C594&ssl=1&resize=700%2C400 2x, https:\/\/i0.wp.com\/larevistadigital.com.ar\/blog\/wp-content\/uploads\/1681997589303.jpeg?fit=1200%2C594&ssl=1&resize=1050%2C600 3x"},"classes":[]}],"_links":{"self":[{"href":"https:\/\/larevistadigital.com.ar\/blog\/wp-json\/wp\/v2\/posts\/23322","targetHints":{"allow":["GET"]}}],"collection":[{"href":"https:\/\/larevistadigital.com.ar\/blog\/wp-json\/wp\/v2\/posts"}],"about":[{"href":"https:\/\/larevistadigital.com.ar\/blog\/wp-json\/wp\/v2\/types\/post"}],"author":[{"embeddable":true,"href":"https:\/\/larevistadigital.com.ar\/blog\/wp-json\/wp\/v2\/users\/3"}],"replies":[{"embeddable":true,"href":"https:\/\/larevistadigital.com.ar\/blog\/wp-json\/wp\/v2\/comments?post=23322"}],"version-history":[{"count":1,"href":"https:\/\/larevistadigital.com.ar\/blog\/wp-json\/wp\/v2\/posts\/23322\/revisions"}],"predecessor-version":[{"id":23324,"href":"https:\/\/larevistadigital.com.ar\/blog\/wp-json\/wp\/v2\/posts\/23322\/revisions\/23324"}],"wp:featuredmedia":[{"embeddable":true,"href":"https:\/\/larevistadigital.com.ar\/blog\/wp-json\/wp\/v2\/media\/23323"}],"wp:attachment":[{"href":"https:\/\/larevistadigital.com.ar\/blog\/wp-json\/wp\/v2\/media?parent=23322"}],"wp:term":[{"taxonomy":"category","embeddable":true,"href":"https:\/\/larevistadigital.com.ar\/blog\/wp-json\/wp\/v2\/categories?post=23322"},{"taxonomy":"post_tag","embeddable":true,"href":"https:\/\/larevistadigital.com.ar\/blog\/wp-json\/wp\/v2\/tags?post=23322"}],"curies":[{"name":"wp","href":"https:\/\/api.w.org\/{rel}","templated":true}]}}