{"id":23325,"date":"2022-01-12T23:54:55","date_gmt":"2022-01-12T23:54:55","guid":{"rendered":"https:\/\/larevistadigital.com.ar\/blog\/?p=23325"},"modified":"2022-01-12T23:54:55","modified_gmt":"2022-01-12T23:54:55","slug":"como-cuidar-a-las-mascotas-de-los-golpes-de-calor","status":"publish","type":"post","link":"https:\/\/larevistadigital.com.ar\/blog\/como-cuidar-a-las-mascotas-de-los-golpes-de-calor\/","title":{"rendered":"\u00bfCOMO CUIDAR A LAS MASCOTAS DE LOS GOLPES DE CALOR?"},"content":{"rendered":"<h2 class=\"fparrafo ctext fz18 lh25\">Ante las altas temperaturas previstas para los pr\u00f3ximos d\u00edas, veterinarios brindaron recomendaciones para prevenir que nuestras mascotas sufran un golpe de calor.<\/h2>\n<p class=\"selectionShareable\">El Colegio de Veterinarios de la Provincia de Buenos Aires (CVPBA) difundi\u00f3 una serie de recomendaciones para que las mascotas no sufran un golpe de calor durante esta semana, ya que seg\u00fan el Servicio Meteorol\u00f3gico Nacional (SMN), durante estos d\u00edas habr\u00e1 alerta de altas temperaturas, que llegar\u00e1n a 40\u00b0.<\/p>\n<p class=\"selectionShareable\">A trav\u00e9s de un comunicado, profesionales del CVPBA expresaron que \u201cla sensaci\u00f3n de calor que experimenta un animal no depende s\u00f3lo de la temperatura ambiente, sino de la denominada temperatura efectiva. \u00c9sta, a su vez, resulta de la interacci\u00f3n de varios factores, especialmente la temperatura ambiente, la humedad relativa, la ventilaci\u00f3n y la radiaci\u00f3n solar\u201d.<\/p>\n<p class=\"selectionShareable\">Asimismo, manifestaron que \u201clos perros, por ejemplo, a diferencia de las personas, no tienen gl\u00e1ndulas sudor\u00edparas en el cuerpo, por lo que no pueden regular su calor corporal mediante el sudor; por el contrario, lo hacen a trav\u00e9s de jadeos y del sudor que se elimina por las almohadillas plantares y, en el caso de los gatos, a trav\u00e9s del lamido\u201d.<\/p>\n<p class=\"selectionShareable\">De esta manera, informaron que hay que tener en cuenta ciertas situaciones y recomendaciones para evitar el efecto del calor sobre los animales; sobre todo cuando la temperatura ambiente supera los 25 grados y la humedad alcanza el 50 por ciento durante per\u00edodos de tiempo prolongados.<\/p>\n<p class=\"selectionShareable\"><b>A tener en cuenta<\/b><\/p>\n<p class=\"selectionShareable\">Algunas de las recomendaciones difundidas por el Colegio de Veterinarios de la provincia de Buenos Aires para minimizar el impacto en los animales de las altas temperaturas que se prev\u00e9n esta semana son:<\/p>\n<p class=\"selectionShareable\">*Proporcionarles sombra.<\/p>\n<p class=\"selectionShareable\">*Ubicarlos en lugares ventilados.<\/p>\n<p class=\"selectionShareable\">*Brindarles agua limpia y fresca.<\/p>\n<p class=\"selectionShareable\">*Sacarlos a pasear en horarios adecuados, (en los perros con patolog\u00edas, respetar sus tiempos).<\/p>\n<p class=\"selectionShareable\">*Bajo ning\u00fan caso dejarlos dentro de los autos. (<b>InfoGEI<\/b>) Mg<\/p>\n","protected":false},"excerpt":{"rendered":"<div class=\"mh-excerpt\"><p>Ante las altas temperaturas previstas para los pr\u00f3ximos d\u00edas, veterinarios brindaron recomendaciones para prevenir que nuestras mascotas sufran un golpe de calor. El Colegio de Veterinarios de la Provincia de Buenos Aires (CVPBA) difundi\u00f3 una <a class=\"mh-excerpt-more\" href=\"https:\/\/larevistadigital.com.ar\/blog\/como-cuidar-a-las-mascotas-de-los-golpes-de-calor\/\" title=\"\u00bfCOMO CUIDAR A LAS MASCOTAS DE LOS GOLPES DE CALOR?\">[Leer M\u00e1s]<\/a><\/p>\n<\/div>","protected":false},"author":3,"featured_media":23326,"comment_status":"open","ping_status":"open","sticky":false,"template":"","format":"standard","meta":{"_jetpack_memberships_contains_paid_content":false,"footnotes":"","jetpack_publicize_message":"","jetpack_publicize_feature_enabled":true,"jetpack_social_post_already_shared":true,"jetpack_social_options":{"image_generator_settings":{"template":"highway","default_image_id":0,"font":"","enabled":false},"version":2}},"categories":[50],"tags":[],"class_list":{"0":"post-23325","1":"post","2":"type-post","3":"status-publish","4":"format-standard","5":"has-post-thumbnail","7":"category-interes-general"},"jetpack_publicize_connections":[],"jetpack_featured_media_url":"https:\/\/i0.wp.com\/larevistadigital.com.ar\/blog\/wp-content\/uploads\/20220111135434_calor.jpg?fit=880%2C512&ssl=1","jetpack_sharing_enabled":true,"jetpack_shortlink":"https:\/\/wp.me\/p8qtrQ-64d","jetpack-related-posts":[{"id":42868,"url":"https:\/\/larevistadigital.com.ar\/blog\/recomendaciones-para-prevenir-golpes-de-calor-ante-las-altas-temperaturas\/","url_meta":{"origin":23325,"position":0},"title":"Recomendaciones para prevenir golpes de calor ante las altas temperaturas","author":"Alejandro Sosa Ruda","date":"12 diciembre, 2025","format":false,"excerpt":"Desde la Municipalidad se recomienda extremar cuidados durante toda la semana y recordar que, ante cualquier duda, los vecinos pueden comunicarse con los servicios de emergencia. Ante las altas temperaturas registradas en estos d\u00edas, desde la Municipalidad de Chascom\u00fas se recuerda a la comunidad la importancia de tomar medidas de\u2026","rel":"","context":"En \u00abDESTACADAS\u00bb","block_context":{"text":"DESTACADAS","link":"https:\/\/larevistadigital.com.ar\/blog\/category\/destacadas\/"},"img":{"alt_text":"","src":"https:\/\/i0.wp.com\/larevistadigital.com.ar\/blog\/wp-content\/uploads\/693c57f04a7f3.png?fit=668%2C445&ssl=1&resize=350%2C200","width":350,"height":200,"srcset":"https:\/\/i0.wp.com\/larevistadigital.com.ar\/blog\/wp-content\/uploads\/693c57f04a7f3.png?fit=668%2C445&ssl=1&resize=350%2C200 1x, https:\/\/i0.wp.com\/larevistadigital.com.ar\/blog\/wp-content\/uploads\/693c57f04a7f3.png?fit=668%2C445&ssl=1&resize=525%2C300 1.5x"},"classes":[]},{"id":35139,"url":"https:\/\/larevistadigital.com.ar\/blog\/se-inicia-una-semana-con-altas-temperaturas-recomendaciones-para-cuidarnos\/","url_meta":{"origin":23325,"position":1},"title":"SE INICIA UNA SEMANA CON ALTAS TEMPERATURAS, RECOMENDACIONES PARA CUIDARNOS","author":"Alejandro Sosa Ruda","date":"29 enero, 2024","format":false,"excerpt":"Desde el Servicio Meteorol\u00f3gico Nacional y otros organismos se recomiendan cuidados a tener en cuenta por las altas temperaturas que se avecinan. 29 de enero de 2023 BUENOS AIRES -\u00a0 Seg\u00fan las previsiones del Servicio Meteorol\u00f3gico Nacional, se inicia una semana caracterizada por elevadas temperaturas que afectar\u00e1n a toda la\u2026","rel":"","context":"En \u00abINTERES GENERAL\u00bb","block_context":{"text":"INTERES GENERAL","link":"https:\/\/larevistadigital.com.ar\/blog\/category\/interes-general\/"},"img":{"alt_text":"","src":"https:\/\/i0.wp.com\/larevistadigital.com.ar\/blog\/wp-content\/uploads\/51cf31f7-a68a-4436-b55e-500a3e387dc4.jpg?fit=1024%2C1024&ssl=1&resize=350%2C200","width":350,"height":200,"srcset":"https:\/\/i0.wp.com\/larevistadigital.com.ar\/blog\/wp-content\/uploads\/51cf31f7-a68a-4436-b55e-500a3e387dc4.jpg?fit=1024%2C1024&ssl=1&resize=350%2C200 1x, https:\/\/i0.wp.com\/larevistadigital.com.ar\/blog\/wp-content\/uploads\/51cf31f7-a68a-4436-b55e-500a3e387dc4.jpg?fit=1024%2C1024&ssl=1&resize=525%2C300 1.5x, https:\/\/i0.wp.com\/larevistadigital.com.ar\/blog\/wp-content\/uploads\/51cf31f7-a68a-4436-b55e-500a3e387dc4.jpg?fit=1024%2C1024&ssl=1&resize=700%2C400 2x"},"classes":[]},{"id":29239,"url":"https:\/\/larevistadigital.com.ar\/blog\/se-vienen-olas-de-calor-como-cuidarnos-de-algo-que-puede-ser-muy-peligroso\/","url_meta":{"origin":23325,"position":2},"title":"SE VIENEN OLAS DE CALOR: C\u00d3MO CUIDARNOS DE ALGO QUE PUEDE SER MUY PELIGROSO","author":"Alejandro Sosa Ruda","date":"3 diciembre, 2022","format":false,"excerpt":"El Servicio Meteorol\u00f3gico Nacional emiti\u00f3 alertas por altas temperaturas en todo el pa\u00eds para esta semana. Qu\u00e9 hacer y que no. 03 de diciembre de 2022 Se aproxima una ola de calor agobiante esta semana en todo el territorio nacional y el Servicio Meteorol\u00f3gico ya advirti\u00f3 por las altas temperaturas\u2026","rel":"","context":"En \u00abINTERES GENERAL\u00bb","block_context":{"text":"INTERES GENERAL","link":"https:\/\/larevistadigital.com.ar\/blog\/category\/interes-general\/"},"img":{"alt_text":"","src":"https:\/\/i0.wp.com\/larevistadigital.com.ar\/blog\/wp-content\/uploads\/altas-temperaturas-655x368-1.jpg?fit=800%2C449&ssl=1&resize=350%2C200","width":350,"height":200,"srcset":"https:\/\/i0.wp.com\/larevistadigital.com.ar\/blog\/wp-content\/uploads\/altas-temperaturas-655x368-1.jpg?fit=800%2C449&ssl=1&resize=350%2C200 1x, https:\/\/i0.wp.com\/larevistadigital.com.ar\/blog\/wp-content\/uploads\/altas-temperaturas-655x368-1.jpg?fit=800%2C449&ssl=1&resize=525%2C300 1.5x, https:\/\/i0.wp.com\/larevistadigital.com.ar\/blog\/wp-content\/uploads\/altas-temperaturas-655x368-1.jpg?fit=800%2C449&ssl=1&resize=700%2C400 2x"},"classes":[]},{"id":30366,"url":"https:\/\/larevistadigital.com.ar\/blog\/trenque-lauquen-es-un-ejemplo-de-la-importancia-del-arbolado-en-dias-de-altas-temperaturas\/","url_meta":{"origin":23325,"position":3},"title":"TRENQUE LAUQUEN ES UN EJEMPLO DE LA IMPORTANCIA DEL ARBOLADO EN D\u00cdAS DE ALTAS TEMPERATURAS","author":"Alejandro Sosa Ruda","date":"3 marzo, 2023","format":false,"excerpt":"Personal de Espacios Verdes realiz\u00f3 un relevamiento en una jornada que alcanz\u00f3 los 39 grados, y dej\u00f3 al descubierto las grandes diferencias t\u00e9rmicas que existen entre una calle con buena cobertura arb\u00f3rea y otra donde casi no hay \u00e1rboles. 3 de marzo de 2023 TRENQUE LAUQUEN -\u00a0 Los beneficios del\u2026","rel":"","context":"En \u00abINTERES GENERAL\u00bb","block_context":{"text":"INTERES GENERAL","link":"https:\/\/larevistadigital.com.ar\/blog\/category\/interes-general\/"},"img":{"alt_text":"","src":"https:\/\/i0.wp.com\/larevistadigital.com.ar\/blog\/wp-content\/uploads\/20230303135942_bol.jpg?fit=880%2C512&ssl=1&resize=350%2C200","width":350,"height":200,"srcset":"https:\/\/i0.wp.com\/larevistadigital.com.ar\/blog\/wp-content\/uploads\/20230303135942_bol.jpg?fit=880%2C512&ssl=1&resize=350%2C200 1x, https:\/\/i0.wp.com\/larevistadigital.com.ar\/blog\/wp-content\/uploads\/20230303135942_bol.jpg?fit=880%2C512&ssl=1&resize=525%2C300 1.5x, https:\/\/i0.wp.com\/larevistadigital.com.ar\/blog\/wp-content\/uploads\/20230303135942_bol.jpg?fit=880%2C512&ssl=1&resize=700%2C400 2x"},"classes":[]},{"id":43546,"url":"https:\/\/larevistadigital.com.ar\/blog\/alerta-amarillo-por-ola-de-calor-en-la-region\/","url_meta":{"origin":23325,"position":4},"title":"Alerta amarillo por ola de calor en la regi\u00f3n","author":"Alejandro Sosa Ruda","date":"22 enero, 2026","format":false,"excerpt":"Se prev\u00e9n varios d\u00edas consecutivos con marcas superiores a los 32 grados, m\u00ednimas elevadas y escasas precipitaciones. 22 de enero de 2026 CHASCOM\u00daS -\u00a0 \u00a0El Servicio Meteorol\u00f3gico Nacional (SMN) emiti\u00f3 un alerta amarillo para los pr\u00f3ximos d\u00edas y advirti\u00f3 que las condiciones previstas podr\u00edan generar riesgos para la salud, especialmente\u2026","rel":"","context":"En \u00abREGIONALES\u00bb","block_context":{"text":"REGIONALES","link":"https:\/\/larevistadigital.com.ar\/blog\/category\/regionales\/"},"img":{"alt_text":"","src":"https:\/\/i0.wp.com\/larevistadigital.com.ar\/blog\/wp-content\/uploads\/69725d2b2bc8d.png?fit=668%2C445&ssl=1&resize=350%2C200","width":350,"height":200,"srcset":"https:\/\/i0.wp.com\/larevistadigital.com.ar\/blog\/wp-content\/uploads\/69725d2b2bc8d.png?fit=668%2C445&ssl=1&resize=350%2C200 1x, https:\/\/i0.wp.com\/larevistadigital.com.ar\/blog\/wp-content\/uploads\/69725d2b2bc8d.png?fit=668%2C445&ssl=1&resize=525%2C300 1.5x"},"classes":[]},{"id":29329,"url":"https:\/\/larevistadigital.com.ar\/blog\/truco-japones-para-bajar-la-temperatura-del-auto\/","url_meta":{"origin":23325,"position":5},"title":"TRUCO JAPONES PARA BAJAR LA TEMPERATURA DEL AUTO","author":"Alejandro Sosa Ruda","date":"8 diciembre, 2022","format":false,"excerpt":"8 de diciembre de 2022 Los meteor\u00f3logos\u00a0pronostican\u00a0una extenuante\u00a0ola de calor\u00a0para esta semana en buena parte de la Argentina, con la\u00a0excepci\u00f3n de la Patagonia.\u00a0Estiman que las temperaturas\u00a0oscilar\u00e1n\u00a0entre los 30 y los 42 grados. Los especialistas aseguran que una temperatura exterior de\u00a035 grados\u00a0provoca, en una hora de exposici\u00f3n al sol, una temperatura\u2026","rel":"","context":"En \u00abINTERES GENERAL\u00bb","block_context":{"text":"INTERES GENERAL","link":"https:\/\/larevistadigital.com.ar\/blog\/category\/interes-general\/"},"img":{"alt_text":"","src":"https:\/\/i0.wp.com\/larevistadigital.com.ar\/blog\/wp-content\/uploads\/Captura-de-pantalla-2022-12-08-204058.jpg?fit=677%2C380&ssl=1&resize=350%2C200","width":350,"height":200,"srcset":"https:\/\/i0.wp.com\/larevistadigital.com.ar\/blog\/wp-content\/uploads\/Captura-de-pantalla-2022-12-08-204058.jpg?fit=677%2C380&ssl=1&resize=350%2C200 1x, https:\/\/i0.wp.com\/larevistadigital.com.ar\/blog\/wp-content\/uploads\/Captura-de-pantalla-2022-12-08-204058.jpg?fit=677%2C380&ssl=1&resize=525%2C300 1.5x"},"classes":[]}],"_links":{"self":[{"href":"https:\/\/larevistadigital.com.ar\/blog\/wp-json\/wp\/v2\/posts\/23325","targetHints":{"allow":["GET"]}}],"collection":[{"href":"https:\/\/larevistadigital.com.ar\/blog\/wp-json\/wp\/v2\/posts"}],"about":[{"href":"https:\/\/larevistadigital.com.ar\/blog\/wp-json\/wp\/v2\/types\/post"}],"author":[{"embeddable":true,"href":"https:\/\/larevistadigital.com.ar\/blog\/wp-json\/wp\/v2\/users\/3"}],"replies":[{"embeddable":true,"href":"https:\/\/larevistadigital.com.ar\/blog\/wp-json\/wp\/v2\/comments?post=23325"}],"version-history":[{"count":1,"href":"https:\/\/larevistadigital.com.ar\/blog\/wp-json\/wp\/v2\/posts\/23325\/revisions"}],"predecessor-version":[{"id":23327,"href":"https:\/\/larevistadigital.com.ar\/blog\/wp-json\/wp\/v2\/posts\/23325\/revisions\/23327"}],"wp:featuredmedia":[{"embeddable":true,"href":"https:\/\/larevistadigital.com.ar\/blog\/wp-json\/wp\/v2\/media\/23326"}],"wp:attachment":[{"href":"https:\/\/larevistadigital.com.ar\/blog\/wp-json\/wp\/v2\/media?parent=23325"}],"wp:term":[{"taxonomy":"category","embeddable":true,"href":"https:\/\/larevistadigital.com.ar\/blog\/wp-json\/wp\/v2\/categories?post=23325"},{"taxonomy":"post_tag","embeddable":true,"href":"https:\/\/larevistadigital.com.ar\/blog\/wp-json\/wp\/v2\/tags?post=23325"}],"curies":[{"name":"wp","href":"https:\/\/api.w.org\/{rel}","templated":true}]}}