{"id":23328,"date":"2022-01-12T23:58:57","date_gmt":"2022-01-12T23:58:57","guid":{"rendered":"https:\/\/larevistadigital.com.ar\/blog\/?p=23328"},"modified":"2022-01-13T00:06:51","modified_gmt":"2022-01-13T00:06:51","slug":"23328-2","status":"publish","type":"post","link":"https:\/\/larevistadigital.com.ar\/blog\/23328-2\/","title":{"rendered":"ESTAFAN A JUBILADA Y LE ROBAN 19.000 DOLARES CON UN \u00abCUENTO DEL T\u00cdO\u00bb"},"content":{"rendered":"<h2 class=\"fparrafo ctext fz18 lh25\">El hecho fue denunciado este fin de semana por la mujer de 85 a\u00f1os identificada como Olinda Elma B., la que le explic\u00f3 a los polic\u00edas que atedi\u00f3 un llamado de un hombre que dijo que era su hijo y que estaba en el Banco. Adem\u00e1s, le advirti\u00f3 que los d\u00f3lares que ten\u00eda ahorrados podr\u00edan ser falsos y que para verificar que iba a presentarse en la casa el gerente de la entidad financiera.<\/h2>\n<p class=\"selectionShareable\"><strong>LOS TOLDOS &#8211;\u00a0<\/strong> Una jubilada de 85 a\u00f1os fue v\u00edctima de un cuento del t\u00edo en la localidad bonaerense de Los Toldos y en un enga\u00f1o telef\u00f3nico sufri\u00f3 la p\u00e9rdida de 19.000 d\u00f3lares.<\/p>\n<blockquote>\n<h3 class=\"selectionShareable\">El hecho fue denunciado este fin de semana por la mujer de 85 a\u00f1os identificada como Olinda Elma B., la que le explic\u00f3 a los polic\u00edas que atedi\u00f3 un llamado de un hombre que dijo que era su hijo y que estaba en el Banco. Adem\u00e1s, le advirti\u00f3 que los d\u00f3lares que ten\u00eda ahorrados podr\u00edan ser falsos y que para verificar que iba a presentarse en la casa el gerente de la entidad financiera.<\/h3>\n<\/blockquote>\n<p class=\"selectionShareable\">Con el presunto hijo a\u00fan al habla, se presentaron en la vivienda de Olinda dos desconocidos en traje y dijeron ser el gerente y un empleado del Banco. Poco despu\u00e9s los dos hombres se llevaron los 19.000 d\u00f3lares con la excusa de que iban a confirmar si eran falsos.<\/p>\n<p class=\"selectionShareable\">Seg\u00fan inform\u00f3 el portal Latrochadigital, la jubilada habl\u00f3 luego con sus hijos y se dio cuenta de la estafa, por lo que de inmediato present\u00f3 la denuncia. En el hecho tom\u00f3 intervenci\u00f3n polic\u00edas de Los Toldos y de General Viamonte que se encuentran analizando las c\u00e1maras de seguridad y el registro telef\u00f3nico con la intenci\u00f3n de identificar y detener a los estafadores. (<b>InfoGEI<\/b>) Mg<\/p>\n","protected":false},"excerpt":{"rendered":"<div class=\"mh-excerpt\"><p>El hecho fue denunciado este fin de semana por la mujer de 85 a\u00f1os identificada como Olinda Elma B., la que le explic\u00f3 a los polic\u00edas que atedi\u00f3 un llamado de un hombre que dijo <a class=\"mh-excerpt-more\" href=\"https:\/\/larevistadigital.com.ar\/blog\/23328-2\/\" title=\"ESTAFAN A JUBILADA Y LE ROBAN 19.000 DOLARES CON UN \u00abCUENTO DEL T\u00cdO\u00bb\">[Leer M\u00e1s]<\/a><\/p>\n<\/div>","protected":false},"author":3,"featured_media":23329,"comment_status":"open","ping_status":"open","sticky":false,"template":"","format":"standard","meta":{"_jetpack_memberships_contains_paid_content":false,"footnotes":"","jetpack_publicize_message":"","jetpack_publicize_feature_enabled":true,"jetpack_social_post_already_shared":true,"jetpack_social_options":{"image_generator_settings":{"template":"highway","default_image_id":0,"font":"","enabled":false},"version":2}},"categories":[44,51],"tags":[],"class_list":{"0":"post-23328","1":"post","2":"type-post","3":"status-publish","4":"format-standard","5":"has-post-thumbnail","7":"category-policiales","8":"category-regionales"},"jetpack_publicize_connections":[],"jetpack_featured_media_url":"https:\/\/i0.wp.com\/larevistadigital.com.ar\/blog\/wp-content\/uploads\/20220110181031_cuento.jpg?fit=880%2C512&ssl=1","jetpack_sharing_enabled":true,"jetpack_shortlink":"https:\/\/wp.me\/p8qtrQ-64g","jetpack-related-posts":[{"id":24735,"url":"https:\/\/larevistadigital.com.ar\/blog\/estafan-a-una-jubilada-y-e-roban-90-000-dolares\/","url_meta":{"origin":23328,"position":0},"title":"ESTAFAN A UNA JUBILADA Y LE ROBAN 90.000 D\u00d3LARES","author":"Alejandro Sosa Ruda","date":"22 marzo, 2022","format":false,"excerpt":"AZUL -\u00a0 Por el cuento del t\u00edo una jubilada entreg\u00f3 90.000 d\u00f3lares. El impactante hecho ocurri\u00f3 en Azul donde de acuerdo a lo que inform\u00f3 el portal Noticias las Flores, una falsa prima enga\u00f1\u00f3 a una jubilada y junto a un c\u00f3mplice se alzaron con 90.000 d\u00f3lares. Una jubilada de\u2026","rel":"","context":"En \u00abPOLICIALES\u00bb","block_context":{"text":"POLICIALES","link":"https:\/\/larevistadigital.com.ar\/blog\/category\/policiales\/"},"img":{"alt_text":"","src":"https:\/\/i0.wp.com\/larevistadigital.com.ar\/blog\/wp-content\/uploads\/cuento-del-tio.jpg?fit=720%2C601&ssl=1&resize=350%2C200","width":350,"height":200,"srcset":"https:\/\/i0.wp.com\/larevistadigital.com.ar\/blog\/wp-content\/uploads\/cuento-del-tio.jpg?fit=720%2C601&ssl=1&resize=350%2C200 1x, https:\/\/i0.wp.com\/larevistadigital.com.ar\/blog\/wp-content\/uploads\/cuento-del-tio.jpg?fit=720%2C601&ssl=1&resize=525%2C300 1.5x, https:\/\/i0.wp.com\/larevistadigital.com.ar\/blog\/wp-content\/uploads\/cuento-del-tio.jpg?fit=720%2C601&ssl=1&resize=700%2C400 2x"},"classes":[]},{"id":7605,"url":"https:\/\/larevistadigital.com.ar\/blog\/cuento-del-tio-a-jubilada-y-le-roban-130-000-luego-fueron-detenidos\/","url_meta":{"origin":23328,"position":1},"title":"CUENTO DEL T\u00cdO A JUBILADA Y LE ROBAN $130.000.- LUEGO FUERON DETENIDOS","author":"Alejandro Sosa Ruda","date":"5 enero, 2019","format":false,"excerpt":"Dos delincuentes fueron detenidos por efectivos de la polic\u00edas de la Provincia de Buenos Aires\u00a0despu\u00e9s\u00a0de enga\u00f1ar\u00e1n a una jubilada de 85 a\u00f1os para que sacara todos sus ahorros del banco, para as\u00ed poder robarle. El hecho ocurri\u00f3 en Salto, cuando la victima\u00a0recibi\u00f3 un llamado de parte de una persona que\u2026","rel":"","context":"En \u00abPOLICIALES\u00bb","block_context":{"text":"POLICIALES","link":"https:\/\/larevistadigital.com.ar\/blog\/category\/policiales\/"},"img":{"alt_text":"","src":"https:\/\/i0.wp.com\/larevistadigital.com.ar\/blog\/wp-content\/uploads\/2019\/01\/f800x450-498269_549715_165.jpg?fit=800%2C450&ssl=1&resize=350%2C200","width":350,"height":200,"srcset":"https:\/\/i0.wp.com\/larevistadigital.com.ar\/blog\/wp-content\/uploads\/2019\/01\/f800x450-498269_549715_165.jpg?fit=800%2C450&ssl=1&resize=350%2C200 1x, https:\/\/i0.wp.com\/larevistadigital.com.ar\/blog\/wp-content\/uploads\/2019\/01\/f800x450-498269_549715_165.jpg?fit=800%2C450&ssl=1&resize=525%2C300 1.5x, https:\/\/i0.wp.com\/larevistadigital.com.ar\/blog\/wp-content\/uploads\/2019\/01\/f800x450-498269_549715_165.jpg?fit=800%2C450&ssl=1&resize=700%2C400 2x"},"classes":[]},{"id":22592,"url":"https:\/\/larevistadigital.com.ar\/blog\/basuras-estafan-a-una-abuela-y-le-roban-6-millones-de-pesos\/","url_meta":{"origin":23328,"position":2},"title":"BASURAS: ESTAFAN A UNA ABUELA Y LE ROBAN 6 MILLONES DE PESOS","author":"Alejandro Sosa Ruda","date":"5 noviembre, 2021","format":false,"excerpt":"La mujer cay\u00f3 en el enga\u00f1o y coloc\u00f3 en una bolsa la suma de 30.000 d\u00f3lares y 2.500 euros y se la dio a un desconocido, quien dijo ser hijo del gerente del banco. Efectivos de la subcomisar\u00eda de Santa Clara del Mar iniciaron la investigaci\u00f3n con el an\u00e1lisis de\u2026","rel":"","context":"En \u00abREGIONALES\u00bb","block_context":{"text":"REGIONALES","link":"https:\/\/larevistadigital.com.ar\/blog\/category\/regionales\/"},"img":{"alt_text":"","src":"https:\/\/i0.wp.com\/larevistadigital.com.ar\/blog\/wp-content\/uploads\/20211104120442_polic.jpg?fit=880%2C512&ssl=1&resize=350%2C200","width":350,"height":200,"srcset":"https:\/\/i0.wp.com\/larevistadigital.com.ar\/blog\/wp-content\/uploads\/20211104120442_polic.jpg?fit=880%2C512&ssl=1&resize=350%2C200 1x, https:\/\/i0.wp.com\/larevistadigital.com.ar\/blog\/wp-content\/uploads\/20211104120442_polic.jpg?fit=880%2C512&ssl=1&resize=525%2C300 1.5x, https:\/\/i0.wp.com\/larevistadigital.com.ar\/blog\/wp-content\/uploads\/20211104120442_polic.jpg?fit=880%2C512&ssl=1&resize=700%2C400 2x"},"classes":[]},{"id":23501,"url":"https:\/\/larevistadigital.com.ar\/blog\/continua-la-ola-de-estafas-en-la-region-ahora-le-robaron-1700-dolares-a-una-mujer-en-dolores\/","url_meta":{"origin":23328,"position":3},"title":"CONTIN\u00daA LA OLA DE ESTAFAS EN LA REGI\u00d3N. AHORA LE ROBARON 1700 D\u00d3LARES A UNA MUJER EN DOLORES","author":"Alejandro Sosa Ruda","date":"22 enero, 2022","format":false,"excerpt":"Una persona se hizo pasar por su sobrina y le dijo que deb\u00eda cambiar el dinero. Dos hombres fueron los c\u00f3mplices. Luego, la mujer habl\u00f3 con otro familiar y advirti\u00f3 que hab\u00eda sido enga\u00f1ada y v\u00edctima de un robo. DOLORES -\u00a0Una docente jubilada de Dolores fue v\u00edctima de un enga\u00f1o\u2026","rel":"","context":"En \u00abDOLORES\u00bb","block_context":{"text":"DOLORES","link":"https:\/\/larevistadigital.com.ar\/blog\/category\/dolores\/"},"img":{"alt_text":"","src":"https:\/\/i0.wp.com\/larevistadigital.com.ar\/blog\/wp-content\/uploads\/20220121184129_cuentodeltiojpg.jpg?fit=880%2C512&ssl=1&resize=350%2C200","width":350,"height":200,"srcset":"https:\/\/i0.wp.com\/larevistadigital.com.ar\/blog\/wp-content\/uploads\/20220121184129_cuentodeltiojpg.jpg?fit=880%2C512&ssl=1&resize=350%2C200 1x, https:\/\/i0.wp.com\/larevistadigital.com.ar\/blog\/wp-content\/uploads\/20220121184129_cuentodeltiojpg.jpg?fit=880%2C512&ssl=1&resize=525%2C300 1.5x, https:\/\/i0.wp.com\/larevistadigital.com.ar\/blog\/wp-content\/uploads\/20220121184129_cuentodeltiojpg.jpg?fit=880%2C512&ssl=1&resize=700%2C400 2x"},"classes":[]},{"id":25401,"url":"https:\/\/larevistadigital.com.ar\/blog\/le-quitan-70-000-dolares-con-un-cuento-del-tio\/","url_meta":{"origin":23328,"position":4},"title":"LE QUITAN 70.000.- DOLARES CON UN \u00abCUENTO DEL T\u00cdO\u00bb","author":"Alejandro Sosa Ruda","date":"26 mayo, 2022","format":false,"excerpt":"Un vecino ameghinense fue v\u00edctima de una estafa. Lo contactaron por tel\u00e9fono, lo enga\u00f1aron y termin\u00f3 d\u00e1ndole el dinero a un individuo que se hizo pasar por el hijo del gerente del banco. AMEGHINO -\u00a0 Un vecino de la ciudad de Ameghino cay\u00f3 en un enga\u00f1o y perdi\u00f3 una significativa\u2026","rel":"","context":"En \u00abINTERES GENERAL\u00bb","block_context":{"text":"INTERES GENERAL","link":"https:\/\/larevistadigital.com.ar\/blog\/category\/interes-general\/"},"img":{"alt_text":"","src":"https:\/\/i0.wp.com\/larevistadigital.com.ar\/blog\/wp-content\/uploads\/20220525093854_cuento-del-tio-ameghino.jpg?fit=880%2C512&ssl=1&resize=350%2C200","width":350,"height":200,"srcset":"https:\/\/i0.wp.com\/larevistadigital.com.ar\/blog\/wp-content\/uploads\/20220525093854_cuento-del-tio-ameghino.jpg?fit=880%2C512&ssl=1&resize=350%2C200 1x, https:\/\/i0.wp.com\/larevistadigital.com.ar\/blog\/wp-content\/uploads\/20220525093854_cuento-del-tio-ameghino.jpg?fit=880%2C512&ssl=1&resize=525%2C300 1.5x, https:\/\/i0.wp.com\/larevistadigital.com.ar\/blog\/wp-content\/uploads\/20220525093854_cuento-del-tio-ameghino.jpg?fit=880%2C512&ssl=1&resize=700%2C400 2x"},"classes":[]},{"id":25036,"url":"https:\/\/larevistadigital.com.ar\/blog\/dolores-dos-detenidos-tras-un-nuevo-intento-de-cuento-del-tio\/","url_meta":{"origin":23328,"position":5},"title":"DOLORES: DOS DETENIDOS TRAS UN NUEVO INTENTO DE \u00abCUENTO DEL T\u00cdO\u00bb","author":"Alejandro Sosa Ruda","date":"11 abril, 2022","format":false,"excerpt":"Fueron interceptados en la Ruta 2 tras un gran operativo cerrojo. DOLORES -\u00a0 En las \u00faltimas horas, fueron detenidos dos hombres oriundos de Capital Federal, con antecedentes por delitos de estafa. En esta oportunidad,\u00a0 un remisero de Dolores, que hab\u00eda sido v\u00edctima del \"cuento del t\u00edo\", recibi\u00f3 un llamado para\u2026","rel":"","context":"En \u00abDOLORES\u00bb","block_context":{"text":"DOLORES","link":"https:\/\/larevistadigital.com.ar\/blog\/category\/dolores\/"},"img":{"alt_text":"","src":"https:\/\/i0.wp.com\/larevistadigital.com.ar\/blog\/wp-content\/uploads\/88381adc587fa8a1e6a1dc82a6ca4e1b93ba1bbe.jpg?fit=1140%2C757&ssl=1&resize=350%2C200","width":350,"height":200,"srcset":"https:\/\/i0.wp.com\/larevistadigital.com.ar\/blog\/wp-content\/uploads\/88381adc587fa8a1e6a1dc82a6ca4e1b93ba1bbe.jpg?fit=1140%2C757&ssl=1&resize=350%2C200 1x, https:\/\/i0.wp.com\/larevistadigital.com.ar\/blog\/wp-content\/uploads\/88381adc587fa8a1e6a1dc82a6ca4e1b93ba1bbe.jpg?fit=1140%2C757&ssl=1&resize=525%2C300 1.5x, https:\/\/i0.wp.com\/larevistadigital.com.ar\/blog\/wp-content\/uploads\/88381adc587fa8a1e6a1dc82a6ca4e1b93ba1bbe.jpg?fit=1140%2C757&ssl=1&resize=700%2C400 2x, https:\/\/i0.wp.com\/larevistadigital.com.ar\/blog\/wp-content\/uploads\/88381adc587fa8a1e6a1dc82a6ca4e1b93ba1bbe.jpg?fit=1140%2C757&ssl=1&resize=1050%2C600 3x"},"classes":[]}],"_links":{"self":[{"href":"https:\/\/larevistadigital.com.ar\/blog\/wp-json\/wp\/v2\/posts\/23328","targetHints":{"allow":["GET"]}}],"collection":[{"href":"https:\/\/larevistadigital.com.ar\/blog\/wp-json\/wp\/v2\/posts"}],"about":[{"href":"https:\/\/larevistadigital.com.ar\/blog\/wp-json\/wp\/v2\/types\/post"}],"author":[{"embeddable":true,"href":"https:\/\/larevistadigital.com.ar\/blog\/wp-json\/wp\/v2\/users\/3"}],"replies":[{"embeddable":true,"href":"https:\/\/larevistadigital.com.ar\/blog\/wp-json\/wp\/v2\/comments?post=23328"}],"version-history":[{"count":3,"href":"https:\/\/larevistadigital.com.ar\/blog\/wp-json\/wp\/v2\/posts\/23328\/revisions"}],"predecessor-version":[{"id":23332,"href":"https:\/\/larevistadigital.com.ar\/blog\/wp-json\/wp\/v2\/posts\/23328\/revisions\/23332"}],"wp:featuredmedia":[{"embeddable":true,"href":"https:\/\/larevistadigital.com.ar\/blog\/wp-json\/wp\/v2\/media\/23329"}],"wp:attachment":[{"href":"https:\/\/larevistadigital.com.ar\/blog\/wp-json\/wp\/v2\/media?parent=23328"}],"wp:term":[{"taxonomy":"category","embeddable":true,"href":"https:\/\/larevistadigital.com.ar\/blog\/wp-json\/wp\/v2\/categories?post=23328"},{"taxonomy":"post_tag","embeddable":true,"href":"https:\/\/larevistadigital.com.ar\/blog\/wp-json\/wp\/v2\/tags?post=23328"}],"curies":[{"name":"wp","href":"https:\/\/api.w.org\/{rel}","templated":true}]}}