{"id":23333,"date":"2022-01-13T00:26:23","date_gmt":"2022-01-13T00:26:23","guid":{"rendered":"https:\/\/larevistadigital.com.ar\/blog\/?p=23333"},"modified":"2022-01-13T00:26:23","modified_gmt":"2022-01-13T00:26:23","slug":"reunion-en-la-secretaria-de-seguridad-ciudadana-por-los-inconvenientes-ocurridos-en-puerto-aventura","status":"publish","type":"post","link":"https:\/\/larevistadigital.com.ar\/blog\/reunion-en-la-secretaria-de-seguridad-ciudadana-por-los-inconvenientes-ocurridos-en-puerto-aventura\/","title":{"rendered":"REUNI\u00d3N EN LA SECRETAR\u00cdA DE SEGURIDAD CIUDADANA POR LOS INCONVENIENTES OCURRIDOS EN PUERTO AVENTURA"},"content":{"rendered":"<p class=\"notaIntro\">En el marco de la necesidad de realizar algunas observaciones sobre el correcto funcionamiento del predio Puerto Aventura, a ra\u00edz de los sucesos acontecidos el pasado fin de semana, <em><strong>la Secretar\u00eda de Seguridad Ciudadana encomend\u00f3 a la Secretar\u00eda de Planificaci\u00f3n y Turismo convocar a una reuni\u00f3n a Magdalena Cavia, concesionaria del mismo.<\/strong><\/em><\/p>\n<p class=\"notaTexto\"><strong>Cumpliendo entonces con el pedido de Mariela Moscarella, <\/strong>\u00a0<strong>Leandro Otondo<\/strong> concret\u00f3 el encuentro, y\u00a0se reunieron con <strong>Cavia<\/strong>, a quien le manifestaron sus preocupaciones sobre diversas situaciones que est\u00e1n llevando adelante las concesionarias del predio y que alteran el orden de la ciudad.<\/p>\n<p>Uno de los puntos mencionados fue el aforo permitido y la capacidad de carga de visitantes y analizar si las instalaciones est\u00e1n acordes, para garantizar los servicios necesarios a la cantidad de gente que usualmente ingresa al lugar.<\/p>\n<p>Tambi\u00e9n se hizo referencia a la necesidad de ordenar el transito vehicular y las complicaciones que generan tanto los transportes de pasajeros de gran porte como los autos particulares, que entorpecen la correcta circulaci\u00f3n en el sector y en varias ocasiones se encuentran mal estacionados.<\/p>\n<p>Desde seguridad Ciudadana manifestaron que<em><strong> se fortalecer\u00e1n los controles exigiendo la documentaci\u00f3n necesaria, los pasajeros que transportan, las condiciones de cada unidad, entre otros requerimientos.<\/strong><\/em><\/p>\n","protected":false},"excerpt":{"rendered":"<div class=\"mh-excerpt\"><p>En el marco de la necesidad de realizar algunas observaciones sobre el correcto funcionamiento del predio Puerto Aventura, a ra\u00edz de los sucesos acontecidos el pasado fin de semana, la Secretar\u00eda de Seguridad Ciudadana encomend\u00f3 <a class=\"mh-excerpt-more\" href=\"https:\/\/larevistadigital.com.ar\/blog\/reunion-en-la-secretaria-de-seguridad-ciudadana-por-los-inconvenientes-ocurridos-en-puerto-aventura\/\" title=\"REUNI\u00d3N EN LA SECRETAR\u00cdA DE SEGURIDAD CIUDADANA POR LOS INCONVENIENTES OCURRIDOS EN PUERTO AVENTURA\">[Leer M\u00e1s]<\/a><\/p>\n<\/div>","protected":false},"author":3,"featured_media":23334,"comment_status":"open","ping_status":"open","sticky":false,"template":"","format":"standard","meta":{"_jetpack_memberships_contains_paid_content":false,"footnotes":"","jetpack_publicize_message":"","jetpack_publicize_feature_enabled":true,"jetpack_social_post_already_shared":true,"jetpack_social_options":{"image_generator_settings":{"template":"highway","default_image_id":0,"font":"","enabled":false},"version":2}},"categories":[41],"tags":[],"class_list":{"0":"post-23333","1":"post","2":"type-post","3":"status-publish","4":"format-standard","5":"has-post-thumbnail","7":"category-destacadas"},"jetpack_publicize_connections":[],"jetpack_featured_media_url":"https:\/\/i0.wp.com\/larevistadigital.com.ar\/blog\/wp-content\/uploads\/REUNION-MOSCARELLA-CAVIA.jpg?fit=750%2C497&ssl=1","jetpack_sharing_enabled":true,"jetpack_shortlink":"https:\/\/wp.me\/p8qtrQ-64l","jetpack-related-posts":[{"id":35984,"url":"https:\/\/larevistadigital.com.ar\/blog\/reunion-de-la-secretaria-de-seguridad-ciudadana-con-autoridades-policiales\/","url_meta":{"origin":23333,"position":0},"title":"REUNI\u00d3N DE LA SECRETARIA DE SEGURIDAD CIUDADANA CON AUTORIDADES POLICIALES","author":"Alejandro Sosa Ruda","date":"4 mayo, 2024","format":false,"excerpt":"El encuentro tuvo como objetivo fortalecer el trabajo de cooperaci\u00f3n entre la instituci\u00f3n policial y las \u00e1reas municipales de seguridad en cuanto a la prevenci\u00f3n del delito y las violencias, tanto en la zona rural como en la zona urbana. 4 de mayo de 2024 CHASCOM\u00daS -\u00a0 La secretaria de\u2026","rel":"","context":"En \u00abCHASCOM\u00daS\u00bb","block_context":{"text":"CHASCOM\u00daS","link":"https:\/\/larevistadigital.com.ar\/blog\/category\/chascomus\/"},"img":{"alt_text":"","src":"https:\/\/i0.wp.com\/larevistadigital.com.ar\/blog\/wp-content\/uploads\/2024_05_04_00_51_51_6230477.jpg?fit=600%2C450&ssl=1&resize=350%2C200","width":350,"height":200,"srcset":"https:\/\/i0.wp.com\/larevistadigital.com.ar\/blog\/wp-content\/uploads\/2024_05_04_00_51_51_6230477.jpg?fit=600%2C450&ssl=1&resize=350%2C200 1x, https:\/\/i0.wp.com\/larevistadigital.com.ar\/blog\/wp-content\/uploads\/2024_05_04_00_51_51_6230477.jpg?fit=600%2C450&ssl=1&resize=525%2C300 1.5x"},"classes":[]},{"id":29543,"url":"https:\/\/larevistadigital.com.ar\/blog\/chascomus-reunion-para-garantizar-la-seguridad-en-las-fiestas-habilitadas-para-navidad-y-ano-nuevo\/","url_meta":{"origin":23333,"position":1},"title":"CHASCOM\u00daS: REUNI\u00d3N PARA GARANTIZAR LA SEGURIDAD EN LAS FIESTAS HABILITADAS PARA NAVIDAD Y A\u00d1O NUEVO","author":"Alejandro Sosa Ruda","date":"19 diciembre, 2022","format":false,"excerpt":"Este lunes, la secretaria de Seguridad Ciudadana Mariela Moscarella mantuvo una reuni\u00f3n con los responsables de los eventos al aire libre habilitados para el 24 y el 31 de diciembre, con el fin de acordar criterios de trabajo que garantice la seguridad de los concurrentes. 19 de diciembre de 2022\u2026","rel":"","context":"En \u00abDESTACADAS\u00bb","block_context":{"text":"DESTACADAS","link":"https:\/\/larevistadigital.com.ar\/blog\/category\/destacadas\/"},"img":{"alt_text":"","src":"https:\/\/i0.wp.com\/larevistadigital.com.ar\/blog\/wp-content\/uploads\/REUNION-SEGURIDAD-FIESTAS.jpg?fit=900%2C604&ssl=1&resize=350%2C200","width":350,"height":200,"srcset":"https:\/\/i0.wp.com\/larevistadigital.com.ar\/blog\/wp-content\/uploads\/REUNION-SEGURIDAD-FIESTAS.jpg?fit=900%2C604&ssl=1&resize=350%2C200 1x, https:\/\/i0.wp.com\/larevistadigital.com.ar\/blog\/wp-content\/uploads\/REUNION-SEGURIDAD-FIESTAS.jpg?fit=900%2C604&ssl=1&resize=525%2C300 1.5x, https:\/\/i0.wp.com\/larevistadigital.com.ar\/blog\/wp-content\/uploads\/REUNION-SEGURIDAD-FIESTAS.jpg?fit=900%2C604&ssl=1&resize=700%2C400 2x"},"classes":[]},{"id":36465,"url":"https:\/\/larevistadigital.com.ar\/blog\/chascomus-la-secretaria-de-seguridad-ciudadana-se-reunio-con-vecinos-de-la-liberata\/","url_meta":{"origin":23333,"position":2},"title":"CHASCOM\u00daS: LA SECRETARIA DE SEGURIDAD CIUDADANA SE REUNI\u00d3 CON VECINOS DE LA LIBERATA","author":"Alejandro Sosa Ruda","date":"28 junio, 2024","format":false,"excerpt":"En el encuentro, al que sumaron autoridades policiales, acordaron fortalecer la cooperaci\u00f3n y el trabajo en red. 28 de Junio de 2024 CHASCOM\u00daS -\u00a0 La secretaria de Seguridad Ciudadana, Mariela Moscarella, encabez\u00f3 un encuentro con residentes de La Liberata, en el que dialogaron sobre la actual situaci\u00f3n del barrio, en\u2026","rel":"","context":"En \u00abINTERES GENERAL\u00bb","block_context":{"text":"INTERES GENERAL","link":"https:\/\/larevistadigital.com.ar\/blog\/category\/interes-general\/"},"img":{"alt_text":"","src":"https:\/\/i0.wp.com\/larevistadigital.com.ar\/blog\/wp-content\/uploads\/2024_06_28_01_42_22_806064.jpeg?fit=600%2C398&ssl=1&resize=350%2C200","width":350,"height":200,"srcset":"https:\/\/i0.wp.com\/larevistadigital.com.ar\/blog\/wp-content\/uploads\/2024_06_28_01_42_22_806064.jpeg?fit=600%2C398&ssl=1&resize=350%2C200 1x, https:\/\/i0.wp.com\/larevistadigital.com.ar\/blog\/wp-content\/uploads\/2024_06_28_01_42_22_806064.jpeg?fit=600%2C398&ssl=1&resize=525%2C300 1.5x"},"classes":[]},{"id":36207,"url":"https:\/\/larevistadigital.com.ar\/blog\/la-secretaria-de-seguridad-recibio-a-representantes-de-sectores-rurales\/","url_meta":{"origin":23333,"position":3},"title":"LA SECRETARIA DE SEGURIDAD RECIBI\u00d3 A REPRESENTANTES DE SECTORES RURALES","author":"Alejandro Sosa Ruda","date":"4 junio, 2024","format":false,"excerpt":"La secretaria de Seguridad Ciudadana municipal, Mariela Moscarella, recibi\u00f3 a representantes del Foro de Seguridad Rural y de la Asociaci\u00f3n Rural de Chascom\u00fas con quienes dialog\u00f3 sobre la actualidad del sector. 04 de Junio de 2024 CHASCOM\u00daS -\u00a0 En esta reuni\u00f3n, que se llev\u00f3 a cabo en la Secretar\u00eda de\u2026","rel":"","context":"En \u00abDESTACADAS\u00bb","block_context":{"text":"DESTACADAS","link":"https:\/\/larevistadigital.com.ar\/blog\/category\/destacadas\/"},"img":{"alt_text":"","src":"https:\/\/i0.wp.com\/larevistadigital.com.ar\/blog\/wp-content\/uploads\/2024_06_05_00_47_30_302136.jpg?fit=600%2C338&ssl=1&resize=350%2C200","width":350,"height":200,"srcset":"https:\/\/i0.wp.com\/larevistadigital.com.ar\/blog\/wp-content\/uploads\/2024_06_05_00_47_30_302136.jpg?fit=600%2C338&ssl=1&resize=350%2C200 1x, https:\/\/i0.wp.com\/larevistadigital.com.ar\/blog\/wp-content\/uploads\/2024_06_05_00_47_30_302136.jpg?fit=600%2C338&ssl=1&resize=525%2C300 1.5x"},"classes":[]},{"id":24981,"url":"https:\/\/larevistadigital.com.ar\/blog\/chascomus-firme-avance-con-el-plan-integral-de-seguridad\/","url_meta":{"origin":23333,"position":4},"title":"CHASCOM\u00daS: FIRME AVANCE CON EL PLAN INTEGRAL DE SEGURIDAD","author":"Alejandro Sosa Ruda","date":"6 abril, 2022","format":false,"excerpt":"Con una firme decisi\u00f3n pol\u00edtica de Mariela Moscarella, se avanza con el \"Plan Integral de Seguridad\" para Chascom\u00fas. CHASCOM\u00daS - \u00a0Esta ma\u00f1ana, se llev\u00f3 a cabo una reuni\u00f3n de trabajo entre la Secretar\u00eda de Seguridad Ciudadana y la Direcci\u00f3n de Planificaci\u00f3n Estrat\u00e9gica del Ministerio de Seguridad de la Provincia de\u2026","rel":"","context":"En \u00abDESTACADAS\u00bb","block_context":{"text":"DESTACADAS","link":"https:\/\/larevistadigital.com.ar\/blog\/category\/destacadas\/"},"img":{"alt_text":"","src":"https:\/\/i0.wp.com\/larevistadigital.com.ar\/blog\/wp-content\/uploads\/Captura-de-pantalla-2022-04-06-202233.jpg?fit=746%2C560&ssl=1&resize=350%2C200","width":350,"height":200,"srcset":"https:\/\/i0.wp.com\/larevistadigital.com.ar\/blog\/wp-content\/uploads\/Captura-de-pantalla-2022-04-06-202233.jpg?fit=746%2C560&ssl=1&resize=350%2C200 1x, https:\/\/i0.wp.com\/larevistadigital.com.ar\/blog\/wp-content\/uploads\/Captura-de-pantalla-2022-04-06-202233.jpg?fit=746%2C560&ssl=1&resize=525%2C300 1.5x, https:\/\/i0.wp.com\/larevistadigital.com.ar\/blog\/wp-content\/uploads\/Captura-de-pantalla-2022-04-06-202233.jpg?fit=746%2C560&ssl=1&resize=700%2C400 2x"},"classes":[]},{"id":37371,"url":"https:\/\/larevistadigital.com.ar\/blog\/reunion-para-coordinar-acciones-de-seguridad-con-el-nuevo-jefe-de-la-superintendencia-de-la-policia-provincial\/","url_meta":{"origin":23333,"position":5},"title":"Reuni\u00f3n para coordinar acciones de seguridad con el nuevo jefe de la Superintendencia de la Polic\u00eda Provincial","author":"Alejandro Sosa Ruda","date":"30 septiembre, 2024","format":false,"excerpt":"La Secretar\u00eda de Seguridad Ciudadana, encabezada por Mariela Moscarella, llev\u00f3 a cabo una reuni\u00f3n de trabajo con el comisario mayor Carlos Dom\u00ednguez. 01\u00a0 de Octubre de 2024 CHASCOM\u00daS -\u00a0 Durante el encuentro, se sumaron los referentes de las distintas \u00e1reas de la secretar\u00eda con el objetivo de avanzar en criterios\u2026","rel":"","context":"En \u00abINTERES GENERAL\u00bb","block_context":{"text":"INTERES GENERAL","link":"https:\/\/larevistadigital.com.ar\/blog\/category\/interes-general\/"},"img":{"alt_text":"","src":"https:\/\/i0.wp.com\/larevistadigital.com.ar\/blog\/wp-content\/uploads\/66facb64b7503.png?fit=668%2C445&ssl=1&resize=350%2C200","width":350,"height":200,"srcset":"https:\/\/i0.wp.com\/larevistadigital.com.ar\/blog\/wp-content\/uploads\/66facb64b7503.png?fit=668%2C445&ssl=1&resize=350%2C200 1x, https:\/\/i0.wp.com\/larevistadigital.com.ar\/blog\/wp-content\/uploads\/66facb64b7503.png?fit=668%2C445&ssl=1&resize=525%2C300 1.5x"},"classes":[]}],"_links":{"self":[{"href":"https:\/\/larevistadigital.com.ar\/blog\/wp-json\/wp\/v2\/posts\/23333","targetHints":{"allow":["GET"]}}],"collection":[{"href":"https:\/\/larevistadigital.com.ar\/blog\/wp-json\/wp\/v2\/posts"}],"about":[{"href":"https:\/\/larevistadigital.com.ar\/blog\/wp-json\/wp\/v2\/types\/post"}],"author":[{"embeddable":true,"href":"https:\/\/larevistadigital.com.ar\/blog\/wp-json\/wp\/v2\/users\/3"}],"replies":[{"embeddable":true,"href":"https:\/\/larevistadigital.com.ar\/blog\/wp-json\/wp\/v2\/comments?post=23333"}],"version-history":[{"count":1,"href":"https:\/\/larevistadigital.com.ar\/blog\/wp-json\/wp\/v2\/posts\/23333\/revisions"}],"predecessor-version":[{"id":23335,"href":"https:\/\/larevistadigital.com.ar\/blog\/wp-json\/wp\/v2\/posts\/23333\/revisions\/23335"}],"wp:featuredmedia":[{"embeddable":true,"href":"https:\/\/larevistadigital.com.ar\/blog\/wp-json\/wp\/v2\/media\/23334"}],"wp:attachment":[{"href":"https:\/\/larevistadigital.com.ar\/blog\/wp-json\/wp\/v2\/media?parent=23333"}],"wp:term":[{"taxonomy":"category","embeddable":true,"href":"https:\/\/larevistadigital.com.ar\/blog\/wp-json\/wp\/v2\/categories?post=23333"},{"taxonomy":"post_tag","embeddable":true,"href":"https:\/\/larevistadigital.com.ar\/blog\/wp-json\/wp\/v2\/tags?post=23333"}],"curies":[{"name":"wp","href":"https:\/\/api.w.org\/{rel}","templated":true}]}}