{"id":2344,"date":"2017-06-09T17:25:10","date_gmt":"2017-06-09T17:25:10","guid":{"rendered":"https:\/\/larevistadigital.com.ar\/blog\/?p=2344"},"modified":"2017-06-09T17:25:10","modified_gmt":"2017-06-09T17:25:10","slug":"el-sindicato-union-ferroviaria-aseguro-que-desde-julio-regresa-el-tren-a-mar-del-plata","status":"publish","type":"post","link":"https:\/\/larevistadigital.com.ar\/blog\/el-sindicato-union-ferroviaria-aseguro-que-desde-julio-regresa-el-tren-a-mar-del-plata\/","title":{"rendered":"EL SINDICATO UNION FERROVIARIA ASEGURO QUE DESDE JULIO REGRESA EL TREN A MAR DEL PLATA"},"content":{"rendered":"<p>Desde fines de junio de 2016, la gobernaci\u00f3n de la Provincia de Buenos Aires, decidi\u00f3 el traspaso de Ferrobaires a la \u00f3rbita del estado nacional, por lo que desde ese momento fueron suspendidos todos los servicios prestados por la misma, y pese a que se retomaron algunas conexiones, algunos distritos quedaron aislados.<\/p>\n<blockquote><p>Ahora,\u00a0<strong>desde el sindicato Uni\u00f3n Ferroviaria aseguraron que desde el 1 de julio el servicio de trenes llegar\u00e1 a Mar del Plata<\/strong>, mientras que desde el 10 de julio sumar\u00e1n frecuencias a Jun\u00edn y el 17 a Bah\u00eda Blanca. De esta forma, las dos \u00faltimas ciudades elevar\u00e1n a tres los viajes por semana.<\/p><\/blockquote>\n<p><strong><em>\u201cNuestro objetivo es que la red vuelva a funcionar por completo, pero es cierto que hubo una desinversi\u00f3n durante muchos a\u00f1os y es algo que venimos denunciando hace mucho\u201d<\/em><\/strong>, coment\u00f3 el secretario general del sindicato ferroviario<strong>\u00a0Sergio Sassia<\/strong>\u00a0a Infocielo. Aunque de todos modos \u201cprofundizar las inversiones\u201d en materia ferroviaria.<\/p>\n<p>No es la primera vez que se realizan anuncios sobre la vuelta del tren a la ciudad. Los usuarios esperan que en esta oportunidad se cumpla.<\/p>\n<p>FUENTE: DIARIO EL CRONISTA CHASCOMUS<\/p>\n","protected":false},"excerpt":{"rendered":"<div class=\"mh-excerpt\"><p>Desde fines de junio de 2016, la gobernaci\u00f3n de la Provincia de Buenos Aires, decidi\u00f3 el traspaso de Ferrobaires a la \u00f3rbita del estado nacional, por lo que desde ese momento fueron suspendidos todos los <a class=\"mh-excerpt-more\" href=\"https:\/\/larevistadigital.com.ar\/blog\/el-sindicato-union-ferroviaria-aseguro-que-desde-julio-regresa-el-tren-a-mar-del-plata\/\" title=\"EL SINDICATO UNION FERROVIARIA ASEGURO QUE DESDE JULIO REGRESA EL TREN A MAR DEL PLATA\">[Leer M\u00e1s]<\/a><\/p>\n<\/div>","protected":false},"author":3,"featured_media":2345,"comment_status":"open","ping_status":"open","sticky":false,"template":"","format":"standard","meta":{"_jetpack_memberships_contains_paid_content":false,"footnotes":"","jetpack_publicize_message":"","jetpack_publicize_feature_enabled":true,"jetpack_social_post_already_shared":true,"jetpack_social_options":{"image_generator_settings":{"template":"highway","default_image_id":0,"font":"","enabled":false},"version":2}},"categories":[6,26,23,29],"tags":[],"class_list":{"0":"post-2344","1":"post","2":"type-post","3":"status-publish","4":"format-standard","5":"has-post-thumbnail","7":"category-chascomus","8":"category-local-y-de-la-zona","9":"category-politica-local","10":"category-sociedad"},"jetpack_publicize_connections":[],"jetpack_featured_media_url":"https:\/\/i0.wp.com\/larevistadigital.com.ar\/blog\/wp-content\/uploads\/2017\/06\/not_861086_02_145728.jpg?fit=1000%2C540&ssl=1","jetpack_sharing_enabled":true,"jetpack_shortlink":"https:\/\/wp.me\/p8qtrQ-BO","jetpack-related-posts":[{"id":2442,"url":"https:\/\/larevistadigital.com.ar\/blog\/detalles-del-regreso-del-tren-hacia-mar-del-plata-el-proximo-3-de-julio\/","url_meta":{"origin":2344,"position":0},"title":"DETALLES DEL REGRESO DEL TREN HACIA MAR DEL PLATA EL PR\u00d3XIMO 3 DE JULIO","author":"Alejandro Sosa Ruda","date":"16 junio, 2017","format":false,"excerpt":"Luego de varios inconvenientes de infraestructura, serios y reiterados problemas en el puente que cruza el r\u00edo Salado y dos a\u00f1os sin servicio, llegando casi al olvido, regresar\u00e1 el tren que une Plaza Constituci\u00f3n con Mar del Plata, pasando por 121 localidades bonaerenses, entre ellas la ciudad de Chascom\u00fas. La\u2026","rel":"","context":"En \u00abCHASCOM\u00daS\u00bb","block_context":{"text":"CHASCOM\u00daS","link":"https:\/\/larevistadigital.com.ar\/blog\/category\/chascomus\/"},"img":{"alt_text":"","src":"https:\/\/i0.wp.com\/larevistadigital.com.ar\/blog\/wp-content\/uploads\/2017\/06\/not_861086_02_145728.jpg?fit=1000%2C540&ssl=1&resize=350%2C200","width":350,"height":200,"srcset":"https:\/\/i0.wp.com\/larevistadigital.com.ar\/blog\/wp-content\/uploads\/2017\/06\/not_861086_02_145728.jpg?fit=1000%2C540&ssl=1&resize=350%2C200 1x, https:\/\/i0.wp.com\/larevistadigital.com.ar\/blog\/wp-content\/uploads\/2017\/06\/not_861086_02_145728.jpg?fit=1000%2C540&ssl=1&resize=525%2C300 1.5x, https:\/\/i0.wp.com\/larevistadigital.com.ar\/blog\/wp-content\/uploads\/2017\/06\/not_861086_02_145728.jpg?fit=1000%2C540&ssl=1&resize=700%2C400 2x"},"classes":[]},{"id":17789,"url":"https:\/\/larevistadigital.com.ar\/blog\/municipales-de-mar-del-plata-inician-retencion-de-tarea-por-no-acordar-con-el-ejecutivo\/","url_meta":{"origin":2344,"position":1},"title":"MUNICIPALES DE MAR DEL PLATA INICIAN RETENCI\u00d3N DE TAREA, POR NO ACORDAR CON EL EJECUTIVO","author":"Alejandro Sosa Ruda","date":"20 noviembre, 2020","format":false,"excerpt":"El Sindicato de Trabajadores municipales rechaz\u00f3 el ofrecimiento de aumento que consiste en un 10% a partir de diciembre, un 5% para marzo y un 5% para junio. El Sindicato de Trabajadores Municipales anunci\u00f3 una retenci\u00f3n de tareas\u00a0a partir del martes\u00a0luego de no aceptar la propuesta salarial del Ejecutivo. En\u2026","rel":"","context":"En \u00abGREMIALES\u00bb","block_context":{"text":"GREMIALES","link":"https:\/\/larevistadigital.com.ar\/blog\/category\/gremiales\/"},"img":{"alt_text":"","src":"https:\/\/i0.wp.com\/larevistadigital.com.ar\/blog\/wp-content\/uploads\/Screenshot_6-7.jpg?fit=1009%2C674&ssl=1&resize=350%2C200","width":350,"height":200,"srcset":"https:\/\/i0.wp.com\/larevistadigital.com.ar\/blog\/wp-content\/uploads\/Screenshot_6-7.jpg?fit=1009%2C674&ssl=1&resize=350%2C200 1x, https:\/\/i0.wp.com\/larevistadigital.com.ar\/blog\/wp-content\/uploads\/Screenshot_6-7.jpg?fit=1009%2C674&ssl=1&resize=525%2C300 1.5x, https:\/\/i0.wp.com\/larevistadigital.com.ar\/blog\/wp-content\/uploads\/Screenshot_6-7.jpg?fit=1009%2C674&ssl=1&resize=700%2C400 2x"},"classes":[]},{"id":44360,"url":"https:\/\/larevistadigital.com.ar\/blog\/preocupacion-en-mar-del-plata-por-despidos-en-el-shopping-los-gallegos\/","url_meta":{"origin":2344,"position":2},"title":"Preocupaci\u00f3n en Mar del Plata por despidos en el Shopping Los Gallegos","author":"Alejandro Sosa Ruda","date":"6 marzo, 2026","format":false,"excerpt":"El sindicato mercantil denunci\u00f3 que ya hubo cesant\u00edas pese al compromiso de la empresa de no despedir trabajadores durante la transici\u00f3n por la supuesta venta del complejo. 06 de marzo de 2026 MAR DEL PLATA -\u00a0 \u00a0El Sindicato de Empleados de Comercio de Mar del Plata y Zona Atl\u00e1ntica manifest\u00f3\u2026","rel":"","context":"En \u00abREGIONALES\u00bb","block_context":{"text":"REGIONALES","link":"https:\/\/larevistadigital.com.ar\/blog\/category\/regionales\/"},"img":{"alt_text":"","src":"https:\/\/i0.wp.com\/larevistadigital.com.ar\/blog\/wp-content\/uploads\/Captura-de-pantalla-2026-03-06-202756.jpg?fit=802%2C343&ssl=1&resize=350%2C200","width":350,"height":200,"srcset":"https:\/\/i0.wp.com\/larevistadigital.com.ar\/blog\/wp-content\/uploads\/Captura-de-pantalla-2026-03-06-202756.jpg?fit=802%2C343&ssl=1&resize=350%2C200 1x, https:\/\/i0.wp.com\/larevistadigital.com.ar\/blog\/wp-content\/uploads\/Captura-de-pantalla-2026-03-06-202756.jpg?fit=802%2C343&ssl=1&resize=525%2C300 1.5x, https:\/\/i0.wp.com\/larevistadigital.com.ar\/blog\/wp-content\/uploads\/Captura-de-pantalla-2026-03-06-202756.jpg?fit=802%2C343&ssl=1&resize=700%2C400 2x"},"classes":[]},{"id":1827,"url":"https:\/\/larevistadigital.com.ar\/blog\/hay-diagramados-desde-marzo-seis-servicios-de-alejandro-korn-a-chascomus-segun-afirman-trabajadores-ferroviarios\/","url_meta":{"origin":2344,"position":3},"title":"HAY DIAGRAMADOS DESDE MARZO SEIS SERVICIOS DE ALEJANDRO KORN A CHASCOM\u00daS, SEG\u00daN AFIRMAN TRABAJADORES FERROVIARIOS.","author":"Alejandro Sosa Ruda","date":"5 abril, 2017","format":false,"excerpt":"Seg\u00fan consigna el diario El Fuerte de Chascom\u00fas, Trabajadores de la agrupaci\u00f3n Naranja, opositora a la actual conducci\u00f3n del gremio Uni\u00f3n Ferroviaira, denunciaron que el tren que va desde Alejandro Korn hasta nuestra ciudad ya estar\u00eda diagramado, raz\u00f3n por la cual, deber\u00eda estar funcionando con seis servicios diarios, de acuerdo\u2026","rel":"","context":"En \u00abCHASCOM\u00daS\u00bb","block_context":{"text":"CHASCOM\u00daS","link":"https:\/\/larevistadigital.com.ar\/blog\/category\/chascomus\/"},"img":{"alt_text":"","src":"https:\/\/i0.wp.com\/larevistadigital.com.ar\/blog\/wp-content\/uploads\/2017\/04\/descarga.jpg?fit=650%2C433&ssl=1&resize=350%2C200","width":350,"height":200,"srcset":"https:\/\/i0.wp.com\/larevistadigital.com.ar\/blog\/wp-content\/uploads\/2017\/04\/descarga.jpg?fit=650%2C433&ssl=1&resize=350%2C200 1x, https:\/\/i0.wp.com\/larevistadigital.com.ar\/blog\/wp-content\/uploads\/2017\/04\/descarga.jpg?fit=650%2C433&ssl=1&resize=525%2C300 1.5x"},"classes":[]},{"id":39971,"url":"https:\/\/larevistadigital.com.ar\/blog\/el-derrumbe-del-turismo-golpea-con-fuerza-a-la-gastronomia-y-hoteleria-de-mar-del-plata\/","url_meta":{"origin":2344,"position":4},"title":"El derrumbe del turismo golpea con fuerza a la gastronom\u00eda y hoteler\u00eda de Mar del Plata","author":"Alejandro Sosa Ruda","date":"5 junio, 2025","format":false,"excerpt":"La crisis del turismo ya est\u00e1 afectando seriamente a sectores fundamentales para la econom\u00eda marplatense, como la gastronom\u00eda y la hoteler\u00eda. Desde la Uni\u00f3n de Trabajadores del Turismo, Hoteler\u00eda y Gastronom\u00eda (Uthgra) advierten que la falta de pol\u00edticas para reactivar el turismo interno est\u00e1 acelerando el cierre de restaurantes y\u2026","rel":"","context":"En \u00abREGIONALES\u00bb","block_context":{"text":"REGIONALES","link":"https:\/\/larevistadigital.com.ar\/blog\/category\/regionales\/"},"img":{"alt_text":"","src":"https:\/\/i0.wp.com\/larevistadigital.com.ar\/blog\/wp-content\/uploads\/20250605135851_caida-turismo-gastronomia-hoteleria-mar-del-plata.jpg?fit=880%2C512&ssl=1&resize=350%2C200","width":350,"height":200,"srcset":"https:\/\/i0.wp.com\/larevistadigital.com.ar\/blog\/wp-content\/uploads\/20250605135851_caida-turismo-gastronomia-hoteleria-mar-del-plata.jpg?fit=880%2C512&ssl=1&resize=350%2C200 1x, https:\/\/i0.wp.com\/larevistadigital.com.ar\/blog\/wp-content\/uploads\/20250605135851_caida-turismo-gastronomia-hoteleria-mar-del-plata.jpg?fit=880%2C512&ssl=1&resize=525%2C300 1.5x, https:\/\/i0.wp.com\/larevistadigital.com.ar\/blog\/wp-content\/uploads\/20250605135851_caida-turismo-gastronomia-hoteleria-mar-del-plata.jpg?fit=880%2C512&ssl=1&resize=700%2C400 2x"},"classes":[]},{"id":16416,"url":"https:\/\/larevistadigital.com.ar\/blog\/por-tercer-dia-los-choferes-de-la-uta-mantienen-cortada-la-autovia-2-en-el-acceso-a-mar-del-plata\/","url_meta":{"origin":2344,"position":5},"title":"POR TERCER D\u00cdA LOS CHOFERES DE LA UTA MANTIENEN CORTADA LA AUTOV\u00cdA 2 EN EL ACCESO A MAR DEL PLATA","author":"Alejandro Sosa Ruda","date":"18 septiembre, 2020","format":false,"excerpt":"El gremio sostiene la protesta en el acceso a Mar del Plata con un bloqueo \"intermitente\". Los trabajadores reclaman el pago de salarios adeudados y acampan en el lugar. La Uni\u00f3n Tranviarios Automotor (UTA) mantiene este viernes, por tercer d\u00eda consecutivo,\u00a0el corte de la autov\u00eda 2\u00a0y\u00a0un acampe en el acceso\u2026","rel":"","context":"En \u00abGREMIALES\u00bb","block_context":{"text":"GREMIALES","link":"https:\/\/larevistadigital.com.ar\/blog\/category\/gremiales\/"},"img":{"alt_text":"","src":"https:\/\/i0.wp.com\/larevistadigital.com.ar\/blog\/wp-content\/uploads\/Screenshot_6-5.jpg?fit=1006%2C666&ssl=1&resize=350%2C200","width":350,"height":200,"srcset":"https:\/\/i0.wp.com\/larevistadigital.com.ar\/blog\/wp-content\/uploads\/Screenshot_6-5.jpg?fit=1006%2C666&ssl=1&resize=350%2C200 1x, https:\/\/i0.wp.com\/larevistadigital.com.ar\/blog\/wp-content\/uploads\/Screenshot_6-5.jpg?fit=1006%2C666&ssl=1&resize=525%2C300 1.5x, https:\/\/i0.wp.com\/larevistadigital.com.ar\/blog\/wp-content\/uploads\/Screenshot_6-5.jpg?fit=1006%2C666&ssl=1&resize=700%2C400 2x"},"classes":[]}],"_links":{"self":[{"href":"https:\/\/larevistadigital.com.ar\/blog\/wp-json\/wp\/v2\/posts\/2344","targetHints":{"allow":["GET"]}}],"collection":[{"href":"https:\/\/larevistadigital.com.ar\/blog\/wp-json\/wp\/v2\/posts"}],"about":[{"href":"https:\/\/larevistadigital.com.ar\/blog\/wp-json\/wp\/v2\/types\/post"}],"author":[{"embeddable":true,"href":"https:\/\/larevistadigital.com.ar\/blog\/wp-json\/wp\/v2\/users\/3"}],"replies":[{"embeddable":true,"href":"https:\/\/larevistadigital.com.ar\/blog\/wp-json\/wp\/v2\/comments?post=2344"}],"version-history":[{"count":1,"href":"https:\/\/larevistadigital.com.ar\/blog\/wp-json\/wp\/v2\/posts\/2344\/revisions"}],"predecessor-version":[{"id":2346,"href":"https:\/\/larevistadigital.com.ar\/blog\/wp-json\/wp\/v2\/posts\/2344\/revisions\/2346"}],"wp:featuredmedia":[{"embeddable":true,"href":"https:\/\/larevistadigital.com.ar\/blog\/wp-json\/wp\/v2\/media\/2345"}],"wp:attachment":[{"href":"https:\/\/larevistadigital.com.ar\/blog\/wp-json\/wp\/v2\/media?parent=2344"}],"wp:term":[{"taxonomy":"category","embeddable":true,"href":"https:\/\/larevistadigital.com.ar\/blog\/wp-json\/wp\/v2\/categories?post=2344"},{"taxonomy":"post_tag","embeddable":true,"href":"https:\/\/larevistadigital.com.ar\/blog\/wp-json\/wp\/v2\/tags?post=2344"}],"curies":[{"name":"wp","href":"https:\/\/api.w.org\/{rel}","templated":true}]}}