{"id":23802,"date":"2022-02-03T14:46:39","date_gmt":"2022-02-03T14:46:39","guid":{"rendered":"https:\/\/larevistadigital.com.ar\/blog\/?p=23802"},"modified":"2022-02-03T14:48:05","modified_gmt":"2022-02-03T14:48:05","slug":"la-plata-busqueda-laboral-para-trabajar-en-la-republica-de-los-ninos","status":"publish","type":"post","link":"https:\/\/larevistadigital.com.ar\/blog\/la-plata-busqueda-laboral-para-trabajar-en-la-republica-de-los-ninos\/","title":{"rendered":"LA PLATA: BUSQUEDA LABORAL PARA TRABAJAR EN LA REP\u00daBLICA DE LOS NI\u00d1OS"},"content":{"rendered":"<h2 class=\"negrita\">Cantidad de puestos a cubrir, requisitos y todo lo hay que saber para poder participar de la selecci\u00f3n de personal que har\u00e1 la empresa encargada del \u00e1rea.<\/h2>\n<div class=\"texto\">\n<p>En las \u00faltimas horas se dio a conocer que se lanz\u00f3 una b\u00fasqueda de trabajadores para que cubran puestos y se desempe\u00f1en en el sector de juegos electr\u00f3nicos en la parque de la Rep\u00fablica de los Ni\u00f1os.<\/p>\n<p><strong>\u201cBuscamos sobretodo operarios que est\u00e9n en los juegos para hacerlos funcionar y asistiendo a los usuarios\u201d<\/strong>, sostuvo <strong>Rodrigo Fucilieri<\/strong>, encargado del \u00e1rea, en di\u00e1logo con\u00a0<strong>0221.com.ar<\/strong>.<\/p>\n<p><a href=\"https:\/\/i0.wp.com\/pxb.cdn.0221.com.ar\/0221\/022022\/1643891070019.jpeg?ssl=1\"><img data-recalc-dims=\"1\" decoding=\"async\" class=\"aligncenter\" src=\"https:\/\/i0.wp.com\/pxb.cdn.0221.com.ar\/0221\/022022\/1643891070019.jpeg?ssl=1\" alt=\"\" \/><\/a><\/p>\n<blockquote>\n<h3>El requisito principal para quienes quieran participar de esta selecci\u00f3n, es que\u00a0<strong>deben tener entre 18 y 30 a\u00f1os.<\/strong>\u00a0Los interesados tendr\u00e1n que acercarse al predio, en el sector de juegos electr\u00f3nicos, este viernes a partir de las 14.<\/h3>\n<\/blockquote>\n<p><a href=\"https:\/\/i0.wp.com\/pxb.cdn.0221.com.ar\/0221\/022022\/1643891028989.jpg?ssl=1\"><img data-recalc-dims=\"1\" decoding=\"async\" src=\"https:\/\/i0.wp.com\/pxb.cdn.0221.com.ar\/0221\/022022\/1643891028989.jpg?ssl=1\" alt=\"\" \/><\/a><\/p>\n<p><strong>\u201cLa intenci\u00f3n es cubrir de 15 a 20 puestos laborales. Esos se sumar\u00e1n a los aproximadamente 40 que somos\u201d<\/strong>, dijo <strong>Rodrigo<\/strong>, explicando que en medida que la pandemia lo permita, sumar\u00e1n a m\u00e1s trabajadores porque ampliar\u00e1n la oferta y opciones para disfrutar.<\/p>\n<\/div>\n","protected":false},"excerpt":{"rendered":"<div class=\"mh-excerpt\"><p>Cantidad de puestos a cubrir, requisitos y todo lo hay que saber para poder participar de la selecci\u00f3n de personal que har\u00e1 la empresa encargada del \u00e1rea. En las \u00faltimas horas se dio a conocer <a class=\"mh-excerpt-more\" href=\"https:\/\/larevistadigital.com.ar\/blog\/la-plata-busqueda-laboral-para-trabajar-en-la-republica-de-los-ninos\/\" title=\"LA PLATA: BUSQUEDA LABORAL PARA TRABAJAR EN LA REP\u00daBLICA DE LOS NI\u00d1OS\">[Leer M\u00e1s]<\/a><\/p>\n<\/div>","protected":false},"author":3,"featured_media":23804,"comment_status":"open","ping_status":"open","sticky":false,"template":"","format":"standard","meta":{"_jetpack_memberships_contains_paid_content":false,"footnotes":"","jetpack_publicize_message":"","jetpack_publicize_feature_enabled":true,"jetpack_social_post_already_shared":true,"jetpack_social_options":{"image_generator_settings":{"template":"highway","default_image_id":0,"font":"","enabled":false},"version":2}},"categories":[51],"tags":[],"class_list":{"0":"post-23802","1":"post","2":"type-post","3":"status-publish","4":"format-standard","5":"has-post-thumbnail","7":"category-regionales"},"jetpack_publicize_connections":[],"jetpack_featured_media_url":"https:\/\/i0.wp.com\/larevistadigital.com.ar\/blog\/wp-content\/uploads\/Republica-de-los-Ninos-1.jpg?fit=2048%2C1369&ssl=1","jetpack_sharing_enabled":true,"jetpack_shortlink":"https:\/\/wp.me\/p8qtrQ-6bU","jetpack-related-posts":[{"id":36513,"url":"https:\/\/larevistadigital.com.ar\/blog\/la-plata-descarrilo-y-volco-el-trencito-de-la-alegria-de-la-republica-de-los-ninos\/","url_meta":{"origin":23802,"position":0},"title":"LA PLATA: DESCARRIL\u00d3 Y VOLC\u00d3 EL \u00abTRENCITO DE LA ALEGR\u00cdA\u00bb DE LA REP\u00daBLICA DE LOS NI\u00d1OS\u00bb.","author":"Alejandro Sosa Ruda","date":"1 julio, 2024","format":false,"excerpt":"Afortunadamente no hubo heridos de consideraci\u00f3n. El comunicado de la empresa. 01 de Julio de 2024 LA PLATA - Luego de que uno de los vagones del Tren de la Alegr\u00eda de la Ciudad de los Ni\u00f1os en La Plata descarrilara durante la tarde de este domingo, la administraci\u00f3n del\u2026","rel":"","context":"En \u00abREGIONALES\u00bb","block_context":{"text":"REGIONALES","link":"https:\/\/larevistadigital.com.ar\/blog\/category\/regionales\/"},"img":{"alt_text":"","src":"https:\/\/i0.wp.com\/larevistadigital.com.ar\/blog\/wp-content\/uploads\/Captura-de-pantalla-2024-07-01-091022.png?fit=905%2C492&ssl=1&resize=350%2C200","width":350,"height":200,"srcset":"https:\/\/i0.wp.com\/larevistadigital.com.ar\/blog\/wp-content\/uploads\/Captura-de-pantalla-2024-07-01-091022.png?fit=905%2C492&ssl=1&resize=350%2C200 1x, https:\/\/i0.wp.com\/larevistadigital.com.ar\/blog\/wp-content\/uploads\/Captura-de-pantalla-2024-07-01-091022.png?fit=905%2C492&ssl=1&resize=525%2C300 1.5x, https:\/\/i0.wp.com\/larevistadigital.com.ar\/blog\/wp-content\/uploads\/Captura-de-pantalla-2024-07-01-091022.png?fit=905%2C492&ssl=1&resize=700%2C400 2x"},"classes":[]},{"id":28982,"url":"https:\/\/larevistadigital.com.ar\/blog\/se-dictara-una-clinica-abierta-de-hockey-en-chascomus\/","url_meta":{"origin":23802,"position":1},"title":"SE DICTAR\u00c1 UNA CL\u00cdNICA ABIERTA DE HOCKEY EN CHASCOM\u00daS","author":"Alejandro Sosa Ruda","date":"22 noviembre, 2022","format":false,"excerpt":"CHASCOM\u00daS -\u00a0 \u00a0Desde la Sede local del Instituto Rep\u00fablica se invita a toda la comunidad a participar de esta actividad libre y gratuita, organizada conjuntamente con la Secretar\u00eda de Deportes de la Ciudad de Buenos Aires y el Club Atl\u00e9tico Chascom\u00fas. La misma se desarrollar\u00e1 desde las 18:30 del mi\u00e9rcoles\u2026","rel":"","context":"En \u00abINTERES GENERAL\u00bb","block_context":{"text":"INTERES GENERAL","link":"https:\/\/larevistadigital.com.ar\/blog\/category\/interes-general\/"},"img":{"alt_text":"","src":"https:\/\/i0.wp.com\/larevistadigital.com.ar\/blog\/wp-content\/uploads\/WhatsApp-Image-2022-11-22-at-17.38.22.jpeg?fit=1200%2C1200&ssl=1&resize=350%2C200","width":350,"height":200,"srcset":"https:\/\/i0.wp.com\/larevistadigital.com.ar\/blog\/wp-content\/uploads\/WhatsApp-Image-2022-11-22-at-17.38.22.jpeg?fit=1200%2C1200&ssl=1&resize=350%2C200 1x, https:\/\/i0.wp.com\/larevistadigital.com.ar\/blog\/wp-content\/uploads\/WhatsApp-Image-2022-11-22-at-17.38.22.jpeg?fit=1200%2C1200&ssl=1&resize=525%2C300 1.5x, https:\/\/i0.wp.com\/larevistadigital.com.ar\/blog\/wp-content\/uploads\/WhatsApp-Image-2022-11-22-at-17.38.22.jpeg?fit=1200%2C1200&ssl=1&resize=700%2C400 2x, https:\/\/i0.wp.com\/larevistadigital.com.ar\/blog\/wp-content\/uploads\/WhatsApp-Image-2022-11-22-at-17.38.22.jpeg?fit=1200%2C1200&ssl=1&resize=1050%2C600 3x"},"classes":[]},{"id":5156,"url":"https:\/\/larevistadigital.com.ar\/blog\/rosario-aventuras-familia\/","url_meta":{"origin":23802,"position":2},"title":"Rosario: aventuras en familia","author":"admin","date":"1 marzo, 2018","format":false,"excerpt":"En un entorno amable y distendido, frente a la belleza litorale\u00f1a del r\u00edo Paran\u00e1, una ciudad \u2013hist\u00f3rica, natural, cultural- que sorprende a ni\u00f1os y adultos. Rosario, en la provincia de Santa Fe, es una ciudad ideal para pasarla bien en familia, por sus distancias cortas, que permiten recorrerla a pie\u2026","rel":"","context":"En \u00abTURISMO\u00bb","block_context":{"text":"TURISMO","link":"https:\/\/larevistadigital.com.ar\/blog\/category\/turismo\/"},"img":{"alt_text":"","src":"https:\/\/i0.wp.com\/larevistadigital.com.ar\/blog\/wp-content\/uploads\/2018\/03\/QQQQ.jpg?fit=1200%2C514&ssl=1&resize=350%2C200","width":350,"height":200,"srcset":"https:\/\/i0.wp.com\/larevistadigital.com.ar\/blog\/wp-content\/uploads\/2018\/03\/QQQQ.jpg?fit=1200%2C514&ssl=1&resize=350%2C200 1x, https:\/\/i0.wp.com\/larevistadigital.com.ar\/blog\/wp-content\/uploads\/2018\/03\/QQQQ.jpg?fit=1200%2C514&ssl=1&resize=525%2C300 1.5x, https:\/\/i0.wp.com\/larevistadigital.com.ar\/blog\/wp-content\/uploads\/2018\/03\/QQQQ.jpg?fit=1200%2C514&ssl=1&resize=700%2C400 2x, https:\/\/i0.wp.com\/larevistadigital.com.ar\/blog\/wp-content\/uploads\/2018\/03\/QQQQ.jpg?fit=1200%2C514&ssl=1&resize=1050%2C600 3x"},"classes":[]},{"id":6551,"url":"https:\/\/larevistadigital.com.ar\/blog\/chascomus-el-municipio-coloca-nuevos-juegos-en-las-plazas\/","url_meta":{"origin":23802,"position":3},"title":"CHASCOM\u00daS: EL MUNICIPIO COLOCA NUEVOS JUEGOS EN LAS PLAZAS","author":"Alejandro Sosa Ruda","date":"20 septiembre, 2018","format":false,"excerpt":"A trav\u00e9s de su cuenta d facebook el municipio de Chascom\u00fas inform\u00f3 que est\u00e1 abocado a colocar nuevos juegos en distintas plazas de la ciudad para el disfrute de los ni\u00f1os. El comunicado dice lo siguiente: Continuando con la readecuaci\u00f3n y puesta en valor de los espacios p\u00fablicos de la\u2026","rel":"","context":"En \u00abPOLITICA\u00bb","block_context":{"text":"POLITICA","link":"https:\/\/larevistadigital.com.ar\/blog\/category\/politica\/"},"img":{"alt_text":"","src":"https:\/\/i0.wp.com\/larevistadigital.com.ar\/blog\/wp-content\/uploads\/2018\/09\/42194036_2071034052917469_4836271451768094720_n.jpg?fit=960%2C640&ssl=1&resize=350%2C200","width":350,"height":200,"srcset":"https:\/\/i0.wp.com\/larevistadigital.com.ar\/blog\/wp-content\/uploads\/2018\/09\/42194036_2071034052917469_4836271451768094720_n.jpg?fit=960%2C640&ssl=1&resize=350%2C200 1x, https:\/\/i0.wp.com\/larevistadigital.com.ar\/blog\/wp-content\/uploads\/2018\/09\/42194036_2071034052917469_4836271451768094720_n.jpg?fit=960%2C640&ssl=1&resize=525%2C300 1.5x, https:\/\/i0.wp.com\/larevistadigital.com.ar\/blog\/wp-content\/uploads\/2018\/09\/42194036_2071034052917469_4836271451768094720_n.jpg?fit=960%2C640&ssl=1&resize=700%2C400 2x"},"classes":[]},{"id":9435,"url":"https:\/\/larevistadigital.com.ar\/blog\/castelli-parque-de-los-ninos-avanza-la-obra-estructural\/","url_meta":{"origin":23802,"position":4},"title":"CASTELLI: PARQUE DE LOS NI\u00d1OS: AVANZA LA OBRA ESTRUCTURAL","author":"Alejandro Sosa Ruda","date":"28 marzo, 2019","format":false,"excerpt":"En la zona de la laguna La Rosita comenz\u00f3 hace algunos meses a plasmarse un proyecto que busca contribuir al fomento del turismo en Castelli y a generar un espacio de entrenamiento y diversi\u00f3n para las familias. Se trata del Parque de Los Ni\u00f1os que contar\u00e1 con un dise\u00f1o emplazado\u2026","rel":"","context":"En \u00abCASTELLI\u00bb","block_context":{"text":"CASTELLI","link":"https:\/\/larevistadigital.com.ar\/blog\/category\/castelli\/"},"img":{"alt_text":"","src":"https:\/\/i0.wp.com\/larevistadigital.com.ar\/blog\/wp-content\/uploads\/2019\/03\/55539227_1140593902776977_8853525238990766080_o.jpg?fit=1200%2C800&ssl=1&resize=350%2C200","width":350,"height":200,"srcset":"https:\/\/i0.wp.com\/larevistadigital.com.ar\/blog\/wp-content\/uploads\/2019\/03\/55539227_1140593902776977_8853525238990766080_o.jpg?fit=1200%2C800&ssl=1&resize=350%2C200 1x, https:\/\/i0.wp.com\/larevistadigital.com.ar\/blog\/wp-content\/uploads\/2019\/03\/55539227_1140593902776977_8853525238990766080_o.jpg?fit=1200%2C800&ssl=1&resize=525%2C300 1.5x, https:\/\/i0.wp.com\/larevistadigital.com.ar\/blog\/wp-content\/uploads\/2019\/03\/55539227_1140593902776977_8853525238990766080_o.jpg?fit=1200%2C800&ssl=1&resize=700%2C400 2x, https:\/\/i0.wp.com\/larevistadigital.com.ar\/blog\/wp-content\/uploads\/2019\/03\/55539227_1140593902776977_8853525238990766080_o.jpg?fit=1200%2C800&ssl=1&resize=1050%2C600 3x"},"classes":[]},{"id":9836,"url":"https:\/\/larevistadigital.com.ar\/blog\/castelli-parque-de-los-ninos-se-esta-culminando-el-frente-del-predio\/","url_meta":{"origin":23802,"position":5},"title":"CASTELLI: PARQUE DE LOS NI\u00d1OS: SE EST\u00c1 CULMINANDO EL FRENTE DEL PREDIO","author":"Alejandro Sosa Ruda","date":"25 abril, 2019","format":false,"excerpt":"En estas semanas, avanza la construcci\u00f3n del Parque de los Ni\u00f1os y ya se finaliz\u00f3 el ingreso sobre Boulevard Natalio Riva. En esta edificaci\u00f3n funcionar\u00e1 el \u00e1rea de ba\u00f1os y administraci\u00f3n. El frente del predio imita la est\u00e9tica de un castillo e introducir\u00e1 a visitantes y vecinos de Castelli en\u2026","rel":"","context":"En \u00abCASTELLI\u00bb","block_context":{"text":"CASTELLI","link":"https:\/\/larevistadigital.com.ar\/blog\/category\/castelli\/"},"img":{"alt_text":"","src":"https:\/\/i0.wp.com\/larevistadigital.com.ar\/blog\/wp-content\/uploads\/2019\/04\/58430412_1158270304342670_1269342855227244544_n.jpg?fit=960%2C596&ssl=1&resize=350%2C200","width":350,"height":200,"srcset":"https:\/\/i0.wp.com\/larevistadigital.com.ar\/blog\/wp-content\/uploads\/2019\/04\/58430412_1158270304342670_1269342855227244544_n.jpg?fit=960%2C596&ssl=1&resize=350%2C200 1x, https:\/\/i0.wp.com\/larevistadigital.com.ar\/blog\/wp-content\/uploads\/2019\/04\/58430412_1158270304342670_1269342855227244544_n.jpg?fit=960%2C596&ssl=1&resize=525%2C300 1.5x, https:\/\/i0.wp.com\/larevistadigital.com.ar\/blog\/wp-content\/uploads\/2019\/04\/58430412_1158270304342670_1269342855227244544_n.jpg?fit=960%2C596&ssl=1&resize=700%2C400 2x"},"classes":[]}],"_links":{"self":[{"href":"https:\/\/larevistadigital.com.ar\/blog\/wp-json\/wp\/v2\/posts\/23802","targetHints":{"allow":["GET"]}}],"collection":[{"href":"https:\/\/larevistadigital.com.ar\/blog\/wp-json\/wp\/v2\/posts"}],"about":[{"href":"https:\/\/larevistadigital.com.ar\/blog\/wp-json\/wp\/v2\/types\/post"}],"author":[{"embeddable":true,"href":"https:\/\/larevistadigital.com.ar\/blog\/wp-json\/wp\/v2\/users\/3"}],"replies":[{"embeddable":true,"href":"https:\/\/larevistadigital.com.ar\/blog\/wp-json\/wp\/v2\/comments?post=23802"}],"version-history":[{"count":1,"href":"https:\/\/larevistadigital.com.ar\/blog\/wp-json\/wp\/v2\/posts\/23802\/revisions"}],"predecessor-version":[{"id":23803,"href":"https:\/\/larevistadigital.com.ar\/blog\/wp-json\/wp\/v2\/posts\/23802\/revisions\/23803"}],"wp:featuredmedia":[{"embeddable":true,"href":"https:\/\/larevistadigital.com.ar\/blog\/wp-json\/wp\/v2\/media\/23804"}],"wp:attachment":[{"href":"https:\/\/larevistadigital.com.ar\/blog\/wp-json\/wp\/v2\/media?parent=23802"}],"wp:term":[{"taxonomy":"category","embeddable":true,"href":"https:\/\/larevistadigital.com.ar\/blog\/wp-json\/wp\/v2\/categories?post=23802"},{"taxonomy":"post_tag","embeddable":true,"href":"https:\/\/larevistadigital.com.ar\/blog\/wp-json\/wp\/v2\/tags?post=23802"}],"curies":[{"name":"wp","href":"https:\/\/api.w.org\/{rel}","templated":true}]}}