{"id":23805,"date":"2022-02-03T14:56:26","date_gmt":"2022-02-03T14:56:26","guid":{"rendered":"https:\/\/larevistadigital.com.ar\/blog\/?p=23805"},"modified":"2022-02-03T14:56:26","modified_gmt":"2022-02-03T14:56:26","slug":"ya-hay-fecha-para-el-juicio-oral-contra-el-pata-medina","status":"publish","type":"post","link":"https:\/\/larevistadigital.com.ar\/blog\/ya-hay-fecha-para-el-juicio-oral-contra-el-pata-medina\/","title":{"rendered":"YA HAY FECHA PARA EL JUICIO ORAL CONTRA \u00abEL PATA\u00bb MEDINA"},"content":{"rendered":"<h2 class=\"negrita\">La justicia Federal de La Plata dispuso el inicio del debate en la causa que lo tiene bajo arresto domiciliario acusado de asociaci\u00f3n il\u00edcita y extorsi\u00f3n.<\/h2>\n<div class=\"texto\">\n<p><strong>LA PLATA &#8211;<\/strong>\u00a0 La justicia Federal de La Plata le puso fecha de inicio al juicio oral para el exjefe de Uni\u00f3n Obrera de la Construcci\u00f3n de la Rep\u00fablica Argentina (UOCRA) local, <strong>Juan Pablo \u00abPata\u00bb Medina<\/strong>; quien\u00a0junto a su hijo\u00a0<strong>Cristian \u00abPuly\u00bb Medina<\/strong>\u00a0y otros integrantes de la familia est\u00e1n acusados de asociaci\u00f3n il\u00edcita, lavado de activos y extorsi\u00f3n, causa por la que est\u00e1n con prisi\u00f3n preventiva bajo la figura de arresto domiciliario.\u00a0<strong>Fuentes judiciales confirmaron a 0221.com.ar que el Tribunal Oral Criminal Federal (TOCF) 2 de La Plata dispuso que el inicio del\u00a0juicio a la familia Medina y ex dirigentes gremiales comenzar\u00e1 el pr\u00f3ximo 3 de marzo en la sala de audiencias del edificio de calle 8 entre 50 y 51.<\/strong><\/p>\n<blockquote>\n<h3><strong>Medina, su familia y el resto de los acusados fueron detenidos el 26 de septiembre de 2017, fueron procesados y se les trab\u00f3 un embargo por 200 millones de pesos.<\/strong> Poco a poco los acusados fueron recuperando la libertad y los \u00faltimos fueron Medina padre e hijo, pero en agosto de 2021 fueron detenidos otra vez con arresto domiciliario por incumplir una de las condiciones impuestas para estar en libertad tras participar de un acto con fuerte voltaje gremial.<\/h3>\n<\/blockquote>\n<div class=\"boxepigrafe\"><img data-recalc-dims=\"1\" decoding=\"async\" title=\"Los Medina enfrentan graves cargos, pero dicen que son v\u00edctimas de Lawfare\" src=\"https:\/\/i0.wp.com\/pxb.cdn.0221.com.ar\/0221\/022022\/1643820657039.jpg?ssl=1\" alt=\"Los Medina enfrentan graves cargos, pero dicen que son v\u00edctimas de Lawfare\" \/><strong>Los Medina enfrentan graves cargos, pero dicen que son v\u00edctimas de Lawfare<\/strong><\/p>\n<\/div>\n<p>Los principales acusados son el <strong>Pata y Puly Medina<\/strong>. Al primero lo asiste el abogado\u00a0<strong>C\u00e9sar Albarrac\u00edn\u00a0<\/strong>y\u00a0al segundo los abogados\u00a0<strong>Alejandro Montone<\/strong>\u00a0y\u00a0<strong>Juan Di Nardo<\/strong>.\u00a0En la causa se investiga una asociaci\u00f3n il\u00edcita que habr\u00eda funcionado dentro de la UOCRA, integrada por el entonces secretario general <strong>Juan Pablo Medina<\/strong>, por su hijo Cristian Isidoro Jes\u00fas Medina y su yerno\u00a0<strong>David Emiliano Garc\u00eda\u00a0<\/strong>-todos ellos, a su vez miembros de la Comisi\u00f3n Ejecutiva de la UOCRA y Congresales Nacionales-, entre otros familiares y personas de confianza, que le respond\u00edan directamente al Pata:\u00a0<strong>la hip\u00f3tesis acusatoria es que, al menos desde el a\u00f1o 2006, se dedic\u00f3 a extorsionar a empresarios del rubro de la construcci\u00f3n de La Plata, Ensenada y Berazategui, para exigirles contribuciones ilegales e indebidas bajo amenaza de paralizarles las obras<\/strong>.<\/p>\n<div class=\"boxepigrafe\"><img data-recalc-dims=\"1\" decoding=\"async\" title=\"&quot;El Pata&quot; Medina y su esposa en la noche que los detuvieron\" src=\"https:\/\/i0.wp.com\/pxb.cdn.0221.com.ar\/0221\/022022\/1643820857814.jpg?ssl=1\" alt=\"&quot;El Pata&quot; Medina y su esposa en la noche que los detuvieron\" \/><strong>\u00abEl Pata\u00bb Medina y su esposa en la noche que los detuvieron<\/strong><\/p>\n<\/div>\n<blockquote>\n<h3>De acuerdo a la Fiscal\u00eda, formaban parte de dicha asociaci\u00f3n, tambi\u00e9n como miembros, la c\u00f3nyuge de Medina\u00a0<strong>Mar\u00eda Fabiola Garc\u00eda<\/strong>\u00a0alias\u00a0<strong>\u00abLa Due\u00f1a\u00bb<\/strong>, su hijastra\u00a0<strong>Marianela Luj\u00e1n Pagnoni<\/strong>, su hijastro\u00a0<strong>Agust\u00edn Facundo Pagnoni Medina\u00a0<\/strong>y\u00a0la c\u00f3nyuge de este \u00faltimo\u00a0<strong>Lara Micaela Mu\u00f1oz<\/strong>, como as\u00ed tambi\u00e9n otros altos directivos de la UOCRA como\u00a0<strong>Pablo Nicol\u00e1s Neves<\/strong>\u00a0y\u00a0<strong>Rub\u00e9n Dar\u00edo Rold\u00e1n<\/strong>, quienes asum\u00edan distintos roles dentro de la organizaci\u00f3n ya sea amenazando a los empresarios o bien recaudando el dinero il\u00edcito que les exig\u00edan.<\/h3>\n<\/blockquote>\n<p><strong>Seg\u00fan el requerimiento de elevaci\u00f3n a juicio, los empresarios de la construcci\u00f3n eran primeramente sometidos a diversas exigencias econ\u00f3micas que eran documentadas en el llamado \u00abAcuerdo de Paz Social\u00bb que les era obligado a firmar en la misma sede de la UOCRA La Plata, sin ninguna posibilidad de negociaci\u00f3n y que superaban las clausulas macro contempladas por la UOCRA Nacional.<\/strong>\u00a0Espec\u00edficamente, para poder continuar con las obras se les exig\u00eda por un lado \u00abaportes dinerarios\u00bb no contemplados en el acuerdo y fuera de toda l\u00f3gica de la construcci\u00f3n, como una\u00a0\u00abcuota camping\u00bb, \u00abpremio de final de obra\u00bb o el pago de sueldos a empleados que no prestaban funciones y \u00abpermisos de retiro del personal\u00bb para eventos pol\u00edticos.<\/p>\n<div class=\"boxepigrafe\"><img data-recalc-dims=\"1\" decoding=\"async\" title=\"Cristian &quot;Puly&quot; Medina\" src=\"https:\/\/i0.wp.com\/pxb.cdn.0221.com.ar\/0221\/022021\/1614190396391.jpg?ssl=1\" alt=\"Cristian &quot;Puly&quot; Medina\" \/><strong>Cristian \u00abPuly\u00bb Medina<\/strong><\/p>\n<\/div>\n<p>Por otro lado, se les exig\u00eda a los constructores la contrataci\u00f3n obligatoria de determinadas empresas de catering para la provisi\u00f3n de viandas a los obreros, empresas \u00e9stas que estaban integradas por personas cercanas al Pata o sus familiares, como las firmas\u00a0<strong>Rey del Cielo S.A.<\/strong>\u00a0(integrada por Marianela Luj\u00e1n Pagnoni\u00a0y Lara Micaela Mu\u00f1oz) y\u00a0<strong>Mejor que en Casa S.R.L.<\/strong>\u00a0(cuyos integrantes formaban parte de la familia Medina-Garc\u00eda, como\u00a0<strong>F\u00e9lix Garc\u00eda<\/strong>\u00a0y\u00a0<strong>Beatriz Dolores Castello<\/strong>, padres de Mar\u00eda Fabiola y\u00a0<strong>David Emiliano Garc\u00eda\u00a0<\/strong>y\u00a0<strong>Eliana Fabiola Garc\u00eda<\/strong>\u00a0y\u00a0<strong>Marcela Esther Garc\u00eda<\/strong>), pero principalmente tambi\u00e9n la obligaci\u00f3n de contratar a la empresa\u00a0<strong>Abril Catering SA<\/strong>,\u00a0cuyos directivos\u00a0<strong>Horacio Homs<\/strong>\u00a0y\u00a0<strong>Liliana B. Front\u00e1n<\/strong>\u00a0si bien no resultaban ser familiares de los Medina-Garc\u00eda, s\u00ed se encontraban estrechamente ligados con la UOCRA local\u00a0para la presentaci\u00f3n exclusiva de este tipo de servicios.<\/p>\n<p><a href=\"https:\/\/i0.wp.com\/pxb.cdn.0221.com.ar\/0221\/062021\/1622830800508.jpg?ssl=1\"><img data-recalc-dims=\"1\" decoding=\"async\" src=\"https:\/\/i0.wp.com\/pxb.cdn.0221.com.ar\/0221\/062021\/1622830800508.jpg?ssl=1\" alt=\"\" \/><\/a><\/p>\n<blockquote>\n<h3><strong>De acuerdo con la investigaci\u00f3n, gran parte de las construcciones que se realizaban en dicho ejido jurisdiccional deb\u00edan contratar los servicios de Abril Catering a instancias y pedido de los delegados de obra, para as\u00ed tornar invisible la imposici\u00f3n de parte del gremio o la familia Medina, aun cuando el costo de las viandas era superior a los del mercado.\u00a0<\/strong>Todas estas exigencias \u2013presuntamente ilegales\u2013 eran impuestas bajo amenaza de paralizar las obras.<\/h3>\n<\/blockquote>\n<p>La fiscal federal\u00a0<strong>Silvia Cavallo<\/strong>\u00a0consider\u00f3 que el dinero \u00absucio\u00bb recaudado por los altos directivos de la UOCRA era luego \u00ablavado\u00bb mediante la utilizaci\u00f3n de estas empresas de viandas, que de alguna u otra forma estaban vinculadas con la familia Medina-Garc\u00eda. Como nota de color, destac\u00f3 que <strong>Medina<\/strong> no utilizaba el sueldo percibido como directivo gremial, sino que aquel se acumulaba en una cuenta del Banco La Pampa pues se val\u00eda del dinero il\u00edcito para cubrir sus gastos cotidianos.<\/p>\n<p>publicado en 0221.com.ar<\/p>\n<\/div>\n","protected":false},"excerpt":{"rendered":"<div class=\"mh-excerpt\"><p>La justicia Federal de La Plata dispuso el inicio del debate en la causa que lo tiene bajo arresto domiciliario acusado de asociaci\u00f3n il\u00edcita y extorsi\u00f3n. LA PLATA &#8211;\u00a0 La justicia Federal de La Plata <a class=\"mh-excerpt-more\" href=\"https:\/\/larevistadigital.com.ar\/blog\/ya-hay-fecha-para-el-juicio-oral-contra-el-pata-medina\/\" title=\"YA HAY FECHA PARA EL JUICIO ORAL CONTRA \u00abEL PATA\u00bb MEDINA\">[Leer M\u00e1s]<\/a><\/p>\n<\/div>","protected":false},"author":3,"featured_media":23806,"comment_status":"open","ping_status":"open","sticky":false,"template":"","format":"standard","meta":{"_jetpack_memberships_contains_paid_content":false,"footnotes":"","jetpack_publicize_message":"","jetpack_publicize_feature_enabled":true,"jetpack_social_post_already_shared":true,"jetpack_social_options":{"image_generator_settings":{"template":"highway","default_image_id":0,"font":"","enabled":false},"version":2}},"categories":[10,50],"tags":[],"class_list":{"0":"post-23805","1":"post","2":"type-post","3":"status-publish","4":"format-standard","5":"has-post-thumbnail","7":"category-gremiales","8":"category-interes-general"},"jetpack_publicize_connections":[],"jetpack_featured_media_url":"https:\/\/i0.wp.com\/larevistadigital.com.ar\/blog\/wp-content\/uploads\/pata-medina-222fae.jpg?fit=1200%2C720&ssl=1","jetpack_sharing_enabled":true,"jetpack_shortlink":"https:\/\/wp.me\/p8qtrQ-6bX","jetpack-related-posts":[{"id":20745,"url":"https:\/\/larevistadigital.com.ar\/blog\/la-uocra-marcha-a-los-tribunales-de-la-plata-para-denunciar-al-hijo-del-pata-medina\/","url_meta":{"origin":23805,"position":0},"title":"LA UOCRA MARCHA A LOS TRIBUNALES DE LA PLATA PARA DENUNCIAR AL HIJO DEL \u00abPATA MEDINA\u00bb","author":"Alejandro Sosa Ruda","date":"16 junio, 2021","format":false,"excerpt":"Presentar\u00e1n documentaci\u00f3n que, se\u00f1alan, demuestran que incumpli\u00f3 uno de los requisitos para estar fuera de una c\u00e1rcel com\u00fan. Afiliados a la\u00a0Uni\u00f3n Obrera de Constructores de la Rep\u00fablica Argentina\u00a0(UOCRA) de La Plata marchar\u00e1n a la sede del fuero Federal en la ciudad con el objetivo de denunciar a\u00a0Cristian \"Puly\" Medina, hijo\u2026","rel":"","context":"En \u00abGREMIALES\u00bb","block_context":{"text":"GREMIALES","link":"https:\/\/larevistadigital.com.ar\/blog\/category\/gremiales\/"},"img":{"alt_text":"","src":"https:\/\/i0.wp.com\/larevistadigital.com.ar\/blog\/wp-content\/uploads\/1582208664084.jpg?fit=1200%2C797&ssl=1&resize=350%2C200","width":350,"height":200,"srcset":"https:\/\/i0.wp.com\/larevistadigital.com.ar\/blog\/wp-content\/uploads\/1582208664084.jpg?fit=1200%2C797&ssl=1&resize=350%2C200 1x, https:\/\/i0.wp.com\/larevistadigital.com.ar\/blog\/wp-content\/uploads\/1582208664084.jpg?fit=1200%2C797&ssl=1&resize=525%2C300 1.5x, https:\/\/i0.wp.com\/larevistadigital.com.ar\/blog\/wp-content\/uploads\/1582208664084.jpg?fit=1200%2C797&ssl=1&resize=700%2C400 2x, https:\/\/i0.wp.com\/larevistadigital.com.ar\/blog\/wp-content\/uploads\/1582208664084.jpg?fit=1200%2C797&ssl=1&resize=1050%2C600 3x"},"classes":[]},{"id":13673,"url":"https:\/\/larevistadigital.com.ar\/blog\/el-rey-de-la-salada-y-el-pata-medina-mas-cerca-de-quedar-en-libertad\/","url_meta":{"origin":23805,"position":1},"title":"EL REY DE LA SALADA Y EL PATA MEDINA, M\u00c1S CERCA DE QUEDAR EN LIBERTAD","author":"Alejandro Sosa Ruda","date":"13 diciembre, 2019","format":false,"excerpt":"Oscar Castillo consigui\u00f3 la prisi\u00f3n domicilia. Al ex titular de la UCORA La Plata tambi\u00e9n lo liberaron en una de sus causas. Sin embargo, todav\u00eda tienen expedientes penales que frenan su libertad Jorge Castillo, conocido como el \u201cRey de la Salada\u201d, y el sindicalista\u00a0Juan Pablo \u201cPata\u201d Medina\u00a0quedaron hoy m\u00e1s cerca\u2026","rel":"","context":"En \u00abINTERES GENERAL\u00bb","block_context":{"text":"INTERES GENERAL","link":"https:\/\/larevistadigital.com.ar\/blog\/category\/interes-general\/"},"img":{"alt_text":"","src":"https:\/\/i0.wp.com\/larevistadigital.com.ar\/blog\/wp-content\/uploads\/Screenshot_1-71.jpg?fit=932%2C525&ssl=1&resize=350%2C200","width":350,"height":200,"srcset":"https:\/\/i0.wp.com\/larevistadigital.com.ar\/blog\/wp-content\/uploads\/Screenshot_1-71.jpg?fit=932%2C525&ssl=1&resize=350%2C200 1x, https:\/\/i0.wp.com\/larevistadigital.com.ar\/blog\/wp-content\/uploads\/Screenshot_1-71.jpg?fit=932%2C525&ssl=1&resize=525%2C300 1.5x, https:\/\/i0.wp.com\/larevistadigital.com.ar\/blog\/wp-content\/uploads\/Screenshot_1-71.jpg?fit=932%2C525&ssl=1&resize=700%2C400 2x"},"classes":[]},{"id":11168,"url":"https:\/\/larevistadigital.com.ar\/blog\/panorama-de-conflicto-y-confrontacion-gremial-en-la-uocra-de-la-plata\/","url_meta":{"origin":23805,"position":2},"title":"PANORAMA DE CONFLICTO Y CONFRONTACI\u00d3N GREMIAL EN LA UOCRA DE LA PLATA","author":"Alejandro Sosa Ruda","date":"9 julio, 2019","format":false,"excerpt":"La marcha que este mi\u00e9rcoles realizar\u00e1n los trabajadores de la UOCRA La Plata hasta la sede de la Intervenci\u00f3n, tuvo su correlato este lunes con pintadas intimidatorias a uno de los sectores convocantes, hechos que se sumaron a las sospechas de que integrantes de dicho organismo \u201cnormalizador\u201d estuvieron llamando a\u2026","rel":"","context":"En \u00abGREMIALES\u00bb","block_context":{"text":"GREMIALES","link":"https:\/\/larevistadigital.com.ar\/blog\/category\/gremiales\/"},"img":{"alt_text":"","src":"https:\/\/i0.wp.com\/larevistadigital.com.ar\/blog\/wp-content\/uploads\/bbx_516441926_BRAIAN2.jpg?fit=1200%2C544&ssl=1&resize=350%2C200","width":350,"height":200,"srcset":"https:\/\/i0.wp.com\/larevistadigital.com.ar\/blog\/wp-content\/uploads\/bbx_516441926_BRAIAN2.jpg?fit=1200%2C544&ssl=1&resize=350%2C200 1x, https:\/\/i0.wp.com\/larevistadigital.com.ar\/blog\/wp-content\/uploads\/bbx_516441926_BRAIAN2.jpg?fit=1200%2C544&ssl=1&resize=525%2C300 1.5x, https:\/\/i0.wp.com\/larevistadigital.com.ar\/blog\/wp-content\/uploads\/bbx_516441926_BRAIAN2.jpg?fit=1200%2C544&ssl=1&resize=700%2C400 2x, https:\/\/i0.wp.com\/larevistadigital.com.ar\/blog\/wp-content\/uploads\/bbx_516441926_BRAIAN2.jpg?fit=1200%2C544&ssl=1&resize=1050%2C600 3x"},"classes":[]},{"id":30425,"url":"https:\/\/larevistadigital.com.ar\/blog\/megabanda-criminal-condenaron-al-ex-juez-platense-cesar-melazo-por-coautor-de-asociacion-ilicita\/","url_meta":{"origin":23805,"position":3},"title":"\u00abMEGABANDA CRIMINAL\u00bb CONDENARON AL EX JUEZ PLATENSE C\u00c9SAR MELAZO POR \u00abCOAUTOR\u00bb DE ASOCIACI\u00d3N IL\u00cdCITA","author":"Alejandro Sosa Ruda","date":"6 marzo, 2023","format":false,"excerpt":"La justicia dict\u00f3 por mayor\u00eda una pena de 7 a\u00f1os y diez meses de prisi\u00f3n. Lleva cuatro a\u00f1os y medio detenido con prisi\u00f3n preventiva y seguir\u00e1 tras las rejas 06 de marzo de 2023 Una\u00a0condena de siete a\u00f1os y diez meses de prisi\u00f3n recay\u00f3 sobre el exjuez de Garant\u00edas de\u2026","rel":"","context":"En \u00abPOLICIALES\u00bb","block_context":{"text":"POLICIALES","link":"https:\/\/larevistadigital.com.ar\/blog\/category\/policiales\/"},"img":{"alt_text":"","src":"https:\/\/i0.wp.com\/larevistadigital.com.ar\/blog\/wp-content\/uploads\/1670418230917.jpg?fit=1200%2C594&ssl=1&resize=350%2C200","width":350,"height":200,"srcset":"https:\/\/i0.wp.com\/larevistadigital.com.ar\/blog\/wp-content\/uploads\/1670418230917.jpg?fit=1200%2C594&ssl=1&resize=350%2C200 1x, https:\/\/i0.wp.com\/larevistadigital.com.ar\/blog\/wp-content\/uploads\/1670418230917.jpg?fit=1200%2C594&ssl=1&resize=525%2C300 1.5x, https:\/\/i0.wp.com\/larevistadigital.com.ar\/blog\/wp-content\/uploads\/1670418230917.jpg?fit=1200%2C594&ssl=1&resize=700%2C400 2x, https:\/\/i0.wp.com\/larevistadigital.com.ar\/blog\/wp-content\/uploads\/1670418230917.jpg?fit=1200%2C594&ssl=1&resize=1050%2C600 3x"},"classes":[]},{"id":25732,"url":"https:\/\/larevistadigital.com.ar\/blog\/insolito-suspenden-un-juicio-porque-el-abogado-del-imputado-esta-bajo-arresto-domiciliario\/","url_meta":{"origin":23805,"position":4},"title":"INS\u00d3LITO: SUSPENDEN UN JUICIO, P\u00d3RQUE EL ABOGADO DEL IMPUTADO EST\u00c1 BAJO ARRESTO DOMICILIARIO","author":"Alejandro Sosa Ruda","date":"9 junio, 2022","format":false,"excerpt":"El segundo debate oral que este jueves se iba a realizar por el asesinato de Ricardo \"Riqui\" Rodr\u00edguez, ordenado por la C\u00e1mara de Casaci\u00f3n tras un primer juicio realizado en 2020, se suspendi\u00f3 debido a que la Justicia Federal rechaz\u00f3 la salida transitoria del letrado Gonzalo La Menza, defensor del\u2026","rel":"","context":"En \u00abINTERES GENERAL\u00bb","block_context":{"text":"INTERES GENERAL","link":"https:\/\/larevistadigital.com.ar\/blog\/category\/interes-general\/"},"img":{"alt_text":"","src":"https:\/\/i0.wp.com\/larevistadigital.com.ar\/blog\/wp-content\/uploads\/JUICIO-SUSPENDIDO.png?fit=805%2C527&ssl=1&resize=350%2C200","width":350,"height":200,"srcset":"https:\/\/i0.wp.com\/larevistadigital.com.ar\/blog\/wp-content\/uploads\/JUICIO-SUSPENDIDO.png?fit=805%2C527&ssl=1&resize=350%2C200 1x, https:\/\/i0.wp.com\/larevistadigital.com.ar\/blog\/wp-content\/uploads\/JUICIO-SUSPENDIDO.png?fit=805%2C527&ssl=1&resize=525%2C300 1.5x, https:\/\/i0.wp.com\/larevistadigital.com.ar\/blog\/wp-content\/uploads\/JUICIO-SUSPENDIDO.png?fit=805%2C527&ssl=1&resize=700%2C400 2x"},"classes":[]},{"id":16280,"url":"https:\/\/larevistadigital.com.ar\/blog\/lazaro-baez-cerca-de-la-libertad-consiguio-el-arresto-domiciliario-en-otra-causa\/","url_meta":{"origin":23805,"position":5},"title":"LAZARO BAEZ CERCA DE LA LIBERTAD: CONSIGUI\u00d3 EL ARRESTO DOMICILIARIO EN OTRA CAUSA","author":"Alejandro Sosa Ruda","date":"7 septiembre, 2020","format":false,"excerpt":"El empresario K consigui\u00f3 el beneficioe en la causa por lavado. Dijo no poder pagar los $386 millones por tener sus bienes embargados. Despu\u00e9s de pasar cuatro a\u00f1os y medio en prisi\u00f3n preventiva, L\u00e1zaro B\u00e1ez\u00a0qued\u00f3 m\u00e1s cerca que nunca de irse a su casa. La Sala 4\u00a0de la C\u00e1mara Federal\u2026","rel":"","context":"En \u00abINTERES GENERAL\u00bb","block_context":{"text":"INTERES GENERAL","link":"https:\/\/larevistadigital.com.ar\/blog\/category\/interes-general\/"},"img":{"alt_text":"","src":"https:\/\/i0.wp.com\/larevistadigital.com.ar\/blog\/wp-content\/uploads\/L%C3%A1zaro-B%C3%A1ez.jpg?fit=1200%2C675&ssl=1&resize=350%2C200","width":350,"height":200,"srcset":"https:\/\/i0.wp.com\/larevistadigital.com.ar\/blog\/wp-content\/uploads\/L%C3%A1zaro-B%C3%A1ez.jpg?fit=1200%2C675&ssl=1&resize=350%2C200 1x, https:\/\/i0.wp.com\/larevistadigital.com.ar\/blog\/wp-content\/uploads\/L%C3%A1zaro-B%C3%A1ez.jpg?fit=1200%2C675&ssl=1&resize=525%2C300 1.5x, https:\/\/i0.wp.com\/larevistadigital.com.ar\/blog\/wp-content\/uploads\/L%C3%A1zaro-B%C3%A1ez.jpg?fit=1200%2C675&ssl=1&resize=700%2C400 2x, https:\/\/i0.wp.com\/larevistadigital.com.ar\/blog\/wp-content\/uploads\/L%C3%A1zaro-B%C3%A1ez.jpg?fit=1200%2C675&ssl=1&resize=1050%2C600 3x"},"classes":[]}],"_links":{"self":[{"href":"https:\/\/larevistadigital.com.ar\/blog\/wp-json\/wp\/v2\/posts\/23805","targetHints":{"allow":["GET"]}}],"collection":[{"href":"https:\/\/larevistadigital.com.ar\/blog\/wp-json\/wp\/v2\/posts"}],"about":[{"href":"https:\/\/larevistadigital.com.ar\/blog\/wp-json\/wp\/v2\/types\/post"}],"author":[{"embeddable":true,"href":"https:\/\/larevistadigital.com.ar\/blog\/wp-json\/wp\/v2\/users\/3"}],"replies":[{"embeddable":true,"href":"https:\/\/larevistadigital.com.ar\/blog\/wp-json\/wp\/v2\/comments?post=23805"}],"version-history":[{"count":1,"href":"https:\/\/larevistadigital.com.ar\/blog\/wp-json\/wp\/v2\/posts\/23805\/revisions"}],"predecessor-version":[{"id":23807,"href":"https:\/\/larevistadigital.com.ar\/blog\/wp-json\/wp\/v2\/posts\/23805\/revisions\/23807"}],"wp:featuredmedia":[{"embeddable":true,"href":"https:\/\/larevistadigital.com.ar\/blog\/wp-json\/wp\/v2\/media\/23806"}],"wp:attachment":[{"href":"https:\/\/larevistadigital.com.ar\/blog\/wp-json\/wp\/v2\/media?parent=23805"}],"wp:term":[{"taxonomy":"category","embeddable":true,"href":"https:\/\/larevistadigital.com.ar\/blog\/wp-json\/wp\/v2\/categories?post=23805"},{"taxonomy":"post_tag","embeddable":true,"href":"https:\/\/larevistadigital.com.ar\/blog\/wp-json\/wp\/v2\/tags?post=23805"}],"curies":[{"name":"wp","href":"https:\/\/api.w.org\/{rel}","templated":true}]}}