{"id":23808,"date":"2022-02-03T15:22:49","date_gmt":"2022-02-03T15:22:49","guid":{"rendered":"https:\/\/larevistadigital.com.ar\/blog\/?p=23808"},"modified":"2022-02-03T15:22:49","modified_gmt":"2022-02-03T15:22:49","slug":"turismo-impulsan-una-nueva-edicion-de-previaje-y-el-desarrollo-de-la-marca-pais","status":"publish","type":"post","link":"https:\/\/larevistadigital.com.ar\/blog\/turismo-impulsan-una-nueva-edicion-de-previaje-y-el-desarrollo-de-la-marca-pais\/","title":{"rendered":"TURISMO: IMPULSAN UNA NUEVA EDICI\u00d3N DE \u00abPREVIAJE\u00bb Y  EL DESARROLLO DE LA MARCA PA\u00cdS"},"content":{"rendered":"<h2 class=\"fparrafo ctext fz18 lh25\">La secretaria de Promoci\u00f3n Tur\u00edstica de la Naci\u00f3n, Yanina Mart\u00ednez, asegur\u00f3 que el gobierno trabaja con las c{amaras empresarias y las provincias, en la b\u00fasqueda de consensos para una tercera edici\u00f3n del programa Previaje, al tiempo que impulsa el desarrollo de la Marca Pa\u00eds en el exterior. \u00abVen\u00edamos de un 2021 haciendo turismo en pandemia con n\u00fameros importantes en los feriados largos y desde ah\u00ed avizor\u00e1bamos una temporada de verano r\u00e9cord como la que estamos viviendo, de la mano del impulso que gener\u00f3 el Previaje\u00bb, dijo la catamarque\u00f1a en declaraciones a medios del interior.<\/h2>\n<p class=\"selectionShareable\">\u00a0La secretaria de Promoci\u00f3n Tur\u00edstica, Yanina Mart\u00ednez, asegur\u00f3 este martes que el Gobierno busca con <em><strong>\u00abconsensos con las provincias y c\u00e1maras empresarias crear una tercera edici\u00f3n del programa Previaje\u00bb<\/strong><\/em>, a la vez que impulsa el desarrollo de la Marca Pa\u00eds en el exterior para fomentar la actividad tur\u00edstica en Argentina y atraer inversiones.<\/p>\n<blockquote>\n<h3 class=\"selectionShareable\">Ahora, acot\u00f3,<em><strong> \u00abestamos haciendo todo un an\u00e1lisis teniendo en cuenta que el Previaje significa una importante inyecci\u00f3n del Estado para que ese 50% de devoluci\u00f3n vuelva al turismo\u00bb<\/strong><\/em>.<\/h3>\n<\/blockquote>\n<p class=\"selectionShareable\">La metodolog\u00eda del programa es sumamente positiva porque \u00abgenera puestos de trabajo\u00bb, por lo tanto <em><strong>\u00abse est\u00e1 trabajando con el sector privado y las provincias para consensuar una nueva edici\u00f3n que alcance a todos los destinos de Argentina\u00bb<\/strong><\/em>.<\/p>\n<p class=\"selectionShareable\"><em><strong>\u00abEstamos trabajando en un Previaje 3, que se va a actualizar acorde a la situaci\u00f3n que estamos viviendo\u00bb, a\u00f1adi\u00f3 la abogada catamarque\u00f1a y resalt\u00f3 que para ello desarrollan el proyecto \u00abde la mano de un consenso con todas las provincias y la C\u00e1mara Argentina de Turismo con ajustes y modificaciones\u00bb.<\/strong><\/em><\/p>\n<h3 class=\"selectionShareable\"><b>Lleg\u00f3 para quedarse<\/b><\/h3>\n<p class=\"selectionShareable\">El Previaje, a\u00f1adi\u00f3, \u00ablleg\u00f3 para quedarse\u00bb porque, dijo,<em><strong> \u00abel uso de esta herramienta muy productiva logr\u00f3 que distintas localidades se hayan reactivado\u00bb.<\/strong><\/em><\/p>\n<blockquote>\n<h3 class=\"selectionShareable\">La funcionaria tambi\u00e9n se manifest\u00f3 \u00abmuy contenta\u00bb con los resultados del proceso evolutivo de la &#8216;Marca Pa\u00eds Argentina\u00bb como imagen oficial nacional en el mundo, sello con el cual se promueve el posicionamiento internacional, la promoci\u00f3n del turismo, la cultura, el talento argentino y las exportaciones, y el fomento de la inversi\u00f3n extranjera directa.<\/h3>\n<\/blockquote>\n<h3 class=\"selectionShareable\"><b>Agenda enorme<\/b><\/h3>\n<p class=\"selectionShareable\"><em><strong>\u00abTenemos una agenda enorme con los embajadores y embajadoras en la estrategia para consolidar y potenciar la Marca Pa\u00eds\u00bb<\/strong><\/em>, destac\u00f3 Mart\u00ednez y a\u00f1adi\u00f3 que hay un fuerte trabajo para <strong><em>\u00abfortalecer toda la cadena productiva de la gastronom\u00eda Argentina, dando un valor agregado e izando la imagen de la marca Argentina, primero en nuestro pa\u00eds y despu\u00e9s en el mundo\u00bb<\/em><\/strong>.<\/p>\n<p class=\"selectionShareable\">Mart\u00ednez apunt\u00f3 que la cantidad de reservas hoteleras <em><strong>\u00abvan generando expectativa a que se repliquen en lo que viene febrero\u00bb<\/strong> <\/em>las cifras r\u00e9cords de enero para lo cual record\u00f3 que el Ministerio de Turismo trabaja a diario para <strong><em>\u00abpromocionar los destinos y mejorar la calidad de los servicios\u00bb.<\/em><\/strong><\/p>\n<h3 class=\"selectionShareable\"><b>Marca Pa\u00eds<\/b><\/h3>\n<p class=\"selectionShareable\">Respecto de la promoci\u00f3n de la Marca Pa\u00eds, resalt\u00f3 que <strong><em>\u00abno es solo para el turismo, es todo el talento de Argentina, con el arte, la ciencia, la cultura\u00bb<\/em><\/strong> y acto que fue presentada en Madrid para<strong><em> \u00abque se conf\u00ede en Argentina, que tengamos el turismo receptivo que necesitamos\u00bb.<\/em><\/strong><\/p>\n<p class=\"selectionShareable\"><em><strong>\u00abEl objetivo es lograr incrementar el caudal de viajeros que eligen nuestro pa\u00eds, estamos prepar\u00e1ndonos para eso promocionando nuestra naturaleza, gastronom\u00eda, el talento, el deporte\u00bb<\/strong><\/em>, a\u00f1adi\u00f3.<\/p>\n<h3 class=\"selectionShareable\"><b>Temporada r\u00e9cord<\/b><\/h3>\n<p class=\"selectionShareable\"><strong>Mart\u00ednez<\/strong> remarc\u00f3 tambi\u00e9n que la actual es <strong><em>\u00abuna temporada de verano r\u00e9cord, como hac\u00eda 20 a\u00f1os no suced\u00eda\u00bb<\/em><\/strong> y rese\u00f1\u00f3 que, seg\u00fan <strong><em>\u00abel \u00faltimo informe que dio hoy la CAME desde el 15 de diciembre hasta el 31 de enero de este a\u00f1o donde transitaron 19 millones de argentinos por todo el pa\u00eds\u00bb.<\/em><\/strong><\/p>\n<p class=\"selectionShareable\"><em><strong>\u00abEsto habla que estamos viviendo algo hist\u00f3rico y que, seg\u00fan el nivel de reserva que tenemos ya, es que se va a volver a reflejar en febrero\u00bb<\/strong><\/em>, agreg\u00f3.<\/p>\n<h3 class=\"selectionShareable\"><b>Feriado de carnavales<\/b><\/h3>\n<p class=\"selectionShareable\">Incluso, complet\u00f3, <em><strong>\u00abpuede mejorar desde el punto de vista que tenemos este feriado de carnavales que siempre la gente elige para salir y recorrer va a ser una temporada hist\u00f3rica en donde tambi\u00e9n le pedimos a todo el sector privado que sigamos trabajando para brindar servicios de calidad y eso es lo que venimos haciendo\u00bb<\/strong><\/em>.<\/p>\n<p class=\"selectionShareable\">Asimismo, evalu\u00f3 que<em><strong> \u00ablas acciones de promoci\u00f3n fueron muy potentes en todas las regiones\u00bb<\/strong><\/em> y se\u00f1al\u00f3 que <em><strong>\u00abse empiezan a flexibilizar las medidas y los destinos empiezan a instalarse, entonces empieza a generarse una competencia y Argentina quiso estar presente\u00bb<\/strong><\/em> en la Feria Internacional de Turismo (Fitur) que se realiz\u00f3 en Espa\u00f1a. (<b>InfoGEI<\/b>)Jd<\/p>\n","protected":false},"excerpt":{"rendered":"<div class=\"mh-excerpt\"><p>La secretaria de Promoci\u00f3n Tur\u00edstica de la Naci\u00f3n, Yanina Mart\u00ednez, asegur\u00f3 que el gobierno trabaja con las c{amaras empresarias y las provincias, en la b\u00fasqueda de consensos para una tercera edici\u00f3n del programa Previaje, al <a class=\"mh-excerpt-more\" href=\"https:\/\/larevistadigital.com.ar\/blog\/turismo-impulsan-una-nueva-edicion-de-previaje-y-el-desarrollo-de-la-marca-pais\/\" title=\"TURISMO: IMPULSAN UNA NUEVA EDICI\u00d3N DE \u00abPREVIAJE\u00bb Y  EL DESARROLLO DE LA MARCA PA\u00cdS\">[Leer M\u00e1s]<\/a><\/p>\n<\/div>","protected":false},"author":3,"featured_media":23809,"comment_status":"open","ping_status":"open","sticky":false,"template":"","format":"standard","meta":{"_jetpack_memberships_contains_paid_content":false,"footnotes":"","jetpack_publicize_message":"","jetpack_publicize_feature_enabled":true,"jetpack_social_post_already_shared":true,"jetpack_social_options":{"image_generator_settings":{"template":"highway","default_image_id":0,"font":"","enabled":false},"version":2}},"categories":[50,30],"tags":[],"class_list":{"0":"post-23808","1":"post","2":"type-post","3":"status-publish","4":"format-standard","5":"has-post-thumbnail","7":"category-interes-general","8":"category-turismo"},"jetpack_publicize_connections":[],"jetpack_featured_media_url":"https:\/\/i0.wp.com\/larevistadigital.com.ar\/blog\/wp-content\/uploads\/20220202082719_yanina-martinez-previaje.jpg?fit=880%2C512&ssl=1","jetpack_sharing_enabled":true,"jetpack_shortlink":"https:\/\/wp.me\/p8qtrQ-6c0","jetpack-related-posts":[{"id":22850,"url":"https:\/\/larevistadigital.com.ar\/blog\/lammens-anuncio-un-proyecto-para-que-el-pre-viaje-se-convierta-en-ley\/","url_meta":{"origin":23808,"position":0},"title":"LAMMENS ANUNCI\u00d3 UN PROYECTO PARA QUE EL \u00abPRE-VIAJE\u00bb SE CONVIERTA EN LEY","author":"Alejandro Sosa Ruda","date":"5 diciembre, 2021","format":false,"excerpt":"\"Queremos que sea una pol\u00edtica de Estado\" dijo en el discurso inaugural de la FIT 2021. Tambi\u00e9n adelant\u00f3 que trabajan en el tema de cancelaci\u00f3n de venta en cuotas. El ministro de Turismo y Deportes,\u00a0Mat\u00edas Lammens,\u00a0formul\u00f3 hoy anuncios de coyuntura y de fondo para el sector en su discurso inaugural\u2026","rel":"","context":"En \u00abINTERES GENERAL\u00bb","block_context":{"text":"INTERES GENERAL","link":"https:\/\/larevistadigital.com.ar\/blog\/category\/interes-general\/"},"img":{"alt_text":"","src":"https:\/\/i0.wp.com\/larevistadigital.com.ar\/blog\/wp-content\/uploads\/Captura-de-pantalla-2021-12-05-130154.jpg?fit=1012%2C601&ssl=1&resize=350%2C200","width":350,"height":200,"srcset":"https:\/\/i0.wp.com\/larevistadigital.com.ar\/blog\/wp-content\/uploads\/Captura-de-pantalla-2021-12-05-130154.jpg?fit=1012%2C601&ssl=1&resize=350%2C200 1x, https:\/\/i0.wp.com\/larevistadigital.com.ar\/blog\/wp-content\/uploads\/Captura-de-pantalla-2021-12-05-130154.jpg?fit=1012%2C601&ssl=1&resize=525%2C300 1.5x, https:\/\/i0.wp.com\/larevistadigital.com.ar\/blog\/wp-content\/uploads\/Captura-de-pantalla-2021-12-05-130154.jpg?fit=1012%2C601&ssl=1&resize=700%2C400 2x"},"classes":[]},{"id":39079,"url":"https:\/\/larevistadigital.com.ar\/blog\/preocupacion-en-mar-chiquita-por-el-impacto-del-decreto-216-2025-en-el-turismo\/","url_meta":{"origin":23808,"position":1},"title":"Preocupaci\u00f3n en Mar Chiquita por el impacto del decreto 216\/2025 en el turismo","author":"Alejandro Sosa Ruda","date":"22 marzo, 2025","format":false,"excerpt":"Las autoridades del Partido de Mar Chiquita, expresaron su preocupaci\u00f3n por el decreto impulsado por el Gobierno Nacional para modificar la Ley Nacional de Turismo. 22 De Marzo de 2025 MAR CHIQUITA -\u00a0 Desde la Secretar\u00eda de Turismo y Ambiente del Partido de Mar Chiquita, a cargo de Diego Ginestra,\u2026","rel":"","context":"En \u00abPOLITICA PROVINCIAL\u00bb","block_context":{"text":"POLITICA PROVINCIAL","link":"https:\/\/larevistadigital.com.ar\/blog\/category\/politica\/politica-provincial\/"},"img":{"alt_text":"","src":"https:\/\/i0.wp.com\/larevistadigital.com.ar\/blog\/wp-content\/uploads\/79a5625977ae8d129a181da58db2fdee15ca6ef6.jpg?fit=1140%2C820&ssl=1&resize=350%2C200","width":350,"height":200,"srcset":"https:\/\/i0.wp.com\/larevistadigital.com.ar\/blog\/wp-content\/uploads\/79a5625977ae8d129a181da58db2fdee15ca6ef6.jpg?fit=1140%2C820&ssl=1&resize=350%2C200 1x, https:\/\/i0.wp.com\/larevistadigital.com.ar\/blog\/wp-content\/uploads\/79a5625977ae8d129a181da58db2fdee15ca6ef6.jpg?fit=1140%2C820&ssl=1&resize=525%2C300 1.5x, https:\/\/i0.wp.com\/larevistadigital.com.ar\/blog\/wp-content\/uploads\/79a5625977ae8d129a181da58db2fdee15ca6ef6.jpg?fit=1140%2C820&ssl=1&resize=700%2C400 2x, https:\/\/i0.wp.com\/larevistadigital.com.ar\/blog\/wp-content\/uploads\/79a5625977ae8d129a181da58db2fdee15ca6ef6.jpg?fit=1140%2C820&ssl=1&resize=1050%2C600 3x"},"classes":[]},{"id":15161,"url":"https:\/\/larevistadigital.com.ar\/blog\/mar-del-plata-afirman-que-desde-septiembre-se-podra-volver-a-recibir-turistas\/","url_meta":{"origin":23808,"position":2},"title":"MAR DEL PLATA: AFIRMAN QUE DESDE SEPTIEMBRE SE PODR\u00c1 VOLVER A RECIBIR TURISTAS","author":"Alejandro Sosa Ruda","date":"11 mayo, 2020","format":false,"excerpt":"As\u00ed lo se\u00f1al\u00f3 la secretaria de promoci\u00f3n del Ministerio de Turismo de la Naci\u00f3n, Yanina Mart\u00ednez, en un encuentro virtual que mantuvo el viernes con dirigentes y empresarios del sector tur\u00edstico. Advirti\u00f3 que ser\u00e1n necesarios protocolos y medidas de seguridad. La secretaria de promoci\u00f3n del\u00a0Ministerio de Turismo de la Naci\u00f3n,\u00a0Yanina\u2026","rel":"","context":"En \u00abREGIONALES\u00bb","block_context":{"text":"REGIONALES","link":"https:\/\/larevistadigital.com.ar\/blog\/category\/regionales\/"},"img":{"alt_text":"","src":"https:\/\/i0.wp.com\/larevistadigital.com.ar\/blog\/wp-content\/uploads\/5c4f6124627d9_1004x565.jpg?fit=1004%2C565&ssl=1&resize=350%2C200","width":350,"height":200,"srcset":"https:\/\/i0.wp.com\/larevistadigital.com.ar\/blog\/wp-content\/uploads\/5c4f6124627d9_1004x565.jpg?fit=1004%2C565&ssl=1&resize=350%2C200 1x, https:\/\/i0.wp.com\/larevistadigital.com.ar\/blog\/wp-content\/uploads\/5c4f6124627d9_1004x565.jpg?fit=1004%2C565&ssl=1&resize=525%2C300 1.5x, https:\/\/i0.wp.com\/larevistadigital.com.ar\/blog\/wp-content\/uploads\/5c4f6124627d9_1004x565.jpg?fit=1004%2C565&ssl=1&resize=700%2C400 2x"},"classes":[]},{"id":9612,"url":"https:\/\/larevistadigital.com.ar\/blog\/chascomus-muy-buena-iniciativa-de-la-secretaria-de-turismo\/","url_meta":{"origin":23808,"position":3},"title":"CHASCOM\u00daS: MUY BUENA INICIATIVA DE LA SECRETAR\u00cdA DE TURISMO","author":"Alejandro Sosa Ruda","date":"8 abril, 2019","format":false,"excerpt":"En el marco del convenio de cooperaci\u00f3n firmado entre la Municipalidad de Chascom\u00fas y Trenes Argentinos el pasado mes de febrero, la Secretar\u00eda de Planificaci\u00f3n y Turismo realizar\u00e1 acciones de promoci\u00f3n de cara a la Semana Santa 2019, en la Estaci\u00f3n Plaza Constituci\u00f3n el pr\u00f3ximo 9 de abril. En esta\u2026","rel":"","context":"En \u00abCHASCOM\u00daS\u00bb","block_context":{"text":"CHASCOM\u00daS","link":"https:\/\/larevistadigital.com.ar\/blog\/category\/chascomus\/"},"img":{"alt_text":"","src":"https:\/\/i0.wp.com\/larevistadigital.com.ar\/blog\/wp-content\/uploads\/2019\/04\/constitucion-hall.jpg?fit=1200%2C675&ssl=1&resize=350%2C200","width":350,"height":200,"srcset":"https:\/\/i0.wp.com\/larevistadigital.com.ar\/blog\/wp-content\/uploads\/2019\/04\/constitucion-hall.jpg?fit=1200%2C675&ssl=1&resize=350%2C200 1x, https:\/\/i0.wp.com\/larevistadigital.com.ar\/blog\/wp-content\/uploads\/2019\/04\/constitucion-hall.jpg?fit=1200%2C675&ssl=1&resize=525%2C300 1.5x, https:\/\/i0.wp.com\/larevistadigital.com.ar\/blog\/wp-content\/uploads\/2019\/04\/constitucion-hall.jpg?fit=1200%2C675&ssl=1&resize=700%2C400 2x, https:\/\/i0.wp.com\/larevistadigital.com.ar\/blog\/wp-content\/uploads\/2019\/04\/constitucion-hall.jpg?fit=1200%2C675&ssl=1&resize=1050%2C600 3x"},"classes":[]},{"id":41928,"url":"https:\/\/larevistadigital.com.ar\/blog\/chascomus-fue-sede-de-la-31-asamblea-del-consejo-provincial-de-turismo\/","url_meta":{"origin":23808,"position":4},"title":"Chascom\u00fas fue sede de la 31\u00b0 Asamblea del Consejo Provincial de Turismo","author":"Alejandro Sosa Ruda","date":"13 octubre, 2025","format":false,"excerpt":"El encuentro se realiz\u00f3 en el Club de Regatas y cont\u00f3 con la participaci\u00f3n del intendente Javier Gast\u00f3n, funcionarios provinciales y representantes del sector. 13 de Octubre de 2025 Chascom\u00fas .- BUENOS AIRES\u00a0 -\u00a0 \u00a0 El gobernador Axel Kicillof encabez\u00f3 este viernes en Chascom\u00fas la 31\u00b0 Asamblea Ordinaria del Consejo\u2026","rel":"","context":"En \u00abDESTACADAS\u00bb","block_context":{"text":"DESTACADAS","link":"https:\/\/larevistadigital.com.ar\/blog\/category\/destacadas\/"},"img":{"alt_text":"","src":"https:\/\/i0.wp.com\/larevistadigital.com.ar\/blog\/wp-content\/uploads\/68ed7bfddb9d1.png?fit=668%2C445&ssl=1&resize=350%2C200","width":350,"height":200,"srcset":"https:\/\/i0.wp.com\/larevistadigital.com.ar\/blog\/wp-content\/uploads\/68ed7bfddb9d1.png?fit=668%2C445&ssl=1&resize=350%2C200 1x, https:\/\/i0.wp.com\/larevistadigital.com.ar\/blog\/wp-content\/uploads\/68ed7bfddb9d1.png?fit=668%2C445&ssl=1&resize=525%2C300 1.5x"},"classes":[]},{"id":37253,"url":"https:\/\/larevistadigital.com.ar\/blog\/chascomus-en-el-coprotur\/","url_meta":{"origin":23808,"position":5},"title":"Chascom\u00fas en el CoProTur","author":"Alejandro Sosa Ruda","date":"19 septiembre, 2024","format":false,"excerpt":"Se realiz\u00f3 en Villa Gesell la tercera Asamblea del a\u00f1o organizada por el Ministerio de Producci\u00f3n, Ciencia e Innovaci\u00f3n Tecnol\u00f3gica de la Provincia de Buenos Aires 19 de Septiembre de 2024 Con la presencia de la subsecretaria de Desarrollo Tur\u00edstico y Productivo, Jimena Arano, y de los siete polos tur\u00edsticos\u2026","rel":"","context":"En \u00abSin categor\u00eda\u00bb","block_context":{"text":"Sin categor\u00eda","link":"https:\/\/larevistadigital.com.ar\/blog\/category\/sin-categoria\/"},"img":{"alt_text":"","src":"https:\/\/i0.wp.com\/larevistadigital.com.ar\/blog\/wp-content\/uploads\/66eb0bedc6050.png?fit=668%2C445&ssl=1&resize=350%2C200","width":350,"height":200,"srcset":"https:\/\/i0.wp.com\/larevistadigital.com.ar\/blog\/wp-content\/uploads\/66eb0bedc6050.png?fit=668%2C445&ssl=1&resize=350%2C200 1x, https:\/\/i0.wp.com\/larevistadigital.com.ar\/blog\/wp-content\/uploads\/66eb0bedc6050.png?fit=668%2C445&ssl=1&resize=525%2C300 1.5x"},"classes":[]}],"_links":{"self":[{"href":"https:\/\/larevistadigital.com.ar\/blog\/wp-json\/wp\/v2\/posts\/23808","targetHints":{"allow":["GET"]}}],"collection":[{"href":"https:\/\/larevistadigital.com.ar\/blog\/wp-json\/wp\/v2\/posts"}],"about":[{"href":"https:\/\/larevistadigital.com.ar\/blog\/wp-json\/wp\/v2\/types\/post"}],"author":[{"embeddable":true,"href":"https:\/\/larevistadigital.com.ar\/blog\/wp-json\/wp\/v2\/users\/3"}],"replies":[{"embeddable":true,"href":"https:\/\/larevistadigital.com.ar\/blog\/wp-json\/wp\/v2\/comments?post=23808"}],"version-history":[{"count":1,"href":"https:\/\/larevistadigital.com.ar\/blog\/wp-json\/wp\/v2\/posts\/23808\/revisions"}],"predecessor-version":[{"id":23810,"href":"https:\/\/larevistadigital.com.ar\/blog\/wp-json\/wp\/v2\/posts\/23808\/revisions\/23810"}],"wp:featuredmedia":[{"embeddable":true,"href":"https:\/\/larevistadigital.com.ar\/blog\/wp-json\/wp\/v2\/media\/23809"}],"wp:attachment":[{"href":"https:\/\/larevistadigital.com.ar\/blog\/wp-json\/wp\/v2\/media?parent=23808"}],"wp:term":[{"taxonomy":"category","embeddable":true,"href":"https:\/\/larevistadigital.com.ar\/blog\/wp-json\/wp\/v2\/categories?post=23808"},{"taxonomy":"post_tag","embeddable":true,"href":"https:\/\/larevistadigital.com.ar\/blog\/wp-json\/wp\/v2\/tags?post=23808"}],"curies":[{"name":"wp","href":"https:\/\/api.w.org\/{rel}","templated":true}]}}