{"id":23811,"date":"2022-02-03T16:03:32","date_gmt":"2022-02-03T16:03:32","guid":{"rendered":"https:\/\/larevistadigital.com.ar\/blog\/?p=23811"},"modified":"2022-02-03T16:03:32","modified_gmt":"2022-02-03T16:03:32","slug":"militares-de-estados-unidos-mataron-al-lider-del-estado-islamico","status":"publish","type":"post","link":"https:\/\/larevistadigital.com.ar\/blog\/militares-de-estados-unidos-mataron-al-lider-del-estado-islamico\/","title":{"rendered":"MILITARES DE ESTADOS UNIDOS, MATARON AL L\u00cdDER DEL ESTADO ISL\u00c1MICO"},"content":{"rendered":"<h2>El presidente estadounidense Joe Biden anunci\u00f3 que durante una operaci\u00f3n en el noroeste de Siria, tropas de su pa\u00eds abatieron al conductor del grupo integrista, Abu Ibrahim al-Hashimi al-Qurayshi.<\/h2>\n<p>El presidente de Estados Unidos,\u00a0<strong>Joe Biden, anunci\u00f3 este jueves que las tropas de su pa\u00eds mataron al l\u00edder del grupo integrista Estado Isl\u00e1mico (EI), Abu Ibrahim al-Hashimi al-Qurayshi<\/strong>, durante una operaci\u00f3n en el noroeste de Siria.<\/p>\n<p><strong><em>\u00abAnoche,\u00a0bajo mi direcci\u00f3n, las fuerzas militares estadounidenses en el noroeste de Siria llevaron a cabo con \u00e9xito una operaci\u00f3n antiterrorista para proteger al pueblo estadounidense y a nuestros aliados, y hacer del mundo un lugar m\u00e1s seguro\u00bb<\/em><\/strong>, dijo <strong>Biden<\/strong> en un comunicado.<\/p>\n<p><em><strong>\u00abGracias a la habilidad y el coraje de nuestras Fuerzas Armadas, hemos sacado del campo de batalla a Abu Ibrahim al-Hashimi al-Qurayshi, l\u00edder del Estado Isl\u00e1mico\u00bb<\/strong><\/em>, dijo el mandatario.<\/p>\n<p>Un funcionario de la Casa Blanca precis\u00f3 que el l\u00edder del EI se inmol\u00f3 durante la operaci\u00f3n haciendo estallar una bomba que cargaba, con la que tambi\u00e9n ultim\u00f3 a miembros de su propia familia, incluidas mujeres y ni\u00f1os.<\/p>\n<p><strong>Biden<\/strong> agreg\u00f3 que los soldados estadounidenses se encuentran sanos y salvos.<\/p>\n<h3>\u00abGracias a la habilidad y el coraje de nuestras Fuerzas Armadas, hemos sacado del campo de batalla a Abu Ibrahim al-Hashimi al-Qurayshi, l\u00edder del Estado Isl\u00e1mico\u00bb<cite class=\"author\">Joe Biden<\/cite><\/h3>\n<p>La operaci\u00f3n, en la que tambi\u00e9n participaron las fuerzas kurdas, se llev\u00f3 a cabo en la regi\u00f3n de Idleb, donde el predecesor de al-Qurayshi, Abu Bakr al-Baghdadi, fue asesinado en una redada similar en octubre de 2019.<\/p>\n<figure class=\"mb-3\"><img data-recalc-dims=\"1\" decoding=\"async\" src=\"https:\/\/i0.wp.com\/www.telam.com.ar\/thumbs\/bluesteel\/advf\/imagenes\/2022\/02\/61fbe0f104640_900.jpg?ssl=1\" alt=\"Joe Biden comunic el resultado de la operacin en el noroeste de Siria Foto AFP\"   \/><\/p>\n<div class=\"media-icons\"><\/div><figcaption><strong>Joe Biden comunic\u00f3 el resultado de la operaci\u00f3n en el noroeste de Siria. (Foto AFP)<\/strong><\/figcaption><\/figure>\n<p><strong>Al-Qurayshi, tambi\u00e9n conocido como Amir Mohammed Said Abd al-Rahman al-Mawla, reemplaz\u00f3 a Baghdadi despu\u00e9s de su muerte.<\/strong><\/p>\n<p>La operaci\u00f3n se produjo cuando el EI intentaba resurgir, con una serie de ataques en la regi\u00f3n, incluido un ataque de diez d\u00edas a fines del mes pasado para apoderarse de una prisi\u00f3n.<\/p>\n<p>Las fuerzas especiales estadounidenses aterrizaron en helic\u00f3pteros y asaltaron una casa en un rinc\u00f3n de Siria controlado por los rebeldes, y se enfrentaron durante dos horas con hombres armados, inform\u00f3 la cadena de noticias CNN.<\/p>\n<p>Los residentes describieron disparos continuos y explosiones que sacudieron la ciudad de Atmeh, cerca de la frontera turca, un \u00e1rea salpicada de campamentos para personas desplazadas internamente de la guerra civil de Siria.<\/p>\n<p>La Defensa Civil Siria, dirigida por la oposici\u00f3n, los primeros en responder tambi\u00e9n conocidos como los Cascos Blancos, dijo que 13 personas -incluidos seis ni\u00f1os y cuatro mujeres- murieron en los bombardeos y enfrentamientos que se produjeron despu\u00e9s de la incursi\u00f3n del comando estadounidense.<\/p>\n<p>El Pent\u00e1gono no proporcion\u00f3 detalles sobre las v\u00edctimas en el ataque.<\/p>\n<p>Idlib est\u00e1 controlado en gran medida por combatientes respaldados por Turqu\u00eda, pero tambi\u00e9n es un basti\u00f3n de Al Qaeda y el hogar de varios de sus principales agentes.<\/p>\n<p>Otros militantes, incluidos extremistas del grupo EI rival, tambi\u00e9n encontraron refugio en la regi\u00f3n.<\/p>\n<p>El EI se ha ido reafirmando en Siria e Irak con un aumento de los ataques.<\/p>\n<p>El mes pasado llev\u00f3 a cabo su mayor operaci\u00f3n militar desde que fue derrotado y sus miembros se dispersaron bajo tierra en 2019: un ataque a una prisi\u00f3n en el noreste de Siria que albergaba al menos a 3.000 detenidos del EI.<\/p>\n<p>El ataque parec\u00eda tener como objetivo liberar a los altos mandos del EI en la prisi\u00f3n.<\/p>\n<p>Tras diez d\u00edas de lucha, las fuerzas lideradas por los kurdos y respaldadas por Estados Unidos recuperaron la prisi\u00f3n por completo, con un saldo de m\u00e1s de 120 de sus combatientes y trabajadores de la prisi\u00f3n muertos junto con 374 militantes.<\/p>\n<p>La coalici\u00f3n liderada por Estados Unidos llev\u00f3 a cabo ataques a\u00e9reos y despleg\u00f3 personal estadounidense en veh\u00edculos de combate Bradley en el \u00e1rea de la prisi\u00f3n para ayudar a las fuerzas kurdas.<\/p>\n<p>Un alto funcionario de las SDF, Nowruz Ahmad, dijo el lunes que el asalto a la prisi\u00f3n era parte de un complot m\u00e1s amplio que el EI hab\u00eda estado preparando durante mucho tiempo, incluidos ataques en otros barrios en el noreste de Siria controlado por los kurdos y en el campamento de al-Hol en el sur, que alberga a miles de familias de miembros del EI.<\/p>\n","protected":false},"excerpt":{"rendered":"<div class=\"mh-excerpt\"><p>El presidente estadounidense Joe Biden anunci\u00f3 que durante una operaci\u00f3n en el noroeste de Siria, tropas de su pa\u00eds abatieron al conductor del grupo integrista, Abu Ibrahim al-Hashimi al-Qurayshi. El presidente de Estados Unidos,\u00a0Joe Biden, <a class=\"mh-excerpt-more\" href=\"https:\/\/larevistadigital.com.ar\/blog\/militares-de-estados-unidos-mataron-al-lider-del-estado-islamico\/\" title=\"MILITARES DE ESTADOS UNIDOS, MATARON AL L\u00cdDER DEL ESTADO ISL\u00c1MICO\">[Leer M\u00e1s]<\/a><\/p>\n<\/div>","protected":false},"author":3,"featured_media":23812,"comment_status":"open","ping_status":"open","sticky":false,"template":"","format":"standard","meta":{"_jetpack_memberships_contains_paid_content":false,"footnotes":"","jetpack_publicize_message":"","jetpack_publicize_feature_enabled":true,"jetpack_social_post_already_shared":true,"jetpack_social_options":{"image_generator_settings":{"template":"highway","default_image_id":0,"font":"","enabled":false},"version":2}},"categories":[50],"tags":[],"class_list":{"0":"post-23811","1":"post","2":"type-post","3":"status-publish","4":"format-standard","5":"has-post-thumbnail","7":"category-interes-general"},"jetpack_publicize_connections":[],"jetpack_featured_media_url":"https:\/\/i0.wp.com\/larevistadigital.com.ar\/blog\/wp-content\/uploads\/61fbe0f112cde_900.jpg?fit=900%2C506&ssl=1","jetpack_sharing_enabled":true,"jetpack_shortlink":"https:\/\/wp.me\/p8qtrQ-6c3","jetpack-related-posts":[{"id":29950,"url":"https:\/\/larevistadigital.com.ar\/blog\/esto-paso-un-dia-como-hoy-3-de-febrero\/","url_meta":{"origin":23811,"position":0},"title":"ESTO PAS\u00d3 UN D\u00cdA COMO HOY, 3 DE FEBRERO","author":"Alejandro Sosa Ruda","date":"3 febrero, 2023","format":false,"excerpt":"Un 3 de febrero, pero de 1919, fuerzas sovi\u00e9ticas ocupan Ucrania y se forma en Kiev un gobierno mixto. OTRAS EFEM\u00c9RIDES 1852.- Batalla de Monte Caseros (Argentina). Las tropas sublevadas del general Justo Jos\u00e9 de Urquiza derrotan a las del presidente Juan Jos\u00e9 Rosas y Buenos Aires aclama a Urquiza\u2026","rel":"","context":"En \u00abCULTURA\u00bb","block_context":{"text":"CULTURA","link":"https:\/\/larevistadigital.com.ar\/blog\/category\/cultura\/"},"img":{"alt_text":"","src":"https:\/\/i0.wp.com\/larevistadigital.com.ar\/blog\/wp-content\/uploads\/LOGO-EFEMERIDES.jpg?fit=1200%2C628&ssl=1&resize=350%2C200","width":350,"height":200,"srcset":"https:\/\/i0.wp.com\/larevistadigital.com.ar\/blog\/wp-content\/uploads\/LOGO-EFEMERIDES.jpg?fit=1200%2C628&ssl=1&resize=350%2C200 1x, https:\/\/i0.wp.com\/larevistadigital.com.ar\/blog\/wp-content\/uploads\/LOGO-EFEMERIDES.jpg?fit=1200%2C628&ssl=1&resize=525%2C300 1.5x, https:\/\/i0.wp.com\/larevistadigital.com.ar\/blog\/wp-content\/uploads\/LOGO-EFEMERIDES.jpg?fit=1200%2C628&ssl=1&resize=700%2C400 2x, https:\/\/i0.wp.com\/larevistadigital.com.ar\/blog\/wp-content\/uploads\/LOGO-EFEMERIDES.jpg?fit=1200%2C628&ssl=1&resize=1050%2C600 3x"},"classes":[]},{"id":29854,"url":"https:\/\/larevistadigital.com.ar\/blog\/esto-paso-un-dia-como-hoy-20-de-enero\/","url_meta":{"origin":23811,"position":1},"title":"ESTO PAS\u00d3 UN D\u00cdA COMO HOY, 20 DE ENERO&#8230;","author":"Alejandro Sosa Ruda","date":"20 enero, 2023","format":false,"excerpt":"En otro 20 de enero, pero de 1839, la victoria de las fuerzas chilenas en la batalla de Yungay pone fin a la Confederaci\u00f3n de Per\u00fa y Bolivia. OTRAS EFEM\u00c9RIDES 1486.- Crist\u00f3bal Col\u00f3n se presenta ante los Reyes Cat\u00f3licos en Alcal\u00e1 de Henares y les expone su proyecto de abrir\u2026","rel":"","context":"En \u00abCULTURA\u00bb","block_context":{"text":"CULTURA","link":"https:\/\/larevistadigital.com.ar\/blog\/category\/cultura\/"},"img":{"alt_text":"","src":"https:\/\/i0.wp.com\/larevistadigital.com.ar\/blog\/wp-content\/uploads\/LOGO-EFEMERIDES.jpg?fit=1200%2C628&ssl=1&resize=350%2C200","width":350,"height":200,"srcset":"https:\/\/i0.wp.com\/larevistadigital.com.ar\/blog\/wp-content\/uploads\/LOGO-EFEMERIDES.jpg?fit=1200%2C628&ssl=1&resize=350%2C200 1x, https:\/\/i0.wp.com\/larevistadigital.com.ar\/blog\/wp-content\/uploads\/LOGO-EFEMERIDES.jpg?fit=1200%2C628&ssl=1&resize=525%2C300 1.5x, https:\/\/i0.wp.com\/larevistadigital.com.ar\/blog\/wp-content\/uploads\/LOGO-EFEMERIDES.jpg?fit=1200%2C628&ssl=1&resize=700%2C400 2x, https:\/\/i0.wp.com\/larevistadigital.com.ar\/blog\/wp-content\/uploads\/LOGO-EFEMERIDES.jpg?fit=1200%2C628&ssl=1&resize=1050%2C600 3x"},"classes":[]},{"id":29952,"url":"https:\/\/larevistadigital.com.ar\/blog\/29952-2\/","url_meta":{"origin":23811,"position":2},"title":"EEUU DESCUBRI\u00d3 UN \u00abGLOBO\u00bb ESP\u00cdA DE ORIGEN CHINO SOBRE SU ESPACIO A\u00c9REO","author":"Alejandro Sosa Ruda","date":"3 febrero, 2023","format":false,"excerpt":"El gobierno estadounidense ha estado monitoreando un presunto globo de vigilancia chino que ha sido visto en los cielos del norte del pa\u00eds norteamericano esta semana. 3 de febrero de 2023 Funcionarios del Pent\u00e1gono dijeron en una sesi\u00f3n informativa que est\u00e1n \"seguros de que este globo de vigilancia a gran\u2026","rel":"","context":"En \u00abINTERES GENERAL\u00bb","block_context":{"text":"INTERES GENERAL","link":"https:\/\/larevistadigital.com.ar\/blog\/category\/interes-general\/"},"img":{"alt_text":"","src":"https:\/\/i0.wp.com\/larevistadigital.com.ar\/blog\/wp-content\/uploads\/globo.png?fit=671%2C372&ssl=1&resize=350%2C200","width":350,"height":200,"srcset":"https:\/\/i0.wp.com\/larevistadigital.com.ar\/blog\/wp-content\/uploads\/globo.png?fit=671%2C372&ssl=1&resize=350%2C200 1x, https:\/\/i0.wp.com\/larevistadigital.com.ar\/blog\/wp-content\/uploads\/globo.png?fit=671%2C372&ssl=1&resize=525%2C300 1.5x"},"classes":[]},{"id":14058,"url":"https:\/\/larevistadigital.com.ar\/blog\/empieza-la-guerra-iran-ataco-con-decenas-de-misiles-instalaciones-de-eeuu-en-irak\/","url_meta":{"origin":23811,"position":3},"title":"\u00bfEMPIEZA LA GUERRA?&#8230; IRAN ATAC\u00d3 CON DECENAS DE MISILES INSTALACIONES DE EEUU EN IRAK","author":"Alejandro Sosa Ruda","date":"7 enero, 2020","format":false,"excerpt":"La Guardia Revolucionaria iran\u00ed confirm\u00f3 la operaci\u00f3n en nombre del \u201cm\u00e1rtir Qassem Soleimani\u201d, muerto la semana pasada en un operativo en Bagdad. El objetivo fueron \u201cal menos\u201d dos bases militares que albergan tropas de EEUU La Guardia Revolucionaria iran\u00ed inform\u00f3 este martes sobre el\u00a0lanzamiento de al menos nueve misiles contra\u2026","rel":"","context":"En \u00abDESTACADAS\u00bb","block_context":{"text":"DESTACADAS","link":"https:\/\/larevistadigital.com.ar\/blog\/category\/destacadas\/"},"img":{"alt_text":"","src":"https:\/\/i0.wp.com\/larevistadigital.com.ar\/blog\/wp-content\/uploads\/23221507_xl.jpg?fit=880%2C495&ssl=1&resize=350%2C200","width":350,"height":200,"srcset":"https:\/\/i0.wp.com\/larevistadigital.com.ar\/blog\/wp-content\/uploads\/23221507_xl.jpg?fit=880%2C495&ssl=1&resize=350%2C200 1x, https:\/\/i0.wp.com\/larevistadigital.com.ar\/blog\/wp-content\/uploads\/23221507_xl.jpg?fit=880%2C495&ssl=1&resize=525%2C300 1.5x, https:\/\/i0.wp.com\/larevistadigital.com.ar\/blog\/wp-content\/uploads\/23221507_xl.jpg?fit=880%2C495&ssl=1&resize=700%2C400 2x"},"classes":[]},{"id":1998,"url":"https:\/\/larevistadigital.com.ar\/blog\/alerta-mundial-estados-unidos-lanzo-la-bomba-no-nuclear-mas-poderosa-de-la-historia-en-afganistan\/","url_meta":{"origin":23811,"position":4},"title":"ALERTA MUNDIAL: ESTADOS UNIDOS LANZ\u00d3 LA BOMBA \u201cNO NUCLEAR\u201d MAS PODEROSA DE LA HISTORIA EN AFGANISTAN","author":"Alejandro Sosa Ruda","date":"13 abril, 2017","format":false,"excerpt":"El Ej\u00e9rcito estadounidense lanz\u00f3, este jueves, en Afganist\u00e1n, una enorme bomba que es\u00a0considerada la m\u00e1s poderosa existente\u00a0(exceptuando al armamento nuclear),\u00a0seg\u00fan inform\u00f3 la cadena\u00a0CNN. Fuentes del Pent\u00e1gono explicaron que el objetivo eran t\u00faneles y terroristas del Estado Isl\u00e1mico y resaltaron que\u00a0es la primera vez que se usa en el campo de\u2026","rel":"","context":"En \u00abDESTACADAS\u00bb","block_context":{"text":"DESTACADAS","link":"https:\/\/larevistadigital.com.ar\/blog\/category\/destacadas\/"},"img":{"alt_text":"","src":"https:\/\/i0.wp.com\/larevistadigital.com.ar\/blog\/wp-content\/uploads\/2017\/04\/SkmBCm6Tg_930x525.jpg?fit=930%2C525&ssl=1&resize=350%2C200","width":350,"height":200,"srcset":"https:\/\/i0.wp.com\/larevistadigital.com.ar\/blog\/wp-content\/uploads\/2017\/04\/SkmBCm6Tg_930x525.jpg?fit=930%2C525&ssl=1&resize=350%2C200 1x, https:\/\/i0.wp.com\/larevistadigital.com.ar\/blog\/wp-content\/uploads\/2017\/04\/SkmBCm6Tg_930x525.jpg?fit=930%2C525&ssl=1&resize=525%2C300 1.5x, https:\/\/i0.wp.com\/larevistadigital.com.ar\/blog\/wp-content\/uploads\/2017\/04\/SkmBCm6Tg_930x525.jpg?fit=930%2C525&ssl=1&resize=700%2C400 2x"},"classes":[]},{"id":24010,"url":"https:\/\/larevistadigital.com.ar\/blog\/eeuu-exigio-a-rusia-una-desescalada-verificable-de-las-fronteras-de-ucrania\/","url_meta":{"origin":23811,"position":5},"title":"EEUU EXIGI\u00d3 A RUSIA UNA \u00abDESESCALADA\u00bb VERIFICABLE DE LAS FRONTERAS DE UCRANIA","author":"Alejandro Sosa Ruda","date":"16 febrero, 2022","format":false,"excerpt":"Durante la conversaci\u00f3n entre los cancilleres de EEUU y Rusia, el europeo urgi\u00f3 a su hom\u00f3logo estadounidense a un \u201cdi\u00e1logo pragm\u00e1tico\u201d sobre la seguridad en Europa El jefe de la diplomacia estadounidense,\u00a0Antony Blinken, pidi\u00f3 el martes a su hom\u00f3logo ruso, Sergu\u00e9i Lavrov, una \u201cdesescalada verificable, cre\u00edble y significativa\u201d en la\u2026","rel":"","context":"En \u00abDESTACADAS\u00bb","block_context":{"text":"DESTACADAS","link":"https:\/\/larevistadigital.com.ar\/blog\/category\/destacadas\/"},"img":{"alt_text":"","src":"https:\/\/i0.wp.com\/larevistadigital.com.ar\/blog\/wp-content\/uploads\/Captura-de-pantalla-2022-02-15-220940.jpg?fit=946%2C623&ssl=1&resize=350%2C200","width":350,"height":200,"srcset":"https:\/\/i0.wp.com\/larevistadigital.com.ar\/blog\/wp-content\/uploads\/Captura-de-pantalla-2022-02-15-220940.jpg?fit=946%2C623&ssl=1&resize=350%2C200 1x, https:\/\/i0.wp.com\/larevistadigital.com.ar\/blog\/wp-content\/uploads\/Captura-de-pantalla-2022-02-15-220940.jpg?fit=946%2C623&ssl=1&resize=525%2C300 1.5x, https:\/\/i0.wp.com\/larevistadigital.com.ar\/blog\/wp-content\/uploads\/Captura-de-pantalla-2022-02-15-220940.jpg?fit=946%2C623&ssl=1&resize=700%2C400 2x"},"classes":[]}],"_links":{"self":[{"href":"https:\/\/larevistadigital.com.ar\/blog\/wp-json\/wp\/v2\/posts\/23811","targetHints":{"allow":["GET"]}}],"collection":[{"href":"https:\/\/larevistadigital.com.ar\/blog\/wp-json\/wp\/v2\/posts"}],"about":[{"href":"https:\/\/larevistadigital.com.ar\/blog\/wp-json\/wp\/v2\/types\/post"}],"author":[{"embeddable":true,"href":"https:\/\/larevistadigital.com.ar\/blog\/wp-json\/wp\/v2\/users\/3"}],"replies":[{"embeddable":true,"href":"https:\/\/larevistadigital.com.ar\/blog\/wp-json\/wp\/v2\/comments?post=23811"}],"version-history":[{"count":1,"href":"https:\/\/larevistadigital.com.ar\/blog\/wp-json\/wp\/v2\/posts\/23811\/revisions"}],"predecessor-version":[{"id":23813,"href":"https:\/\/larevistadigital.com.ar\/blog\/wp-json\/wp\/v2\/posts\/23811\/revisions\/23813"}],"wp:featuredmedia":[{"embeddable":true,"href":"https:\/\/larevistadigital.com.ar\/blog\/wp-json\/wp\/v2\/media\/23812"}],"wp:attachment":[{"href":"https:\/\/larevistadigital.com.ar\/blog\/wp-json\/wp\/v2\/media?parent=23811"}],"wp:term":[{"taxonomy":"category","embeddable":true,"href":"https:\/\/larevistadigital.com.ar\/blog\/wp-json\/wp\/v2\/categories?post=23811"},{"taxonomy":"post_tag","embeddable":true,"href":"https:\/\/larevistadigital.com.ar\/blog\/wp-json\/wp\/v2\/tags?post=23811"}],"curies":[{"name":"wp","href":"https:\/\/api.w.org\/{rel}","templated":true}]}}