{"id":23815,"date":"2022-02-04T13:20:31","date_gmt":"2022-02-04T13:20:31","guid":{"rendered":"https:\/\/larevistadigital.com.ar\/blog\/?p=23815"},"modified":"2022-02-04T13:58:47","modified_gmt":"2022-02-04T13:58:47","slug":"bancarios-estado-de-alerta-y-movilizacion-ante-la-intransigencia-de-las-camaras","status":"publish","type":"post","link":"https:\/\/larevistadigital.com.ar\/blog\/bancarios-estado-de-alerta-y-movilizacion-ante-la-intransigencia-de-las-camaras\/","title":{"rendered":"BANCARIOS: ESTADO DE ALERTA Y MOVILIZACI\u00d3N ANTE LA INTRANSIGENCIA DE LAS C\u00c1MARAS"},"content":{"rendered":"<h2>El arreglo estaba pr\u00e1cticamente acordado, pero las c\u00e1maras empresarias se negaron a dar cualquier tipo de actualizaci\u00f3n salarial. Ahora el sindicato est\u00e1 en \u00abalerta y movilizaci\u00f3n, lo que podr\u00eda derivar en un conflicto.<\/h2>\n<p>Si hay algo en lo que se ha destacado el sindicato Bancario, es el la defensa implacable de los derechos de sus trabajadores. Siempre consigue lo mejor, y se destaca entre todos los sindicatos por ese motivo entre otras cosas.<\/p>\n<blockquote>\n<h3>Hoy, no es la excepci\u00f3n, y a la hora de discutir paritarias y pelear por los haberes de los bancarios son inclaudicables e inflexibles con la patronal. Tal es el caso, que est\u00e1n avisando que la paciencia tiene un l\u00edmite, y que no se van a quedar imp\u00e1vidos si la parte empresaria del sector, mira hacia otro lado y hace caso omiso de los leg\u00edtimos reclamos.<\/h3>\n<\/blockquote>\n<p>Mediante un comunicado, la Asociaci\u00f3n Bancaria dispuso el \u00abEstado de Alerta y Movilizaci\u00f3n\u00bb manifestando que se debe \u00aba la intransigencia de las patronales a abonar los salarios que le corresponden a los trabajadores del sector\u00bb, ya que se venci\u00f3 la paritaria el pasado 31 de diciembre, y sin tener novedades durante todo el mes de enero al respecto.<\/p>\n<blockquote>\n<h3>El Ministerio de Trabajo, estableci\u00f3 un \u00abcuarto intermedio\u00bb, y los bancarios aseguran que si no hay novedades se va a \u00abconvocar a los Cuerpos Org\u00e1nicos\u00bb y se estar\u00e1n evaluando medidas gremiales, que se tomar\u00e1n antes de finalizado el mes de febrero.<\/h3>\n<\/blockquote>\n<p>Vale se\u00f1alar, que el pasado 25 de enero se hab\u00eda realizado la reuni\u00f3n paritaria <strong>convocada por el Ministerio de Trabajo de la Naci\u00f3n<\/strong>, a pedido de la Asociaci\u00f3n Bancaria, con las c\u00e1maras empresariales. En esa oportunidad, La Bancaria plante\u00f3 -adem\u00e1s de la necesidad de <strong>iniciar urgentemente las negociaciones paritarias del presente a\u00f1o<\/strong>&#8211; los siguientes puntos:<\/p>\n<ul>\n<li>El<strong>\u00a0respeto estricto\u00a0<\/strong>por parte de las entidades bancarias del protocolo sanitario firmado para nuestra actividad.<\/li>\n<li><strong>Continuar con la regulaci\u00f3n de la Ley de Teletrabajo<\/strong>, a los efectos de arribar a un acuerdo sobre la implementaci\u00f3n de la misma.<\/li>\n<li><strong>Terminar con las tercerizaciones del trabajo bancario<\/strong>\u00a0y el correcto encuadramiento de las compa\u00f1eras y compa\u00f1eros que realizan tareas bancarias.<\/li>\n<\/ul>\n<h3 style=\"text-align: center\">EL COMUNICADO BANCARIO<\/h3>\n<p><img data-recalc-dims=\"1\" loading=\"lazy\" decoding=\"async\" class=\"size-full wp-image-23816 aligncenter\" src=\"https:\/\/i0.wp.com\/larevistadigital.com.ar\/blog\/wp-content\/uploads\/WhatsApp-Image-2022-02-04-at-10.01.48.jpeg?resize=1054%2C1246&#038;ssl=1\" alt=\"\" width=\"1054\" height=\"1246\" srcset=\"https:\/\/i0.wp.com\/larevistadigital.com.ar\/blog\/wp-content\/uploads\/WhatsApp-Image-2022-02-04-at-10.01.48.jpeg?w=1054&amp;ssl=1 1054w, https:\/\/i0.wp.com\/larevistadigital.com.ar\/blog\/wp-content\/uploads\/WhatsApp-Image-2022-02-04-at-10.01.48.jpeg?resize=254%2C300&amp;ssl=1 254w, https:\/\/i0.wp.com\/larevistadigital.com.ar\/blog\/wp-content\/uploads\/WhatsApp-Image-2022-02-04-at-10.01.48.jpeg?resize=866%2C1024&amp;ssl=1 866w, https:\/\/i0.wp.com\/larevistadigital.com.ar\/blog\/wp-content\/uploads\/WhatsApp-Image-2022-02-04-at-10.01.48.jpeg?resize=768%2C908&amp;ssl=1 768w\" sizes=\"auto, (max-width: 1000px) 100vw, 1000px\" \/><\/p>\n","protected":false},"excerpt":{"rendered":"<div class=\"mh-excerpt\"><p>El arreglo estaba pr\u00e1cticamente acordado, pero las c\u00e1maras empresarias se negaron a dar cualquier tipo de actualizaci\u00f3n salarial. Ahora el sindicato est\u00e1 en \u00abalerta y movilizaci\u00f3n, lo que podr\u00eda derivar en un conflicto. Si hay <a class=\"mh-excerpt-more\" href=\"https:\/\/larevistadigital.com.ar\/blog\/bancarios-estado-de-alerta-y-movilizacion-ante-la-intransigencia-de-las-camaras\/\" title=\"BANCARIOS: ESTADO DE ALERTA Y MOVILIZACI\u00d3N ANTE LA INTRANSIGENCIA DE LAS C\u00c1MARAS\">[Leer M\u00e1s]<\/a><\/p>\n<\/div>","protected":false},"author":3,"featured_media":23817,"comment_status":"open","ping_status":"open","sticky":false,"template":"","format":"standard","meta":{"_jetpack_memberships_contains_paid_content":false,"footnotes":"","jetpack_publicize_message":"","jetpack_publicize_feature_enabled":true,"jetpack_social_post_already_shared":true,"jetpack_social_options":{"image_generator_settings":{"template":"highway","default_image_id":0,"font":"","enabled":false},"version":2}},"categories":[41],"tags":[],"class_list":{"0":"post-23815","1":"post","2":"type-post","3":"status-publish","4":"format-standard","5":"has-post-thumbnail","7":"category-destacadas"},"jetpack_publicize_connections":[],"jetpack_featured_media_url":"https:\/\/i0.wp.com\/larevistadigital.com.ar\/blog\/wp-content\/uploads\/bancarios-asociacion-bancaria-marchajpg.jpg?fit=730%2C410&ssl=1","jetpack_sharing_enabled":true,"jetpack_shortlink":"https:\/\/wp.me\/p8qtrQ-6c7","jetpack-related-posts":[{"id":3807,"url":"https:\/\/larevistadigital.com.ar\/blog\/bancarios-alerta-preparan-movilizacion-paquete-reformas\/","url_meta":{"origin":23815,"position":0},"title":"BANCARIOS EN ALERTA: PREPARAN MOVILIZACI\u00d3N CONTRA PAQUETE DE REFORMAS","author":"Alejandro Sosa Ruda","date":"13 noviembre, 2017","format":false,"excerpt":"Sergio Palazzo, Secretario General del Gremio, asegur\u00f3 que\u00a0\u201cLa Bancaria rechaza de forma absoluta ese paquete de reformas\u201dy se\u00f1al\u00f3 que el gremio prepara una movilizaci\u00f3n de protesta. El secretario general de la Asociaci\u00f3n Bancaria (AB), Sergio Palazzo, asegur\u00f3 que la conducci\u00f3n nacional del sindicato convocar\u00e1 a una movilizaci\u00f3n nacional antes del\u2026","rel":"","context":"En \u00abGREMIALES\u00bb","block_context":{"text":"GREMIALES","link":"https:\/\/larevistadigital.com.ar\/blog\/category\/gremiales\/"},"img":{"alt_text":"","src":"https:\/\/i0.wp.com\/larevistadigital.com.ar\/blog\/wp-content\/uploads\/2017\/11\/Palazzo.jpg?fit=680%2C365&ssl=1&resize=350%2C200","width":350,"height":200,"srcset":"https:\/\/i0.wp.com\/larevistadigital.com.ar\/blog\/wp-content\/uploads\/2017\/11\/Palazzo.jpg?fit=680%2C365&ssl=1&resize=350%2C200 1x, https:\/\/i0.wp.com\/larevistadigital.com.ar\/blog\/wp-content\/uploads\/2017\/11\/Palazzo.jpg?fit=680%2C365&ssl=1&resize=525%2C300 1.5x"},"classes":[]},{"id":30143,"url":"https:\/\/larevistadigital.com.ar\/blog\/bancarios-en-pie-de-guerra-estamos-hartos-evaluan-medidas-de-fuerza-para-exigir-aumentos\/","url_meta":{"origin":23815,"position":1},"title":"BANCARIOS EN PI\u00c9 DE GUERRA: \u00abESTAMOS HARTOS\u00bb&#8230; EVAL\u00daAN MEDIDAS DE FUERZA PARA EXIGIR AUMENTOS","author":"Alejandro Sosa Ruda","date":"14 febrero, 2023","format":false,"excerpt":"\"Las c\u00e1maras bancarias siguen sin o\u00edr a los trabajadores, el tiempo sigue pasando y el poder adquisitivo de nuestro salario se ve afectado d\u00eda a d\u00eda\", dijeron. 14 de febrero de 2023 El secretariado nacional de la Asociaci\u00f3n Bancaria (AB), que encabeza\u00a0Sergio Palazzo, se reunir\u00e1 este martes para\u00a0evaluar medidas de\u2026","rel":"","context":"En \u00abGREMIALES\u00bb","block_context":{"text":"GREMIALES","link":"https:\/\/larevistadigital.com.ar\/blog\/category\/gremiales\/"},"img":{"alt_text":"","src":"https:\/\/i0.wp.com\/larevistadigital.com.ar\/blog\/wp-content\/uploads\/bancarios-asociacion-bancaria-marchajpg.jpg?fit=730%2C410&ssl=1&resize=350%2C200","width":350,"height":200,"srcset":"https:\/\/i0.wp.com\/larevistadigital.com.ar\/blog\/wp-content\/uploads\/bancarios-asociacion-bancaria-marchajpg.jpg?fit=730%2C410&ssl=1&resize=350%2C200 1x, https:\/\/i0.wp.com\/larevistadigital.com.ar\/blog\/wp-content\/uploads\/bancarios-asociacion-bancaria-marchajpg.jpg?fit=730%2C410&ssl=1&resize=525%2C300 1.5x, https:\/\/i0.wp.com\/larevistadigital.com.ar\/blog\/wp-content\/uploads\/bancarios-asociacion-bancaria-marchajpg.jpg?fit=730%2C410&ssl=1&resize=700%2C400 2x"},"classes":[]},{"id":23887,"url":"https:\/\/larevistadigital.com.ar\/blog\/bancarios-el-sindicato-consiguio-un-adelanto-de-paritarias-2022\/","url_meta":{"origin":23815,"position":2},"title":"BANCARIOS: EL SINDICATO CONSIGUI\u00d3 UN \u00abADELANTO DE PARITARIAS &#8211; 2022\u00bb","author":"Alejandro Sosa Ruda","date":"8 febrero, 2022","format":false,"excerpt":"Luego de las negociaciones en el marco de las Paritarias 2022, La Bancaria, consigui\u00f3 un adelanto de paritarias, para los meses de ENERO y FEBRERO, como anticipo del resultado de los acuerdos que se alcancen en el marco de las paritarias del a\u00f1o en curso. As\u00ed lo hizo saber la\u2026","rel":"","context":"En \u00abGREMIALES\u00bb","block_context":{"text":"GREMIALES","link":"https:\/\/larevistadigital.com.ar\/blog\/category\/gremiales\/"},"img":{"alt_text":"","src":"https:\/\/i0.wp.com\/larevistadigital.com.ar\/blog\/wp-content\/uploads\/Bancaria.jpg?fit=1140%2C675&ssl=1&resize=350%2C200","width":350,"height":200,"srcset":"https:\/\/i0.wp.com\/larevistadigital.com.ar\/blog\/wp-content\/uploads\/Bancaria.jpg?fit=1140%2C675&ssl=1&resize=350%2C200 1x, https:\/\/i0.wp.com\/larevistadigital.com.ar\/blog\/wp-content\/uploads\/Bancaria.jpg?fit=1140%2C675&ssl=1&resize=525%2C300 1.5x, https:\/\/i0.wp.com\/larevistadigital.com.ar\/blog\/wp-content\/uploads\/Bancaria.jpg?fit=1140%2C675&ssl=1&resize=700%2C400 2x, https:\/\/i0.wp.com\/larevistadigital.com.ar\/blog\/wp-content\/uploads\/Bancaria.jpg?fit=1140%2C675&ssl=1&resize=1050%2C600 3x"},"classes":[]},{"id":19618,"url":"https:\/\/larevistadigital.com.ar\/blog\/bancarios-en-alerta-por-el-incremento-de-casos-de-covid-19\/","url_meta":{"origin":23815,"position":3},"title":"BANCARIOS EN ALERTA POR EL INCREMENTO DE CASOS DE COVID-19","author":"Alejandro Sosa Ruda","date":"12 abril, 2021","format":false,"excerpt":"CHASCOM\u00daS -\u00a0En raz\u00f3n a la lamentable y preocupante situaci\u00f3n que vive el pa\u00eds y que obviamente tiene incluido a Chascom\u00fas, en referencia a la aparici\u00f3n de la llamada \"Segunda ola\" de Covid 19, es que el COMIT\u00c9 MIXTO DE SEGURIDAD E HIGIENE EN EL TRABAJO de La Bancaria se han\u2026","rel":"","context":"En \u00abDESTACADAS\u00bb","block_context":{"text":"DESTACADAS","link":"https:\/\/larevistadigital.com.ar\/blog\/category\/destacadas\/"},"img":{"alt_text":"","src":"https:\/\/i0.wp.com\/larevistadigital.com.ar\/blog\/wp-content\/uploads\/2017\/05\/labancaria.jpg?fit=800%2C407&ssl=1&resize=350%2C200","width":350,"height":200,"srcset":"https:\/\/i0.wp.com\/larevistadigital.com.ar\/blog\/wp-content\/uploads\/2017\/05\/labancaria.jpg?fit=800%2C407&ssl=1&resize=350%2C200 1x, https:\/\/i0.wp.com\/larevistadigital.com.ar\/blog\/wp-content\/uploads\/2017\/05\/labancaria.jpg?fit=800%2C407&ssl=1&resize=525%2C300 1.5x, https:\/\/i0.wp.com\/larevistadigital.com.ar\/blog\/wp-content\/uploads\/2017\/05\/labancaria.jpg?fit=800%2C407&ssl=1&resize=700%2C400 2x"},"classes":[]},{"id":22084,"url":"https:\/\/larevistadigital.com.ar\/blog\/juan-emilio-pallo-un-querido-chascomunense-que-sigue-firme-como-dirigente-bancario\/","url_meta":{"origin":23815,"position":4},"title":"JUAN EMILIO PALLO, UN QUERIDO CHASCOMUNENSE QUE SIGUE FIRME COMO DIRIGENTE BANCARIO","author":"Alejandro Sosa Ruda","date":"22 septiembre, 2021","format":false,"excerpt":"Durante la jornada de ayer, se present\u00f3 la lista Celeste y Blanca n\u00b01, del gremio de los Bancarios, para las elecciones nacionales que se llevar\u00e1n a cabo el pr\u00f3ximo 14 de diciembre en el sindicato. Desde el sindicato, en Chascom\u00fas, entre otras cosas emitieron un comunicado donde expresan su alegr\u00eda\u2026","rel":"","context":"En \u00abINTERES GENERAL\u00bb","block_context":{"text":"INTERES GENERAL","link":"https:\/\/larevistadigital.com.ar\/blog\/category\/interes-general\/"},"img":{"alt_text":"","src":"https:\/\/i0.wp.com\/larevistadigital.com.ar\/blog\/wp-content\/uploads\/WhatsApp-Image-2021-09-22-at-08.37.46.jpeg?fit=720%2C720&ssl=1&resize=350%2C200","width":350,"height":200,"srcset":"https:\/\/i0.wp.com\/larevistadigital.com.ar\/blog\/wp-content\/uploads\/WhatsApp-Image-2021-09-22-at-08.37.46.jpeg?fit=720%2C720&ssl=1&resize=350%2C200 1x, https:\/\/i0.wp.com\/larevistadigital.com.ar\/blog\/wp-content\/uploads\/WhatsApp-Image-2021-09-22-at-08.37.46.jpeg?fit=720%2C720&ssl=1&resize=525%2C300 1.5x, https:\/\/i0.wp.com\/larevistadigital.com.ar\/blog\/wp-content\/uploads\/WhatsApp-Image-2021-09-22-at-08.37.46.jpeg?fit=720%2C720&ssl=1&resize=700%2C400 2x"},"classes":[]},{"id":66,"url":"https:\/\/larevistadigital.com.ar\/blog\/bancarios-en-pie-de-guerra-por-incumplimiento-del-acuerdo-paritario\/","url_meta":{"origin":23815,"position":5},"title":"Bancarios en pi\u00e9 de guerra por incumplimiento del acuerdo paritario","author":"editor","date":"30 enero, 2017","format":false,"excerpt":"El gremio podr\u00eda activar un nuevo plan de lucha si el Gobierno no homologa el entendimiento con empresarios. \"Deben pagar las obligaciones que han asumido puntualmente\". La\u00a0Asociaci\u00f3n Bancaria\u00a0que lidera\u00a0Sergio Palazzo\u00a0denunci\u00f3 un incumplimiento en lo acordado en la negociaci\u00f3n paritaria recientemente e inst\u00f3 a las entidades financieras y empresas a respetar\u2026","rel":"","context":"En \u00abGREMIALES\u00bb","block_context":{"text":"GREMIALES","link":"https:\/\/larevistadigital.com.ar\/blog\/category\/gremiales\/"},"img":{"alt_text":"","src":"https:\/\/i0.wp.com\/larevistadigital.com.ar\/blog\/wp-content\/uploads\/2017\/01\/BANCARIOS.jpg?fit=959%2C563&ssl=1&resize=350%2C200","width":350,"height":200,"srcset":"https:\/\/i0.wp.com\/larevistadigital.com.ar\/blog\/wp-content\/uploads\/2017\/01\/BANCARIOS.jpg?fit=959%2C563&ssl=1&resize=350%2C200 1x, https:\/\/i0.wp.com\/larevistadigital.com.ar\/blog\/wp-content\/uploads\/2017\/01\/BANCARIOS.jpg?fit=959%2C563&ssl=1&resize=525%2C300 1.5x, https:\/\/i0.wp.com\/larevistadigital.com.ar\/blog\/wp-content\/uploads\/2017\/01\/BANCARIOS.jpg?fit=959%2C563&ssl=1&resize=700%2C400 2x"},"classes":[]}],"_links":{"self":[{"href":"https:\/\/larevistadigital.com.ar\/blog\/wp-json\/wp\/v2\/posts\/23815","targetHints":{"allow":["GET"]}}],"collection":[{"href":"https:\/\/larevistadigital.com.ar\/blog\/wp-json\/wp\/v2\/posts"}],"about":[{"href":"https:\/\/larevistadigital.com.ar\/blog\/wp-json\/wp\/v2\/types\/post"}],"author":[{"embeddable":true,"href":"https:\/\/larevistadigital.com.ar\/blog\/wp-json\/wp\/v2\/users\/3"}],"replies":[{"embeddable":true,"href":"https:\/\/larevistadigital.com.ar\/blog\/wp-json\/wp\/v2\/comments?post=23815"}],"version-history":[{"count":3,"href":"https:\/\/larevistadigital.com.ar\/blog\/wp-json\/wp\/v2\/posts\/23815\/revisions"}],"predecessor-version":[{"id":23821,"href":"https:\/\/larevistadigital.com.ar\/blog\/wp-json\/wp\/v2\/posts\/23815\/revisions\/23821"}],"wp:featuredmedia":[{"embeddable":true,"href":"https:\/\/larevistadigital.com.ar\/blog\/wp-json\/wp\/v2\/media\/23817"}],"wp:attachment":[{"href":"https:\/\/larevistadigital.com.ar\/blog\/wp-json\/wp\/v2\/media?parent=23815"}],"wp:term":[{"taxonomy":"category","embeddable":true,"href":"https:\/\/larevistadigital.com.ar\/blog\/wp-json\/wp\/v2\/categories?post=23815"},{"taxonomy":"post_tag","embeddable":true,"href":"https:\/\/larevistadigital.com.ar\/blog\/wp-json\/wp\/v2\/tags?post=23815"}],"curies":[{"name":"wp","href":"https:\/\/api.w.org\/{rel}","templated":true}]}}