{"id":23824,"date":"2022-02-04T23:25:17","date_gmt":"2022-02-04T23:25:17","guid":{"rendered":"https:\/\/larevistadigital.com.ar\/blog\/?p=23824"},"modified":"2022-02-04T23:25:17","modified_gmt":"2022-02-04T23:25:17","slug":"mar-del-plata-no-habra-prorrogas-para-las-licencias-de-conducir-que-caduquen-este-ano","status":"publish","type":"post","link":"https:\/\/larevistadigital.com.ar\/blog\/mar-del-plata-no-habra-prorrogas-para-las-licencias-de-conducir-que-caduquen-este-ano\/","title":{"rendered":"MAR DEL PLATA: NO HABR\u00c1 PR\u00d3RROGAS PARA LAS LICENCIAS DE CONDUCIR QUE CADUQUEN ESTE A\u00d1O"},"content":{"rendered":"<h2 class=\"intro\">Lo confirmaron este viernes desde el Gobierno de Guillermo Montenegro. A partir de ahora, todos los marplatenses\u00a0est\u00e1n obligados a renovar a partir de la fecha de vencimiento que aparece en el registro.<\/h2>\n<p><strong>MAR DEL PLATA &#8211;\u00a0<\/strong> Luego de una serie de pr\u00f3rrogas a los vencimientos de las licencias de conducir en 2020 y 2021 que fueron otorg\u00e1ndose a causa de la cuarentena, desde el Gobierno de <strong>Guillermo Montenegro<\/strong>\u00a0informaron este viernes que esta medida ya no se volver\u00e1 a extender en el tiempo.<\/p>\n<blockquote>\n<h3>Por lo tanto, no existe m\u00e1s disposici\u00f3n alguna de pr\u00f3rroga para toda licencia que venza (o haya vencido) a partir del 1 de enero de 2022. Entonces, a partir de ahora,\u00a0<strong>cada marplatense\u00a0est\u00e1 obligado a renovar a partir de la fecha de vencimiento que aparece en la licencia.<\/strong><\/h3>\n<\/blockquote>\n<p>Las autoridades recordaron que los turnos para la renovaci\u00f3n solo se tramitan en\u00a0<a class=\"link\" href=\"http:\/\/www.mgp.gob.ar\/turnos\">www.mgp.gob.ar\/turnos<\/a>\u00a0y que -para los que quieran anticiparse- s\u00f3lo se podr\u00e1 renovar la licencia 30 d\u00edas antes del nuevo vencimiento.<\/p>\n<blockquote>\n<h3>Todas las licencias que vencieron en el a\u00f1o 2020 (desde el 15 de febrero al 31 de diciembre) tienen una pr\u00f3rroga por 24 meses, contados a partir de la fecha de vencimiento que figura en la credencial. Por ejemplo: si venci\u00f3 el 20 de abril de 2020, se puede conducir hasta el 20 de abril de 2022.<\/h3>\n<\/blockquote>\n<p>publicaci\u00f3n e imagen en 0223<\/p>\n","protected":false},"excerpt":{"rendered":"<div class=\"mh-excerpt\"><p>Lo confirmaron este viernes desde el Gobierno de Guillermo Montenegro. A partir de ahora, todos los marplatenses\u00a0est\u00e1n obligados a renovar a partir de la fecha de vencimiento que aparece en el registro. MAR DEL PLATA <a class=\"mh-excerpt-more\" href=\"https:\/\/larevistadigital.com.ar\/blog\/mar-del-plata-no-habra-prorrogas-para-las-licencias-de-conducir-que-caduquen-este-ano\/\" title=\"MAR DEL PLATA: NO HABR\u00c1 PR\u00d3RROGAS PARA LAS LICENCIAS DE CONDUCIR QUE CADUQUEN ESTE A\u00d1O\">[Leer M\u00e1s]<\/a><\/p>\n<\/div>","protected":false},"author":3,"featured_media":23825,"comment_status":"open","ping_status":"open","sticky":false,"template":"","format":"standard","meta":{"_jetpack_memberships_contains_paid_content":false,"footnotes":"","jetpack_publicize_message":"","jetpack_publicize_feature_enabled":true,"jetpack_social_post_already_shared":true,"jetpack_social_options":{"image_generator_settings":{"template":"highway","default_image_id":0,"font":"","enabled":false},"version":2}},"categories":[51],"tags":[],"class_list":{"0":"post-23824","1":"post","2":"type-post","3":"status-publish","4":"format-standard","5":"has-post-thumbnail","7":"category-regionales"},"jetpack_publicize_connections":[],"jetpack_featured_media_url":"https:\/\/i0.wp.com\/larevistadigital.com.ar\/blog\/wp-content\/uploads\/Captura-de-pantalla-2022-02-04-202330.jpg?fit=930%2C410&ssl=1","jetpack_sharing_enabled":true,"jetpack_shortlink":"https:\/\/wp.me\/p8qtrQ-6cg","jetpack-related-posts":[{"id":19144,"url":"https:\/\/larevistadigital.com.ar\/blog\/extienden-el-vencimiento-de-las-licencias-de-conducir\/","url_meta":{"origin":23824,"position":0},"title":"EXTIENDEN EL VENCIMIENTO DE LAS LICENCIAS DE CONDUCIR","author":"Alejandro Sosa Ruda","date":"2 marzo, 2021","format":false,"excerpt":"Es para las que caducan entre el 1 de enero y 30 de junio de 2021 El gobierno bonaerense extendi\u00f3 por 180 d\u00edas corridos el vencimiento de las licencias de conducir que caducan entre el 1 de enero y 30 de junio de 2021, seg\u00fan lo dispuesto hoy a trav\u00e9s\u2026","rel":"","context":"En \u00abINTERES GENERAL\u00bb","block_context":{"text":"INTERES GENERAL","link":"https:\/\/larevistadigital.com.ar\/blog\/category\/interes-general\/"},"img":{"alt_text":"","src":"https:\/\/i0.wp.com\/larevistadigital.com.ar\/blog\/wp-content\/uploads\/carnet-de-conducir.jpeg?fit=1200%2C900&ssl=1&resize=350%2C200","width":350,"height":200,"srcset":"https:\/\/i0.wp.com\/larevistadigital.com.ar\/blog\/wp-content\/uploads\/carnet-de-conducir.jpeg?fit=1200%2C900&ssl=1&resize=350%2C200 1x, https:\/\/i0.wp.com\/larevistadigital.com.ar\/blog\/wp-content\/uploads\/carnet-de-conducir.jpeg?fit=1200%2C900&ssl=1&resize=525%2C300 1.5x, https:\/\/i0.wp.com\/larevistadigital.com.ar\/blog\/wp-content\/uploads\/carnet-de-conducir.jpeg?fit=1200%2C900&ssl=1&resize=700%2C400 2x, https:\/\/i0.wp.com\/larevistadigital.com.ar\/blog\/wp-content\/uploads\/carnet-de-conducir.jpeg?fit=1200%2C900&ssl=1&resize=1050%2C600 3x"},"classes":[]},{"id":25345,"url":"https:\/\/larevistadigital.com.ar\/blog\/mar-del-plata-el-intendente-informo-que-se-encontraron-licencias-falsas-de-conducir\/","url_meta":{"origin":23824,"position":1},"title":"MAR DEL PLATA: EL INTENDENTE INFORM\u00d3 QUE SE ENCONTRARON LICENCIAS FALSAS DE CONDUCIR","author":"Alejandro Sosa Ruda","date":"22 mayo, 2022","format":false,"excerpt":"El intendente asegur\u00f3 que en distintos operativos de tr\u00e1nsito se identificaron y retuvieron licencias \"presuntamente ap\u00f3crifas\". Sus portadores fueron denunciados penalmente. Adem\u00e1s, se labraron 1853 actas y 239 veh\u00edculos fueron secuestrados, 39 de ellos por alcoholemia. MAR DEL PLATA -\u00a0 El intendente Guillermo Montenegro\u00a0inform\u00f3 hoy que en distintos operativos de\u2026","rel":"","context":"En \u00abREGIONALES\u00bb","block_context":{"text":"REGIONALES","link":"https:\/\/larevistadigital.com.ar\/blog\/category\/regionales\/"},"img":{"alt_text":"","src":"https:\/\/i0.wp.com\/larevistadigital.com.ar\/blog\/wp-content\/uploads\/mardel.png?fit=806%2C459&ssl=1&resize=350%2C200","width":350,"height":200,"srcset":"https:\/\/i0.wp.com\/larevistadigital.com.ar\/blog\/wp-content\/uploads\/mardel.png?fit=806%2C459&ssl=1&resize=350%2C200 1x, https:\/\/i0.wp.com\/larevistadigital.com.ar\/blog\/wp-content\/uploads\/mardel.png?fit=806%2C459&ssl=1&resize=525%2C300 1.5x, https:\/\/i0.wp.com\/larevistadigital.com.ar\/blog\/wp-content\/uploads\/mardel.png?fit=806%2C459&ssl=1&resize=700%2C400 2x"},"classes":[]},{"id":16953,"url":"https:\/\/larevistadigital.com.ar\/blog\/prorrogan-por-un-ano-el-vencimiento-de-las-licencias-de-conducir\/","url_meta":{"origin":23824,"position":2},"title":"PRORROGAN POR UN A\u00d1O EL VENCIMIENTO DE LAS LICENCIAS DE CONDUCIR","author":"Alejandro Sosa Ruda","date":"14 octubre, 2020","format":false,"excerpt":"Es para las que tienen fecha de caducidad entre el 15 de febrero y el 31 de diciembre de 2020 La Direcci\u00f3n Provincial de Pol\u00edtica y Seguridad Vial prorrog\u00f3 por 365 d\u00edas corridos el vencimientos de aquellas licencias cuya fecha de caducidad\u00a0est\u00e9 comprendida entre el 15 de febrero y el\u2026","rel":"","context":"En \u00abINTERES GENERAL\u00bb","block_context":{"text":"INTERES GENERAL","link":"https:\/\/larevistadigital.com.ar\/blog\/category\/interes-general\/"},"img":{"alt_text":"","src":"https:\/\/i0.wp.com\/larevistadigital.com.ar\/blog\/wp-content\/uploads\/impresora-licencias.jpg?fit=1024%2C683&ssl=1&resize=350%2C200","width":350,"height":200,"srcset":"https:\/\/i0.wp.com\/larevistadigital.com.ar\/blog\/wp-content\/uploads\/impresora-licencias.jpg?fit=1024%2C683&ssl=1&resize=350%2C200 1x, https:\/\/i0.wp.com\/larevistadigital.com.ar\/blog\/wp-content\/uploads\/impresora-licencias.jpg?fit=1024%2C683&ssl=1&resize=525%2C300 1.5x, https:\/\/i0.wp.com\/larevistadigital.com.ar\/blog\/wp-content\/uploads\/impresora-licencias.jpg?fit=1024%2C683&ssl=1&resize=700%2C400 2x"},"classes":[]},{"id":31713,"url":"https:\/\/larevistadigital.com.ar\/blog\/buenos-aires-los-deudores-alimentarios-deberan-presentar-un-libre-deuda-para-renovar-el-registro-de-conducir\/","url_meta":{"origin":23824,"position":3},"title":"BUENOS AIRES: LOS DEUDORES ALIMENTARIOS DEBER\u00c1N PRESENTAR UN \u00abLIBRE DEUDA\u00bb PARA RENOVAR EL REGISTRO DE CONDUCIR","author":"Alejandro Sosa Ruda","date":"23 mayo, 2023","format":false,"excerpt":"El titular de la cartera de Justicia, Julio Alak, y su par de Transporte, Jorge D`Onofrio, firmaron el acuerdo para implementar acciones en el tr\u00e1mite de expendio de licencias de conducir en la provincia. 23 de mayo de 2023 BUENOS AIRES -\u00a0 Los inscriptos en el Registro de Deudores Alimentarios\u2026","rel":"","context":"En \u00abINTERES GENERAL\u00bb","block_context":{"text":"INTERES GENERAL","link":"https:\/\/larevistadigital.com.ar\/blog\/category\/interes-general\/"},"img":{"alt_text":"","src":"https:\/\/i0.wp.com\/larevistadigital.com.ar\/blog\/wp-content\/uploads\/20230522182955_deudores.jpg?fit=880%2C512&ssl=1&resize=350%2C200","width":350,"height":200,"srcset":"https:\/\/i0.wp.com\/larevistadigital.com.ar\/blog\/wp-content\/uploads\/20230522182955_deudores.jpg?fit=880%2C512&ssl=1&resize=350%2C200 1x, https:\/\/i0.wp.com\/larevistadigital.com.ar\/blog\/wp-content\/uploads\/20230522182955_deudores.jpg?fit=880%2C512&ssl=1&resize=525%2C300 1.5x, https:\/\/i0.wp.com\/larevistadigital.com.ar\/blog\/wp-content\/uploads\/20230522182955_deudores.jpg?fit=880%2C512&ssl=1&resize=700%2C400 2x"},"classes":[]},{"id":27990,"url":"https:\/\/larevistadigital.com.ar\/blog\/en-la-provincia-se-podra-manejar-con-el-carnet-vencido-hasta-el-31-de-enero\/","url_meta":{"origin":23824,"position":4},"title":"EN LA PROVINCIA SE PODR\u00c1 MANEJAR CON EL CARNET VENCIDO HASTA EL 31 DE ENERO","author":"Alejandro Sosa Ruda","date":"22 septiembre, 2022","format":false,"excerpt":"El Ministerio de Transporte bonaerense confirm\u00f3 la decisi\u00f3n, pero adelant\u00f3 que es de car\u00e1cter excepcional y solo aplicar\u00e1 a quienes tengan turno para sacarlo. 22 de septiembre de 2022 El Gobierno de la provincia de Buenos Aires, a trav\u00e9s de su Ministerio de Transporte, estableci\u00f3 con car\u00e1cter excepcional que\u00a0los ciudadanos\u2026","rel":"","context":"En \u00abINTERES GENERAL\u00bb","block_context":{"text":"INTERES GENERAL","link":"https:\/\/larevistadigital.com.ar\/blog\/category\/interes-general\/"},"img":{"alt_text":"","src":"https:\/\/i0.wp.com\/larevistadigital.com.ar\/blog\/wp-content\/uploads\/1553814588577.jpg?fit=1200%2C594&ssl=1&resize=350%2C200","width":350,"height":200,"srcset":"https:\/\/i0.wp.com\/larevistadigital.com.ar\/blog\/wp-content\/uploads\/1553814588577.jpg?fit=1200%2C594&ssl=1&resize=350%2C200 1x, https:\/\/i0.wp.com\/larevistadigital.com.ar\/blog\/wp-content\/uploads\/1553814588577.jpg?fit=1200%2C594&ssl=1&resize=525%2C300 1.5x, https:\/\/i0.wp.com\/larevistadigital.com.ar\/blog\/wp-content\/uploads\/1553814588577.jpg?fit=1200%2C594&ssl=1&resize=700%2C400 2x, https:\/\/i0.wp.com\/larevistadigital.com.ar\/blog\/wp-content\/uploads\/1553814588577.jpg?fit=1200%2C594&ssl=1&resize=1050%2C600 3x"},"classes":[]},{"id":40601,"url":"https:\/\/larevistadigital.com.ar\/blog\/chascomus-por-falta-de-kits-se-suspenden-entregas-de-carnets-de-licencias-de-conducir-fisicas\/","url_meta":{"origin":23824,"position":5},"title":"Chascom\u00fas: Por falta de kits se suspenden entregas de carnets de licencias de conducir f\u00edsicas","author":"Alejandro Sosa Ruda","date":"26 julio, 2025","format":false,"excerpt":"Autoridades municipales buscan soluciones excepcionales ante la falta de respuesta del gobierno nacional. 26 de Julio de 2025 CHASCOM\u00daS -\u00a0 \u00a0El faltante de kits para la impresi\u00f3n de los carnets de las licencias de conducir se produce con posterioridad a la disoluci\u00f3n de la Agencia Nacional de Seguridad Vial (ANSV)\u2026","rel":"","context":"En \u00abCHASCOM\u00daS\u00bb","block_context":{"text":"CHASCOM\u00daS","link":"https:\/\/larevistadigital.com.ar\/blog\/category\/chascomus\/"},"img":{"alt_text":"","src":"https:\/\/i0.wp.com\/larevistadigital.com.ar\/blog\/wp-content\/uploads\/6883c7acdee0c.png?fit=668%2C445&ssl=1&resize=350%2C200","width":350,"height":200,"srcset":"https:\/\/i0.wp.com\/larevistadigital.com.ar\/blog\/wp-content\/uploads\/6883c7acdee0c.png?fit=668%2C445&ssl=1&resize=350%2C200 1x, https:\/\/i0.wp.com\/larevistadigital.com.ar\/blog\/wp-content\/uploads\/6883c7acdee0c.png?fit=668%2C445&ssl=1&resize=525%2C300 1.5x"},"classes":[]}],"_links":{"self":[{"href":"https:\/\/larevistadigital.com.ar\/blog\/wp-json\/wp\/v2\/posts\/23824","targetHints":{"allow":["GET"]}}],"collection":[{"href":"https:\/\/larevistadigital.com.ar\/blog\/wp-json\/wp\/v2\/posts"}],"about":[{"href":"https:\/\/larevistadigital.com.ar\/blog\/wp-json\/wp\/v2\/types\/post"}],"author":[{"embeddable":true,"href":"https:\/\/larevistadigital.com.ar\/blog\/wp-json\/wp\/v2\/users\/3"}],"replies":[{"embeddable":true,"href":"https:\/\/larevistadigital.com.ar\/blog\/wp-json\/wp\/v2\/comments?post=23824"}],"version-history":[{"count":1,"href":"https:\/\/larevistadigital.com.ar\/blog\/wp-json\/wp\/v2\/posts\/23824\/revisions"}],"predecessor-version":[{"id":23826,"href":"https:\/\/larevistadigital.com.ar\/blog\/wp-json\/wp\/v2\/posts\/23824\/revisions\/23826"}],"wp:featuredmedia":[{"embeddable":true,"href":"https:\/\/larevistadigital.com.ar\/blog\/wp-json\/wp\/v2\/media\/23825"}],"wp:attachment":[{"href":"https:\/\/larevistadigital.com.ar\/blog\/wp-json\/wp\/v2\/media?parent=23824"}],"wp:term":[{"taxonomy":"category","embeddable":true,"href":"https:\/\/larevistadigital.com.ar\/blog\/wp-json\/wp\/v2\/categories?post=23824"},{"taxonomy":"post_tag","embeddable":true,"href":"https:\/\/larevistadigital.com.ar\/blog\/wp-json\/wp\/v2\/tags?post=23824"}],"curies":[{"name":"wp","href":"https:\/\/api.w.org\/{rel}","templated":true}]}}