{"id":23827,"date":"2022-02-05T00:32:47","date_gmt":"2022-02-05T00:32:47","guid":{"rendered":"https:\/\/larevistadigital.com.ar\/blog\/?p=23827"},"modified":"2022-02-05T00:32:47","modified_gmt":"2022-02-05T00:32:47","slug":"chacal-en-mar-del-plata-cumplia-prision-domiciliaria-y-abuso-de-su-bisnieta-de-3-meses","status":"publish","type":"post","link":"https:\/\/larevistadigital.com.ar\/blog\/chacal-en-mar-del-plata-cumplia-prision-domiciliaria-y-abuso-de-su-bisnieta-de-3-meses\/","title":{"rendered":"CHACAL EN MAR DEL PLATA: CUMPL\u00cdA PRISI\u00d3N DOMICILIARIA Y ABUS\u00d3 DE SU BISNIETA DE 3 MESES"},"content":{"rendered":"<h2 class=\"fparrafo ctext fz18 lh25\">Los m\u00e9dicos que revisaron a la menor confirmaron que presentaba lesiones, por lo que de inmediato dieron intervenci\u00f3n a la Polic\u00eda. Con el informe de los profesionales y los antecedentes penales del hombre, la fiscal de turno Mar\u00eda Florencia Salas pidi\u00f3 la inmediata detenci\u00f3n del hombre.<\/h2>\n<p class=\"selectionShareable\"><strong>MAR DEL PLATA &#8211;\u00a0<\/strong> Un hombre de 63 a\u00f1os, que cumpl\u00eda arresto domiciliario fue detenido en Mar del Plata acusado de abusar sexualmente de su bisnieta de tres meses. Seg\u00fan trascendi\u00f3, el sujeto cumpl\u00eda arresto domiciliario por una condena ante la justicia Federal por reducci\u00f3n de servidumbre y abuso sexual.<\/p>\n<blockquote>\n<h3 class=\"selectionShareable\">En cuando al nuevo hecho denunciado, ocurri\u00f3 en la tarde del mi\u00e9rcoles, cuando la madre de la beba, de 23 a\u00f1os, hab\u00eda llegado con su hija a la casa de su abuelo materno, en plan de vacaciones.<\/h3>\n<\/blockquote>\n<p class=\"selectionShareable\">La joven aprovech\u00f3 que la beba dorm\u00eda y se fue a realizar las compras, dejando al cuidado de la menor al hombre. Al regresar, la mujer encontr\u00f3 a su hija llorando. Como no logr\u00f3 calmarla opt\u00f3 por ba\u00f1arla, pensando que podr\u00eda tratarse de fiebre. Sin embargo, al desnudarla observ\u00f3 que en la regi\u00f3n genital de la peque\u00f1a hab\u00eda sangre. Fue as\u00ed que decidi\u00f3 llevarla al hospital Materno Infantil de Mar del Plata.<\/p>\n<blockquote>\n<h3 class=\"selectionShareable\">Cuando los m\u00e9dicos revisaron a la menor que confirmaron que presentaba lesiones, por lo que de inmediato dieron intervenci\u00f3n a la Polic\u00eda. Con el informe de los profesionales y los antecedentes penales del hombre, la fiscal de turno Mar\u00eda Florencia Salas pidi\u00f3 la inmediata detenci\u00f3n del hombre.<\/h3>\n<\/blockquote>\n<p class=\"selectionShareable\">Tras el aval del Juez de Garant\u00edas <strong>Daniel De Marco<\/strong>, personal de la comisar\u00eda tercera allan\u00f3 la vivienda y procedi\u00f3 a la detenci\u00f3n del acusado y fue trasladado a la unidad carcelaria 44 de Bat\u00e1n.<\/p>\n<p class=\"selectionShareable\">Por su parte, este viernes fue trasladados a Tribunales donde se neg\u00f3 a declarar en. Fuentes judiciales confirmaron al portal 0223 que el sujeto estuvo acompa\u00f1ado por una defensora oficial y que tras escuchar la imputaci\u00f3n en su contra por el delito de abuso sexual agravado no quiso responder preguntas ante la fiscal. (<b>InfoGEI<\/b>) Mg<\/p>\n","protected":false},"excerpt":{"rendered":"<div class=\"mh-excerpt\"><p>Los m\u00e9dicos que revisaron a la menor confirmaron que presentaba lesiones, por lo que de inmediato dieron intervenci\u00f3n a la Polic\u00eda. Con el informe de los profesionales y los antecedentes penales del hombre, la fiscal <a class=\"mh-excerpt-more\" href=\"https:\/\/larevistadigital.com.ar\/blog\/chacal-en-mar-del-plata-cumplia-prision-domiciliaria-y-abuso-de-su-bisnieta-de-3-meses\/\" title=\"CHACAL EN MAR DEL PLATA: CUMPL\u00cdA PRISI\u00d3N DOMICILIARIA Y ABUS\u00d3 DE SU BISNIETA DE 3 MESES\">[Leer M\u00e1s]<\/a><\/p>\n<\/div>","protected":false},"author":3,"featured_media":23828,"comment_status":"open","ping_status":"open","sticky":false,"template":"","format":"standard","meta":{"_jetpack_memberships_contains_paid_content":false,"footnotes":"","jetpack_publicize_message":"","jetpack_publicize_feature_enabled":true,"jetpack_social_post_already_shared":true,"jetpack_social_options":{"image_generator_settings":{"template":"highway","default_image_id":0,"font":"","enabled":false},"version":2}},"categories":[44,51],"tags":[],"class_list":{"0":"post-23827","1":"post","2":"type-post","3":"status-publish","4":"format-standard","5":"has-post-thumbnail","7":"category-policiales","8":"category-regionales"},"jetpack_publicize_connections":[],"jetpack_featured_media_url":"https:\/\/i0.wp.com\/larevistadigital.com.ar\/blog\/wp-content\/uploads\/20220204180112_maternoinfantil-1024x695-810x550-1.jpg?fit=880%2C512&ssl=1","jetpack_sharing_enabled":true,"jetpack_shortlink":"https:\/\/wp.me\/p8qtrQ-6cj","jetpack-related-posts":[{"id":21175,"url":"https:\/\/larevistadigital.com.ar\/blog\/21175-2\/","url_meta":{"origin":23827,"position":0},"title":"CUMPL\u00cdA ARRESTO DOMICILIARIO, AMENAZ\u00d3 A SU PAREJA Y SE ENCONTR\u00d3 CON SU HIJA DE 5 A\u00d1OS","author":"Alejandro Sosa Ruda","date":"19 julio, 2021","format":false,"excerpt":"Ocurri\u00f3 ayer a la noche en e barrio Zacagnini. El hombre, de 25 a\u00f1os, fue reducido por la polic\u00eda sin que la nena resultara herida. Qued\u00f3 detenido en el \u00c1rea de Salud Mental del Higa ya que habr\u00eda sufrido un brote psic\u00f3tico. MAR DEL PLATA - Una tensa situaci\u00f3n se\u2026","rel":"","context":"En \u00abPOLICIALES\u00bb","block_context":{"text":"POLICIALES","link":"https:\/\/larevistadigital.com.ar\/blog\/category\/policiales\/"},"img":{"alt_text":"","src":"https:\/\/i0.wp.com\/larevistadigital.com.ar\/blog\/wp-content\/uploads\/Captura-de-pantalla-2021-07-19-140855.png?fit=1016%2C676&ssl=1&resize=350%2C200","width":350,"height":200,"srcset":"https:\/\/i0.wp.com\/larevistadigital.com.ar\/blog\/wp-content\/uploads\/Captura-de-pantalla-2021-07-19-140855.png?fit=1016%2C676&ssl=1&resize=350%2C200 1x, https:\/\/i0.wp.com\/larevistadigital.com.ar\/blog\/wp-content\/uploads\/Captura-de-pantalla-2021-07-19-140855.png?fit=1016%2C676&ssl=1&resize=525%2C300 1.5x, https:\/\/i0.wp.com\/larevistadigital.com.ar\/blog\/wp-content\/uploads\/Captura-de-pantalla-2021-07-19-140855.png?fit=1016%2C676&ssl=1&resize=700%2C400 2x"},"classes":[]},{"id":23947,"url":"https:\/\/larevistadigital.com.ar\/blog\/revocan-la-prision-domiciliaria-del-hombre-detenido-por-abusar-de-su-bisnieta-de-3-meses\/","url_meta":{"origin":23827,"position":1},"title":"REVOCAN LA PRISI\u00d3N DOMICILIARIA DEL HOMBRE DETENIDO POR ABUSAR DE SU BISNIETA DE 3 MESES","author":"Alejandro Sosa Ruda","date":"12 febrero, 2022","format":false,"excerpt":"El jueves pasado cuando la Polic\u00eda Bonaerense detuvo a un hombre de 63 a\u00f1os acusado de haber abusado sexualmente de su bisnieta de tres meses, uno de los datos que emergi\u00f3 r\u00e1pidamente entre los investigadores era que en esa casa el imputado cumpl\u00eda prisi\u00f3n domiciliaria por una causa previa, tambi\u00e9n\u2026","rel":"","context":"En \u00abINTERES GENERAL\u00bb","block_context":{"text":"INTERES GENERAL","link":"https:\/\/larevistadigital.com.ar\/blog\/category\/interes-general\/"},"img":{"alt_text":"","src":"https:\/\/i0.wp.com\/larevistadigital.com.ar\/blog\/wp-content\/uploads\/20220211154836_tribunal-oral-federal-mar-del-plata.jpg?fit=880%2C512&ssl=1&resize=350%2C200","width":350,"height":200,"srcset":"https:\/\/i0.wp.com\/larevistadigital.com.ar\/blog\/wp-content\/uploads\/20220211154836_tribunal-oral-federal-mar-del-plata.jpg?fit=880%2C512&ssl=1&resize=350%2C200 1x, https:\/\/i0.wp.com\/larevistadigital.com.ar\/blog\/wp-content\/uploads\/20220211154836_tribunal-oral-federal-mar-del-plata.jpg?fit=880%2C512&ssl=1&resize=525%2C300 1.5x, https:\/\/i0.wp.com\/larevistadigital.com.ar\/blog\/wp-content\/uploads\/20220211154836_tribunal-oral-federal-mar-del-plata.jpg?fit=880%2C512&ssl=1&resize=700%2C400 2x"},"classes":[]},{"id":21446,"url":"https:\/\/larevistadigital.com.ar\/blog\/cumplia-arresto-domiciliario-pero-salio-y-le-robo-el-celular-a-su-vecina\/","url_meta":{"origin":23827,"position":2},"title":"CUMPL\u00cdA ARRESTO DOMICILIARIO, PERO SALI\u00d3 Y LE ROB\u00d3 EL CELULAR A SU VECINA","author":"Alejandro Sosa Ruda","date":"6 agosto, 2021","format":false,"excerpt":"Un joven de 24 a\u00f1os fue detenido durante un allanamiento. Al momento que a su vecina le robaban el celular se activ\u00f3 la pulsera electr\u00f3nica. BALCARCE (Corresponsal).- Un joven de 24 a\u00f1os que cumpl\u00eda arresto domiciliario por diferentes causas judiciales qued\u00f3 detenido por robarle el celular a su vecina en\u2026","rel":"","context":"En \u00abPOLICIALES\u00bb","block_context":{"text":"POLICIALES","link":"https:\/\/larevistadigital.com.ar\/blog\/category\/policiales\/"},"img":{"alt_text":"","src":"https:\/\/i0.wp.com\/larevistadigital.com.ar\/blog\/wp-content\/uploads\/Captura-de-pantalla-2021-08-06-152312.png?fit=1011%2C567&ssl=1&resize=350%2C200","width":350,"height":200,"srcset":"https:\/\/i0.wp.com\/larevistadigital.com.ar\/blog\/wp-content\/uploads\/Captura-de-pantalla-2021-08-06-152312.png?fit=1011%2C567&ssl=1&resize=350%2C200 1x, https:\/\/i0.wp.com\/larevistadigital.com.ar\/blog\/wp-content\/uploads\/Captura-de-pantalla-2021-08-06-152312.png?fit=1011%2C567&ssl=1&resize=525%2C300 1.5x, https:\/\/i0.wp.com\/larevistadigital.com.ar\/blog\/wp-content\/uploads\/Captura-de-pantalla-2021-08-06-152312.png?fit=1011%2C567&ssl=1&resize=700%2C400 2x"},"classes":[]},{"id":18607,"url":"https:\/\/larevistadigital.com.ar\/blog\/le-tocaron-el-timbre-y-le-pegaron-un-tiro-de-escopeta-tiene-arresto-domiciliario-por-vender-droga\/","url_meta":{"origin":23827,"position":3},"title":"LE TOCARON EL TIMBRE Y LE PEGARON UN TIRO DE ESCOPETA: TIENE ARRESTO DOMICILIARIO POR VENDER DROGA","author":"Alejandro Sosa Ruda","date":"14 enero, 2021","format":false,"excerpt":"Una mujer de 28 a\u00f1os debi\u00f3 ser internada en el Hospital Interzonal General de Agudos luego de sufrir una herida de arma de fuego en su casa de la zona de Camet. Se trata de una convicta que cumple arresto domiciliario y creen que la atacaron en un ajuste de\u2026","rel":"","context":"En \u00abPOLICIALES\u00bb","block_context":{"text":"POLICIALES","link":"https:\/\/larevistadigital.com.ar\/blog\/category\/policiales\/"},"img":{"alt_text":"","src":"https:\/\/i0.wp.com\/larevistadigital.com.ar\/blog\/wp-content\/uploads\/una-mujer-fue-rescatada-la-policia-la-plata.jpg?fit=1200%2C675&ssl=1&resize=350%2C200","width":350,"height":200,"srcset":"https:\/\/i0.wp.com\/larevistadigital.com.ar\/blog\/wp-content\/uploads\/una-mujer-fue-rescatada-la-policia-la-plata.jpg?fit=1200%2C675&ssl=1&resize=350%2C200 1x, https:\/\/i0.wp.com\/larevistadigital.com.ar\/blog\/wp-content\/uploads\/una-mujer-fue-rescatada-la-policia-la-plata.jpg?fit=1200%2C675&ssl=1&resize=525%2C300 1.5x, https:\/\/i0.wp.com\/larevistadigital.com.ar\/blog\/wp-content\/uploads\/una-mujer-fue-rescatada-la-policia-la-plata.jpg?fit=1200%2C675&ssl=1&resize=700%2C400 2x, https:\/\/i0.wp.com\/larevistadigital.com.ar\/blog\/wp-content\/uploads\/una-mujer-fue-rescatada-la-policia-la-plata.jpg?fit=1200%2C675&ssl=1&resize=1050%2C600 3x"},"classes":[]},{"id":31602,"url":"https:\/\/larevistadigital.com.ar\/blog\/atrapan-a-un-sujeto-que-abuso-de-sus-dos-sobrinas\/","url_meta":{"origin":23827,"position":4},"title":"ATRAPAN A UN SUJETO QUE ABUS\u00d3 DE SUS DOS SOBRINAS","author":"Alejandro Sosa Ruda","date":"16 mayo, 2023","format":false,"excerpt":"Los hechos se remontan al a\u00f1o 2015 e incluso, en uno de los casos, algo m\u00e1s atr\u00e1s. Los ataques sexuales ocurr\u00edan dentro de una misma vivienda familiar. 16 de mayo de 2023 BENITO JUAREZ -\u00a0 Un hombre de 29 a\u00f1os fue capturado en la localidad de Benito Ju\u00e1rez, provincia de\u2026","rel":"","context":"En \u00abPOLICIALES\u00bb","block_context":{"text":"POLICIALES","link":"https:\/\/larevistadigital.com.ar\/blog\/category\/policiales\/"},"img":{"alt_text":"","src":"https:\/\/i0.wp.com\/larevistadigital.com.ar\/blog\/wp-content\/uploads\/ABUSADOR.png?fit=806%2C445&ssl=1&resize=350%2C200","width":350,"height":200,"srcset":"https:\/\/i0.wp.com\/larevistadigital.com.ar\/blog\/wp-content\/uploads\/ABUSADOR.png?fit=806%2C445&ssl=1&resize=350%2C200 1x, https:\/\/i0.wp.com\/larevistadigital.com.ar\/blog\/wp-content\/uploads\/ABUSADOR.png?fit=806%2C445&ssl=1&resize=525%2C300 1.5x, https:\/\/i0.wp.com\/larevistadigital.com.ar\/blog\/wp-content\/uploads\/ABUSADOR.png?fit=806%2C445&ssl=1&resize=700%2C400 2x"},"classes":[]},{"id":24731,"url":"https:\/\/larevistadigital.com.ar\/blog\/mar-del-plata-detienen-a-individuo-que-abuso-dos-anos-de-la-nieta-de-su-pareja\/","url_meta":{"origin":23827,"position":5},"title":"MAR DEL PLATA: DETIENEN A INDIVIDUO QUE ABUS\u00d3 DOS A\u00d1OS DE LA NIETA DE SU PAREJA","author":"Alejandro Sosa Ruda","date":"21 marzo, 2022","format":false,"excerpt":"Lo acusan de hechos cometidos entre 2014 y 2016 hasta que la v\u00edctima cumpli\u00f3 11 a\u00f1os. Qued\u00f3 alojado en la Unidad Penal 44 de Bat\u00e1n. MAR DEL PLATA -\u00a0 Un\u00a0hombre de 76 a\u00f1os\u00a0acusado de haber abusado sexualmente de la nieta de su pareja fue detenido en las \u00faltimas horas y\u2026","rel":"","context":"En \u00abPOLICIALES\u00bb","block_context":{"text":"POLICIALES","link":"https:\/\/larevistadigital.com.ar\/blog\/category\/policiales\/"},"img":{"alt_text":"","src":"https:\/\/i0.wp.com\/larevistadigital.com.ar\/blog\/wp-content\/uploads\/Captura-de-pantalla-2022-03-21-193550.jpg?fit=921%2C781&ssl=1&resize=350%2C200","width":350,"height":200,"srcset":"https:\/\/i0.wp.com\/larevistadigital.com.ar\/blog\/wp-content\/uploads\/Captura-de-pantalla-2022-03-21-193550.jpg?fit=921%2C781&ssl=1&resize=350%2C200 1x, https:\/\/i0.wp.com\/larevistadigital.com.ar\/blog\/wp-content\/uploads\/Captura-de-pantalla-2022-03-21-193550.jpg?fit=921%2C781&ssl=1&resize=525%2C300 1.5x, https:\/\/i0.wp.com\/larevistadigital.com.ar\/blog\/wp-content\/uploads\/Captura-de-pantalla-2022-03-21-193550.jpg?fit=921%2C781&ssl=1&resize=700%2C400 2x"},"classes":[]}],"_links":{"self":[{"href":"https:\/\/larevistadigital.com.ar\/blog\/wp-json\/wp\/v2\/posts\/23827","targetHints":{"allow":["GET"]}}],"collection":[{"href":"https:\/\/larevistadigital.com.ar\/blog\/wp-json\/wp\/v2\/posts"}],"about":[{"href":"https:\/\/larevistadigital.com.ar\/blog\/wp-json\/wp\/v2\/types\/post"}],"author":[{"embeddable":true,"href":"https:\/\/larevistadigital.com.ar\/blog\/wp-json\/wp\/v2\/users\/3"}],"replies":[{"embeddable":true,"href":"https:\/\/larevistadigital.com.ar\/blog\/wp-json\/wp\/v2\/comments?post=23827"}],"version-history":[{"count":1,"href":"https:\/\/larevistadigital.com.ar\/blog\/wp-json\/wp\/v2\/posts\/23827\/revisions"}],"predecessor-version":[{"id":23829,"href":"https:\/\/larevistadigital.com.ar\/blog\/wp-json\/wp\/v2\/posts\/23827\/revisions\/23829"}],"wp:featuredmedia":[{"embeddable":true,"href":"https:\/\/larevistadigital.com.ar\/blog\/wp-json\/wp\/v2\/media\/23828"}],"wp:attachment":[{"href":"https:\/\/larevistadigital.com.ar\/blog\/wp-json\/wp\/v2\/media?parent=23827"}],"wp:term":[{"taxonomy":"category","embeddable":true,"href":"https:\/\/larevistadigital.com.ar\/blog\/wp-json\/wp\/v2\/categories?post=23827"},{"taxonomy":"post_tag","embeddable":true,"href":"https:\/\/larevistadigital.com.ar\/blog\/wp-json\/wp\/v2\/tags?post=23827"}],"curies":[{"name":"wp","href":"https:\/\/api.w.org\/{rel}","templated":true}]}}