{"id":23830,"date":"2022-02-05T00:37:44","date_gmt":"2022-02-05T00:37:44","guid":{"rendered":"https:\/\/larevistadigital.com.ar\/blog\/?p=23830"},"modified":"2022-02-05T00:37:44","modified_gmt":"2022-02-05T00:37:44","slug":"dolores-una-constructora-se-instalara-en-la-ciudad-y-generara-unos-40-puestos-de-trabajo","status":"publish","type":"post","link":"https:\/\/larevistadigital.com.ar\/blog\/dolores-una-constructora-se-instalara-en-la-ciudad-y-generara-unos-40-puestos-de-trabajo\/","title":{"rendered":"DOLORES: UNA CONSTRUCTORA SE INSTALAR\u00c1 EN LA CIUDAD Y GENERAR\u00c1 UNOS 40 PUESTOS DE TRABAJO"},"content":{"rendered":"<h2 class=\"fparrafo ctext fz18 lh25\">La firma se dedica a edificaci\u00f3n de viviendas, contar\u00e1 con una planta y una oficina de ventas en el centro de la ciudad. Desde la comuna dolorense aseguraron que la compa\u00f1\u00eda generar\u00e1 entre 40 y 50 fuentes de trabajo, vinculadas a lo administrativo, a la fabricaci\u00f3n y el armado de las viviendas.<\/h2>\n<p class=\"selectionShareable\"><strong>DOLORES &#8211;<\/strong>\u00a0 El intendente de Dolores,<strong> Camilo Etchevarren<\/strong>, y la Directora de Industria del municipio dolorense, <strong>Graciela Su\u00e1rez<\/strong>, recibieron al empresario <strong>Daniel Chosda<\/strong>, responsable de la empresa MPV Construcciones, que se instalar\u00e1 en el parque industrial del distrito.<\/p>\n<blockquote>\n<h3 class=\"selectionShareable\">La firma se dedica a la construcci\u00f3n de viviendas y contar\u00e1 con una planta en el parque. Adem\u00e1s, tendr\u00e1 una oficina de ventas en el centro de la ciudad. Del encuentro tambi\u00e9n particip\u00f3 <strong>Paola Atayro<\/strong>, quien estar\u00e1 a cargo de la venta y comercializaci\u00f3n de las casas.<\/h3>\n<\/blockquote>\n<p class=\"selectionShareable\">El empresario <strong>Daniel Chosda<\/strong> consider\u00f3 que Dolores tiene una ubicaci\u00f3n geogr\u00e1fica estrat\u00e9gica desde donde permite abarcar comercialmente una amplia zona abaratando los costos de distribuci\u00f3n.<\/p>\n<blockquote>\n<h3 class=\"selectionShareable\">Desde la comuna dolorense aseguraron que la compa\u00f1\u00eda generar\u00e1 entre 40 y 50 fuentes de trabajo, vinculadas a lo administrativo, a la fabricaci\u00f3n y el armado de las viviendas.<\/h3>\n<\/blockquote>\n<p class=\"selectionShareable\"><em><strong>\u00a0\u201cEstamos felices y agradecidos por recibir empresas que conf\u00edan en Dolores, generan fuentes de trabajo, se suman al desarrollo y crecimiento de la ciudad\u201d<\/strong><\/em>, indic\u00f3 <strong>Etchevarren<\/strong> al respecto. (<b>InfoGEI<\/b>) Mg<\/p>\n","protected":false},"excerpt":{"rendered":"<div class=\"mh-excerpt\"><p>La firma se dedica a edificaci\u00f3n de viviendas, contar\u00e1 con una planta y una oficina de ventas en el centro de la ciudad. Desde la comuna dolorense aseguraron que la compa\u00f1\u00eda generar\u00e1 entre 40 y <a class=\"mh-excerpt-more\" href=\"https:\/\/larevistadigital.com.ar\/blog\/dolores-una-constructora-se-instalara-en-la-ciudad-y-generara-unos-40-puestos-de-trabajo\/\" title=\"DOLORES: UNA CONSTRUCTORA SE INSTALAR\u00c1 EN LA CIUDAD Y GENERAR\u00c1 UNOS 40 PUESTOS DE TRABAJO\">[Leer M\u00e1s]<\/a><\/p>\n<\/div>","protected":false},"author":3,"featured_media":23832,"comment_status":"open","ping_status":"open","sticky":false,"template":"","format":"standard","meta":{"_jetpack_memberships_contains_paid_content":false,"footnotes":"","jetpack_publicize_message":"","jetpack_publicize_feature_enabled":true,"jetpack_social_post_already_shared":true,"jetpack_social_options":{"image_generator_settings":{"template":"highway","default_image_id":0,"font":"","enabled":false},"version":2}},"categories":[43,51],"tags":[],"class_list":{"0":"post-23830","1":"post","2":"type-post","3":"status-publish","4":"format-standard","5":"has-post-thumbnail","7":"category-dolores","8":"category-regionales"},"jetpack_publicize_connections":[],"jetpack_featured_media_url":"https:\/\/i0.wp.com\/larevistadigital.com.ar\/blog\/wp-content\/uploads\/20220204174021_dolo.jpg?fit=880%2C512&ssl=1","jetpack_sharing_enabled":true,"jetpack_shortlink":"https:\/\/wp.me\/p8qtrQ-6cm","jetpack-related-posts":[{"id":7405,"url":"https:\/\/larevistadigital.com.ar\/blog\/dolores-etchevarren-confirmo-que-sera-candidato-a-intendente\/","url_meta":{"origin":23830,"position":0},"title":"DOLORES: ETCHEVARREN CONFIRM\u00d3 QUE SER\u00c1 CANDIDATO A INTENDENTE","author":"Alejandro Sosa Ruda","date":"27 diciembre, 2018","format":false,"excerpt":"El intendente de Dolores confirm\u00f3 que el a\u00f1o que viene se presentar\u00e1 en las elecciones para buscar un nuevo per\u00edodo al frente de la comuna. Los detalles. El intendente de Dolores, Camilo Etchevarren, aprovech\u00f3 el cierre de a\u00f1o para confirmar sus aspiraciones en el pr\u00f3ximo a\u00f1o: volver\u00e1 a ser candidato\u2026","rel":"","context":"En \u00abDOLORES\u00bb","block_context":{"text":"DOLORES","link":"https:\/\/larevistadigital.com.ar\/blog\/category\/dolores\/"},"img":{"alt_text":"","src":"https:\/\/i0.wp.com\/larevistadigital.com.ar\/blog\/wp-content\/uploads\/2018\/12\/27caf59723ff5d7ecce84ddb896133929a117fa4.jpg?fit=1140%2C760&ssl=1&resize=350%2C200","width":350,"height":200,"srcset":"https:\/\/i0.wp.com\/larevistadigital.com.ar\/blog\/wp-content\/uploads\/2018\/12\/27caf59723ff5d7ecce84ddb896133929a117fa4.jpg?fit=1140%2C760&ssl=1&resize=350%2C200 1x, https:\/\/i0.wp.com\/larevistadigital.com.ar\/blog\/wp-content\/uploads\/2018\/12\/27caf59723ff5d7ecce84ddb896133929a117fa4.jpg?fit=1140%2C760&ssl=1&resize=525%2C300 1.5x, https:\/\/i0.wp.com\/larevistadigital.com.ar\/blog\/wp-content\/uploads\/2018\/12\/27caf59723ff5d7ecce84ddb896133929a117fa4.jpg?fit=1140%2C760&ssl=1&resize=700%2C400 2x, https:\/\/i0.wp.com\/larevistadigital.com.ar\/blog\/wp-content\/uploads\/2018\/12\/27caf59723ff5d7ecce84ddb896133929a117fa4.jpg?fit=1140%2C760&ssl=1&resize=1050%2C600 3x"},"classes":[]},{"id":12197,"url":"https:\/\/larevistadigital.com.ar\/blog\/dolores-allanamientos-con-resultado-positivodurante-la-noche-personal-de-la-delegacio\/","url_meta":{"origin":23830,"position":1},"title":"DOLORES: ALLANAMIENTOS CON RESULTADO POSITIVO","author":"Alejandro Sosa Ruda","date":"21 septiembre, 2019","format":false,"excerpt":"Durante la noche, personal de la Delegaci\u00f3n del Tr\u00e1fico de Drogas Il\u00edcitas y Cr\u00edmen Organizado Dolores, realiz\u00f3 dos allanamientos en sendas viviendas de la ciudad. Uno en inmediaciones de las calles Gorriti y Riobamba, que arroj\u00f3 resultado negativo, y el otro en calle Pilotto entre Paz y Brandsen. Se trata\u2026","rel":"","context":"En \u00abDOLORES\u00bb","block_context":{"text":"DOLORES","link":"https:\/\/larevistadigital.com.ar\/blog\/category\/dolores\/"},"img":{"alt_text":"","src":"https:\/\/i0.wp.com\/larevistadigital.com.ar\/blog\/wp-content\/uploads\/26175893_2177984972228424_2034052826_n.jpg?fit=960%2C661&ssl=1&resize=350%2C200","width":350,"height":200,"srcset":"https:\/\/i0.wp.com\/larevistadigital.com.ar\/blog\/wp-content\/uploads\/26175893_2177984972228424_2034052826_n.jpg?fit=960%2C661&ssl=1&resize=350%2C200 1x, https:\/\/i0.wp.com\/larevistadigital.com.ar\/blog\/wp-content\/uploads\/26175893_2177984972228424_2034052826_n.jpg?fit=960%2C661&ssl=1&resize=525%2C300 1.5x, https:\/\/i0.wp.com\/larevistadigital.com.ar\/blog\/wp-content\/uploads\/26175893_2177984972228424_2034052826_n.jpg?fit=960%2C661&ssl=1&resize=700%2C400 2x"},"classes":[]},{"id":4121,"url":"https:\/\/larevistadigital.com.ar\/blog\/dolores-positiva-visita-del-intendente-etchevarren-alemania\/","url_meta":{"origin":23830,"position":2},"title":"DOLORES: POSITIVA VISITA DEL INTENDENTE ETCHEVARREN A ALEMANIA","author":"Alejandro Sosa Ruda","date":"3 diciembre, 2017","format":false,"excerpt":"EL INTENDENTE DE DOLORES SUPO APROVECHAR LA VISITA A ALEMANIA EN DONDE ENTRE OTRAS COSAS FIRM\u00d3 UNA DECLARACI\u00d3N DE AMISTAD CON SU COLEGA LOCAL. El \u00faltimo mi\u00e9rcoles 30 de Noviembre en el Sal\u00f3n Hist\u00f3rico del Ayuntamiento se celebr\u00f3 la firma de la Declaraci\u00f3n de Intenci\u00f3n de Amistad entre las ciudades\u2026","rel":"","context":"En \u00abDOLORES\u00bb","block_context":{"text":"DOLORES","link":"https:\/\/larevistadigital.com.ar\/blog\/category\/dolores\/"},"img":{"alt_text":"","src":"https:\/\/i0.wp.com\/larevistadigital.com.ar\/blog\/wp-content\/uploads\/2017\/12\/5a213b1c4e298_639x0.jpg?fit=639%2C425&ssl=1&resize=350%2C200","width":350,"height":200,"srcset":"https:\/\/i0.wp.com\/larevistadigital.com.ar\/blog\/wp-content\/uploads\/2017\/12\/5a213b1c4e298_639x0.jpg?fit=639%2C425&ssl=1&resize=350%2C200 1x, https:\/\/i0.wp.com\/larevistadigital.com.ar\/blog\/wp-content\/uploads\/2017\/12\/5a213b1c4e298_639x0.jpg?fit=639%2C425&ssl=1&resize=525%2C300 1.5x"},"classes":[]},{"id":42903,"url":"https:\/\/larevistadigital.com.ar\/blog\/dolores-el-intendente-garcia-entrego-48-viviendas\/","url_meta":{"origin":23830,"position":3},"title":"Dolores: El intendente Garc\u00eda entreg\u00f3 48 viviendas","author":"Alejandro Sosa Ruda","date":"13 diciembre, 2025","format":false,"excerpt":"El acto fue encabezado por el intendente Juan Pablo Garc\u00eda junto a autoridades provinciales. Emoci\u00f3n, llaves en mano y un paso clave en la pol\u00edtica habitacional local. 13 de Diciembre de 2025 DOLORES -\u00a0 \u00a0Una jornada cargada de emoci\u00f3n y significado se vivi\u00f3 este martes por la ma\u00f1ana en Dolores,\u2026","rel":"","context":"En \u00abDOLORES\u00bb","block_context":{"text":"DOLORES","link":"https:\/\/larevistadigital.com.ar\/blog\/category\/dolores\/"},"img":{"alt_text":"","src":"https:\/\/i0.wp.com\/larevistadigital.com.ar\/blog\/wp-content\/uploads\/ENTREGA-DE-VIVIENDAS-5.jpeg?fit=800%2C533&ssl=1&resize=350%2C200","width":350,"height":200,"srcset":"https:\/\/i0.wp.com\/larevistadigital.com.ar\/blog\/wp-content\/uploads\/ENTREGA-DE-VIVIENDAS-5.jpeg?fit=800%2C533&ssl=1&resize=350%2C200 1x, https:\/\/i0.wp.com\/larevistadigital.com.ar\/blog\/wp-content\/uploads\/ENTREGA-DE-VIVIENDAS-5.jpeg?fit=800%2C533&ssl=1&resize=525%2C300 1.5x, https:\/\/i0.wp.com\/larevistadigital.com.ar\/blog\/wp-content\/uploads\/ENTREGA-DE-VIVIENDAS-5.jpeg?fit=800%2C533&ssl=1&resize=700%2C400 2x"},"classes":[]},{"id":27844,"url":"https:\/\/larevistadigital.com.ar\/blog\/violento-accidente-en-la-ruta-63-no-hubo-heridos\/","url_meta":{"origin":23830,"position":4},"title":"VIOLENTO ACCIDENTE EN LA RUTA 63. NO HUBO HERIDOS","author":"Alejandro Sosa Ruda","date":"19 septiembre, 2022","format":false,"excerpt":"Un dolorense conduc\u00eda el auto, y pudo salir por sus propios medios. 18 de septiembre de 2022 DOLORES -\u00a0 Un fuerte accidente de tr\u00e1nsito se produjo a la altura del kil\u00f3metro 1;5 de la Ruta 63 en jurisdicci\u00f3n de Dolores. Por cuestiones que se tratan de establecer, quien conduc\u00eda perdi\u00f3\u2026","rel":"","context":"En \u00abDOLORES\u00bb","block_context":{"text":"DOLORES","link":"https:\/\/larevistadigital.com.ar\/blog\/category\/dolores\/"},"img":{"alt_text":"","src":"https:\/\/i0.wp.com\/larevistadigital.com.ar\/blog\/wp-content\/uploads\/Diseno-sin-titulo-15.png?fit=1200%2C675&ssl=1&resize=350%2C200","width":350,"height":200,"srcset":"https:\/\/i0.wp.com\/larevistadigital.com.ar\/blog\/wp-content\/uploads\/Diseno-sin-titulo-15.png?fit=1200%2C675&ssl=1&resize=350%2C200 1x, https:\/\/i0.wp.com\/larevistadigital.com.ar\/blog\/wp-content\/uploads\/Diseno-sin-titulo-15.png?fit=1200%2C675&ssl=1&resize=525%2C300 1.5x, https:\/\/i0.wp.com\/larevistadigital.com.ar\/blog\/wp-content\/uploads\/Diseno-sin-titulo-15.png?fit=1200%2C675&ssl=1&resize=700%2C400 2x, https:\/\/i0.wp.com\/larevistadigital.com.ar\/blog\/wp-content\/uploads\/Diseno-sin-titulo-15.png?fit=1200%2C675&ssl=1&resize=1050%2C600 3x"},"classes":[]},{"id":729,"url":"https:\/\/larevistadigital.com.ar\/blog\/la-construccion-la-autovia-conesa-san-clemente-del-tuyu-generara-190-puestos-trabajo\/","url_meta":{"origin":23830,"position":5},"title":"La construcci\u00f3n de la Autov\u00eda Conesa \u2013 San Clemente del Tuy\u00fa generar\u00e1 190 puestos de trabajo","author":"editor","date":"8 marzo, 2017","format":false,"excerpt":"INFORM\u00d3 EL INTENDENTE DE DOLORES- El Intendente Camilo Etchevarren, recibi\u00f3 al Secretario de Organizaci\u00f3n de la UOCRA Regional Dolores Miguel M\u00e1rquez, quien lo interioriz\u00f3 sobre la Autov\u00eda en la Ruta 11 que construir\u00e1 la Provincia de Buenos Aires desde General Conesa a San Clemente del Tuy\u00fa. La Regional Dolores a\u2026","rel":"","context":"En \u00abDOLORES\u00bb","block_context":{"text":"DOLORES","link":"https:\/\/larevistadigital.com.ar\/blog\/category\/dolores\/"},"img":{"alt_text":"","src":"https:\/\/i0.wp.com\/larevistadigital.com.ar\/blog\/wp-content\/uploads\/2017\/03\/170307-ETCHEVARREN-M%C3%81RQUEZ-251.jpg?fit=800%2C533&ssl=1&resize=350%2C200","width":350,"height":200,"srcset":"https:\/\/i0.wp.com\/larevistadigital.com.ar\/blog\/wp-content\/uploads\/2017\/03\/170307-ETCHEVARREN-M%C3%81RQUEZ-251.jpg?fit=800%2C533&ssl=1&resize=350%2C200 1x, https:\/\/i0.wp.com\/larevistadigital.com.ar\/blog\/wp-content\/uploads\/2017\/03\/170307-ETCHEVARREN-M%C3%81RQUEZ-251.jpg?fit=800%2C533&ssl=1&resize=525%2C300 1.5x, https:\/\/i0.wp.com\/larevistadigital.com.ar\/blog\/wp-content\/uploads\/2017\/03\/170307-ETCHEVARREN-M%C3%81RQUEZ-251.jpg?fit=800%2C533&ssl=1&resize=700%2C400 2x"},"classes":[]}],"_links":{"self":[{"href":"https:\/\/larevistadigital.com.ar\/blog\/wp-json\/wp\/v2\/posts\/23830","targetHints":{"allow":["GET"]}}],"collection":[{"href":"https:\/\/larevistadigital.com.ar\/blog\/wp-json\/wp\/v2\/posts"}],"about":[{"href":"https:\/\/larevistadigital.com.ar\/blog\/wp-json\/wp\/v2\/types\/post"}],"author":[{"embeddable":true,"href":"https:\/\/larevistadigital.com.ar\/blog\/wp-json\/wp\/v2\/users\/3"}],"replies":[{"embeddable":true,"href":"https:\/\/larevistadigital.com.ar\/blog\/wp-json\/wp\/v2\/comments?post=23830"}],"version-history":[{"count":1,"href":"https:\/\/larevistadigital.com.ar\/blog\/wp-json\/wp\/v2\/posts\/23830\/revisions"}],"predecessor-version":[{"id":23833,"href":"https:\/\/larevistadigital.com.ar\/blog\/wp-json\/wp\/v2\/posts\/23830\/revisions\/23833"}],"wp:featuredmedia":[{"embeddable":true,"href":"https:\/\/larevistadigital.com.ar\/blog\/wp-json\/wp\/v2\/media\/23832"}],"wp:attachment":[{"href":"https:\/\/larevistadigital.com.ar\/blog\/wp-json\/wp\/v2\/media?parent=23830"}],"wp:term":[{"taxonomy":"category","embeddable":true,"href":"https:\/\/larevistadigital.com.ar\/blog\/wp-json\/wp\/v2\/categories?post=23830"},{"taxonomy":"post_tag","embeddable":true,"href":"https:\/\/larevistadigital.com.ar\/blog\/wp-json\/wp\/v2\/tags?post=23830"}],"curies":[{"name":"wp","href":"https:\/\/api.w.org\/{rel}","templated":true}]}}