{"id":23835,"date":"2022-02-05T00:49:24","date_gmt":"2022-02-05T00:49:24","guid":{"rendered":"https:\/\/larevistadigital.com.ar\/blog\/?p=23835"},"modified":"2022-02-05T00:49:24","modified_gmt":"2022-02-05T00:49:24","slug":"balcarce-se-inauguro-la-fiesta-nacional-del-automovilismo-tras-un-ano-de-suspension","status":"publish","type":"post","link":"https:\/\/larevistadigital.com.ar\/blog\/balcarce-se-inauguro-la-fiesta-nacional-del-automovilismo-tras-un-ano-de-suspension\/","title":{"rendered":"BALCARCE: SE INAUGUR\u00d3 LA FIESTA NACIONAL DEL AUTOMOVILISMO, TRAS UN A\u00d1O DE SUSPENSI\u00d3N"},"content":{"rendered":"<h2 class=\"fparrafo ctext fz18 lh25\">El intendente de Balcarce, Esteban Reino, dio inicio a la vig\u00e9simo novena edici\u00f3n de la Fiesta Nacional del Automovilismo. \u201cLes quiero decir a los balcarce\u00f1os y a quienes nos visitan que tengan plena seguridad que viviremos una de las mejores fiestas nacionales del pa\u00eds. Es un evento que crece en su convocatoria y cada vez m\u00e1s autosustentable\u201d, se\u00f1al\u00f3 el jefe comunal.<\/h2>\n<p class=\"selectionShareable\">BALCARCE &#8211;\u00a0 El intendente de Balcarce, <strong>Esteban Reino<\/strong>, dio inicio este jueves por la noche a la vig\u00e9simo novena edici\u00f3n de la Fiesta Nacional del Automovilismo con el descubrimiento de las baldosas correspondientes a <strong>Juan G\u00e1lvez<\/strong>, <strong>Roberto Mouras<\/strong> y <strong>Gabriel Raies<\/strong> en el \u201cPaseo de los Campeones\u201d, shows musicales y entrega de premios.<\/p>\n<blockquote>\n<h3 class=\"selectionShareable\">Luego del reconocimiento a los tres ex pilotos, el intendente Reino particip\u00f3 de la presentaci\u00f3n del veh\u00edculo de Mat\u00edas \u201cTerito\u201d Bonazzola correspondiente a la categor\u00eda Procar 4000 e integrante del equipo Lusqtoff Racing.<\/h3>\n<\/blockquote>\n<p class=\"selectionShareable\">En medio de los homenajes y premiaciones en la inauguraci\u00f3n de la Fiesta Nacional del Automovilismo, Reino dirigi\u00f3 unas palabras hacia los vecinos de Balcarce y tambi\u00e9n a los turistas que llegan a la ciudad motivados por el evento.<\/p>\n<p class=\"selectionShareable\"><em><strong>\u201cLes quiero decir a los balcarce\u00f1os y a quienes nos visitan que tengan plena seguridad que viviremos una de las mejores fiestas nacionales del pa\u00eds. Es un evento que crece en su convocatoria y cada vez m\u00e1s autosustentable\u201d<\/strong><\/em>, a\u00f1adi\u00f3 <strong>Esteban Reino<\/strong>.<\/p>\n<blockquote>\n<h3 class=\"selectionShareable\">M\u00e1s tarde comenzaron los shows musicales, con la presentaci\u00f3n de Camerata Porte\u00f1a, quien realiz\u00f3 un homenaje al maestro Astor Piazzolla. Luego particip\u00f3 de la primera jornada de la Fiesta nacional del Automovilismo la banda local \u201cBarbazul\u201d.<\/h3>\n<\/blockquote>\n<p class=\"selectionShareable\">Una vez finalizada la entrega de los <strong>Bordeu<\/strong> en manos de Reino a los campeones 2021 del Automovilismo Zonal la inauguraci\u00f3n de la Fiesta Nacional del Automovilismo, continu\u00f3 con los shows musicales de las bandas locales \u201c8 Bits\u201d, \u201cVersionados\u201d y \u201cGrupo Syntesis y T\u00edpica Carmona\u201d.<\/p>\n<p class=\"selectionShareable\">Vale recordar que el a\u00f1o pasado, por las condiciones epidemiol\u00f3gicas y las restricciones impuestas por la pandemia de coronavirus, la Fiesta Nacional del Automovilismo no se realiz\u00f3. (<b>InfoGEI<\/b>) Mg<\/p>\n","protected":false},"excerpt":{"rendered":"<div class=\"mh-excerpt\"><p>El intendente de Balcarce, Esteban Reino, dio inicio a la vig\u00e9simo novena edici\u00f3n de la Fiesta Nacional del Automovilismo. \u201cLes quiero decir a los balcarce\u00f1os y a quienes nos visitan que tengan plena seguridad que <a class=\"mh-excerpt-more\" href=\"https:\/\/larevistadigital.com.ar\/blog\/balcarce-se-inauguro-la-fiesta-nacional-del-automovilismo-tras-un-ano-de-suspension\/\" title=\"BALCARCE: SE INAUGUR\u00d3 LA FIESTA NACIONAL DEL AUTOMOVILISMO, TRAS UN A\u00d1O DE SUSPENSI\u00d3N\">[Leer M\u00e1s]<\/a><\/p>\n<\/div>","protected":false},"author":3,"featured_media":23836,"comment_status":"open","ping_status":"open","sticky":false,"template":"","format":"standard","meta":{"_jetpack_memberships_contains_paid_content":false,"footnotes":"","jetpack_publicize_message":"","jetpack_publicize_feature_enabled":true,"jetpack_social_post_already_shared":true,"jetpack_social_options":{"image_generator_settings":{"template":"highway","default_image_id":0,"font":"","enabled":false},"version":2}},"categories":[51],"tags":[],"class_list":{"0":"post-23835","1":"post","2":"type-post","3":"status-publish","4":"format-standard","5":"has-post-thumbnail","7":"category-regionales"},"jetpack_publicize_connections":[],"jetpack_featured_media_url":"https:\/\/i0.wp.com\/larevistadigital.com.ar\/blog\/wp-content\/uploads\/20220204143439_29.jpg?fit=880%2C512&ssl=1","jetpack_sharing_enabled":true,"jetpack_shortlink":"https:\/\/wp.me\/p8qtrQ-6cr","jetpack-related-posts":[{"id":19960,"url":"https:\/\/larevistadigital.com.ar\/blog\/el-intendente-de-balcarce-pidio-diferenciar-entre-el-amba-y-el-interior-de-la-provincia\/","url_meta":{"origin":23835,"position":0},"title":"EL INTENDENTE DE BALCARCE PIDI\u00d3 DIFERENCIAR ENTRE EL AMBA Y EL INTERIOR DE LA PROVINCIA","author":"Alejandro Sosa Ruda","date":"30 abril, 2021","format":false,"excerpt":"BALCARCE - El intendente de Balcarce, Esteban Reino, explic\u00f3 que en su distrito tienen la \u00absituaci\u00f3n epidemiol\u00f3gica controlada\u00bb porque el sistema de salud puede atender la demanda de pacientes de COVID. En declaraciones a Siete Colores por FM 97 Une explic\u00f3 que \u00abno se derivan pacientes de coronavirus, pero s\u00ed\u2026","rel":"","context":"En \u00abREGIONALES\u00bb","block_context":{"text":"REGIONALES","link":"https:\/\/larevistadigital.com.ar\/blog\/category\/regionales\/"},"img":{"alt_text":"","src":"https:\/\/i0.wp.com\/larevistadigital.com.ar\/blog\/wp-content\/uploads\/esteban-reino-balcarce-int-2021.jpg?fit=880%2C512&ssl=1&resize=350%2C200","width":350,"height":200,"srcset":"https:\/\/i0.wp.com\/larevistadigital.com.ar\/blog\/wp-content\/uploads\/esteban-reino-balcarce-int-2021.jpg?fit=880%2C512&ssl=1&resize=350%2C200 1x, https:\/\/i0.wp.com\/larevistadigital.com.ar\/blog\/wp-content\/uploads\/esteban-reino-balcarce-int-2021.jpg?fit=880%2C512&ssl=1&resize=525%2C300 1.5x, https:\/\/i0.wp.com\/larevistadigital.com.ar\/blog\/wp-content\/uploads\/esteban-reino-balcarce-int-2021.jpg?fit=880%2C512&ssl=1&resize=700%2C400 2x"},"classes":[]},{"id":44260,"url":"https:\/\/larevistadigital.com.ar\/blog\/finalizaron-los-operativos-de-documentacion-de-verano-se-resolvieron-mas-de-8-300-tramites\/","url_meta":{"origin":23835,"position":1},"title":"Finalizaron los operativos de documentaci\u00f3n de verano: se resolvieron m\u00e1s de 8.300 tr\u00e1mites","author":"Alejandro Sosa Ruda","date":"3 marzo, 2026","format":false,"excerpt":"La Provincia dispuso un total de 89 acciones territoriales en 12 municipios. Todas las gestiones fueron gratuitas. 03 de marzo de 2026 El Registro Provincial de las Personas super\u00f3 los 8.300 tr\u00e1mites gratuitos en el marco de los operativos de documentaci\u00f3n de verano. Como parte del despliegue territorial, las oficinas\u2026","rel":"","context":"En \u00abPOLITICA PROVINCIAL\u00bb","block_context":{"text":"POLITICA PROVINCIAL","link":"https:\/\/larevistadigital.com.ar\/blog\/category\/politica\/politica-provincial\/"},"img":{"alt_text":"","src":"https:\/\/i0.wp.com\/larevistadigital.com.ar\/blog\/wp-content\/uploads\/registro-verano.jpg?fit=650%2C433&ssl=1&resize=350%2C200","width":350,"height":200,"srcset":"https:\/\/i0.wp.com\/larevistadigital.com.ar\/blog\/wp-content\/uploads\/registro-verano.jpg?fit=650%2C433&ssl=1&resize=350%2C200 1x, https:\/\/i0.wp.com\/larevistadigital.com.ar\/blog\/wp-content\/uploads\/registro-verano.jpg?fit=650%2C433&ssl=1&resize=525%2C300 1.5x"},"classes":[]},{"id":26747,"url":"https:\/\/larevistadigital.com.ar\/blog\/balcarce-con-el-gasoducto-habilitado-el-gobierno-local-gestiona-la-radicacion-de-nuevas-industrias\/","url_meta":{"origin":23835,"position":2},"title":"BALCARCE: CON EL GASODUCTO HABILITADO, EL GOBIERNO LOCAL GESTIONA LA RADICACI\u00d3N DE NUEVAS INDUSTRIAS","author":"Alejandro Sosa Ruda","date":"20 julio, 2022","format":false,"excerpt":"Avanza el proyecto de obra y financiamiento para brindar suministro de gas a todo el sector planificado al Parque Industrial El Molino que tendr\u00e1 un doble efecto: ampliar las producciones y generar nuevas fuentes de empleo. BALCARCE -\u00a0 En el Ejecutivo intentar\u00e1n, dentro de un programa acordado, responder a la\u2026","rel":"","context":"En \u00abPOLITICA PROVINCIAL\u00bb","block_context":{"text":"POLITICA PROVINCIAL","link":"https:\/\/larevistadigital.com.ar\/blog\/category\/politica\/politica-provincial\/"},"img":{"alt_text":"","src":"https:\/\/i0.wp.com\/larevistadigital.com.ar\/blog\/wp-content\/uploads\/20220719155730_con-el-gasoducto-habilitado-el-gobierno-local-gestiona-la-radicacion-de-nuevas-industrias.jpg?fit=880%2C512&ssl=1&resize=350%2C200","width":350,"height":200,"srcset":"https:\/\/i0.wp.com\/larevistadigital.com.ar\/blog\/wp-content\/uploads\/20220719155730_con-el-gasoducto-habilitado-el-gobierno-local-gestiona-la-radicacion-de-nuevas-industrias.jpg?fit=880%2C512&ssl=1&resize=350%2C200 1x, https:\/\/i0.wp.com\/larevistadigital.com.ar\/blog\/wp-content\/uploads\/20220719155730_con-el-gasoducto-habilitado-el-gobierno-local-gestiona-la-radicacion-de-nuevas-industrias.jpg?fit=880%2C512&ssl=1&resize=525%2C300 1.5x, https:\/\/i0.wp.com\/larevistadigital.com.ar\/blog\/wp-content\/uploads\/20220719155730_con-el-gasoducto-habilitado-el-gobierno-local-gestiona-la-radicacion-de-nuevas-industrias.jpg?fit=880%2C512&ssl=1&resize=700%2C400 2x"},"classes":[]},{"id":6045,"url":"https:\/\/larevistadigital.com.ar\/blog\/contundente-fuego-amigo-municipio-radical-pone-en-duda-la-credibilidad-de-cambiemos\/","url_meta":{"origin":23835,"position":3},"title":"Contundente fuego amigo: municipio radical pone en duda la \u00abcredibilidad\u00bb de Cambiemos","author":"admin","date":"16 julio, 2018","format":false,"excerpt":"La cr\u00edtica siempre duele. Y m\u00e1s a\u00fan cuando viene desde adentro. En Balcarce, distrito conducido por el radical Esteban Reino, hay un importante enojo con las decisiones que se toman a nivel nacional y provincial, y lejos de callarse, con bronca, mandan un mensaje para el presidente Macri y la\u2026","rel":"","context":"En \u00abPOLITICA\u00bb","block_context":{"text":"POLITICA","link":"https:\/\/larevistadigital.com.ar\/blog\/category\/politica\/"},"img":{"alt_text":"","src":"https:\/\/i0.wp.com\/larevistadigital.com.ar\/blog\/wp-content\/uploads\/2018\/07\/85978_3.jpg?fit=862%2C558&ssl=1&resize=350%2C200","width":350,"height":200,"srcset":"https:\/\/i0.wp.com\/larevistadigital.com.ar\/blog\/wp-content\/uploads\/2018\/07\/85978_3.jpg?fit=862%2C558&ssl=1&resize=350%2C200 1x, https:\/\/i0.wp.com\/larevistadigital.com.ar\/blog\/wp-content\/uploads\/2018\/07\/85978_3.jpg?fit=862%2C558&ssl=1&resize=525%2C300 1.5x, https:\/\/i0.wp.com\/larevistadigital.com.ar\/blog\/wp-content\/uploads\/2018\/07\/85978_3.jpg?fit=862%2C558&ssl=1&resize=700%2C400 2x"},"classes":[]},{"id":29220,"url":"https:\/\/larevistadigital.com.ar\/blog\/balcarce-el-municipio-vendera-lotes-a-mitad-de-precio-del-mercado\/","url_meta":{"origin":23835,"position":4},"title":"BALCARCE: EL MUNICIPIO VENDER\u00c1 LOTES A MITAD DE PRECIO DEL MERCADO","author":"Alejandro Sosa Ruda","date":"2 diciembre, 2022","format":false,"excerpt":"Seg\u00fan se anunci\u00f3, tendr\u00e1n un valor de $ 1.173.180,00 a $ 1.432.680,00, un 50% menos sobre el valor de mercado inmobiliario actual. En enero de 2023 se producir\u00e1 el sorteo y el adquirente tendr\u00e1 cinco a\u00f1os para construir su casa. 2 de diciembre de 2022 BALCARCE -\u00a0 El intendente Esteban\u2026","rel":"","context":"En \u00abREGIONALES\u00bb","block_context":{"text":"REGIONALES","link":"https:\/\/larevistadigital.com.ar\/blog\/category\/regionales\/"},"img":{"alt_text":"","src":"https:\/\/i0.wp.com\/larevistadigital.com.ar\/blog\/wp-content\/uploads\/BALCARCE.jpg?fit=880%2C512&ssl=1&resize=350%2C200","width":350,"height":200,"srcset":"https:\/\/i0.wp.com\/larevistadigital.com.ar\/blog\/wp-content\/uploads\/BALCARCE.jpg?fit=880%2C512&ssl=1&resize=350%2C200 1x, https:\/\/i0.wp.com\/larevistadigital.com.ar\/blog\/wp-content\/uploads\/BALCARCE.jpg?fit=880%2C512&ssl=1&resize=525%2C300 1.5x, https:\/\/i0.wp.com\/larevistadigital.com.ar\/blog\/wp-content\/uploads\/BALCARCE.jpg?fit=880%2C512&ssl=1&resize=700%2C400 2x"},"classes":[]},{"id":571,"url":"https:\/\/larevistadigital.com.ar\/blog\/estan-los-semifinalistas-los-patos-cup\/","url_meta":{"origin":23835,"position":5},"title":"Est\u00e1n los semifinalistas de \u201cLos Patos Cup\u201d","author":"editor","date":"6 marzo, 2017","format":false,"excerpt":"anteriorsiguiente 04.03.2017 | Los elencos marplatenses de Independiente y Cadetes de San Mart\u00edn, y el de la entidad organizadora, se aseguraron un lugar en las semifinales de la tercera edici\u00f3n de \u201cLos Patos Cup\u201d, el certamen dodecagonal amistoso interlocal de primera divisi\u00f3n, organizado por esa entidad. El azar definir\u00e1 si\u2026","rel":"","context":"En \u00abPILA\u00bb","block_context":{"text":"PILA","link":"https:\/\/larevistadigital.com.ar\/blog\/category\/pila\/"},"img":{"alt_text":"","src":"https:\/\/i0.wp.com\/larevistadigital.com.ar\/blog\/wp-content\/uploads\/2017\/03\/img_d-15760.jpg?fit=630%2C366&ssl=1&resize=350%2C200","width":350,"height":200,"srcset":"https:\/\/i0.wp.com\/larevistadigital.com.ar\/blog\/wp-content\/uploads\/2017\/03\/img_d-15760.jpg?fit=630%2C366&ssl=1&resize=350%2C200 1x, https:\/\/i0.wp.com\/larevistadigital.com.ar\/blog\/wp-content\/uploads\/2017\/03\/img_d-15760.jpg?fit=630%2C366&ssl=1&resize=525%2C300 1.5x"},"classes":[]}],"_links":{"self":[{"href":"https:\/\/larevistadigital.com.ar\/blog\/wp-json\/wp\/v2\/posts\/23835","targetHints":{"allow":["GET"]}}],"collection":[{"href":"https:\/\/larevistadigital.com.ar\/blog\/wp-json\/wp\/v2\/posts"}],"about":[{"href":"https:\/\/larevistadigital.com.ar\/blog\/wp-json\/wp\/v2\/types\/post"}],"author":[{"embeddable":true,"href":"https:\/\/larevistadigital.com.ar\/blog\/wp-json\/wp\/v2\/users\/3"}],"replies":[{"embeddable":true,"href":"https:\/\/larevistadigital.com.ar\/blog\/wp-json\/wp\/v2\/comments?post=23835"}],"version-history":[{"count":1,"href":"https:\/\/larevistadigital.com.ar\/blog\/wp-json\/wp\/v2\/posts\/23835\/revisions"}],"predecessor-version":[{"id":23837,"href":"https:\/\/larevistadigital.com.ar\/blog\/wp-json\/wp\/v2\/posts\/23835\/revisions\/23837"}],"wp:featuredmedia":[{"embeddable":true,"href":"https:\/\/larevistadigital.com.ar\/blog\/wp-json\/wp\/v2\/media\/23836"}],"wp:attachment":[{"href":"https:\/\/larevistadigital.com.ar\/blog\/wp-json\/wp\/v2\/media?parent=23835"}],"wp:term":[{"taxonomy":"category","embeddable":true,"href":"https:\/\/larevistadigital.com.ar\/blog\/wp-json\/wp\/v2\/categories?post=23835"},{"taxonomy":"post_tag","embeddable":true,"href":"https:\/\/larevistadigital.com.ar\/blog\/wp-json\/wp\/v2\/tags?post=23835"}],"curies":[{"name":"wp","href":"https:\/\/api.w.org\/{rel}","templated":true}]}}