{"id":23838,"date":"2022-02-05T01:01:32","date_gmt":"2022-02-05T01:01:32","guid":{"rendered":"https:\/\/larevistadigital.com.ar\/blog\/?p=23838"},"modified":"2022-02-05T01:01:32","modified_gmt":"2022-02-05T01:01:32","slug":"pergamino-violentan-el-alambrado-y-se-roban-50-plantas-de-marihuana-de-los-cultivos-medicinales-del-inta","status":"publish","type":"post","link":"https:\/\/larevistadigital.com.ar\/blog\/pergamino-violentan-el-alambrado-y-se-roban-50-plantas-de-marihuana-de-los-cultivos-medicinales-del-inta\/","title":{"rendered":"PERGAMINO: VIOLENTAN EL ALAMBRADO Y SE ROBAN 50 PLANTAS DE MARIHUANA DE LOS CULTIVOS MEDICINALES DEL INTA"},"content":{"rendered":"<h2 class=\"fparrafo ctext fz18 lh25\">El robo se registr\u00f3 en el invern\u00e1culo de las plantaciones de cannabis y se sospecha que el \u00fanico objetivo de los autores del hecho es utilizar las hierbas para consumo como alucin\u00f3geno. El invern\u00e1culo de las plantaciones de cannabis medicinal es uno de los tantos de un predio de 748 hect\u00e1reas.<\/h2>\n<p class=\"selectionShareable\"><strong>PERGAMINO &#8211;\u00a0<\/strong> Unas 50 plantas de marihuana medicinal del predio del Instituto Nacional de Tecnolog\u00eda Agropecuaria (INTA)de Pergamino fueron robadas entre el martes a la noche y madrugada del mi\u00e9rcoles.<\/p>\n<blockquote>\n<h3 class=\"selectionShareable\">\u00a0El hecho fue denunciado por la coordinadora del proyecto del INTA y la empresa Pampa Hemp, quien precis\u00f3 que luego de violentar un alambrado perimetral y una de las paredes pl\u00e1sticas del invern\u00e1culo se llevaron alrededor de medio centenar de ejemplares.<\/h3>\n<\/blockquote>\n<p class=\"selectionShareable\">De acuerdo a la hip\u00f3tesis preliminar de los investigadores, habr\u00edan participado del robo m\u00e1s de una persona y adem\u00e1s se necesit\u00f3 la utilizaci\u00f3n un veh\u00edculo para trasladar las plantas.<\/p>\n<blockquote>\n<h3 class=\"selectionShareable\">Adem\u00e1s se sospecha que el \u00fanico objetivo de los autores del hecho es utilizar las hierbas para consumo como alucin\u00f3geno, aunque la variedad de cannabis que se cultiva entre el INTA y Pampa Hemp es de \u00edndole medicinal.<\/h3>\n<\/blockquote>\n<p class=\"selectionShareable\">El invern\u00e1culo de las plantaciones de cannabis medicinal es uno de los tantos de un predio de 748 hect\u00e1reas. \u00a0Cuenta con bioseguridad de alta tecnolog\u00eda totalmente automatizado, con su propio sensor, con cortinas y con paneles evaporativos. (<b>InfoGEI<\/b>) Mg<\/p>\n","protected":false},"excerpt":{"rendered":"<div class=\"mh-excerpt\"><p>El robo se registr\u00f3 en el invern\u00e1culo de las plantaciones de cannabis y se sospecha que el \u00fanico objetivo de los autores del hecho es utilizar las hierbas para consumo como alucin\u00f3geno. El invern\u00e1culo de <a class=\"mh-excerpt-more\" href=\"https:\/\/larevistadigital.com.ar\/blog\/pergamino-violentan-el-alambrado-y-se-roban-50-plantas-de-marihuana-de-los-cultivos-medicinales-del-inta\/\" title=\"PERGAMINO: VIOLENTAN EL ALAMBRADO Y SE ROBAN 50 PLANTAS DE MARIHUANA DE LOS CULTIVOS MEDICINALES DEL INTA\">[Leer M\u00e1s]<\/a><\/p>\n<\/div>","protected":false},"author":3,"featured_media":23839,"comment_status":"open","ping_status":"open","sticky":false,"template":"","format":"standard","meta":{"_jetpack_memberships_contains_paid_content":false,"footnotes":"","jetpack_publicize_message":"","jetpack_publicize_feature_enabled":true,"jetpack_social_post_already_shared":true,"jetpack_social_options":{"image_generator_settings":{"template":"highway","default_image_id":0,"font":"","enabled":false},"version":2}},"categories":[50,44],"tags":[],"class_list":{"0":"post-23838","1":"post","2":"type-post","3":"status-publish","4":"format-standard","5":"has-post-thumbnail","7":"category-interes-general","8":"category-policiales"},"jetpack_publicize_connections":[],"jetpack_featured_media_url":"https:\/\/i0.wp.com\/larevistadigital.com.ar\/blog\/wp-content\/uploads\/e4872173037e139434f2d6cc31ea26117aafe589.jpg?fit=880%2C512&ssl=1","jetpack_sharing_enabled":true,"jetpack_shortlink":"https:\/\/wp.me\/p8qtrQ-6cu","jetpack-related-posts":[{"id":19727,"url":"https:\/\/larevistadigital.com.ar\/blog\/coloco-alambre-electrificado-para-proteger-sus-plantas-de-marihuana-murio-electrocutado\/","url_meta":{"origin":23838,"position":0},"title":"COLOC\u00d3 ALAMBRE ELECTRIFICADO PARA PROTEGER SUS PLANTAS DE MARIHUANA. MURI\u00d3 ELECTROCUTADO","author":"Alejandro Sosa Ruda","date":"19 abril, 2021","format":false,"excerpt":"El hecho ocurri\u00f3 en una vivienda del barrio General San Mart\u00edn. Dos amigos de la v\u00edctima lo cargaron en una camioneta para llevarlo a un centro asistencial, pero no pudieron salvarlo. MAR DEL PLATA - Un tr\u00e1gico episodio se produjo el domingo por la noche en una vivienda del\u00a0barrio General\u2026","rel":"","context":"En \u00abPOLICIALES\u00bb","block_context":{"text":"POLICIALES","link":"https:\/\/larevistadigital.com.ar\/blog\/category\/policiales\/"},"img":{"alt_text":"","src":"https:\/\/i0.wp.com\/larevistadigital.com.ar\/blog\/wp-content\/uploads\/PLANTAS-SECUESTRADAS.png?fit=1000%2C565&ssl=1&resize=350%2C200","width":350,"height":200,"srcset":"https:\/\/i0.wp.com\/larevistadigital.com.ar\/blog\/wp-content\/uploads\/PLANTAS-SECUESTRADAS.png?fit=1000%2C565&ssl=1&resize=350%2C200 1x, https:\/\/i0.wp.com\/larevistadigital.com.ar\/blog\/wp-content\/uploads\/PLANTAS-SECUESTRADAS.png?fit=1000%2C565&ssl=1&resize=525%2C300 1.5x, https:\/\/i0.wp.com\/larevistadigital.com.ar\/blog\/wp-content\/uploads\/PLANTAS-SECUESTRADAS.png?fit=1000%2C565&ssl=1&resize=700%2C400 2x"},"classes":[]},{"id":37936,"url":"https:\/\/larevistadigital.com.ar\/blog\/cesarian-a-mas-de-mil-empleados-del-inta-y-pondrian-a-la-venta-unas-27-mil-hectareas\/","url_meta":{"origin":23838,"position":1},"title":"Cesar\u00edan a m\u00e1s de mil empleados del INTA y pondr\u00edan a la venta unas 27 mil hect\u00e1reas","author":"Alejandro Sosa Ruda","date":"21 noviembre, 2024","format":false,"excerpt":"El Instituto Nacional de Tecnolog\u00eda Agropecuaria (INTA) se enfrenta a un plan de ajuste significativo bajo la direcci\u00f3n de Nicol\u00e1s Bronzovich, designado por el gobierno de Javier Milei. 21 de Noviembre de 2024 El primer lote de propiedades que se planea vender incluye las tierras de la Estaci\u00f3n Experimental INTA\u2026","rel":"","context":"En \u00abREGIONALES\u00bb","block_context":{"text":"REGIONALES","link":"https:\/\/larevistadigital.com.ar\/blog\/category\/regionales\/"},"img":{"alt_text":"","src":"https:\/\/i0.wp.com\/larevistadigital.com.ar\/blog\/wp-content\/uploads\/20241121110115_ajuste-inta-despidos.jpg?fit=880%2C512&ssl=1&resize=350%2C200","width":350,"height":200,"srcset":"https:\/\/i0.wp.com\/larevistadigital.com.ar\/blog\/wp-content\/uploads\/20241121110115_ajuste-inta-despidos.jpg?fit=880%2C512&ssl=1&resize=350%2C200 1x, https:\/\/i0.wp.com\/larevistadigital.com.ar\/blog\/wp-content\/uploads\/20241121110115_ajuste-inta-despidos.jpg?fit=880%2C512&ssl=1&resize=525%2C300 1.5x, https:\/\/i0.wp.com\/larevistadigital.com.ar\/blog\/wp-content\/uploads\/20241121110115_ajuste-inta-despidos.jpg?fit=880%2C512&ssl=1&resize=700%2C400 2x"},"classes":[]},{"id":15321,"url":"https:\/\/larevistadigital.com.ar\/blog\/nadie-vio-vergonzoso-roban-50-metros-de-alambrado-perimetral-en-el-predio-de-tiro-federal\/","url_meta":{"origin":23838,"position":2},"title":"\u00abNADIE VI\u00d3\u00bb&#8230; VERGONZOSO: ROBAN 50 METROS DE ALAMBRADO PERIMETRAL EN EL PREDIO DE TIRO FEDERAL","author":"Alejandro Sosa Ruda","date":"25 mayo, 2020","format":false,"excerpt":"Lamentablemente, el predio del Acceso Norte del Club Atl\u00e9tico Tiro Federal de Chascom\u00fas sufri\u00f3 el robo de aproximadamente 50 metros de alambrado perimetral lindante a las v\u00edas durante este fin de semana. La Comisi\u00f3n Directiva del CATF hizo hoy lunes la denuncia correspondiente en la Comisaria, luego de que un\u2026","rel":"","context":"En \u00abINTERES GENERAL\u00bb","block_context":{"text":"INTERES GENERAL","link":"https:\/\/larevistadigital.com.ar\/blog\/category\/interes-general\/"},"img":{"alt_text":"","src":"https:\/\/i0.wp.com\/larevistadigital.com.ar\/blog\/wp-content\/uploads\/7a8230f1c0840cd9b0b9a04843c283ab.jpg?fit=600%2C334&ssl=1&resize=350%2C200","width":350,"height":200,"srcset":"https:\/\/i0.wp.com\/larevistadigital.com.ar\/blog\/wp-content\/uploads\/7a8230f1c0840cd9b0b9a04843c283ab.jpg?fit=600%2C334&ssl=1&resize=350%2C200 1x, https:\/\/i0.wp.com\/larevistadigital.com.ar\/blog\/wp-content\/uploads\/7a8230f1c0840cd9b0b9a04843c283ab.jpg?fit=600%2C334&ssl=1&resize=525%2C300 1.5x"},"classes":[]},{"id":12955,"url":"https:\/\/larevistadigital.com.ar\/blog\/procesan-a-productores-rurales-por-fumigar-con-agrotoxicos\/","url_meta":{"origin":23838,"position":3},"title":"PROCESAN A PRODUCTORES RURALES POR FUMIGAR CON AGROT\u00d3XICOS","author":"Alejandro Sosa Ruda","date":"31 octubre, 2019","format":false,"excerpt":"Se les imputa el delito de \u201ccontaminaci\u00f3n ambiental\u201d y fueron embargados por 3 millones de pesos cada uno. La Justicia conden\u00f3 a tres productores rurales por contaminar,\u00a0a trav\u00e9s de productos agrot\u00f3xicos para fumigaci\u00f3n, zonas perif\u00e9ricas al municipio bonaerense de Pergamino. De esta manera, fueron embargados por 3 millones de pesos\u2026","rel":"","context":"En \u00abINTERES GENERAL\u00bb","block_context":{"text":"INTERES GENERAL","link":"https:\/\/larevistadigital.com.ar\/blog\/category\/interes-general\/"},"img":{"alt_text":"","src":"https:\/\/i0.wp.com\/larevistadigital.com.ar\/blog\/wp-content\/uploads\/fumigacion.jpg?fit=855%2C457&ssl=1&resize=350%2C200","width":350,"height":200,"srcset":"https:\/\/i0.wp.com\/larevistadigital.com.ar\/blog\/wp-content\/uploads\/fumigacion.jpg?fit=855%2C457&ssl=1&resize=350%2C200 1x, https:\/\/i0.wp.com\/larevistadigital.com.ar\/blog\/wp-content\/uploads\/fumigacion.jpg?fit=855%2C457&ssl=1&resize=525%2C300 1.5x, https:\/\/i0.wp.com\/larevistadigital.com.ar\/blog\/wp-content\/uploads\/fumigacion.jpg?fit=855%2C457&ssl=1&resize=700%2C400 2x"},"classes":[]},{"id":15390,"url":"https:\/\/larevistadigital.com.ar\/blog\/excelente-noticia-se-recupero-el-alambrado-robado-al-club-tiro-federal\/","url_meta":{"origin":23838,"position":4},"title":"EXCELENTE NOTICIA! SE RECUPER\u00d3 EL ALAMBRADO ROBADO AL CLUB TIRO FEDERAL","author":"Alejandro Sosa Ruda","date":"28 mayo, 2020","format":false,"excerpt":"Luego de la indignaci\u00f3n general por el artero robo que fuera v\u00edctima el Club Tiro Federal, en su predio ubicado en el Barrio 30 de Mayo, donde se llevaron alrededor de 50 metros de alambrado perimetral, hoy podemos decir, que gracias a Dios el alambrado fue recuperado. As\u00ed lo menciona\u2026","rel":"","context":"En \u00abDESTACADAS\u00bb","block_context":{"text":"DESTACADAS","link":"https:\/\/larevistadigital.com.ar\/blog\/category\/destacadas\/"},"img":{"alt_text":"","src":"https:\/\/i0.wp.com\/larevistadigital.com.ar\/blog\/wp-content\/uploads\/2fa9624d8b9391136efdca74f4714201.jpg?fit=600%2C334&ssl=1&resize=350%2C200","width":350,"height":200,"srcset":"https:\/\/i0.wp.com\/larevistadigital.com.ar\/blog\/wp-content\/uploads\/2fa9624d8b9391136efdca74f4714201.jpg?fit=600%2C334&ssl=1&resize=350%2C200 1x, https:\/\/i0.wp.com\/larevistadigital.com.ar\/blog\/wp-content\/uploads\/2fa9624d8b9391136efdca74f4714201.jpg?fit=600%2C334&ssl=1&resize=525%2C300 1.5x"},"classes":[]},{"id":13271,"url":"https:\/\/larevistadigital.com.ar\/blog\/el-concejo-deliberante-aprobo-el-cultivo-medicinal-de-marihuana\/","url_meta":{"origin":23838,"position":5},"title":"EL CONCEJO DELIBERANTE APROB\u00d3 EL CULTIVO MEDICINAL DE MARIHUANA","author":"Alejandro Sosa Ruda","date":"20 noviembre, 2019","format":false,"excerpt":"El Concejo Deliberante de\u00a0Castelli aprob\u00f3 por unanimidad durante la sesi\u00f3n de este martes una ordenanza impulsada por el ejecutivo que regula el cultivo de Cannabis medicinal en la Ciudad. De esta manera Castelli se suma a los distritos de San Vicente, Gral Lamadrid, Hurlinghan, que aprobaron a trav\u00e9s del concejo\u2026","rel":"","context":"En \u00abCASTELLI\u00bb","block_context":{"text":"CASTELLI","link":"https:\/\/larevistadigital.com.ar\/blog\/category\/castelli\/"},"img":{"alt_text":"","src":"https:\/\/i0.wp.com\/larevistadigital.com.ar\/blog\/wp-content\/uploads\/20181017-Marihuana-1200x750.jpg?fit=1200%2C750&ssl=1&resize=350%2C200","width":350,"height":200,"srcset":"https:\/\/i0.wp.com\/larevistadigital.com.ar\/blog\/wp-content\/uploads\/20181017-Marihuana-1200x750.jpg?fit=1200%2C750&ssl=1&resize=350%2C200 1x, https:\/\/i0.wp.com\/larevistadigital.com.ar\/blog\/wp-content\/uploads\/20181017-Marihuana-1200x750.jpg?fit=1200%2C750&ssl=1&resize=525%2C300 1.5x, https:\/\/i0.wp.com\/larevistadigital.com.ar\/blog\/wp-content\/uploads\/20181017-Marihuana-1200x750.jpg?fit=1200%2C750&ssl=1&resize=700%2C400 2x, https:\/\/i0.wp.com\/larevistadigital.com.ar\/blog\/wp-content\/uploads\/20181017-Marihuana-1200x750.jpg?fit=1200%2C750&ssl=1&resize=1050%2C600 3x"},"classes":[]}],"_links":{"self":[{"href":"https:\/\/larevistadigital.com.ar\/blog\/wp-json\/wp\/v2\/posts\/23838","targetHints":{"allow":["GET"]}}],"collection":[{"href":"https:\/\/larevistadigital.com.ar\/blog\/wp-json\/wp\/v2\/posts"}],"about":[{"href":"https:\/\/larevistadigital.com.ar\/blog\/wp-json\/wp\/v2\/types\/post"}],"author":[{"embeddable":true,"href":"https:\/\/larevistadigital.com.ar\/blog\/wp-json\/wp\/v2\/users\/3"}],"replies":[{"embeddable":true,"href":"https:\/\/larevistadigital.com.ar\/blog\/wp-json\/wp\/v2\/comments?post=23838"}],"version-history":[{"count":1,"href":"https:\/\/larevistadigital.com.ar\/blog\/wp-json\/wp\/v2\/posts\/23838\/revisions"}],"predecessor-version":[{"id":23840,"href":"https:\/\/larevistadigital.com.ar\/blog\/wp-json\/wp\/v2\/posts\/23838\/revisions\/23840"}],"wp:featuredmedia":[{"embeddable":true,"href":"https:\/\/larevistadigital.com.ar\/blog\/wp-json\/wp\/v2\/media\/23839"}],"wp:attachment":[{"href":"https:\/\/larevistadigital.com.ar\/blog\/wp-json\/wp\/v2\/media?parent=23838"}],"wp:term":[{"taxonomy":"category","embeddable":true,"href":"https:\/\/larevistadigital.com.ar\/blog\/wp-json\/wp\/v2\/categories?post=23838"},{"taxonomy":"post_tag","embeddable":true,"href":"https:\/\/larevistadigital.com.ar\/blog\/wp-json\/wp\/v2\/tags?post=23838"}],"curies":[{"name":"wp","href":"https:\/\/api.w.org\/{rel}","templated":true}]}}