{"id":23841,"date":"2022-02-05T01:34:20","date_gmt":"2022-02-05T01:34:20","guid":{"rendered":"https:\/\/larevistadigital.com.ar\/blog\/?p=23841"},"modified":"2022-02-05T01:34:20","modified_gmt":"2022-02-05T01:34:20","slug":"pastor-evangelico-fue-enviado-a-juicio-por-abuso-de-la-hija-de-su-ex-pareja","status":"publish","type":"post","link":"https:\/\/larevistadigital.com.ar\/blog\/pastor-evangelico-fue-enviado-a-juicio-por-abuso-de-la-hija-de-su-ex-pareja\/","title":{"rendered":"PASTOR EVANG\u00c9LICO FUE ENVIADO A JUICIO POR ABUSO DE LA HIJA DE SU EX PAREJA"},"content":{"rendered":"<h2 class=\"fparrafo ctext fz18 lh25\">Un pastor evang\u00e9lico ser\u00e1 juzgado por el abuso de la hija de su expareja en un juicio por jurados que llevar\u00e1 a cabo un Tribunal en lo Criminal de Bah\u00eda Blanca, entre el 18 y 22 de abril. La causa estuvo a cargo de la agente fiscal de Delitos Sexuales, Marina Lara, quien determin\u00f3 en la investigaci\u00f3n que los hechos sucedieron entre el 2009 y 2010, en un domicilio que compart\u00eda el acusado, junto a su pareja y su hija.<\/h2>\n<p class=\"selectionShareable\"><strong>BAH\u00cdA BLANCA &#8211;\u00a0<\/strong> El Tribunal Criminal 2 fij\u00f3 entre el 18 y 22 de abril pr\u00f3ximos, las fechas para la realizaci\u00f3n del juicio por jurados, en la causa estuvo a cargo de la agente fiscal de Delitos Sexuales, Marina Lara, quien determin\u00f3 en la investigaci\u00f3n que los hechos sucedieron entre el 2009 y 2010, en un domicilio que compart\u00eda el hombre junto a su pareja y su hija.<\/p>\n<blockquote>\n<h3 class=\"selectionShareable\">Seg\u00fan el expediente, los abusos fueron cometidos cuando la ni\u00f1a ten\u00eda 10 a\u00f1os y el hombre aprovechaba la ausencia de su mam\u00e1 en la casa.<\/h3>\n<\/blockquote>\n<p class=\"selectionShareable\">Desde el Ministerio P\u00fablico Fiscal se indic\u00f3 que \u00abla v\u00edctima logr\u00f3 contar lo sucedido cinco a\u00f1os despu\u00e9s, cuando su madre se separ\u00f3 del hombre y pudo relatar varios sucesos de abusos\u00bb.<\/p>\n<blockquote>\n<h3 class=\"selectionShareable\">Tras distintos testimonios y pruebas, el hombre, cuyos datos se mantienen en reserva, fue detenido por personal policial en febrero del 2020 en la causa caratulada como \u00ababuso sexual gravemente ultrajante, reiterado, agravado por el aprovechamiento de la situaci\u00f3n de convivencia preexistente\u00bb.<\/h3>\n<\/blockquote>\n<p class=\"selectionShareable\">\u00abTras ser trasladado ante la agente fiscal el pastor neg\u00f3 la existencia de los hechos pero qued\u00f3 detenido\u00bb, aseguraron fuentes judiciales. (<b>InfoGEI<\/b>)Jd<\/p>\n","protected":false},"excerpt":{"rendered":"<div class=\"mh-excerpt\"><p>Un pastor evang\u00e9lico ser\u00e1 juzgado por el abuso de la hija de su expareja en un juicio por jurados que llevar\u00e1 a cabo un Tribunal en lo Criminal de Bah\u00eda Blanca, entre el 18 y <a class=\"mh-excerpt-more\" href=\"https:\/\/larevistadigital.com.ar\/blog\/pastor-evangelico-fue-enviado-a-juicio-por-abuso-de-la-hija-de-su-ex-pareja\/\" title=\"PASTOR EVANG\u00c9LICO FUE ENVIADO A JUICIO POR ABUSO DE LA HIJA DE SU EX PAREJA\">[Leer M\u00e1s]<\/a><\/p>\n<\/div>","protected":false},"author":3,"featured_media":23842,"comment_status":"open","ping_status":"open","sticky":false,"template":"","format":"standard","meta":{"_jetpack_memberships_contains_paid_content":false,"footnotes":"","jetpack_publicize_message":"","jetpack_publicize_feature_enabled":true,"jetpack_social_post_already_shared":true,"jetpack_social_options":{"image_generator_settings":{"template":"highway","default_image_id":0,"font":"","enabled":false},"version":2}},"categories":[50,44],"tags":[],"class_list":{"0":"post-23841","1":"post","2":"type-post","3":"status-publish","4":"format-standard","5":"has-post-thumbnail","7":"category-interes-general","8":"category-policiales"},"jetpack_publicize_connections":[],"jetpack_featured_media_url":"https:\/\/i0.wp.com\/larevistadigital.com.ar\/blog\/wp-content\/uploads\/20220204102151_pastor-evangelico-abuso-hija-expareja.jpg?fit=880%2C512&ssl=1","jetpack_sharing_enabled":true,"jetpack_shortlink":"https:\/\/wp.me\/p8qtrQ-6cx","jetpack-related-posts":[{"id":11814,"url":"https:\/\/larevistadigital.com.ar\/blog\/chascomus-condenan-a-sujeto-por-tocamientos-sexuales-a-su-hija-de-5-anos\/","url_meta":{"origin":23841,"position":0},"title":"CHASCOM\u00daS: CONDENAN A SUJETO POR \u00abTOCAMIENTOS SEXUALES\u00bb A SU HIJA DE 5 A\u00d1OS","author":"Alejandro Sosa Ruda","date":"12 agosto, 2019","format":false,"excerpt":"En el marco de un juicio abreviado la Dra. Claudia Castro actuando como Juez unipersonal del Tribunal en lo Criminal n\u00b0 1 Departamental, conden\u00f3 a un vecino de Chascom\u00fas juzgado por haber abusado sexualmente de su hija de cinco a\u00f1os. El juicio fue consensuado por el Fiscal de Juicio Dr.\u2026","rel":"","context":"En \u00abDESTACADAS\u00bb","block_context":{"text":"DESTACADAS","link":"https:\/\/larevistadigital.com.ar\/blog\/category\/destacadas\/"},"img":{"alt_text":"","src":"https:\/\/i0.wp.com\/larevistadigital.com.ar\/blog\/wp-content\/uploads\/Tribunal-Criminal-11-660x330-1.jpg?fit=660%2C330&ssl=1&resize=350%2C200","width":350,"height":200,"srcset":"https:\/\/i0.wp.com\/larevistadigital.com.ar\/blog\/wp-content\/uploads\/Tribunal-Criminal-11-660x330-1.jpg?fit=660%2C330&ssl=1&resize=350%2C200 1x, https:\/\/i0.wp.com\/larevistadigital.com.ar\/blog\/wp-content\/uploads\/Tribunal-Criminal-11-660x330-1.jpg?fit=660%2C330&ssl=1&resize=525%2C300 1.5x"},"classes":[]},{"id":33941,"url":"https:\/\/larevistadigital.com.ar\/blog\/bahia-blanca-piden-27-anos-de-carcel-para-un-hombre-acusado-de-abusar-de-su-hija-menor-de-edad\/","url_meta":{"origin":23841,"position":1},"title":"BAH\u00cdA BLANCA: PIDEN 27 A\u00d1OS DE CARCEL PARA UN HOMBRE ACUSADO DE ABUSAR DE SU HIJA MENOR DE EDAD","author":"Alejandro Sosa Ruda","date":"8 octubre, 2023","format":false,"excerpt":"Luego de ser declarado culpable por un jurado popular, se llev\u00f3 a cabo la audiencia de cesura en la cual la Fiscal\u00eda y la querella, pidieron 27 a\u00f1os de c\u00e1rcel para un hombre acusado de abusar de su hija menor de edad. 09 de octubre de 2023 BAH\u00cdA BLANCA -\u00a0\u2026","rel":"","context":"En \u00abINTERES GENERAL\u00bb","block_context":{"text":"INTERES GENERAL","link":"https:\/\/larevistadigital.com.ar\/blog\/category\/interes-general\/"},"img":{"alt_text":"","src":"https:\/\/i0.wp.com\/larevistadigital.com.ar\/blog\/wp-content\/uploads\/Captura-de-pantalla-2023-10-08-225011.png?fit=789%2C397&ssl=1&resize=350%2C200","width":350,"height":200,"srcset":"https:\/\/i0.wp.com\/larevistadigital.com.ar\/blog\/wp-content\/uploads\/Captura-de-pantalla-2023-10-08-225011.png?fit=789%2C397&ssl=1&resize=350%2C200 1x, https:\/\/i0.wp.com\/larevistadigital.com.ar\/blog\/wp-content\/uploads\/Captura-de-pantalla-2023-10-08-225011.png?fit=789%2C397&ssl=1&resize=525%2C300 1.5x, https:\/\/i0.wp.com\/larevistadigital.com.ar\/blog\/wp-content\/uploads\/Captura-de-pantalla-2023-10-08-225011.png?fit=789%2C397&ssl=1&resize=700%2C400 2x"},"classes":[]},{"id":11921,"url":"https:\/\/larevistadigital.com.ar\/blog\/condenan-a-policia-por-abusar-de-su-hija-menor-de-edad\/","url_meta":{"origin":23841,"position":2},"title":"CONDENAN A POLIC\u00cdA POR ABUSAR DE SU HIJA MENOR DE EDAD","author":"Alejandro Sosa Ruda","date":"20 agosto, 2019","format":false,"excerpt":"En un juicio oral realizado en el Tribunal en lo Criminal n\u00ba 1 Departamental. Los hechos sucedieron tanto en Gral. Belgrano donde viv\u00eda la ni\u00f1a, en la vecina localidad donde viv\u00eda la familia del imputado o en situaciones puntuales como durante viajes. El imputado es nacido en Dolores. En el\u2026","rel":"","context":"En \u00abREGIONALES\u00bb","block_context":{"text":"REGIONALES","link":"https:\/\/larevistadigital.com.ar\/blog\/category\/regionales\/"},"img":{"alt_text":"","src":"https:\/\/i0.wp.com\/larevistadigital.com.ar\/blog\/wp-content\/uploads\/Edificio-TRibunales-660x330-1.jpg?fit=660%2C330&ssl=1&resize=350%2C200","width":350,"height":200,"srcset":"https:\/\/i0.wp.com\/larevistadigital.com.ar\/blog\/wp-content\/uploads\/Edificio-TRibunales-660x330-1.jpg?fit=660%2C330&ssl=1&resize=350%2C200 1x, https:\/\/i0.wp.com\/larevistadigital.com.ar\/blog\/wp-content\/uploads\/Edificio-TRibunales-660x330-1.jpg?fit=660%2C330&ssl=1&resize=525%2C300 1.5x"},"classes":[]},{"id":33379,"url":"https:\/\/larevistadigital.com.ar\/blog\/un-jurado-popular-declaro-culpable-a-un-hombre-por-abusar-de-su-propia-hija\/","url_meta":{"origin":23841,"position":3},"title":"UN JURADO POPULAR DECLAR\u00d3 CULPABLE A UN HOMBRE POR ABUSAR DE SU PROPIA HIJA","author":"Alejandro Sosa Ruda","date":"11 septiembre, 2023","format":false,"excerpt":"En el marco del juicio por jurados que se llev\u00f3 a cabo esta semana en Bah\u00eda Blanca para analizar la conducta de un hombre acusado de abusar sexualmente de su hija menor de edad, el jurado por unanimidad de votos lo declar\u00f3 culpable. Los hechos se habr\u00edan registrado entre 2011\u2026","rel":"","context":"En \u00abPOLICIALES\u00bb","block_context":{"text":"POLICIALES","link":"https:\/\/larevistadigital.com.ar\/blog\/category\/policiales\/"},"img":{"alt_text":"","src":"https:\/\/i0.wp.com\/larevistadigital.com.ar\/blog\/wp-content\/uploads\/20230910164916_abuso-sexual-infantil.jpg?fit=880%2C512&ssl=1&resize=350%2C200","width":350,"height":200,"srcset":"https:\/\/i0.wp.com\/larevistadigital.com.ar\/blog\/wp-content\/uploads\/20230910164916_abuso-sexual-infantil.jpg?fit=880%2C512&ssl=1&resize=350%2C200 1x, https:\/\/i0.wp.com\/larevistadigital.com.ar\/blog\/wp-content\/uploads\/20230910164916_abuso-sexual-infantil.jpg?fit=880%2C512&ssl=1&resize=525%2C300 1.5x, https:\/\/i0.wp.com\/larevistadigital.com.ar\/blog\/wp-content\/uploads\/20230910164916_abuso-sexual-infantil.jpg?fit=880%2C512&ssl=1&resize=700%2C400 2x"},"classes":[]},{"id":13102,"url":"https:\/\/larevistadigital.com.ar\/blog\/castelli-dura-condena-para-madre-que-prostituia-a-su-hija\/","url_meta":{"origin":23841,"position":4},"title":"CASTELLI: DURA CONDENA PARA MADRE QUE PROSTITU\u00cdA A SU HIJA","author":"Alejandro Sosa Ruda","date":"7 noviembre, 2019","format":false,"excerpt":"Tambi\u00e9n fue condenado un vecino de dicha localidad por tocamientos a la menor. Seg\u00fan el veredicto la mujer contactaba telef\u00f3nicamente a \u201clos clientes\u201d para ofrecerles los servicios sexuales de su hija, siendo la mayor\u00eda de ellos camioneros. En el marco de un juicio oral realizado en el Tribunal en lo\u2026","rel":"","context":"En \u00abCASTELLI\u00bb","block_context":{"text":"CASTELLI","link":"https:\/\/larevistadigital.com.ar\/blog\/category\/castelli\/"},"img":{"alt_text":"","src":"https:\/\/i0.wp.com\/larevistadigital.com.ar\/blog\/wp-content\/uploads\/301139.jpg?fit=1072%2C589&ssl=1&resize=350%2C200","width":350,"height":200,"srcset":"https:\/\/i0.wp.com\/larevistadigital.com.ar\/blog\/wp-content\/uploads\/301139.jpg?fit=1072%2C589&ssl=1&resize=350%2C200 1x, https:\/\/i0.wp.com\/larevistadigital.com.ar\/blog\/wp-content\/uploads\/301139.jpg?fit=1072%2C589&ssl=1&resize=525%2C300 1.5x, https:\/\/i0.wp.com\/larevistadigital.com.ar\/blog\/wp-content\/uploads\/301139.jpg?fit=1072%2C589&ssl=1&resize=700%2C400 2x, https:\/\/i0.wp.com\/larevistadigital.com.ar\/blog\/wp-content\/uploads\/301139.jpg?fit=1072%2C589&ssl=1&resize=1050%2C600 3x"},"classes":[]},{"id":5826,"url":"https:\/\/larevistadigital.com.ar\/blog\/condenan-a-octogenario-abuelo-por-abusar-de-su-nieta\/","url_meta":{"origin":23841,"position":5},"title":"Condenan a octogenario abuelo por abusar de su nieta","author":"admin","date":"20 junio, 2018","format":false,"excerpt":"Los hechos ocurrieron en Castelli. La pena es en suspenso y fue impuesta en el Tribunal en lo Criminal n\u00ba 1 Departamental en el marco de un juicio abreviado. \u00a0 En el marco de un juicio abreviado la Dra. In\u00e9s Olmedo, actuando como Juez unipersonal del Tribunal en lo Criminal\u2026","rel":"","context":"En \u00abCASTELLI\u00bb","block_context":{"text":"CASTELLI","link":"https:\/\/larevistadigital.com.ar\/blog\/category\/castelli\/"},"img":{"alt_text":"","src":"https:\/\/i0.wp.com\/larevistadigital.com.ar\/blog\/wp-content\/uploads\/2018\/06\/Edificio-Tribunales-700x470.jpg?fit=700%2C470&ssl=1&resize=350%2C200","width":350,"height":200,"srcset":"https:\/\/i0.wp.com\/larevistadigital.com.ar\/blog\/wp-content\/uploads\/2018\/06\/Edificio-Tribunales-700x470.jpg?fit=700%2C470&ssl=1&resize=350%2C200 1x, https:\/\/i0.wp.com\/larevistadigital.com.ar\/blog\/wp-content\/uploads\/2018\/06\/Edificio-Tribunales-700x470.jpg?fit=700%2C470&ssl=1&resize=525%2C300 1.5x, https:\/\/i0.wp.com\/larevistadigital.com.ar\/blog\/wp-content\/uploads\/2018\/06\/Edificio-Tribunales-700x470.jpg?fit=700%2C470&ssl=1&resize=700%2C400 2x"},"classes":[]}],"_links":{"self":[{"href":"https:\/\/larevistadigital.com.ar\/blog\/wp-json\/wp\/v2\/posts\/23841","targetHints":{"allow":["GET"]}}],"collection":[{"href":"https:\/\/larevistadigital.com.ar\/blog\/wp-json\/wp\/v2\/posts"}],"about":[{"href":"https:\/\/larevistadigital.com.ar\/blog\/wp-json\/wp\/v2\/types\/post"}],"author":[{"embeddable":true,"href":"https:\/\/larevistadigital.com.ar\/blog\/wp-json\/wp\/v2\/users\/3"}],"replies":[{"embeddable":true,"href":"https:\/\/larevistadigital.com.ar\/blog\/wp-json\/wp\/v2\/comments?post=23841"}],"version-history":[{"count":1,"href":"https:\/\/larevistadigital.com.ar\/blog\/wp-json\/wp\/v2\/posts\/23841\/revisions"}],"predecessor-version":[{"id":23843,"href":"https:\/\/larevistadigital.com.ar\/blog\/wp-json\/wp\/v2\/posts\/23841\/revisions\/23843"}],"wp:featuredmedia":[{"embeddable":true,"href":"https:\/\/larevistadigital.com.ar\/blog\/wp-json\/wp\/v2\/media\/23842"}],"wp:attachment":[{"href":"https:\/\/larevistadigital.com.ar\/blog\/wp-json\/wp\/v2\/media?parent=23841"}],"wp:term":[{"taxonomy":"category","embeddable":true,"href":"https:\/\/larevistadigital.com.ar\/blog\/wp-json\/wp\/v2\/categories?post=23841"},{"taxonomy":"post_tag","embeddable":true,"href":"https:\/\/larevistadigital.com.ar\/blog\/wp-json\/wp\/v2\/tags?post=23841"}],"curies":[{"name":"wp","href":"https:\/\/api.w.org\/{rel}","templated":true}]}}