{"id":23844,"date":"2022-02-05T01:46:06","date_gmt":"2022-02-05T01:46:06","guid":{"rendered":"https:\/\/larevistadigital.com.ar\/blog\/?p=23844"},"modified":"2022-02-05T01:46:06","modified_gmt":"2022-02-05T01:46:06","slug":"operativo-troya-atrapan-a-dos-traficantes-de-drogas-en-el-partido-de-la-costa","status":"publish","type":"post","link":"https:\/\/larevistadigital.com.ar\/blog\/operativo-troya-atrapan-a-dos-traficantes-de-drogas-en-el-partido-de-la-costa\/","title":{"rendered":"OPERATIVO TROYA: ATRAPAN A DOS TRAFICANTES DE DROGAS EN EL PARTIDO DE LA COSTA"},"content":{"rendered":"<h2 class=\"nota__hero__summary\">La polic\u00eda realiz\u00f3 un importante operativo de investigaci\u00f3n, con trabajo encubierto para no alertar a los investigados.<\/h2>\n<p><strong>PARTIDO DE LA COSTA &#8211;\u00a0<\/strong> En un importante trabajo de investigaci\u00f3n, la Polic\u00eda bonaerense <strong>detuvo a dos sujetos que se dedicaban a la venta de drogas<\/strong>\u00a0en el Partido de La Costa.<\/p>\n<p>Las tareas investigativas estuvieron a cargo de efectivos de la\u00a0<strong>Superintendencia de Investigaciones del Tr\u00e1fico de Drogas<\/strong>\u00a0Il\u00edcitas Delegaci\u00f3n Dolores, junto a personal de\u00a0<strong>Seguridad de la Municipalidad de La Costa<\/strong>\u00a0que colabor\u00f3 con la log\u00edstica con la investigaci\u00f3n.<\/p>\n<blockquote>\n<h3>Los efectivos establecieron que dos hombres conocidos como \u201cEl Diente\u201d Pav\u00f3n y \u201cEl Narig\u00f3n\u201d Arag\u00f3n, desde un asentamiento en la localidad de Mar del Tuy\u00fa,\u00a0<strong>comercializaban drogas y las prove\u00edan a otros dealers.<\/strong><\/h3>\n<\/blockquote>\n<p>Adem\u00e1s, pudieron confirmar que \u201cEl Narig\u00f3n\u201d ten\u00eda un lugar \u201cde ocultamiento, preparaci\u00f3n y fraccionamiento en Santa Teresita\u201d.<\/p>\n<p>Una vez reunidas las pruebas documentales y presentadas a la Ayudante de Fiscal de Estupefacientes, Dra. Karina Galante, la misma a trav\u00e9s de la UFI N\u00b0 3 de Dolores, a cargo del Fiscal Mario P\u00e9rez, gestion\u00f3 las pertinentes\u00a0<strong>\u00f3rdenes de allanamientos<\/strong>.<\/p>\n<blockquote>\n<h3>Seg\u00fan informaron fuentes policiales, el operativo tuvo un<strong>\u00a0planeamiento estrat\u00e9gico denominado \u201cCaballo de Troya\u201d<\/strong>\u00a0con el objetivo poder hacer una vigilancia directa, no alertar a los investigados y, de esta forma, evitar que descarten la droga.<\/h3>\n<\/blockquote>\n<p>Finalmente, los allanamientos arrojaron resultados positivos. La Polic\u00eda secuestr\u00f3\u00a0<strong>\u201cclorhidrato de coca\u00edna en dosis, marihuana en trozos compactos, dinero producto de la venta de las drogas, aparatos de telefon\u00eda celular\u201d<\/strong>, detallaron las fuentes.<\/p>\n<p>Los dos principales investigados quedaron a disposici\u00f3n de la Justicia por el delito de <strong><em>\u201cTenencia de Estupefacientes con Fines de Comercio\u201d.<\/em><\/strong><\/p>\n","protected":false},"excerpt":{"rendered":"<div class=\"mh-excerpt\"><p>La polic\u00eda realiz\u00f3 un importante operativo de investigaci\u00f3n, con trabajo encubierto para no alertar a los investigados. PARTIDO DE LA COSTA &#8211;\u00a0 En un importante trabajo de investigaci\u00f3n, la Polic\u00eda bonaerense detuvo a dos sujetos <a class=\"mh-excerpt-more\" href=\"https:\/\/larevistadigital.com.ar\/blog\/operativo-troya-atrapan-a-dos-traficantes-de-drogas-en-el-partido-de-la-costa\/\" title=\"OPERATIVO TROYA: ATRAPAN A DOS TRAFICANTES DE DROGAS EN EL PARTIDO DE LA COSTA\">[Leer M\u00e1s]<\/a><\/p>\n<\/div>","protected":false},"author":3,"featured_media":23845,"comment_status":"open","ping_status":"open","sticky":false,"template":"","format":"standard","meta":{"_jetpack_memberships_contains_paid_content":false,"footnotes":"","jetpack_publicize_message":"","jetpack_publicize_feature_enabled":true,"jetpack_social_post_already_shared":true,"jetpack_social_options":{"image_generator_settings":{"template":"highway","default_image_id":0,"font":"","enabled":false},"version":2}},"categories":[44,51],"tags":[],"class_list":{"0":"post-23844","1":"post","2":"type-post","3":"status-publish","4":"format-standard","5":"has-post-thumbnail","7":"category-policiales","8":"category-regionales"},"jetpack_publicize_connections":[],"jetpack_featured_media_url":"https:\/\/i0.wp.com\/larevistadigital.com.ar\/blog\/wp-content\/uploads\/a1b10d4122c101af73703aefaaf0b2ceba78d44b.jpeg?fit=1140%2C641&ssl=1","jetpack_sharing_enabled":true,"jetpack_shortlink":"https:\/\/wp.me\/p8qtrQ-6cA","jetpack-related-posts":[{"id":43531,"url":"https:\/\/larevistadigital.com.ar\/blog\/partido-de-la-costa-cayo-ex-barra-de-san-lorenzo-lideraba-una-banda-narco\/","url_meta":{"origin":23844,"position":0},"title":"Partido de la Costa: Cay\u00f3 ex barra de San Lorenzo lideraba una banda narco.","author":"Alejandro Sosa Ruda","date":"22 enero, 2026","format":false,"excerpt":"Tres personas fueron detenidas en el marco del Operativo de Sol a Sol 2026. Entre los aprehendidos se encuentra \u201cEl Cuervo\u201d, se\u00f1alado como l\u00edder de la organizaci\u00f3n y ex integrante de la barra brava de San Lorenzo. 22 de enero de 2026 LA COSTA -\u00a0 \u00a0Luego de una investigaci\u00f3n que\u2026","rel":"","context":"En \u00abPOLICIALES\u00bb","block_context":{"text":"POLICIALES","link":"https:\/\/larevistadigital.com.ar\/blog\/category\/policiales\/"},"img":{"alt_text":"","src":"https:\/\/i0.wp.com\/larevistadigital.com.ar\/blog\/wp-content\/uploads\/48fbb87fe8a3f443ce2b382f0c3a9ac81a08a82e.jpeg?fit=1140%2C681&ssl=1&resize=350%2C200","width":350,"height":200,"srcset":"https:\/\/i0.wp.com\/larevistadigital.com.ar\/blog\/wp-content\/uploads\/48fbb87fe8a3f443ce2b382f0c3a9ac81a08a82e.jpeg?fit=1140%2C681&ssl=1&resize=350%2C200 1x, https:\/\/i0.wp.com\/larevistadigital.com.ar\/blog\/wp-content\/uploads\/48fbb87fe8a3f443ce2b382f0c3a9ac81a08a82e.jpeg?fit=1140%2C681&ssl=1&resize=525%2C300 1.5x, https:\/\/i0.wp.com\/larevistadigital.com.ar\/blog\/wp-content\/uploads\/48fbb87fe8a3f443ce2b382f0c3a9ac81a08a82e.jpeg?fit=1140%2C681&ssl=1&resize=700%2C400 2x, https:\/\/i0.wp.com\/larevistadigital.com.ar\/blog\/wp-content\/uploads\/48fbb87fe8a3f443ce2b382f0c3a9ac81a08a82e.jpeg?fit=1140%2C681&ssl=1&resize=1050%2C600 3x"},"classes":[]},{"id":43843,"url":"https:\/\/larevistadigital.com.ar\/blog\/operativo-antidrogas-en-la-costa-seis-allanamientos-drogas-secuestradas-y-un-detenido\/","url_meta":{"origin":23844,"position":1},"title":"Operativo antidrogas en La Costa: seis allanamientos, drogas secuestradas y un detenido","author":"Alejandro Sosa Ruda","date":"6 febrero, 2026","format":false,"excerpt":"La investigaci\u00f3n \u201cMandale Fruta\u201d desarticul\u00f3 una red que usaba una verduler\u00eda como pantalla para la venta de estupefacientes. 06 de febrero de 2026 LA COSTA\u00a0 -\u00a0 \u00a0 Un importante operativo antidrogas se realiz\u00f3 el jueves por la ma\u00f1ana en el Partido de La Costa, con seis allanamientos simult\u00e1neos en Mar\u2026","rel":"","context":"En \u00abPOLICIALES\u00bb","block_context":{"text":"POLICIALES","link":"https:\/\/larevistadigital.com.ar\/blog\/category\/policiales\/"},"img":{"alt_text":"","src":"https:\/\/i0.wp.com\/larevistadigital.com.ar\/blog\/wp-content\/uploads\/c052fc11c5da6f6f3376db40e1e7abcbd1094711.jpg?fit=1140%2C723&ssl=1&resize=350%2C200","width":350,"height":200,"srcset":"https:\/\/i0.wp.com\/larevistadigital.com.ar\/blog\/wp-content\/uploads\/c052fc11c5da6f6f3376db40e1e7abcbd1094711.jpg?fit=1140%2C723&ssl=1&resize=350%2C200 1x, https:\/\/i0.wp.com\/larevistadigital.com.ar\/blog\/wp-content\/uploads\/c052fc11c5da6f6f3376db40e1e7abcbd1094711.jpg?fit=1140%2C723&ssl=1&resize=525%2C300 1.5x, https:\/\/i0.wp.com\/larevistadigital.com.ar\/blog\/wp-content\/uploads\/c052fc11c5da6f6f3376db40e1e7abcbd1094711.jpg?fit=1140%2C723&ssl=1&resize=700%2C400 2x, https:\/\/i0.wp.com\/larevistadigital.com.ar\/blog\/wp-content\/uploads\/c052fc11c5da6f6f3376db40e1e7abcbd1094711.jpg?fit=1140%2C723&ssl=1&resize=1050%2C600 3x"},"classes":[]},{"id":43200,"url":"https:\/\/larevistadigital.com.ar\/blog\/golpe-al-narcotrafico-en-plena-temporada-secuestraron-drogas-por-mas-de-230-millones-destinadas-a-la-costa-atlantica\/","url_meta":{"origin":23844,"position":2},"title":"Golpe al narcotr\u00e1fico en plena temporada: secuestraron drogas por m\u00e1s de $230 millones destinadas a la Costa Atl\u00e1ntica","author":"Alejandro Sosa Ruda","date":"6 enero, 2026","format":false,"excerpt":"Tras m\u00e1s de seis meses de investigaci\u00f3n, nueve allanamientos simult\u00e1neos en Mar del Plata, Villa Gesell y la Ciudad de Buenos Aires permitieron desarticular una organizaci\u00f3n que abastec\u00eda de estupefacientes a destinos tur\u00edsticos durante el verano. Hay ocho detenidos. 06 de enero de 2026 BUENOS AIRES -\u00a0 \u00a0Un importante operativo\u2026","rel":"","context":"En \u00abPOLICIALES\u00bb","block_context":{"text":"POLICIALES","link":"https:\/\/larevistadigital.com.ar\/blog\/category\/policiales\/"},"img":{"alt_text":"","src":"https:\/\/i0.wp.com\/larevistadigital.com.ar\/blog\/wp-content\/uploads\/Captura-de-pantalla-2026-01-06-200131.jpg?fit=730%2C436&ssl=1&resize=350%2C200","width":350,"height":200,"srcset":"https:\/\/i0.wp.com\/larevistadigital.com.ar\/blog\/wp-content\/uploads\/Captura-de-pantalla-2026-01-06-200131.jpg?fit=730%2C436&ssl=1&resize=350%2C200 1x, https:\/\/i0.wp.com\/larevistadigital.com.ar\/blog\/wp-content\/uploads\/Captura-de-pantalla-2026-01-06-200131.jpg?fit=730%2C436&ssl=1&resize=525%2C300 1.5x, https:\/\/i0.wp.com\/larevistadigital.com.ar\/blog\/wp-content\/uploads\/Captura-de-pantalla-2026-01-06-200131.jpg?fit=730%2C436&ssl=1&resize=700%2C400 2x"},"classes":[]},{"id":27722,"url":"https:\/\/larevistadigital.com.ar\/blog\/desbaratan-banda-narco-que-operaba-en-la-costa-atlantica\/","url_meta":{"origin":23844,"position":3},"title":"DESBARATAN BANDA NARCO QUE OPERABA EN LA COSTA ATL\u00c1NTICA","author":"Alejandro Sosa Ruda","date":"13 septiembre, 2022","format":false,"excerpt":"La investigaci\u00f3n hab\u00eda comenzado a mitad de a\u00f1o con la detenci\u00f3n de una \"mula\" que se dirig\u00eda a Mar de Aj\u00f3. 13 de septiembre de 2022 Una\u00a0banda de narcotraficantes que operaba en la Costa Atl\u00e1ntica\u00a0fue desbaratada en las \u00faltimas horas tras diversos allanamientos en distintos puntos de la provincia de\u2026","rel":"","context":"En \u00abPOLICIALES\u00bb","block_context":{"text":"POLICIALES","link":"https:\/\/larevistadigital.com.ar\/blog\/category\/policiales\/"},"img":{"alt_text":"","src":"https:\/\/i0.wp.com\/larevistadigital.com.ar\/blog\/wp-content\/uploads\/droga-costa.png?fit=807%2C557&ssl=1&resize=350%2C200","width":350,"height":200,"srcset":"https:\/\/i0.wp.com\/larevistadigital.com.ar\/blog\/wp-content\/uploads\/droga-costa.png?fit=807%2C557&ssl=1&resize=350%2C200 1x, https:\/\/i0.wp.com\/larevistadigital.com.ar\/blog\/wp-content\/uploads\/droga-costa.png?fit=807%2C557&ssl=1&resize=525%2C300 1.5x, https:\/\/i0.wp.com\/larevistadigital.com.ar\/blog\/wp-content\/uploads\/droga-costa.png?fit=807%2C557&ssl=1&resize=700%2C400 2x"},"classes":[]},{"id":26101,"url":"https:\/\/larevistadigital.com.ar\/blog\/se-incautaron-drogas-y-hay-imputados-en-la-costa-atlantica\/","url_meta":{"origin":23844,"position":4},"title":"SE INCAUTARON DROGAS Y HAY IMPUTADOS EN LA COSTA ATL\u00c1NTICA","author":"Alejandro Sosa Ruda","date":"26 junio, 2022","format":false,"excerpt":"La delegaci\u00f3n de Drogas Il\u00edcitas de la polic\u00eda realiz\u00f3 diversos operativos durante el fin de semana largo en los partidos de La Costa, Pinamar y Villa Gesell. La delegaci\u00f3n de Dolores del \u00e1rea de Drogas Il\u00edcitas de la polic\u00eda bonaerense realiz\u00f3 durante este \u00faltimo fin de semana largo varios operativos\u2026","rel":"","context":"En \u00abPOLICIALES\u00bb","block_context":{"text":"POLICIALES","link":"https:\/\/larevistadigital.com.ar\/blog\/category\/policiales\/"},"img":{"alt_text":"","src":"https:\/\/i0.wp.com\/larevistadigital.com.ar\/blog\/wp-content\/uploads\/42fa822e5f30f52b43ad2853b9f49f3dfa567e9e.jpg?fit=1140%2C640&ssl=1&resize=350%2C200","width":350,"height":200,"srcset":"https:\/\/i0.wp.com\/larevistadigital.com.ar\/blog\/wp-content\/uploads\/42fa822e5f30f52b43ad2853b9f49f3dfa567e9e.jpg?fit=1140%2C640&ssl=1&resize=350%2C200 1x, https:\/\/i0.wp.com\/larevistadigital.com.ar\/blog\/wp-content\/uploads\/42fa822e5f30f52b43ad2853b9f49f3dfa567e9e.jpg?fit=1140%2C640&ssl=1&resize=525%2C300 1.5x, https:\/\/i0.wp.com\/larevistadigital.com.ar\/blog\/wp-content\/uploads\/42fa822e5f30f52b43ad2853b9f49f3dfa567e9e.jpg?fit=1140%2C640&ssl=1&resize=700%2C400 2x, https:\/\/i0.wp.com\/larevistadigital.com.ar\/blog\/wp-content\/uploads\/42fa822e5f30f52b43ad2853b9f49f3dfa567e9e.jpg?fit=1140%2C640&ssl=1&resize=1050%2C600 3x"},"classes":[]},{"id":40405,"url":"https:\/\/larevistadigital.com.ar\/blog\/golpe-al-narcomenudeo-en-chascomus-dos-detenidos-por-venta-y-distribucion-de-drogas\/","url_meta":{"origin":23844,"position":5},"title":"Golpe al narcomenudeo en Chascom\u00fas: dos detenidos por venta y distribuci\u00f3n de drogas","author":"Alejandro Sosa Ruda","date":"10 julio, 2025","format":false,"excerpt":"Tras una intensa investigaci\u00f3n policial y con apoyo del Centro de Monitoreo local, se desbarat\u00f3 un punto de venta de estupefacientes en la ciudad. Hubo allanamientos simult\u00e1neos, secuestro de drogas y elementos clave para la causa. 10 de Julio de 2025 CHASCOM\u00daS -\u00a0 \u00a0Una investigaci\u00f3n judicial por comercializaci\u00f3n de estupefacientes\u2026","rel":"","context":"En \u00abDESTACADAS\u00bb","block_context":{"text":"DESTACADAS","link":"https:\/\/larevistadigital.com.ar\/blog\/category\/destacadas\/"},"img":{"alt_text":"","src":"https:\/\/i0.wp.com\/larevistadigital.com.ar\/blog\/wp-content\/uploads\/WhatsApp-Image-2025-07-10-at-16.16.07.jpeg?fit=1200%2C675&ssl=1&resize=350%2C200","width":350,"height":200,"srcset":"https:\/\/i0.wp.com\/larevistadigital.com.ar\/blog\/wp-content\/uploads\/WhatsApp-Image-2025-07-10-at-16.16.07.jpeg?fit=1200%2C675&ssl=1&resize=350%2C200 1x, https:\/\/i0.wp.com\/larevistadigital.com.ar\/blog\/wp-content\/uploads\/WhatsApp-Image-2025-07-10-at-16.16.07.jpeg?fit=1200%2C675&ssl=1&resize=525%2C300 1.5x, https:\/\/i0.wp.com\/larevistadigital.com.ar\/blog\/wp-content\/uploads\/WhatsApp-Image-2025-07-10-at-16.16.07.jpeg?fit=1200%2C675&ssl=1&resize=700%2C400 2x, https:\/\/i0.wp.com\/larevistadigital.com.ar\/blog\/wp-content\/uploads\/WhatsApp-Image-2025-07-10-at-16.16.07.jpeg?fit=1200%2C675&ssl=1&resize=1050%2C600 3x"},"classes":[]}],"_links":{"self":[{"href":"https:\/\/larevistadigital.com.ar\/blog\/wp-json\/wp\/v2\/posts\/23844","targetHints":{"allow":["GET"]}}],"collection":[{"href":"https:\/\/larevistadigital.com.ar\/blog\/wp-json\/wp\/v2\/posts"}],"about":[{"href":"https:\/\/larevistadigital.com.ar\/blog\/wp-json\/wp\/v2\/types\/post"}],"author":[{"embeddable":true,"href":"https:\/\/larevistadigital.com.ar\/blog\/wp-json\/wp\/v2\/users\/3"}],"replies":[{"embeddable":true,"href":"https:\/\/larevistadigital.com.ar\/blog\/wp-json\/wp\/v2\/comments?post=23844"}],"version-history":[{"count":1,"href":"https:\/\/larevistadigital.com.ar\/blog\/wp-json\/wp\/v2\/posts\/23844\/revisions"}],"predecessor-version":[{"id":23846,"href":"https:\/\/larevistadigital.com.ar\/blog\/wp-json\/wp\/v2\/posts\/23844\/revisions\/23846"}],"wp:featuredmedia":[{"embeddable":true,"href":"https:\/\/larevistadigital.com.ar\/blog\/wp-json\/wp\/v2\/media\/23845"}],"wp:attachment":[{"href":"https:\/\/larevistadigital.com.ar\/blog\/wp-json\/wp\/v2\/media?parent=23844"}],"wp:term":[{"taxonomy":"category","embeddable":true,"href":"https:\/\/larevistadigital.com.ar\/blog\/wp-json\/wp\/v2\/categories?post=23844"},{"taxonomy":"post_tag","embeddable":true,"href":"https:\/\/larevistadigital.com.ar\/blog\/wp-json\/wp\/v2\/tags?post=23844"}],"curies":[{"name":"wp","href":"https:\/\/api.w.org\/{rel}","templated":true}]}}