{"id":23847,"date":"2022-02-05T01:56:08","date_gmt":"2022-02-05T01:56:08","guid":{"rendered":"https:\/\/larevistadigital.com.ar\/blog\/?p=23847"},"modified":"2022-02-05T01:56:08","modified_gmt":"2022-02-05T01:56:08","slug":"dolores-detienen-a-un-hombre-que-viajaba-a-gral-lavalle-con-medio-kilo-de-cocaina","status":"publish","type":"post","link":"https:\/\/larevistadigital.com.ar\/blog\/dolores-detienen-a-un-hombre-que-viajaba-a-gral-lavalle-con-medio-kilo-de-cocaina\/","title":{"rendered":"DOLORES: DETIENEN A UN HOMBRE QUE VIAJABA A GRAL. LAVALLE CON MEDIO KILO DE COCA\u00cdNA"},"content":{"rendered":"<h2 class=\"nota__hero__summary\">Fue interceptado mientras circulaba con su auto por la Ruta 63, a la altura del kil\u00f3metro 0. Ten\u00eda 475,5 gramos de clorhidrato de coca\u00edna discriminados en 50 envoltorios de distinto peso.<\/h2>\n<p>Esta madrugada, fue interceptado un veh\u00edculo de un hombre que llevaba droga mientras circulaba por la\u00a0<strong>Ruta 63<\/strong>, a la altura del kil\u00f3metro 0, en jurisdicci\u00f3n del partido de\u00a0<strong>Dolores<\/strong>.<\/p>\n<blockquote>\n<h3>El auto en cuesti\u00f3n era un\u00a0<strong>VW Gol<\/strong>\u00a0y era conducido por un hombre de 56 a\u00f1os oriundo de la localidad de\u00a0<strong>San Mart\u00edn (Gran Buenos Aires)<\/strong>, que ten\u00eda como destino la ciudad de\u00a0<strong>General Lavalle<\/strong>.<\/h3>\n<\/blockquote>\n<p>Al revisar el autom\u00f3vil, el personal de la\u00a0<strong>Polic\u00eda Vial\u00a0<\/strong>encontr\u00f3\u00a0<strong>475,5 gramos de clorhidrato de coca\u00edna\u00a0<\/strong>discriminados en\u00a0<strong>50 envoltorios<\/strong>\u00a0de distinto peso.<\/p>\n<blockquote>\n<h3>\u00a0Adem\u00e1s, secuestraron 2 tel\u00e9fonos m\u00f3viles, 1 unidad de almacenamiento (pendrive), 1 balanza de precisi\u00f3n, 1 escudo metalizado con la inscripci\u00f3n \u00abPolic\u00eda de la Provincia de Buenos Aires\u00bb,\u00a0 la suma de $ 15.250 y 2 d\u00f3lares.<\/h3>\n<\/blockquote>\n<p>A ra\u00edz de estos hallazgos, el sujeto qued\u00f3 detenido incomunicado y a disposici\u00f3n del Juzgado Federal de Dolores.<\/p>\n","protected":false},"excerpt":{"rendered":"<div class=\"mh-excerpt\"><p>Fue interceptado mientras circulaba con su auto por la Ruta 63, a la altura del kil\u00f3metro 0. Ten\u00eda 475,5 gramos de clorhidrato de coca\u00edna discriminados en 50 envoltorios de distinto peso. Esta madrugada, fue interceptado <a class=\"mh-excerpt-more\" href=\"https:\/\/larevistadigital.com.ar\/blog\/dolores-detienen-a-un-hombre-que-viajaba-a-gral-lavalle-con-medio-kilo-de-cocaina\/\" title=\"DOLORES: DETIENEN A UN HOMBRE QUE VIAJABA A GRAL. LAVALLE CON MEDIO KILO DE COCA\u00cdNA\">[Leer M\u00e1s]<\/a><\/p>\n<\/div>","protected":false},"author":3,"featured_media":23848,"comment_status":"open","ping_status":"open","sticky":false,"template":"","format":"standard","meta":{"_jetpack_memberships_contains_paid_content":false,"footnotes":"","jetpack_publicize_message":"","jetpack_publicize_feature_enabled":true,"jetpack_social_post_already_shared":true,"jetpack_social_options":{"image_generator_settings":{"template":"highway","default_image_id":0,"font":"","enabled":false},"version":2}},"categories":[43,51],"tags":[],"class_list":{"0":"post-23847","1":"post","2":"type-post","3":"status-publish","4":"format-standard","5":"has-post-thumbnail","7":"category-dolores","8":"category-regionales"},"jetpack_publicize_connections":[],"jetpack_featured_media_url":"https:\/\/i0.wp.com\/larevistadigital.com.ar\/blog\/wp-content\/uploads\/816e5014569c5124203c4e4b62659a9efc0aae61.jpg?fit=1140%2C686&ssl=1","jetpack_sharing_enabled":true,"jetpack_shortlink":"https:\/\/wp.me\/p8qtrQ-6cD","jetpack-related-posts":[{"id":42768,"url":"https:\/\/larevistadigital.com.ar\/blog\/secuestran-marihuana-cocaina-y-metanfetamina-en-un-operativo-sobre-ruta-2-dos-personas-oriundas-de-dolores-quedaron-aprehendidas-tras-un-control-vehicular-en-el-km-125\/","url_meta":{"origin":23847,"position":0},"title":"Secuestran marihuana, coca\u00edna y metanfetamina en un operativo sobre Ruta 2 Dos personas oriundas de Dolores quedaron aprehendidas tras un control vehicular en el km 125.","author":"Alejandro Sosa Ruda","date":"5 diciembre, 2025","format":false,"excerpt":"Autoridades policiales informaron que, durante un operativo de Interceptaci\u00f3n Vehicular Selectiva realizado este jueves sobre la Ruta 2 \u2014a la altura del kil\u00f3metro 125\u2014 personal de Polic\u00eda Vial Chascom\u00fas junto a efectivos de la Estaci\u00f3n de Polic\u00eda Comunal detuvo la marcha de un Volkswagen Gol Trend ocupado por un hombre\u2026","rel":"","context":"En \u00abDESTACADAS\u00bb","block_context":{"text":"DESTACADAS","link":"https:\/\/larevistadigital.com.ar\/blog\/category\/destacadas\/"},"img":{"alt_text":"","src":"https:\/\/i0.wp.com\/larevistadigital.com.ar\/blog\/wp-content\/uploads\/WhatsApp-Image-2025-12-05-at-10.25.33.jpeg?fit=1200%2C1196&ssl=1&resize=350%2C200","width":350,"height":200,"srcset":"https:\/\/i0.wp.com\/larevistadigital.com.ar\/blog\/wp-content\/uploads\/WhatsApp-Image-2025-12-05-at-10.25.33.jpeg?fit=1200%2C1196&ssl=1&resize=350%2C200 1x, https:\/\/i0.wp.com\/larevistadigital.com.ar\/blog\/wp-content\/uploads\/WhatsApp-Image-2025-12-05-at-10.25.33.jpeg?fit=1200%2C1196&ssl=1&resize=525%2C300 1.5x, https:\/\/i0.wp.com\/larevistadigital.com.ar\/blog\/wp-content\/uploads\/WhatsApp-Image-2025-12-05-at-10.25.33.jpeg?fit=1200%2C1196&ssl=1&resize=700%2C400 2x, https:\/\/i0.wp.com\/larevistadigital.com.ar\/blog\/wp-content\/uploads\/WhatsApp-Image-2025-12-05-at-10.25.33.jpeg?fit=1200%2C1196&ssl=1&resize=1050%2C600 3x"},"classes":[]},{"id":10768,"url":"https:\/\/larevistadigital.com.ar\/blog\/policia-detiene-a-individuo-con-80-envoltorios-de-cocaina\/","url_meta":{"origin":23847,"position":1},"title":"POLIC\u00cdA DETIENE A INDIVIDUO CON 80 ENVOLTORIOS DE COCA\u00cdNA","author":"Alejandro Sosa Ruda","date":"25 junio, 2019","format":false,"excerpt":"Un llamado al 911 que denunci\u00f3 la presencia de varias personas comercializando estupefacientes en el barrio Don Emilio de Mar del Plata fue aprehendido en las \u00faltimas horas por personal policial luego de descubrir que\u00a0ten\u00eda 80 envoltorios de coca\u00edna en su poder.\u00a0En el marco de una causa penal qued\u00f3 alojado\u2026","rel":"","context":"En \u00abPOLICIALES\u00bb","block_context":{"text":"POLICIALES","link":"https:\/\/larevistadigital.com.ar\/blog\/category\/policiales\/"},"img":{"alt_text":"","src":"https:\/\/i0.wp.com\/larevistadigital.com.ar\/blog\/wp-content\/uploads\/1561462023036.jpeg?fit=960%2C585&ssl=1&resize=350%2C200","width":350,"height":200,"srcset":"https:\/\/i0.wp.com\/larevistadigital.com.ar\/blog\/wp-content\/uploads\/1561462023036.jpeg?fit=960%2C585&ssl=1&resize=350%2C200 1x, https:\/\/i0.wp.com\/larevistadigital.com.ar\/blog\/wp-content\/uploads\/1561462023036.jpeg?fit=960%2C585&ssl=1&resize=525%2C300 1.5x, https:\/\/i0.wp.com\/larevistadigital.com.ar\/blog\/wp-content\/uploads\/1561462023036.jpeg?fit=960%2C585&ssl=1&resize=700%2C400 2x"},"classes":[]},{"id":41703,"url":"https:\/\/larevistadigital.com.ar\/blog\/chascomus-un-hombre-fue-detenido-tras-tiroteo-y-persecucion\/","url_meta":{"origin":23847,"position":2},"title":"Chascom\u00fas: Un hombre fue detenido tras tiroteo y persecuci\u00f3n","author":"Alejandro Sosa Ruda","date":"2 octubre, 2025","format":false,"excerpt":"El individuo portaba un arma con pedido de secuestro y llevaba coca\u00edna fraccionada. Qued\u00f3 detenido por m\u00faltiples delitos. 02 de Octubre de 2025 CHASCOM\u00daS -\u00a0 \u00a0Un operativo policial desarrollado en la madrugada de este jueves en Chascom\u00fas termin\u00f3 con la detenci\u00f3n de un hombre armado, luego de una persecuci\u00f3n y\u2026","rel":"","context":"En \u00abDESTACADAS\u00bb","block_context":{"text":"DESTACADAS","link":"https:\/\/larevistadigital.com.ar\/blog\/category\/destacadas\/"},"img":{"alt_text":"","src":"https:\/\/i0.wp.com\/larevistadigital.com.ar\/blog\/wp-content\/uploads\/WhatsApp-Image-2025-10-02-at-20.20.27.jpg?fit=996%2C1200&ssl=1&resize=350%2C200","width":350,"height":200,"srcset":"https:\/\/i0.wp.com\/larevistadigital.com.ar\/blog\/wp-content\/uploads\/WhatsApp-Image-2025-10-02-at-20.20.27.jpg?fit=996%2C1200&ssl=1&resize=350%2C200 1x, https:\/\/i0.wp.com\/larevistadigital.com.ar\/blog\/wp-content\/uploads\/WhatsApp-Image-2025-10-02-at-20.20.27.jpg?fit=996%2C1200&ssl=1&resize=525%2C300 1.5x, https:\/\/i0.wp.com\/larevistadigital.com.ar\/blog\/wp-content\/uploads\/WhatsApp-Image-2025-10-02-at-20.20.27.jpg?fit=996%2C1200&ssl=1&resize=700%2C400 2x"},"classes":[]},{"id":32892,"url":"https:\/\/larevistadigital.com.ar\/blog\/ruta-2-choco-contra-una-vaca-y-se-salvo\/","url_meta":{"origin":23847,"position":3},"title":"RUTA 2: CHOC\u00d3 CONTRA UNA VACA Y SE SALV\u00d3","author":"Alejandro Sosa Ruda","date":"16 agosto, 2023","format":false,"excerpt":"Si bien el veh\u00edculo sufri\u00f3 da\u00f1os de consideraci\u00f3n, el conductor salv\u00f3 su vida y no result\u00f3 herido. 16 de agosto de 2023 DOLORES -\u00a0 Un impactante accidente\u00a0tuvo lugar en la\u00a0ruta 2\u00a0cuando un hombre que circulaba en una camioneta\u00a0choc\u00f3 contra un animal\u00a0vacuno. Todo ocurri\u00f3 a la altura del kil\u00f3metro 218, en\u2026","rel":"","context":"En \u00abSin categor\u00eda\u00bb","block_context":{"text":"Sin categor\u00eda","link":"https:\/\/larevistadigital.com.ar\/blog\/category\/sin-categoria\/"},"img":{"alt_text":"","src":"https:\/\/i0.wp.com\/larevistadigital.com.ar\/blog\/wp-content\/uploads\/VUELCO-EN-DOLORES.jpeg?fit=1140%2C636&ssl=1&resize=350%2C200","width":350,"height":200,"srcset":"https:\/\/i0.wp.com\/larevistadigital.com.ar\/blog\/wp-content\/uploads\/VUELCO-EN-DOLORES.jpeg?fit=1140%2C636&ssl=1&resize=350%2C200 1x, https:\/\/i0.wp.com\/larevistadigital.com.ar\/blog\/wp-content\/uploads\/VUELCO-EN-DOLORES.jpeg?fit=1140%2C636&ssl=1&resize=525%2C300 1.5x, https:\/\/i0.wp.com\/larevistadigital.com.ar\/blog\/wp-content\/uploads\/VUELCO-EN-DOLORES.jpeg?fit=1140%2C636&ssl=1&resize=700%2C400 2x, https:\/\/i0.wp.com\/larevistadigital.com.ar\/blog\/wp-content\/uploads\/VUELCO-EN-DOLORES.jpeg?fit=1140%2C636&ssl=1&resize=1050%2C600 3x"},"classes":[]},{"id":16765,"url":"https:\/\/larevistadigital.com.ar\/blog\/hombre-muere-atropellado-al-cruzar-la-ruta-226\/","url_meta":{"origin":23847,"position":4},"title":"HOMBRE MUERE ATROPELLADO AL CRUZAR LA RUTA 226","author":"Alejandro Sosa Ruda","date":"5 octubre, 2020","format":false,"excerpt":"Un\u00a0hombre muri\u00f3\u00a0tras ser atropellado ayer a la noche en la\u00a0Ruta 226\u00a0mientras intentaba cruzar de v\u00eda en busca de ayuda luego de que su auto sufriera un desperfecto t\u00e9cnico. El hecho se registr\u00f3\u00a0cerca de las 23\u00a0a la altura del\u00a0kil\u00f3metro 8\u00a0de la Ruta 226, cuando un auto que circulaba hacia\u00a0Balcarce\u00a0sufri\u00f3 alg\u00fan tipo\u2026","rel":"","context":"En \u00abREGIONALES\u00bb","block_context":{"text":"REGIONALES","link":"https:\/\/larevistadigital.com.ar\/blog\/category\/regionales\/"},"img":{"alt_text":"","src":"https:\/\/i0.wp.com\/larevistadigital.com.ar\/blog\/wp-content\/uploads\/Screenshot_3-50.jpg?fit=1005%2C656&ssl=1&resize=350%2C200","width":350,"height":200,"srcset":"https:\/\/i0.wp.com\/larevistadigital.com.ar\/blog\/wp-content\/uploads\/Screenshot_3-50.jpg?fit=1005%2C656&ssl=1&resize=350%2C200 1x, https:\/\/i0.wp.com\/larevistadigital.com.ar\/blog\/wp-content\/uploads\/Screenshot_3-50.jpg?fit=1005%2C656&ssl=1&resize=525%2C300 1.5x, https:\/\/i0.wp.com\/larevistadigital.com.ar\/blog\/wp-content\/uploads\/Screenshot_3-50.jpg?fit=1005%2C656&ssl=1&resize=700%2C400 2x"},"classes":[]},{"id":42743,"url":"https:\/\/larevistadigital.com.ar\/blog\/secuestran-casi-un-kilo-de-cocaina-en-un-control-sobre-ruta-11-un-detenido-y-droga-valuada-en-30-millones\/","url_meta":{"origin":23847,"position":5},"title":"Secuestran casi un kilo de coca\u00edna en un control sobre Ruta 11: un detenido y droga valuada en $30 millones","author":"Alejandro Sosa Ruda","date":"3 diciembre, 2025","format":false,"excerpt":"El operativo se realiz\u00f3 en el acceso norte del Partido de La Costa. La droga estaba oculta en un veh\u00edculo que ingresaba a San Clemente. El conductor qued\u00f3 aprehendido. Un importante operativo antidrogas se llev\u00f3 adelante este mi\u00e9rcoles en el kil\u00f3metro 308 de la Ruta 11, en San Clemente del\u2026","rel":"","context":"En \u00abSin categor\u00eda\u00bb","block_context":{"text":"Sin categor\u00eda","link":"https:\/\/larevistadigital.com.ar\/blog\/category\/sin-categoria\/"},"img":{"alt_text":"","src":"https:\/\/i0.wp.com\/larevistadigital.com.ar\/blog\/wp-content\/uploads\/b6fa371174c28234f9e0c8fa1471c27bc95297fd.jpeg?fit=1140%2C731&ssl=1&resize=350%2C200","width":350,"height":200,"srcset":"https:\/\/i0.wp.com\/larevistadigital.com.ar\/blog\/wp-content\/uploads\/b6fa371174c28234f9e0c8fa1471c27bc95297fd.jpeg?fit=1140%2C731&ssl=1&resize=350%2C200 1x, https:\/\/i0.wp.com\/larevistadigital.com.ar\/blog\/wp-content\/uploads\/b6fa371174c28234f9e0c8fa1471c27bc95297fd.jpeg?fit=1140%2C731&ssl=1&resize=525%2C300 1.5x, https:\/\/i0.wp.com\/larevistadigital.com.ar\/blog\/wp-content\/uploads\/b6fa371174c28234f9e0c8fa1471c27bc95297fd.jpeg?fit=1140%2C731&ssl=1&resize=700%2C400 2x, https:\/\/i0.wp.com\/larevistadigital.com.ar\/blog\/wp-content\/uploads\/b6fa371174c28234f9e0c8fa1471c27bc95297fd.jpeg?fit=1140%2C731&ssl=1&resize=1050%2C600 3x"},"classes":[]}],"_links":{"self":[{"href":"https:\/\/larevistadigital.com.ar\/blog\/wp-json\/wp\/v2\/posts\/23847","targetHints":{"allow":["GET"]}}],"collection":[{"href":"https:\/\/larevistadigital.com.ar\/blog\/wp-json\/wp\/v2\/posts"}],"about":[{"href":"https:\/\/larevistadigital.com.ar\/blog\/wp-json\/wp\/v2\/types\/post"}],"author":[{"embeddable":true,"href":"https:\/\/larevistadigital.com.ar\/blog\/wp-json\/wp\/v2\/users\/3"}],"replies":[{"embeddable":true,"href":"https:\/\/larevistadigital.com.ar\/blog\/wp-json\/wp\/v2\/comments?post=23847"}],"version-history":[{"count":1,"href":"https:\/\/larevistadigital.com.ar\/blog\/wp-json\/wp\/v2\/posts\/23847\/revisions"}],"predecessor-version":[{"id":23849,"href":"https:\/\/larevistadigital.com.ar\/blog\/wp-json\/wp\/v2\/posts\/23847\/revisions\/23849"}],"wp:featuredmedia":[{"embeddable":true,"href":"https:\/\/larevistadigital.com.ar\/blog\/wp-json\/wp\/v2\/media\/23848"}],"wp:attachment":[{"href":"https:\/\/larevistadigital.com.ar\/blog\/wp-json\/wp\/v2\/media?parent=23847"}],"wp:term":[{"taxonomy":"category","embeddable":true,"href":"https:\/\/larevistadigital.com.ar\/blog\/wp-json\/wp\/v2\/categories?post=23847"},{"taxonomy":"post_tag","embeddable":true,"href":"https:\/\/larevistadigital.com.ar\/blog\/wp-json\/wp\/v2\/tags?post=23847"}],"curies":[{"name":"wp","href":"https:\/\/api.w.org\/{rel}","templated":true}]}}