{"id":23851,"date":"2022-02-07T00:20:12","date_gmt":"2022-02-07T00:20:12","guid":{"rendered":"https:\/\/larevistadigital.com.ar\/blog\/?p=23851"},"modified":"2022-02-07T00:22:09","modified_gmt":"2022-02-07T00:22:09","slug":"el-merendero-los-chicos-agradecio-a-la-bancaria-de-chascomus-y-al-dirigente-andres-messina-por-una-donacion","status":"publish","type":"post","link":"https:\/\/larevistadigital.com.ar\/blog\/el-merendero-los-chicos-agradecio-a-la-bancaria-de-chascomus-y-al-dirigente-andres-messina-por-una-donacion\/","title":{"rendered":"EL \u00abMERENDERO LOS CHICOS\u00bb AGRADECI\u00d3 A LA BANCARIA DE CHASCOM\u00daS Y AL DIRIGENTE ANDR\u00c9S MESSINA POR UNA DONACI\u00d3N"},"content":{"rendered":"<p><strong>CHASCOM\u00daS &#8211;\u00a0<\/strong> El <strong>\u00abMerendero Los Chicos\u00bb<\/strong> hizo una publicaci\u00f3n en su p\u00e1gina de Facebook, para agradecer a la Seccional Chascom\u00fas de la Asociaci\u00f3n Bancaria, por una donaci\u00f3n que recibieron, donde adem\u00e1s resalta la figura del secretario general adjunto de la misma, el<strong> \u00abColo\u00bb Andr\u00e9s Messina.<\/strong><\/p>\n<blockquote>\n<h3>La publicaci\u00f3n expresa <em><strong>\u00abHolaaa a todos queremos agradecer a la Bancaria Chascom\u00fas por La donaci\u00f3n de mesas y sillas muy lindo muchas gracias por el gesto que tuvieron con <a class=\"oajrlxb2 g5ia77u1 qu0x051f esr5mh6w e9989ue4 r7d6kgcz rq0escxv nhd2j8a9 nc684nl6 p7hjln8o kvgmc6g5 cxmmr5t8 oygrvhab hcukyx3x jb3vyjys rz4wbd8a qt6c0cv9 a8nywdso i1ao9s8h esuyzwwr f1sip0of lzcic4wl gpro0wi8 q66pz984 b1v8xokw\" role=\"link\" href=\"https:\/\/www.facebook.com\/merendero.loschicos.7?__cft__[0]=AZVsSVSm3cnxn6h94fcKMo_b5WAHtsEaLY-aflVD6qN55LqmPXn8R9f_MsNVPuFwZWCGuyZbo2AFVRdv3-3g6m9vmw1UohZ0I74RxMsLRnqCpFawNFoAfbe0FAA0fY165H0&amp;__tn__=-]K-R\"><span class=\"nc684nl6\">Merendero Los Chicos<\/span><\/a> gracias <a class=\"oajrlxb2 g5ia77u1 qu0x051f esr5mh6w e9989ue4 r7d6kgcz rq0escxv nhd2j8a9 nc684nl6 p7hjln8o kvgmc6g5 cxmmr5t8 oygrvhab hcukyx3x jb3vyjys rz4wbd8a qt6c0cv9 a8nywdso i1ao9s8h esuyzwwr f1sip0of lzcic4wl gpro0wi8 q66pz984 b1v8xokw\" role=\"link\" href=\"https:\/\/www.facebook.com\/andres.messina1?__cft__[0]=AZVsSVSm3cnxn6h94fcKMo_b5WAHtsEaLY-aflVD6qN55LqmPXn8R9f_MsNVPuFwZWCGuyZbo2AFVRdv3-3g6m9vmw1UohZ0I74RxMsLRnqCpFawNFoAfbe0FAA0fY165H0&amp;__tn__=-]K-R\"><span class=\"nc684nl6\">Andres Messina<\/span><\/a>\u00ab<\/strong><\/em><\/h3>\n<\/blockquote>\n<p>De esta manera, nos sumamos a resaltar un hecho que es para imitar: Colaborar con quienes ayudan a los que menos tienen, una tarea que siempre hacen, aunque desde las sombras nuestros vecinos de la Bancaria.<\/p>\n<p>Ellos aprovecharon el recambio de mesas y sillas en el Sal\u00f3n del Sindicato, para donar las anteriores a distintos merenderos de Chascom\u00fas.<\/p>\n<p>\u00a1Felicitaciones!<\/p>\n<p>&nbsp;<\/p>\n","protected":false},"excerpt":{"rendered":"<div class=\"mh-excerpt\"><p>CHASCOM\u00daS &#8211;\u00a0 El \u00abMerendero Los Chicos\u00bb hizo una publicaci\u00f3n en su p\u00e1gina de Facebook, para agradecer a la Seccional Chascom\u00fas de la Asociaci\u00f3n Bancaria, por una donaci\u00f3n que recibieron, donde adem\u00e1s resalta la figura del <a class=\"mh-excerpt-more\" href=\"https:\/\/larevistadigital.com.ar\/blog\/el-merendero-los-chicos-agradecio-a-la-bancaria-de-chascomus-y-al-dirigente-andres-messina-por-una-donacion\/\" title=\"EL \u00abMERENDERO LOS CHICOS\u00bb AGRADECI\u00d3 A LA BANCARIA DE CHASCOM\u00daS Y AL DIRIGENTE ANDR\u00c9S MESSINA POR UNA DONACI\u00d3N\">[Leer M\u00e1s]<\/a><\/p>\n<\/div>","protected":false},"author":3,"featured_media":23852,"comment_status":"open","ping_status":"open","sticky":false,"template":"","format":"standard","meta":{"_jetpack_memberships_contains_paid_content":false,"footnotes":"","jetpack_publicize_message":"","jetpack_publicize_feature_enabled":true,"jetpack_social_post_already_shared":true,"jetpack_social_options":{"image_generator_settings":{"template":"highway","default_image_id":0,"font":"","enabled":false},"version":2}},"categories":[6],"tags":[],"class_list":{"0":"post-23851","1":"post","2":"type-post","3":"status-publish","4":"format-standard","5":"has-post-thumbnail","7":"category-chascomus"},"jetpack_publicize_connections":[],"jetpack_featured_media_url":"https:\/\/i0.wp.com\/larevistadigital.com.ar\/blog\/wp-content\/uploads\/273302365_267623518813507_5072451784698434726_n.jpg?fit=2048%2C1536&ssl=1","jetpack_sharing_enabled":true,"jetpack_shortlink":"https:\/\/wp.me\/p8qtrQ-6cH","jetpack-related-posts":[{"id":27883,"url":"https:\/\/larevistadigital.com.ar\/blog\/bahia-blanca-el-merendero-corazones-solidarios-recibio-la-donacion-de-una-camioneta\/","url_meta":{"origin":23851,"position":0},"title":"BAH\u00cdA BLANCA: EL MERENDERO \u00abCORAZONES SOLIDARIOS\u00bb RECIBI\u00d3 LA DONACI\u00d3N DE UNA CAMIONETA","author":"Alejandro Sosa Ruda","date":"19 septiembre, 2022","format":false,"excerpt":"Paola Vergara public\u00f3 en sus redes el agradecimiento a quienes hicieron la donaci\u00f3n del veh\u00edculo para el Merendero, cumpliendo as\u00ed con una necesidad que seg\u00fan dicen algunos habr\u00eda sido una promesa incumplida del referente del FPV. 19 de septiembre de 2022 BAH\u00cdA BLANCA -\u00a0 Desde la red social Facebook, la\u2026","rel":"","context":"En \u00abSOCIEDAD\u00bb","block_context":{"text":"SOCIEDAD","link":"https:\/\/larevistadigital.com.ar\/blog\/category\/sociedad\/"},"img":{"alt_text":"","src":"https:\/\/i0.wp.com\/larevistadigital.com.ar\/blog\/wp-content\/uploads\/WhatsApp-Image-2022-09-19-at-15.10.09.jpeg?fit=720%2C309&ssl=1&resize=350%2C200","width":350,"height":200,"srcset":"https:\/\/i0.wp.com\/larevistadigital.com.ar\/blog\/wp-content\/uploads\/WhatsApp-Image-2022-09-19-at-15.10.09.jpeg?fit=720%2C309&ssl=1&resize=350%2C200 1x, https:\/\/i0.wp.com\/larevistadigital.com.ar\/blog\/wp-content\/uploads\/WhatsApp-Image-2022-09-19-at-15.10.09.jpeg?fit=720%2C309&ssl=1&resize=525%2C300 1.5x, https:\/\/i0.wp.com\/larevistadigital.com.ar\/blog\/wp-content\/uploads\/WhatsApp-Image-2022-09-19-at-15.10.09.jpeg?fit=720%2C309&ssl=1&resize=700%2C400 2x"},"classes":[]},{"id":23721,"url":"https:\/\/larevistadigital.com.ar\/blog\/incluye-galeria-de-fotos-la-bancaria-de-chascomus-nuevo-sum-para-un-gremio-ejemplar\/","url_meta":{"origin":23851,"position":1},"title":"[INCLUYE GALER\u00cdA DE FOTOS] LA BANCARIA DE CHASCOM\u00daS, NUEVO SUM PARA UN GREMIO EJEMPLAR","author":"Alejandro Sosa Ruda","date":"1 febrero, 2022","format":false,"excerpt":"CHASCOM\u00daS -\u00a0\u00a0Luego del azote de una pandemia que ha afectado a todo y todos de alguna u otra manera, el sindicato de los empleados bancarios, La Bancaria, sigue dando muestras de gesti\u00f3n, y esto se refleja en las distintas sedes que posee a lo ancho y largo de todo el\u2026","rel":"","context":"En \u00abDESTACADAS\u00bb","block_context":{"text":"DESTACADAS","link":"https:\/\/larevistadigital.com.ar\/blog\/category\/destacadas\/"},"img":{"alt_text":"","src":"https:\/\/i0.wp.com\/larevistadigital.com.ar\/blog\/wp-content\/uploads\/WhatsApp-Image-2022-01-31-at-11.07.58-1.jpeg?fit=1200%2C894&ssl=1&resize=350%2C200","width":350,"height":200,"srcset":"https:\/\/i0.wp.com\/larevistadigital.com.ar\/blog\/wp-content\/uploads\/WhatsApp-Image-2022-01-31-at-11.07.58-1.jpeg?fit=1200%2C894&ssl=1&resize=350%2C200 1x, https:\/\/i0.wp.com\/larevistadigital.com.ar\/blog\/wp-content\/uploads\/WhatsApp-Image-2022-01-31-at-11.07.58-1.jpeg?fit=1200%2C894&ssl=1&resize=525%2C300 1.5x, https:\/\/i0.wp.com\/larevistadigital.com.ar\/blog\/wp-content\/uploads\/WhatsApp-Image-2022-01-31-at-11.07.58-1.jpeg?fit=1200%2C894&ssl=1&resize=700%2C400 2x, https:\/\/i0.wp.com\/larevistadigital.com.ar\/blog\/wp-content\/uploads\/WhatsApp-Image-2022-01-31-at-11.07.58-1.jpeg?fit=1200%2C894&ssl=1&resize=1050%2C600 3x"},"classes":[]},{"id":26147,"url":"https:\/\/larevistadigital.com.ar\/blog\/importante-iniciativa-de-la-pena-de-boca-chino-benitez-de-chascomus-para-la-donacion-de-sangre\/","url_meta":{"origin":23851,"position":2},"title":"IMPORTANTE INICIATIVA DE LA PE\u00d1A DE BOCA \u00abCHINO BENITEZ DE CHASCOM\u00daS PARA LA DONACI\u00d3N DE SANGRE","author":"Alejandro Sosa Ruda","date":"27 junio, 2022","format":false,"excerpt":"CHASCOM\u00daS -\u00a0\u00a0Desde la Pe\u00f1a de Boca Juniors \"Jorge Chino Benitez\" se est\u00e1 organizando una campa\u00f1a de donaci\u00f3n de sangre para colaborar y crear consciencia de la importancia de este acto solidario que tambi\u00e9n sirve para salvar vidas. As\u00ed nos lo hizo saber el Secretario de la misma. Andr\u00e9s Messina, expresando\u2026","rel":"","context":"En \u00abINTERES GENERAL\u00bb","block_context":{"text":"INTERES GENERAL","link":"https:\/\/larevistadigital.com.ar\/blog\/category\/interes-general\/"},"img":{"alt_text":"","src":"https:\/\/i0.wp.com\/larevistadigital.com.ar\/blog\/wp-content\/uploads\/WhatsApp-Image-2022-06-27-at-12.22.46-PM.jpeg?fit=1200%2C848&ssl=1&resize=350%2C200","width":350,"height":200,"srcset":"https:\/\/i0.wp.com\/larevistadigital.com.ar\/blog\/wp-content\/uploads\/WhatsApp-Image-2022-06-27-at-12.22.46-PM.jpeg?fit=1200%2C848&ssl=1&resize=350%2C200 1x, https:\/\/i0.wp.com\/larevistadigital.com.ar\/blog\/wp-content\/uploads\/WhatsApp-Image-2022-06-27-at-12.22.46-PM.jpeg?fit=1200%2C848&ssl=1&resize=525%2C300 1.5x, https:\/\/i0.wp.com\/larevistadigital.com.ar\/blog\/wp-content\/uploads\/WhatsApp-Image-2022-06-27-at-12.22.46-PM.jpeg?fit=1200%2C848&ssl=1&resize=700%2C400 2x, https:\/\/i0.wp.com\/larevistadigital.com.ar\/blog\/wp-content\/uploads\/WhatsApp-Image-2022-06-27-at-12.22.46-PM.jpeg?fit=1200%2C848&ssl=1&resize=1050%2C600 3x"},"classes":[]},{"id":22095,"url":"https:\/\/larevistadigital.com.ar\/blog\/la-bancaria-homenajeo-a-los-jubilados-en-su-dia\/","url_meta":{"origin":23851,"position":3},"title":"LA BANCARIA HOMENAJE\u00d3 A LOS JUBILADOS EN SU D\u00cdA","author":"Alejandro Sosa Ruda","date":"23 septiembre, 2021","format":false,"excerpt":"CHASCOM\u00daS - Una vez m\u00e1s, el sindicato Bancario marca la diferencia. En esta oportunidad, se ocup\u00f3 de los jubilados, un sector normalmente postergado al que muchas veces ni se los tiene en cuenta a la hora de arreglar alg\u00fan tipo de aumento salarial, algo en que evidentemente los bancarios marcan\u2026","rel":"","context":"En \u00abGREMIALES\u00bb","block_context":{"text":"GREMIALES","link":"https:\/\/larevistadigital.com.ar\/blog\/category\/gremiales\/"},"img":{"alt_text":"","src":"https:\/\/i0.wp.com\/larevistadigital.com.ar\/blog\/wp-content\/uploads\/242521801_4407429409302770_2812313010071183152_n.jpg?fit=656%2C504&ssl=1&resize=350%2C200","width":350,"height":200,"srcset":"https:\/\/i0.wp.com\/larevistadigital.com.ar\/blog\/wp-content\/uploads\/242521801_4407429409302770_2812313010071183152_n.jpg?fit=656%2C504&ssl=1&resize=350%2C200 1x, https:\/\/i0.wp.com\/larevistadigital.com.ar\/blog\/wp-content\/uploads\/242521801_4407429409302770_2812313010071183152_n.jpg?fit=656%2C504&ssl=1&resize=525%2C300 1.5x"},"classes":[]},{"id":21057,"url":"https:\/\/larevistadigital.com.ar\/blog\/aqui-estan-la-agrupacion-bancaria-peronista-la-rucci-hizo-una-importante-pegatina-en-distintos-puntos-de-la-ciudad\/","url_meta":{"origin":23851,"position":4},"title":"AQU\u00cd EST\u00c1N! LA AGRUPACI\u00d3N BANCARIA PERONISTA \u00abLA RUCCI\u00bb, HIZO UNA IMPORTANTE PEGATINA EN DISTINTOS PUNTOS DE LA CIUDAD","author":"Alejandro Sosa Ruda","date":"8 julio, 2021","format":false,"excerpt":"La agrupaci\u00f3n peronista de los Bancarios, \"La Rucci\" volvi\u00f3 a hacerse presente en la ciudad de Chascom\u00fas. Es un espacio en crecimiento con figuras destacadas que lo integran. \u00bfFormar\u00e1 alguno de los armados en las listas o frentes locales en la pr\u00f3xima elecci\u00f3n? CHASCOM\u00daS\u00a0 - Nuevamente apareci\u00f3 una importante pegatina\u2026","rel":"","context":"En \u00abCHASCOM\u00daS\u00bb","block_context":{"text":"CHASCOM\u00daS","link":"https:\/\/larevistadigital.com.ar\/blog\/category\/chascomus\/"},"img":{"alt_text":"","src":"https:\/\/i0.wp.com\/larevistadigital.com.ar\/blog\/wp-content\/uploads\/WhatsApp-Image-2021-07-07-at-22.42.35-1.jpeg?fit=900%2C1200&ssl=1&resize=350%2C200","width":350,"height":200,"srcset":"https:\/\/i0.wp.com\/larevistadigital.com.ar\/blog\/wp-content\/uploads\/WhatsApp-Image-2021-07-07-at-22.42.35-1.jpeg?fit=900%2C1200&ssl=1&resize=350%2C200 1x, https:\/\/i0.wp.com\/larevistadigital.com.ar\/blog\/wp-content\/uploads\/WhatsApp-Image-2021-07-07-at-22.42.35-1.jpeg?fit=900%2C1200&ssl=1&resize=525%2C300 1.5x, https:\/\/i0.wp.com\/larevistadigital.com.ar\/blog\/wp-content\/uploads\/WhatsApp-Image-2021-07-07-at-22.42.35-1.jpeg?fit=900%2C1200&ssl=1&resize=700%2C400 2x"},"classes":[]},{"id":25329,"url":"https:\/\/larevistadigital.com.ar\/blog\/el-rotary-club-chascomus-dono-una-fotocopiadora-y-diccionarios-a-una-escuela-primaria\/","url_meta":{"origin":23851,"position":5},"title":"EL ROTARY CLUB CHASCOM\u00daS DON\u00d3 UNA FOTOCOPIADORA Y DICCIONARIOS A UNA ESCUELA PRIMARIA","author":"Alejandro Sosa Ruda","date":"22 mayo, 2022","format":false,"excerpt":"La beneficiada fue la Escuela Primaria n\u00famero 31, \u201cDe\u00e1n Gregorio Funes\u201d CHASCOM\u00daS-\u00a0El Rotary Club de Chascom\u00fas formaliz\u00f3 la donaci\u00f3n de una fotocopiadora a la Escuela Primaria N\u00b0 31 \u201cDe\u00e1n Gregorio Funes\u201d, ubicada en el Barrio Parque Girado de nuestra ciudad. Esta donaci\u00f3n permitir\u00e1 contar a la escuela con este importante\u2026","rel":"","context":"En \u00abCHASCOM\u00daS\u00bb","block_context":{"text":"CHASCOM\u00daS","link":"https:\/\/larevistadigital.com.ar\/blog\/category\/chascomus\/"},"img":{"alt_text":"","src":"https:\/\/i0.wp.com\/larevistadigital.com.ar\/blog\/wp-content\/uploads\/Donacion-fotocopiadora.jpg?fit=1080%2C1080&ssl=1&resize=350%2C200","width":350,"height":200,"srcset":"https:\/\/i0.wp.com\/larevistadigital.com.ar\/blog\/wp-content\/uploads\/Donacion-fotocopiadora.jpg?fit=1080%2C1080&ssl=1&resize=350%2C200 1x, https:\/\/i0.wp.com\/larevistadigital.com.ar\/blog\/wp-content\/uploads\/Donacion-fotocopiadora.jpg?fit=1080%2C1080&ssl=1&resize=525%2C300 1.5x, https:\/\/i0.wp.com\/larevistadigital.com.ar\/blog\/wp-content\/uploads\/Donacion-fotocopiadora.jpg?fit=1080%2C1080&ssl=1&resize=700%2C400 2x, https:\/\/i0.wp.com\/larevistadigital.com.ar\/blog\/wp-content\/uploads\/Donacion-fotocopiadora.jpg?fit=1080%2C1080&ssl=1&resize=1050%2C600 3x"},"classes":[]}],"_links":{"self":[{"href":"https:\/\/larevistadigital.com.ar\/blog\/wp-json\/wp\/v2\/posts\/23851","targetHints":{"allow":["GET"]}}],"collection":[{"href":"https:\/\/larevistadigital.com.ar\/blog\/wp-json\/wp\/v2\/posts"}],"about":[{"href":"https:\/\/larevistadigital.com.ar\/blog\/wp-json\/wp\/v2\/types\/post"}],"author":[{"embeddable":true,"href":"https:\/\/larevistadigital.com.ar\/blog\/wp-json\/wp\/v2\/users\/3"}],"replies":[{"embeddable":true,"href":"https:\/\/larevistadigital.com.ar\/blog\/wp-json\/wp\/v2\/comments?post=23851"}],"version-history":[{"count":1,"href":"https:\/\/larevistadigital.com.ar\/blog\/wp-json\/wp\/v2\/posts\/23851\/revisions"}],"predecessor-version":[{"id":23853,"href":"https:\/\/larevistadigital.com.ar\/blog\/wp-json\/wp\/v2\/posts\/23851\/revisions\/23853"}],"wp:featuredmedia":[{"embeddable":true,"href":"https:\/\/larevistadigital.com.ar\/blog\/wp-json\/wp\/v2\/media\/23852"}],"wp:attachment":[{"href":"https:\/\/larevistadigital.com.ar\/blog\/wp-json\/wp\/v2\/media?parent=23851"}],"wp:term":[{"taxonomy":"category","embeddable":true,"href":"https:\/\/larevistadigital.com.ar\/blog\/wp-json\/wp\/v2\/categories?post=23851"},{"taxonomy":"post_tag","embeddable":true,"href":"https:\/\/larevistadigital.com.ar\/blog\/wp-json\/wp\/v2\/tags?post=23851"}],"curies":[{"name":"wp","href":"https:\/\/api.w.org\/{rel}","templated":true}]}}