{"id":23854,"date":"2022-02-07T00:28:30","date_gmt":"2022-02-07T00:28:30","guid":{"rendered":"https:\/\/larevistadigital.com.ar\/blog\/?p=23854"},"modified":"2022-02-07T00:30:49","modified_gmt":"2022-02-07T00:30:49","slug":"23854-2","status":"publish","type":"post","link":"https:\/\/larevistadigital.com.ar\/blog\/23854-2\/","title":{"rendered":"MAR DEL PLATA: DICEN QUE EL N\u00daMERO DE PERSONAS EN SITUACI\u00d3N DE CALLE SE INCREMENT\u00d3 UN 40%"},"content":{"rendered":"<h2 class=\"fparrafo ctext fz18 lh25\">La indigencia en la ciudad de Mar del Plata es un tema que preocupa principalmente a las personas que, durante todo el a\u00f1o participan de \u201cLa noche de la Caridad\u201d, una organizaci\u00f3n que asiste con una vianda de comida a las personas en situaci\u00f3n de calle. Este verano, como ocurre todos los a\u00f1os vieron que el n\u00famero de personas que necesitan ayuda creci\u00f3 en un 40% aproximadamente. La mayor\u00eda son personas que llegaron de Caba, Amba, Mendoza y Santiago del Estero para trabajar. Pasan la noche en el micro y macro centro y en la Rambla de la ciudad.<\/h2>\n<p class=\"selectionShareable\"><strong>MAR DEL PLATA &#8211; Mar\u00eda Cristina Churio<\/strong>, coordinadora de \u201cLa noche de la Caridad\u201d,\u00a0<strong>asegur\u00f3 que\u00a0<\/strong>este verano est\u00e1n entregando cerca de 140 viandas diarias, en tanto que en temporada baja asisten a menos de un centenar de personas. \u201cTodos los veranos pasa que se incrementa el n\u00famero de personas que no tiene un techo para pasar la noche\u201d, indic\u00f3.<\/p>\n<p class=\"selectionShareable\">En di\u00e1logo con\u00a0<strong>0223, \u00a0Churio<\/strong>\u00a0sostuvo que\u00a0\u201cHay mucha gente que viene de afuera a buscar trabajo y no consigue y queda en la calle. Estamos entregando entre 120 y 140 viandas diarias y est\u00e1bamos en 90 antes de la temporada\u201d, explic\u00f3 la mujer que, consultada sobre la procedencia de las personas que incrementaron el listado este a\u00f1o afirm\u00f3 que la mayor\u00eda es oriunda de\u00a0<strong>Ciudad Aut\u00f3noma y \u00c1rea Metropolitana de Buenos Aires<\/strong><strong>\u00a0<\/strong>\u201caunque hay personas de\u00a0<strong>Mendoza, Santiago del Estero<\/strong>, de todo el pa\u00eds\u201d y eligen quedarse en el micro y macro centro y en la Rambla de la ciudad.<\/p>\n<p class=\"selectionShareable\">\u201cLo bueno dentro de todo es que no hay bajas temperaturas\u201d, dijo la integrante de la ONG, al tiempo que explic\u00f3 que en la ciudad no hay un espacio en el que se pueda internar a las personas en situaci\u00f3n de calle que presentan problem\u00e1ticas relacionadas al consumo de drogas y alcohol.<\/p>\n<p class=\"selectionShareable\">Por \u00faltimo, en relaci\u00f3n a este punto Churio explic\u00f3 que desde la organizaci\u00f3n que coordinan est\u00e1n \u201cesperanzados\u201d en que las autoridades \u201cpor lo menos en invierno pongan un espacio para que la gente pueda pernoctar porque el fr\u00edo m\u00e1s el alcohol que consumen puede ser letal\u201d, concluy\u00f3.\u00a0(<b>InfoGEI<\/b>)Jd<\/p>\n","protected":false},"excerpt":{"rendered":"<div class=\"mh-excerpt\"><p>La indigencia en la ciudad de Mar del Plata es un tema que preocupa principalmente a las personas que, durante todo el a\u00f1o participan de \u201cLa noche de la Caridad\u201d, una organizaci\u00f3n que asiste con <a class=\"mh-excerpt-more\" href=\"https:\/\/larevistadigital.com.ar\/blog\/23854-2\/\" title=\"MAR DEL PLATA: DICEN QUE EL N\u00daMERO DE PERSONAS EN SITUACI\u00d3N DE CALLE SE INCREMENT\u00d3 UN 40%\">[Leer M\u00e1s]<\/a><\/p>\n<\/div>","protected":false},"author":3,"featured_media":23855,"comment_status":"open","ping_status":"open","sticky":false,"template":"","format":"standard","meta":{"_jetpack_memberships_contains_paid_content":false,"footnotes":"","jetpack_publicize_message":"","jetpack_publicize_feature_enabled":true,"jetpack_social_post_already_shared":true,"jetpack_social_options":{"image_generator_settings":{"template":"highway","default_image_id":0,"font":"","enabled":false},"version":2}},"categories":[51],"tags":[],"class_list":{"0":"post-23854","1":"post","2":"type-post","3":"status-publish","4":"format-standard","5":"has-post-thumbnail","7":"category-regionales"},"jetpack_publicize_connections":[],"jetpack_featured_media_url":"https:\/\/i0.wp.com\/larevistadigital.com.ar\/blog\/wp-content\/uploads\/20220206163342_noche-caridad-gente-de-calle.jpg?fit=880%2C512&ssl=1","jetpack_sharing_enabled":true,"jetpack_shortlink":"https:\/\/wp.me\/p8qtrQ-6cK","jetpack-related-posts":[{"id":12120,"url":"https:\/\/larevistadigital.com.ar\/blog\/mar-del-plata-se-podra-alquilar-un-dto-en-temporada-desde-17-500\/","url_meta":{"origin":23854,"position":0},"title":"MAR DEL PLATA: SE PODR\u00c1 ALQUILAR UN DTO. EN TEMPORADA DESDE $17.500.-","author":"Alejandro Sosa Ruda","date":"16 septiembre, 2019","format":false,"excerpt":"As\u00ed lo informaron desde el Colegio de Martilleros de la ciudad. Este verano, los precios sugeridos estar\u00e1n ajustados a las paritarias y no a la inflaci\u00f3n. Hubo un 30% de aumento en relaci\u00f3n al verano pasado. Alquilar un departamento de un ambiente en enero costar\u00e1 unos\u00a0$17.550\u00a0seg\u00fan informaron desde el\u00a0Colegio de\u2026","rel":"","context":"En \u00abREGIONALES\u00bb","block_context":{"text":"REGIONALES","link":"https:\/\/larevistadigital.com.ar\/blog\/category\/regionales\/"},"img":{"alt_text":"","src":"https:\/\/i0.wp.com\/larevistadigital.com.ar\/blog\/wp-content\/uploads\/1468599065790.jpg?fit=790%2C495&ssl=1&resize=350%2C200","width":350,"height":200,"srcset":"https:\/\/i0.wp.com\/larevistadigital.com.ar\/blog\/wp-content\/uploads\/1468599065790.jpg?fit=790%2C495&ssl=1&resize=350%2C200 1x, https:\/\/i0.wp.com\/larevistadigital.com.ar\/blog\/wp-content\/uploads\/1468599065790.jpg?fit=790%2C495&ssl=1&resize=525%2C300 1.5x, https:\/\/i0.wp.com\/larevistadigital.com.ar\/blog\/wp-content\/uploads\/1468599065790.jpg?fit=790%2C495&ssl=1&resize=700%2C400 2x"},"classes":[]},{"id":18443,"url":"https:\/\/larevistadigital.com.ar\/blog\/mar-del-plata-desarticulan-30-fiestas-clandestinas-con-mas-de-1000-personas\/","url_meta":{"origin":23854,"position":1},"title":"MAR DEL PLATA: DESARTICULAN 30 FIESTAS CLANDESTINAS CON M\u00c1S DE 1000 PERSONAS","author":"Alejandro Sosa Ruda","date":"3 enero, 2021","format":false,"excerpt":"4 actas de constataci\u00f3n en establecimientos comerciales por no cumplir con el protocolo de funcionamiento gastron\u00f3mico provincial, por constatarse personas bailando sin distanciamiento social. MAR DEL PLATA - El Municipio de General Pueyrredon\u00a0por medio de distintas \u00e1reas, continu\u00f3 con los operativos de control durante la noche del s\u00e1bado y las\u2026","rel":"","context":"En \u00abREGIONALES\u00bb","block_context":{"text":"REGIONALES","link":"https:\/\/larevistadigital.com.ar\/blog\/category\/regionales\/"},"img":{"alt_text":"","src":"https:\/\/i0.wp.com\/larevistadigital.com.ar\/blog\/wp-content\/uploads\/Screenshot_2-125.jpg?fit=1001%2C565&ssl=1&resize=350%2C200","width":350,"height":200,"srcset":"https:\/\/i0.wp.com\/larevistadigital.com.ar\/blog\/wp-content\/uploads\/Screenshot_2-125.jpg?fit=1001%2C565&ssl=1&resize=350%2C200 1x, https:\/\/i0.wp.com\/larevistadigital.com.ar\/blog\/wp-content\/uploads\/Screenshot_2-125.jpg?fit=1001%2C565&ssl=1&resize=525%2C300 1.5x, https:\/\/i0.wp.com\/larevistadigital.com.ar\/blog\/wp-content\/uploads\/Screenshot_2-125.jpg?fit=1001%2C565&ssl=1&resize=700%2C400 2x"},"classes":[]},{"id":26970,"url":"https:\/\/larevistadigital.com.ar\/blog\/mar-del-plata-acusan-a-pastor-evangelico-por-trata-de-personas\/","url_meta":{"origin":23854,"position":2},"title":"MAR DEL PLATA: ACUSAN A PASTOR EVANG\u00c9LICO POR TRATA DE PERSONAS","author":"Alejandro Sosa Ruda","date":"4 agosto, 2022","format":false,"excerpt":"Un pastor evang\u00e9lico fue detenido en Mar del Plata acusado de obligar a trabajar a personas que asist\u00eda en un hogar para hombres de la calle. Seg\u00fan inform\u00f3 el portal entrel\u00edneas.info, se detuvo a un pastor evang\u00e9lico en las \u00faltimas horas en Mar del Plata, acusado de trata de personas\u2026","rel":"","context":"En \u00abPOLICIALES\u00bb","block_context":{"text":"POLICIALES","link":"https:\/\/larevistadigital.com.ar\/blog\/category\/policiales\/"},"img":{"alt_text":"","src":"https:\/\/i0.wp.com\/larevistadigital.com.ar\/blog\/wp-content\/uploads\/636a9b0108f0a25202c40cc6e996f9ec4dc11d0a.jpg?fit=1140%2C616&ssl=1&resize=350%2C200","width":350,"height":200,"srcset":"https:\/\/i0.wp.com\/larevistadigital.com.ar\/blog\/wp-content\/uploads\/636a9b0108f0a25202c40cc6e996f9ec4dc11d0a.jpg?fit=1140%2C616&ssl=1&resize=350%2C200 1x, https:\/\/i0.wp.com\/larevistadigital.com.ar\/blog\/wp-content\/uploads\/636a9b0108f0a25202c40cc6e996f9ec4dc11d0a.jpg?fit=1140%2C616&ssl=1&resize=525%2C300 1.5x, https:\/\/i0.wp.com\/larevistadigital.com.ar\/blog\/wp-content\/uploads\/636a9b0108f0a25202c40cc6e996f9ec4dc11d0a.jpg?fit=1140%2C616&ssl=1&resize=700%2C400 2x, https:\/\/i0.wp.com\/larevistadigital.com.ar\/blog\/wp-content\/uploads\/636a9b0108f0a25202c40cc6e996f9ec4dc11d0a.jpg?fit=1140%2C616&ssl=1&resize=1050%2C600 3x"},"classes":[]},{"id":31220,"url":"https:\/\/larevistadigital.com.ar\/blog\/mar-del-plata-capturaron-a-un-hombre-buscado-en-rosario-por-violar-a-su-nieta\/","url_meta":{"origin":23854,"position":3},"title":"MAR DEL PLATA: CAPTURARON A UN HOMBRE BUSCADO EN ROSARIO POR VIOLAR A SU NIETA","author":"Alejandro Sosa Ruda","date":"24 abril, 2023","format":false,"excerpt":"El sujeto de 55 a\u00f1os se encontraba pr\u00f3fugo de la justicia rosarina y fue localizado en las \u00faltimas horas en inmediaciones de la estaci\u00f3n ferroautomotora de Mar del Plata, en donde viv\u00eda en situaci\u00f3n de calle. 24 de abril de 2023 MAR DEL PLATA -\u00a0 La Brigada de la Divisi\u00f3n\u2026","rel":"","context":"En \u00abPOLICIALES\u00bb","block_context":{"text":"POLICIALES","link":"https:\/\/larevistadigital.com.ar\/blog\/category\/policiales\/"},"img":{"alt_text":"","src":"https:\/\/i0.wp.com\/larevistadigital.com.ar\/blog\/wp-content\/uploads\/Captura-de-pantalla-2023-04-24-192746.png?fit=811%2C454&ssl=1&resize=350%2C200","width":350,"height":200,"srcset":"https:\/\/i0.wp.com\/larevistadigital.com.ar\/blog\/wp-content\/uploads\/Captura-de-pantalla-2023-04-24-192746.png?fit=811%2C454&ssl=1&resize=350%2C200 1x, https:\/\/i0.wp.com\/larevistadigital.com.ar\/blog\/wp-content\/uploads\/Captura-de-pantalla-2023-04-24-192746.png?fit=811%2C454&ssl=1&resize=525%2C300 1.5x, https:\/\/i0.wp.com\/larevistadigital.com.ar\/blog\/wp-content\/uploads\/Captura-de-pantalla-2023-04-24-192746.png?fit=811%2C454&ssl=1&resize=700%2C400 2x"},"classes":[]},{"id":43311,"url":"https:\/\/larevistadigital.com.ar\/blog\/indignacion-en-mar-del-plata-turistas-se-filmaron-arrojando-piedras-a-peatones-desde-un-balcon\/","url_meta":{"origin":23854,"position":4},"title":"Indignaci\u00f3n en Mar del Plata: turistas se filmaron arrojando piedras a peatones desde un balc\u00f3n","author":"Alejandro Sosa Ruda","date":"12 enero, 2026","format":false,"excerpt":"El hecho ocurri\u00f3 en pleno centro de la ciudad, frente al Casino Central. El video fue repudiado masivamente en redes sociales y volvi\u00f3 a poner en debate la violencia disfrazada de \u201cbroma\u201d. 12 de enero de 2026 MAR DEL PLATA -\u00a0 \u00a0Un episodio tan violento como absurdo gener\u00f3 indignaci\u00f3n en\u2026","rel":"","context":"En \u00abINTERES GENERAL\u00bb","block_context":{"text":"INTERES GENERAL","link":"https:\/\/larevistadigital.com.ar\/blog\/category\/interes-general\/"},"img":{"alt_text":"","src":"https:\/\/i0.wp.com\/larevistadigital.com.ar\/blog\/wp-content\/uploads\/Captura-de-pantalla-2026-01-12-193856.jpg?fit=810%2C429&ssl=1&resize=350%2C200","width":350,"height":200,"srcset":"https:\/\/i0.wp.com\/larevistadigital.com.ar\/blog\/wp-content\/uploads\/Captura-de-pantalla-2026-01-12-193856.jpg?fit=810%2C429&ssl=1&resize=350%2C200 1x, https:\/\/i0.wp.com\/larevistadigital.com.ar\/blog\/wp-content\/uploads\/Captura-de-pantalla-2026-01-12-193856.jpg?fit=810%2C429&ssl=1&resize=525%2C300 1.5x, https:\/\/i0.wp.com\/larevistadigital.com.ar\/blog\/wp-content\/uploads\/Captura-de-pantalla-2026-01-12-193856.jpg?fit=810%2C429&ssl=1&resize=700%2C400 2x"},"classes":[]},{"id":32865,"url":"https:\/\/larevistadigital.com.ar\/blog\/mar-del-plata-consecuencias-de-los-fuertes-vientos-que-azotaron-a-la-ciudad\/","url_meta":{"origin":23854,"position":5},"title":"MAR DEL PLATA: CONSECUENCIAS DE LOS FUERTES VIENTOS QUE AZOTARON A LA CIUDAD","author":"Alejandro Sosa Ruda","date":"12 agosto, 2023","format":false,"excerpt":"Seg\u00fan el Servicio Meteorol\u00f3gico Nacional se registraron r\u00e1fagas de viento y lluvia que alcanzaron los 80 kil\u00f3metros por hora y para esta tarde-noche se prev\u00e9n una reducci\u00f3n a 60 k\/h. 12 de agosto de 2023 MAR DEL PLATA -\u00a0 Las fuertes r\u00e1fagas de viento de hasta 80 kil\u00f3metros por hora\u2026","rel":"","context":"En \u00abSin categor\u00eda\u00bb","block_context":{"text":"Sin categor\u00eda","link":"https:\/\/larevistadigital.com.ar\/blog\/category\/sin-categoria\/"},"img":{"alt_text":"","src":"https:\/\/i0.wp.com\/larevistadigital.com.ar\/blog\/wp-content\/uploads\/20230812170531_viento-mar-del-plata.jpg?fit=880%2C512&ssl=1&resize=350%2C200","width":350,"height":200,"srcset":"https:\/\/i0.wp.com\/larevistadigital.com.ar\/blog\/wp-content\/uploads\/20230812170531_viento-mar-del-plata.jpg?fit=880%2C512&ssl=1&resize=350%2C200 1x, https:\/\/i0.wp.com\/larevistadigital.com.ar\/blog\/wp-content\/uploads\/20230812170531_viento-mar-del-plata.jpg?fit=880%2C512&ssl=1&resize=525%2C300 1.5x, https:\/\/i0.wp.com\/larevistadigital.com.ar\/blog\/wp-content\/uploads\/20230812170531_viento-mar-del-plata.jpg?fit=880%2C512&ssl=1&resize=700%2C400 2x"},"classes":[]}],"_links":{"self":[{"href":"https:\/\/larevistadigital.com.ar\/blog\/wp-json\/wp\/v2\/posts\/23854","targetHints":{"allow":["GET"]}}],"collection":[{"href":"https:\/\/larevistadigital.com.ar\/blog\/wp-json\/wp\/v2\/posts"}],"about":[{"href":"https:\/\/larevistadigital.com.ar\/blog\/wp-json\/wp\/v2\/types\/post"}],"author":[{"embeddable":true,"href":"https:\/\/larevistadigital.com.ar\/blog\/wp-json\/wp\/v2\/users\/3"}],"replies":[{"embeddable":true,"href":"https:\/\/larevistadigital.com.ar\/blog\/wp-json\/wp\/v2\/comments?post=23854"}],"version-history":[{"count":3,"href":"https:\/\/larevistadigital.com.ar\/blog\/wp-json\/wp\/v2\/posts\/23854\/revisions"}],"predecessor-version":[{"id":23858,"href":"https:\/\/larevistadigital.com.ar\/blog\/wp-json\/wp\/v2\/posts\/23854\/revisions\/23858"}],"wp:featuredmedia":[{"embeddable":true,"href":"https:\/\/larevistadigital.com.ar\/blog\/wp-json\/wp\/v2\/media\/23855"}],"wp:attachment":[{"href":"https:\/\/larevistadigital.com.ar\/blog\/wp-json\/wp\/v2\/media?parent=23854"}],"wp:term":[{"taxonomy":"category","embeddable":true,"href":"https:\/\/larevistadigital.com.ar\/blog\/wp-json\/wp\/v2\/categories?post=23854"},{"taxonomy":"post_tag","embeddable":true,"href":"https:\/\/larevistadigital.com.ar\/blog\/wp-json\/wp\/v2\/tags?post=23854"}],"curies":[{"name":"wp","href":"https:\/\/api.w.org\/{rel}","templated":true}]}}